{"id":7693,"date":"2012-07-08T00:00:00","date_gmt":"2012-07-08T00:00:00","guid":{"rendered":"http:\/\/psol50.org.br\/arquivo\/2012\/07\/08\/professora-maria-peregrina-e-a-candidata-do-psol-a-prefeitura-de-rio-brancoac-2\/"},"modified":"2012-07-08T00:00:00","modified_gmt":"2012-07-08T00:00:00","slug":"professora-maria-peregrina-e-a-candidata-do-psol-a-prefeitura-de-rio-brancoac-2","status":"publish","type":"post","link":"https:\/\/psol50.org.br\/professora-maria-peregrina-e-a-candidata-do-psol-a-prefeitura-de-rio-brancoac-2\/","title":{"rendered":"Professora Maria Peregrina \u00e9 a candidata do PSOL \u00e0 prefeitura de Rio Branco\/AC"},"content":{"rendered":"<p>O Partido Socialismo e Liberdade (PSOL) registrou na Justi\u00e7a Eleitoral na \u00faltima quinta-feira (05\/07) a candidatura da professora Maria Peregrina Souza e Silva \u00e0 Prefeitura de Rio Branco (AC), num ato que reuniu militantes e vereadores da sigla. O nome escolhido para concorrer ao cargo de vice-prefeito \u00e9 do companheiro Adacildo de Almeida. O partido j\u00e1 havia decidido n\u00e3o fazer coliga\u00e7\u00e3o para as elei\u00e7\u00f5es majorit\u00e1ria e proporcional.<\/p>\n<p>Na ocasi\u00e3o, a candidata \u00e0 prefeita professora Peregrina apresentou o seu programa de governo, que, segundo ela, ainda ser\u00e1 amplamente debatido com a popula\u00e7\u00e3o da capital acreana. \u201cN\u00e3o s\u00e3o propostas fechadas, queremos construir um programa junto com a sociedade, que vai apontar as suas verdadeiras demandas\u201d.<\/p>\n<p>Peregrina defende a participa\u00e7\u00e3o popular com a realiza\u00e7\u00e3o de f\u00f3runs para decidir sobre o or\u00e7amento, pol\u00edticas p\u00fablicas, instrumentos normativos e planejamento participativo. \u201c\u00c9 preciso haver uma invers\u00e3o de prioridades na gest\u00e3o municipal para que o povo de Rio Branco tenha acesso aos direitos sociais e \u00e0s pol\u00edticas p\u00fablicas\u201d, disse a candidata.<\/p>\n<p>Ao contr\u00e1rio dos outros candidatos, ela n\u00e3o possui grande estrutura de campanha. Mesmo sem muito tempo de televis\u00e3o e sem acordos com grandes empres\u00e1rios, confia sobretudo nas redes sociais, na internet e nas visitas em cada bairro. \u201cNosso partido \u00e9 a favor do voto consciente, da radicaliza\u00e7\u00e3o da democracia, por isso defendemos o financiamento p\u00fablico das campanhas e combatemos ferozmente a corrup\u00e7\u00e3o\u201d.<\/p>\n<p>Durante a campanha, a principal bandeira de Peregrina ser\u00e1 a educa\u00e7\u00e3o, em que atua h\u00e1 mais de 20 anos como professora. \u201cNa educa\u00e7\u00e3o, quero lutar pelo acesso e perman\u00eancia de crian\u00e7as e adolescentes nas escolas e ao mesmo tempo cuidar para que Rio Branco esteja livre do analfabetismo\u201d, adiantou. \u201cNossos jovens n\u00e3o t\u00eam nenhuma perspectiva de futuro e s\u00e3o facilmente levados pela marginalidade e pelo tr\u00e1fico de drogas\u201d.<\/p>\n<p>MARIA PEREGRINA &#8211; A pr\u00e9-candidata do PSOL nasceu no seringal Santa Helena, no munic\u00edpio de Sena Madureira. H\u00e1 mais de 20 anos mora no bairro Universit\u00e1rio, onde foi presidente da associa\u00e7\u00e3o de moradores. Atualmente, \u00e9 coordenadora do curso de filosofia da Faculdade Sinal.<\/p>\n","protected":false},"excerpt":{"rendered":"<p>O Partido Socialismo e Liberdade (PSOL) registrou na Justi\u00e7a Eleitoral na \u00faltima quinta-feira (05\/07) a candidatura da professora Maria Peregrina Souza e Silva \u00e0 Prefeitura de Rio Branco (AC), num ato que reuniu militantes e vereadores da sigla. O nome escolhido para concorrer ao cargo de vice-prefeito \u00e9 do companheiro Adacildo de Almeida. O partido [&hellip;]<\/p>\n","protected":false},"author":2,"featured_media":0,"comment_status":"open","ping_status":"open","sticky":false,"template":"","format":"standard","meta":{"_acf_changed":false,"footnotes":""},"categories":[4766,4974],"tags":[4975],"class_list":{"0":"post-7693","1":"post","2":"type-post","3":"status-publish","4":"format-standard","6":"category-arquivo","7":"category-eleicoes-2012","8":"tag-eleicoes-2012"},"acf":[],"yoast_head":"<!-- This site is optimized with the Yoast SEO plugin v26.5 - https:\/\/yoast.com\/wordpress\/plugins\/seo\/ -->\n<title>Professora Maria Peregrina \u00e9 a candidata do PSOL \u00e0 prefeitura de Rio Branco\/AC - PSOL 50<\/title>\n<meta name=\"robots\" content=\"index, follow, max-snippet:-1, max-image-preview:large, max-video-preview:-1\" \/>\n<link rel=\"canonical\" href=\"https:\/\/psol50.org.br\/professora-maria-peregrina-e-a-candidata-do-psol-a-prefeitura-de-rio-brancoac-2\/\" \/>\n<meta property=\"og:locale\" content=\"pt_BR\" \/>\n<meta property=\"og:type\" content=\"article\" \/>\n<meta property=\"og:title\" content=\"Professora Maria Peregrina \u00e9 a candidata do PSOL \u00e0 prefeitura de Rio Branco\/AC - PSOL 50\" \/>\n<meta property=\"og:description\" content=\"O Partido Socialismo e Liberdade (PSOL) registrou na Justi\u00e7a Eleitoral na \u00faltima quinta-feira (05\/07) a candidatura da professora Maria Peregrina Souza e Silva \u00e0 Prefeitura de Rio Branco (AC), num ato que reuniu militantes e vereadores da sigla. O nome escolhido para concorrer ao cargo de vice-prefeito \u00e9 do companheiro Adacildo de Almeida. O partido [&hellip;]\" \/>\n<meta property=\"og:url\" content=\"https:\/\/psol50.org.br\/professora-maria-peregrina-e-a-candidata-do-psol-a-prefeitura-de-rio-brancoac-2\/\" \/>\n<meta property=\"og:site_name\" content=\"PSOL 50\" \/>\n<meta property=\"article:publisher\" content=\"https:\/\/www.facebook.com\/psol50\" \/>\n<meta property=\"article:published_time\" content=\"2012-07-08T00:00:00+00:00\" \/>\n<meta property=\"og:image\" content=\"https:\/\/psol50.org.br\/inc\/uploads\/2018\/07\/capa.png\" \/>\n\t<meta property=\"og:image:width\" content=\"1350\" \/>\n\t<meta property=\"og:image:height\" content=\"900\" \/>\n\t<meta property=\"og:image:type\" content=\"image\/png\" \/>\n<meta name=\"author\" content=\"Comunica\u00e7\u00e3o PSOL\" \/>\n<meta name=\"twitter:card\" content=\"summary_large_image\" \/>\n<meta name=\"twitter:creator\" content=\"@psol50\" \/>\n<meta name=\"twitter:site\" content=\"@psol50\" \/>\n<meta name=\"twitter:label1\" content=\"Escrito por\" \/>\n\t<meta name=\"twitter:data1\" content=\"Comunica\u00e7\u00e3o PSOL\" \/>\n\t<meta name=\"twitter:label2\" content=\"Est. tempo de leitura\" \/>\n\t<meta name=\"twitter:data2\" content=\"2 minutos\" \/>\n<script type=\"application\/ld+json\" class=\"yoast-schema-graph\">{\"@context\":\"https:\/\/schema.org\",\"@graph\":[{\"@type\":\"Article\",\"@id\":\"https:\/\/psol50.org.br\/professora-maria-peregrina-e-a-candidata-do-psol-a-prefeitura-de-rio-brancoac-2\/#article\",\"isPartOf\":{\"@id\":\"https:\/\/psol50.org.br\/professora-maria-peregrina-e-a-candidata-do-psol-a-prefeitura-de-rio-brancoac-2\/\"},\"author\":{\"name\":\"Comunica\u00e7\u00e3o PSOL\",\"@id\":\"https:\/\/psol50.org.br\/#\/schema\/person\/475dfa57d0b815993c714c2e96491fcd\"},\"headline\":\"Professora Maria Peregrina \u00e9 a candidata do PSOL \u00e0 prefeitura de Rio Branco\/AC\",\"datePublished\":\"2012-07-08T00:00:00+00:00\",\"mainEntityOfPage\":{\"@id\":\"https:\/\/psol50.org.br\/professora-maria-peregrina-e-a-candidata-do-psol-a-prefeitura-de-rio-brancoac-2\/\"},\"wordCount\":378,\"commentCount\":0,\"publisher\":{\"@id\":\"https:\/\/psol50.org.br\/#organization\"},\"keywords\":[\"Elei\u00e7\u00f5es 2012\"],\"articleSection\":[\"Arquivo\",\"ELEI\u00c7\u00d5ES 2012\"],\"inLanguage\":\"pt-BR\",\"potentialAction\":[{\"@type\":\"CommentAction\",\"name\":\"Comment\",\"target\":[\"https:\/\/psol50.org.br\/professora-maria-peregrina-e-a-candidata-do-psol-a-prefeitura-de-rio-brancoac-2\/#respond\"]}]},{\"@type\":\"WebPage\",\"@id\":\"https:\/\/psol50.org.br\/professora-maria-peregrina-e-a-candidata-do-psol-a-prefeitura-de-rio-brancoac-2\/\",\"url\":\"https:\/\/psol50.org.br\/professora-maria-peregrina-e-a-candidata-do-psol-a-prefeitura-de-rio-brancoac-2\/\",\"name\":\"Professora Maria Peregrina \u00e9 a candidata do PSOL \u00e0 prefeitura de Rio Branco\/AC - PSOL 50\",\"isPartOf\":{\"@id\":\"https:\/\/psol50.org.br\/#website\"},\"datePublished\":\"2012-07-08T00:00:00+00:00\",\"breadcrumb\":{\"@id\":\"https:\/\/psol50.org.br\/professora-maria-peregrina-e-a-candidata-do-psol-a-prefeitura-de-rio-brancoac-2\/#breadcrumb\"},\"inLanguage\":\"pt-BR\",\"potentialAction\":[{\"@type\":\"ReadAction\",\"target\":[\"https:\/\/psol50.org.br\/professora-maria-peregrina-e-a-candidata-do-psol-a-prefeitura-de-rio-brancoac-2\/\"]}]},{\"@type\":\"BreadcrumbList\",\"@id\":\"https:\/\/psol50.org.br\/professora-maria-peregrina-e-a-candidata-do-psol-a-prefeitura-de-rio-brancoac-2\/#breadcrumb\",\"itemListElement\":[{\"@type\":\"ListItem\",\"position\":1,\"name\":\"In\u00edcio\",\"item\":\"https:\/\/psol50.org.br\/\"},{\"@type\":\"ListItem\",\"position\":2,\"name\":\"Professora Maria Peregrina \u00e9 a candidata do PSOL \u00e0 prefeitura de Rio Branco\/AC\"}]},{\"@type\":\"WebSite\",\"@id\":\"https:\/\/psol50.org.br\/#website\",\"url\":\"https:\/\/psol50.org.br\/\",\"name\":\"PSOL 50\",\"description\":\"Site oficial do Partido Socialismo e Liberdade\",\"publisher\":{\"@id\":\"https:\/\/psol50.org.br\/#organization\"},\"alternateName\":\"PSOL50\",\"potentialAction\":[{\"@type\":\"SearchAction\",\"target\":{\"@type\":\"EntryPoint\",\"urlTemplate\":\"https:\/\/psol50.org.br\/?s={search_term_string}\"},\"query-input\":{\"@type\":\"PropertyValueSpecification\",\"valueRequired\":true,\"valueName\":\"search_term_string\"}}],\"inLanguage\":\"pt-BR\"},{\"@type\":\"Organization\",\"@id\":\"https:\/\/psol50.org.br\/#organization\",\"name\":\"PSOL 50\",\"alternateName\":\"PSOL 50\",\"url\":\"https:\/\/psol50.org.br\/\",\"logo\":{\"@type\":\"ImageObject\",\"inLanguage\":\"pt-BR\",\"@id\":\"https:\/\/psol50.org.br\/#\/schema\/logo\/image\/\",\"url\":\"https:\/\/psol50.org.br\/inc\/uploads\/2018\/07\/capa.png\",\"contentUrl\":\"https:\/\/psol50.org.br\/inc\/uploads\/2018\/07\/capa.png\",\"width\":1350,\"height\":900,\"caption\":\"PSOL 50\"},\"image\":{\"@id\":\"https:\/\/psol50.org.br\/#\/schema\/logo\/image\/\"},\"sameAs\":[\"https:\/\/www.facebook.com\/psol50\",\"https:\/\/x.com\/psol50\",\"https:\/\/www.instagram.com\/psol50\/\",\"https:\/\/www.youtube.com\/channel\/UC7SnJS5o1os7a6CaiNabzcg\"]},{\"@type\":\"Person\",\"@id\":\"https:\/\/psol50.org.br\/#\/schema\/person\/475dfa57d0b815993c714c2e96491fcd\",\"name\":\"Comunica\u00e7\u00e3o PSOL\",\"image\":{\"@type\":\"ImageObject\",\"inLanguage\":\"pt-BR\",\"@id\":\"https:\/\/psol50.org.br\/#\/schema\/person\/image\/\",\"url\":\"https:\/\/secure.gravatar.com\/avatar\/b34fc4f4e468a4e51785917065a3db57b841f5c95dba6ad8c73aaf8f66f8f9bf?s=96&d=mm&r=g\",\"contentUrl\":\"https:\/\/secure.gravatar.com\/avatar\/b34fc4f4e468a4e51785917065a3db57b841f5c95dba6ad8c73aaf8f66f8f9bf?s=96&d=mm&r=g\",\"caption\":\"Comunica\u00e7\u00e3o PSOL\"}}]}<\/script>\n<!-- \/ Yoast SEO plugin. -->","yoast_head_json":{"title":"Professora Maria Peregrina \u00e9 a candidata do PSOL \u00e0 prefeitura de Rio Branco\/AC - PSOL 50","robots":{"index":"index","follow":"follow","max-snippet":"max-snippet:-1","max-image-preview":"max-image-preview:large","max-video-preview":"max-video-preview:-1"},"canonical":"https:\/\/psol50.org.br\/professora-maria-peregrina-e-a-candidata-do-psol-a-prefeitura-de-rio-brancoac-2\/","og_locale":"pt_BR","og_type":"article","og_title":"Professora Maria Peregrina \u00e9 a candidata do PSOL \u00e0 prefeitura de Rio Branco\/AC - PSOL 50","og_description":"O Partido Socialismo e Liberdade (PSOL) registrou na Justi\u00e7a Eleitoral na \u00faltima quinta-feira (05\/07) a candidatura da professora Maria Peregrina Souza e Silva \u00e0 Prefeitura de Rio Branco (AC), num ato que reuniu militantes e vereadores da sigla. O nome escolhido para concorrer ao cargo de vice-prefeito \u00e9 do companheiro Adacildo de Almeida. O partido [&hellip;]","og_url":"https:\/\/psol50.org.br\/professora-maria-peregrina-e-a-candidata-do-psol-a-prefeitura-de-rio-brancoac-2\/","og_site_name":"PSOL 50","article_publisher":"https:\/\/www.facebook.com\/psol50","article_published_time":"2012-07-08T00:00:00+00:00","og_image":[{"width":1350,"height":900,"url":"https:\/\/psol50.org.br\/inc\/uploads\/2018\/07\/capa.png","type":"image\/png"}],"author":"Comunica\u00e7\u00e3o PSOL","twitter_card":"summary_large_image","twitter_creator":"@psol50","twitter_site":"@psol50","twitter_misc":{"Escrito por":"Comunica\u00e7\u00e3o PSOL","Est. tempo de leitura":"2 minutos"},"schema":{"@context":"https:\/\/schema.org","@graph":[{"@type":"Article","@id":"https:\/\/psol50.org.br\/professora-maria-peregrina-e-a-candidata-do-psol-a-prefeitura-de-rio-brancoac-2\/#article","isPartOf":{"@id":"https:\/\/psol50.org.br\/professora-maria-peregrina-e-a-candidata-do-psol-a-prefeitura-de-rio-brancoac-2\/"},"author":{"name":"Comunica\u00e7\u00e3o PSOL","@id":"https:\/\/psol50.org.br\/#\/schema\/person\/475dfa57d0b815993c714c2e96491fcd"},"headline":"Professora Maria Peregrina \u00e9 a candidata do PSOL \u00e0 prefeitura de Rio Branco\/AC","datePublished":"2012-07-08T00:00:00+00:00","mainEntityOfPage":{"@id":"https:\/\/psol50.org.br\/professora-maria-peregrina-e-a-candidata-do-psol-a-prefeitura-de-rio-brancoac-2\/"},"wordCount":378,"commentCount":0,"publisher":{"@id":"https:\/\/psol50.org.br\/#organization"},"keywords":["Elei\u00e7\u00f5es 2012"],"articleSection":["Arquivo","ELEI\u00c7\u00d5ES 2012"],"inLanguage":"pt-BR","potentialAction":[{"@type":"CommentAction","name":"Comment","target":["https:\/\/psol50.org.br\/professora-maria-peregrina-e-a-candidata-do-psol-a-prefeitura-de-rio-brancoac-2\/#respond"]}]},{"@type":"WebPage","@id":"https:\/\/psol50.org.br\/professora-maria-peregrina-e-a-candidata-do-psol-a-prefeitura-de-rio-brancoac-2\/","url":"https:\/\/psol50.org.br\/professora-maria-peregrina-e-a-candidata-do-psol-a-prefeitura-de-rio-brancoac-2\/","name":"Professora Maria Peregrina \u00e9 a candidata do PSOL \u00e0 prefeitura de Rio Branco\/AC - PSOL 50","isPartOf":{"@id":"https:\/\/psol50.org.br\/#website"},"datePublished":"2012-07-08T00:00:00+00:00","breadcrumb":{"@id":"https:\/\/psol50.org.br\/professora-maria-peregrina-e-a-candidata-do-psol-a-prefeitura-de-rio-brancoac-2\/#breadcrumb"},"inLanguage":"pt-BR","potentialAction":[{"@type":"ReadAction","target":["https:\/\/psol50.org.br\/professora-maria-peregrina-e-a-candidata-do-psol-a-prefeitura-de-rio-brancoac-2\/"]}]},{"@type":"BreadcrumbList","@id":"https:\/\/psol50.org.br\/professora-maria-peregrina-e-a-candidata-do-psol-a-prefeitura-de-rio-brancoac-2\/#breadcrumb","itemListElement":[{"@type":"ListItem","position":1,"name":"In\u00edcio","item":"https:\/\/psol50.org.br\/"},{"@type":"ListItem","position":2,"name":"Professora Maria Peregrina \u00e9 a candidata do PSOL \u00e0 prefeitura de Rio Branco\/AC"}]},{"@type":"WebSite","@id":"https:\/\/psol50.org.br\/#website","url":"https:\/\/psol50.org.br\/","name":"PSOL 50","description":"Site oficial do Partido Socialismo e Liberdade","publisher":{"@id":"https:\/\/psol50.org.br\/#organization"},"alternateName":"PSOL50","potentialAction":[{"@type":"SearchAction","target":{"@type":"EntryPoint","urlTemplate":"https:\/\/psol50.org.br\/?s={search_term_string}"},"query-input":{"@type":"PropertyValueSpecification","valueRequired":true,"valueName":"search_term_string"}}],"inLanguage":"pt-BR"},{"@type":"Organization","@id":"https:\/\/psol50.org.br\/#organization","name":"PSOL 50","alternateName":"PSOL 50","url":"https:\/\/psol50.org.br\/","logo":{"@type":"ImageObject","inLanguage":"pt-BR","@id":"https:\/\/psol50.org.br\/#\/schema\/logo\/image\/","url":"https:\/\/psol50.org.br\/inc\/uploads\/2018\/07\/capa.png","contentUrl":"https:\/\/psol50.org.br\/inc\/uploads\/2018\/07\/capa.png","width":1350,"height":900,"caption":"PSOL 50"},"image":{"@id":"https:\/\/psol50.org.br\/#\/schema\/logo\/image\/"},"sameAs":["https:\/\/www.facebook.com\/psol50","https:\/\/x.com\/psol50","https:\/\/www.instagram.com\/psol50\/","https:\/\/www.youtube.com\/channel\/UC7SnJS5o1os7a6CaiNabzcg"]},{"@type":"Person","@id":"https:\/\/psol50.org.br\/#\/schema\/person\/475dfa57d0b815993c714c2e96491fcd","name":"Comunica\u00e7\u00e3o PSOL","image":{"@type":"ImageObject","inLanguage":"pt-BR","@id":"https:\/\/psol50.org.br\/#\/schema\/person\/image\/","url":"https:\/\/secure.gravatar.com\/avatar\/b34fc4f4e468a4e51785917065a3db57b841f5c95dba6ad8c73aaf8f66f8f9bf?s=96&d=mm&r=g","contentUrl":"https:\/\/secure.gravatar.com\/avatar\/b34fc4f4e468a4e51785917065a3db57b841f5c95dba6ad8c73aaf8f66f8f9bf?s=96&d=mm&r=g","caption":"Comunica\u00e7\u00e3o PSOL"}}]}},"_links":{"self":[{"href":"https:\/\/psol50.org.br\/rest\/wp\/v2\/posts\/7693","targetHints":{"allow":["GET"]}}],"collection":[{"href":"https:\/\/psol50.org.br\/rest\/wp\/v2\/posts"}],"about":[{"href":"https:\/\/psol50.org.br\/rest\/wp\/v2\/types\/post"}],"author":[{"embeddable":true,"href":"https:\/\/psol50.org.br\/rest\/wp\/v2\/users\/2"}],"replies":[{"embeddable":true,"href":"https:\/\/psol50.org.br\/rest\/wp\/v2\/comments?post=7693"}],"version-history":[{"count":0,"href":"https:\/\/psol50.org.br\/rest\/wp\/v2\/posts\/7693\/revisions"}],"wp:attachment":[{"href":"https:\/\/psol50.org.br\/rest\/wp\/v2\/media?parent=7693"}],"wp:term":[{"taxonomy":"category","embeddable":true,"href":"https:\/\/psol50.org.br\/rest\/wp\/v2\/categories?post=7693"},{"taxonomy":"post_tag","embeddable":true,"href":"https:\/\/psol50.org.br\/rest\/wp\/v2\/tags?post=7693"}],"curies":[{"name":"wp","href":"https:\/\/api.w.org\/{rel}","templated":true}]}}