{"id":7694,"date":"2012-07-11T00:00:00","date_gmt":"2012-07-11T00:00:00","guid":{"rendered":"http:\/\/psol50.org.br\/arquivo\/2012\/07\/11\/militancia-confirma-edmilson-e-marinor-como-candidatos-do-psol-em-belem-2\/"},"modified":"2012-07-11T00:00:00","modified_gmt":"2012-07-11T00:00:00","slug":"militancia-confirma-edmilson-e-marinor-como-candidatos-do-psol-em-belem-2","status":"publish","type":"post","link":"https:\/\/psol50.org.br\/militancia-confirma-edmilson-e-marinor-como-candidatos-do-psol-em-belem-2\/","title":{"rendered":"Milit\u00e2ncia confirma Edmilson e Marinor como candidatos do PSOL, em Bel\u00e9m"},"content":{"rendered":"<p>Na conven\u00e7\u00e3o municipal realizada no final de junho, em Bel\u00e9m, o Partido Socialismo e Liberdade (PSOL) confirmou o nome do deputado Edmilson Rodrigues como candidato a prefeito de Bel\u00e9m e aprovou a cria\u00e7\u00e3o de uma Frente de Esquerda formada por PSOL, PCdoB (Partido Comunista do Brasil), PSTU (Partido Socialista dos Trabalhadores Unificado) e PCB (Partido Comunista Brasileiro).<\/p>\n<p>Presente na conven\u00e7\u00e3o, o PCdoB indicou Jorge Panzera como candidato a vice. Panzera disse que os comunistas v\u00e3o se empenhar ao m\u00e1ximo para garantir a vit\u00f3ria e construir um governo com participa\u00e7\u00e3o popular e democracia.<\/p>\n<p>O evento dos psolistas come\u00e7ou por volta das 9 horas e contou com aproximadamente 3 mil pessoas, entre filiados e simpatizantes da legenda, al\u00e9m de diversas lideran\u00e7as pol\u00edticas do PCdoB, PSTU e PCB.<\/p>\n<p>A presidenta do PSOL no Par\u00e1, Marinor Brito, que encabe\u00e7ar\u00e1 a chapa de proporcionais, foi confirmada como candidata a vereadora de Bel\u00e9m. Muito aplaudida, a ex-senadora obteve, em 2010, cerca de 800 mil votos, sendo que aproximadamente 230 mil foram conquistados na capital do Par\u00e1. \u201c\u00c9 uma honra poder estar ao lado do companheiro Edmilson Rodrigues e tantos outros companheiros e companheiras valorosos em mais uma jornada de lutas em favor do nosso povo que hoje sofre com as p\u00e9ssimas condi\u00e7\u00f5es de sa\u00fade, saneamento e viol\u00eancia de toda ordem. Vamos percorrer nossa cidade e conclamar o povo para trazer voltar Bel\u00e9m para as m\u00e3os do povo! Vamos governar novamente esta cidade e construir o tereceiro governo do povo\u201d, disse a ex-senadora.<\/p>\n<p>A conven\u00e7\u00e3o foi presidida por Araceli Lemos (PSOL-Bel\u00e9m) e contou com a presen\u00e7a do deputado federal Ivan Valente, presidente nacional do PSOL, e do senador Randolfe Rodrigues (AP), al\u00e9m de diversas lideran\u00e7as comunit\u00e1rias, sindicais e de juventude que se deslocaram de todos os distritos de Bel\u00e9m para aclamar Edmilson e Marinor candidatos do PSOL, rumo \u00e0 vit\u00f3ria em 7 de outubro.<\/p>\n<p>Fonte: Assessoria do PSOL\/Bel\u00e9m<\/p>\n","protected":false},"excerpt":{"rendered":"<p>Na conven\u00e7\u00e3o municipal realizada no final de junho, em Bel\u00e9m, o Partido Socialismo e Liberdade (PSOL) confirmou o nome do deputado Edmilson Rodrigues como candidato a prefeito de Bel\u00e9m e aprovou a cria\u00e7\u00e3o de uma Frente de Esquerda formada por PSOL, PCdoB (Partido Comunista do Brasil), PSTU (Partido Socialista dos Trabalhadores Unificado) e PCB (Partido [&hellip;]<\/p>\n","protected":false},"author":2,"featured_media":0,"comment_status":"open","ping_status":"open","sticky":false,"template":"","format":"standard","meta":{"_acf_changed":false,"footnotes":""},"categories":[4766,4974],"tags":[4975],"class_list":{"0":"post-7694","1":"post","2":"type-post","3":"status-publish","4":"format-standard","6":"category-arquivo","7":"category-eleicoes-2012","8":"tag-eleicoes-2012"},"acf":[],"yoast_head":"<!-- This site is optimized with the Yoast SEO plugin v26.5 - https:\/\/yoast.com\/wordpress\/plugins\/seo\/ -->\n<title>Milit\u00e2ncia confirma Edmilson e Marinor como candidatos do PSOL, em Bel\u00e9m - PSOL 50<\/title>\n<meta name=\"robots\" content=\"index, follow, max-snippet:-1, max-image-preview:large, max-video-preview:-1\" \/>\n<link rel=\"canonical\" href=\"https:\/\/psol50.org.br\/militancia-confirma-edmilson-e-marinor-como-candidatos-do-psol-em-belem-2\/\" \/>\n<meta property=\"og:locale\" content=\"pt_BR\" \/>\n<meta property=\"og:type\" content=\"article\" \/>\n<meta property=\"og:title\" content=\"Milit\u00e2ncia confirma Edmilson e Marinor como candidatos do PSOL, em Bel\u00e9m - PSOL 50\" \/>\n<meta property=\"og:description\" content=\"Na conven\u00e7\u00e3o municipal realizada no final de junho, em Bel\u00e9m, o Partido Socialismo e Liberdade (PSOL) confirmou o nome do deputado Edmilson Rodrigues como candidato a prefeito de Bel\u00e9m e aprovou a cria\u00e7\u00e3o de uma Frente de Esquerda formada por PSOL, PCdoB (Partido Comunista do Brasil), PSTU (Partido Socialista dos Trabalhadores Unificado) e PCB (Partido [&hellip;]\" \/>\n<meta property=\"og:url\" content=\"https:\/\/psol50.org.br\/militancia-confirma-edmilson-e-marinor-como-candidatos-do-psol-em-belem-2\/\" \/>\n<meta property=\"og:site_name\" content=\"PSOL 50\" \/>\n<meta property=\"article:publisher\" content=\"https:\/\/www.facebook.com\/psol50\" \/>\n<meta property=\"article:published_time\" content=\"2012-07-11T00:00:00+00:00\" \/>\n<meta property=\"og:image\" content=\"https:\/\/psol50.org.br\/inc\/uploads\/2018\/07\/capa.png\" \/>\n\t<meta property=\"og:image:width\" content=\"1350\" \/>\n\t<meta property=\"og:image:height\" content=\"900\" \/>\n\t<meta property=\"og:image:type\" content=\"image\/png\" \/>\n<meta name=\"author\" content=\"Comunica\u00e7\u00e3o PSOL\" \/>\n<meta name=\"twitter:card\" content=\"summary_large_image\" \/>\n<meta name=\"twitter:creator\" content=\"@psol50\" \/>\n<meta name=\"twitter:site\" content=\"@psol50\" \/>\n<meta name=\"twitter:label1\" content=\"Escrito por\" \/>\n\t<meta name=\"twitter:data1\" content=\"Comunica\u00e7\u00e3o PSOL\" \/>\n\t<meta name=\"twitter:label2\" content=\"Est. tempo de leitura\" \/>\n\t<meta name=\"twitter:data2\" content=\"2 minutos\" \/>\n<script type=\"application\/ld+json\" class=\"yoast-schema-graph\">{\"@context\":\"https:\/\/schema.org\",\"@graph\":[{\"@type\":\"Article\",\"@id\":\"https:\/\/psol50.org.br\/militancia-confirma-edmilson-e-marinor-como-candidatos-do-psol-em-belem-2\/#article\",\"isPartOf\":{\"@id\":\"https:\/\/psol50.org.br\/militancia-confirma-edmilson-e-marinor-como-candidatos-do-psol-em-belem-2\/\"},\"author\":{\"name\":\"Comunica\u00e7\u00e3o PSOL\",\"@id\":\"https:\/\/psol50.org.br\/#\/schema\/person\/475dfa57d0b815993c714c2e96491fcd\"},\"headline\":\"Milit\u00e2ncia confirma Edmilson e Marinor como candidatos do PSOL, em Bel\u00e9m\",\"datePublished\":\"2012-07-11T00:00:00+00:00\",\"mainEntityOfPage\":{\"@id\":\"https:\/\/psol50.org.br\/militancia-confirma-edmilson-e-marinor-como-candidatos-do-psol-em-belem-2\/\"},\"wordCount\":347,\"commentCount\":0,\"publisher\":{\"@id\":\"https:\/\/psol50.org.br\/#organization\"},\"keywords\":[\"Elei\u00e7\u00f5es 2012\"],\"articleSection\":[\"Arquivo\",\"ELEI\u00c7\u00d5ES 2012\"],\"inLanguage\":\"pt-BR\",\"potentialAction\":[{\"@type\":\"CommentAction\",\"name\":\"Comment\",\"target\":[\"https:\/\/psol50.org.br\/militancia-confirma-edmilson-e-marinor-como-candidatos-do-psol-em-belem-2\/#respond\"]}]},{\"@type\":\"WebPage\",\"@id\":\"https:\/\/psol50.org.br\/militancia-confirma-edmilson-e-marinor-como-candidatos-do-psol-em-belem-2\/\",\"url\":\"https:\/\/psol50.org.br\/militancia-confirma-edmilson-e-marinor-como-candidatos-do-psol-em-belem-2\/\",\"name\":\"Milit\u00e2ncia confirma Edmilson e Marinor como candidatos do PSOL, em Bel\u00e9m - PSOL 50\",\"isPartOf\":{\"@id\":\"https:\/\/psol50.org.br\/#website\"},\"datePublished\":\"2012-07-11T00:00:00+00:00\",\"breadcrumb\":{\"@id\":\"https:\/\/psol50.org.br\/militancia-confirma-edmilson-e-marinor-como-candidatos-do-psol-em-belem-2\/#breadcrumb\"},\"inLanguage\":\"pt-BR\",\"potentialAction\":[{\"@type\":\"ReadAction\",\"target\":[\"https:\/\/psol50.org.br\/militancia-confirma-edmilson-e-marinor-como-candidatos-do-psol-em-belem-2\/\"]}]},{\"@type\":\"BreadcrumbList\",\"@id\":\"https:\/\/psol50.org.br\/militancia-confirma-edmilson-e-marinor-como-candidatos-do-psol-em-belem-2\/#breadcrumb\",\"itemListElement\":[{\"@type\":\"ListItem\",\"position\":1,\"name\":\"In\u00edcio\",\"item\":\"https:\/\/psol50.org.br\/\"},{\"@type\":\"ListItem\",\"position\":2,\"name\":\"Milit\u00e2ncia confirma Edmilson e Marinor como candidatos do PSOL, em Bel\u00e9m\"}]},{\"@type\":\"WebSite\",\"@id\":\"https:\/\/psol50.org.br\/#website\",\"url\":\"https:\/\/psol50.org.br\/\",\"name\":\"PSOL 50\",\"description\":\"Site oficial do Partido Socialismo e Liberdade\",\"publisher\":{\"@id\":\"https:\/\/psol50.org.br\/#organization\"},\"alternateName\":\"PSOL50\",\"potentialAction\":[{\"@type\":\"SearchAction\",\"target\":{\"@type\":\"EntryPoint\",\"urlTemplate\":\"https:\/\/psol50.org.br\/?s={search_term_string}\"},\"query-input\":{\"@type\":\"PropertyValueSpecification\",\"valueRequired\":true,\"valueName\":\"search_term_string\"}}],\"inLanguage\":\"pt-BR\"},{\"@type\":\"Organization\",\"@id\":\"https:\/\/psol50.org.br\/#organization\",\"name\":\"PSOL 50\",\"alternateName\":\"PSOL 50\",\"url\":\"https:\/\/psol50.org.br\/\",\"logo\":{\"@type\":\"ImageObject\",\"inLanguage\":\"pt-BR\",\"@id\":\"https:\/\/psol50.org.br\/#\/schema\/logo\/image\/\",\"url\":\"https:\/\/psol50.org.br\/inc\/uploads\/2018\/07\/capa.png\",\"contentUrl\":\"https:\/\/psol50.org.br\/inc\/uploads\/2018\/07\/capa.png\",\"width\":1350,\"height\":900,\"caption\":\"PSOL 50\"},\"image\":{\"@id\":\"https:\/\/psol50.org.br\/#\/schema\/logo\/image\/\"},\"sameAs\":[\"https:\/\/www.facebook.com\/psol50\",\"https:\/\/x.com\/psol50\",\"https:\/\/www.instagram.com\/psol50\/\",\"https:\/\/www.youtube.com\/channel\/UC7SnJS5o1os7a6CaiNabzcg\"]},{\"@type\":\"Person\",\"@id\":\"https:\/\/psol50.org.br\/#\/schema\/person\/475dfa57d0b815993c714c2e96491fcd\",\"name\":\"Comunica\u00e7\u00e3o PSOL\",\"image\":{\"@type\":\"ImageObject\",\"inLanguage\":\"pt-BR\",\"@id\":\"https:\/\/psol50.org.br\/#\/schema\/person\/image\/\",\"url\":\"https:\/\/secure.gravatar.com\/avatar\/b34fc4f4e468a4e51785917065a3db57b841f5c95dba6ad8c73aaf8f66f8f9bf?s=96&d=mm&r=g\",\"contentUrl\":\"https:\/\/secure.gravatar.com\/avatar\/b34fc4f4e468a4e51785917065a3db57b841f5c95dba6ad8c73aaf8f66f8f9bf?s=96&d=mm&r=g\",\"caption\":\"Comunica\u00e7\u00e3o PSOL\"}}]}<\/script>\n<!-- \/ Yoast SEO plugin. -->","yoast_head_json":{"title":"Milit\u00e2ncia confirma Edmilson e Marinor como candidatos do PSOL, em Bel\u00e9m - PSOL 50","robots":{"index":"index","follow":"follow","max-snippet":"max-snippet:-1","max-image-preview":"max-image-preview:large","max-video-preview":"max-video-preview:-1"},"canonical":"https:\/\/psol50.org.br\/militancia-confirma-edmilson-e-marinor-como-candidatos-do-psol-em-belem-2\/","og_locale":"pt_BR","og_type":"article","og_title":"Milit\u00e2ncia confirma Edmilson e Marinor como candidatos do PSOL, em Bel\u00e9m - PSOL 50","og_description":"Na conven\u00e7\u00e3o municipal realizada no final de junho, em Bel\u00e9m, o Partido Socialismo e Liberdade (PSOL) confirmou o nome do deputado Edmilson Rodrigues como candidato a prefeito de Bel\u00e9m e aprovou a cria\u00e7\u00e3o de uma Frente de Esquerda formada por PSOL, PCdoB (Partido Comunista do Brasil), PSTU (Partido Socialista dos Trabalhadores Unificado) e PCB (Partido [&hellip;]","og_url":"https:\/\/psol50.org.br\/militancia-confirma-edmilson-e-marinor-como-candidatos-do-psol-em-belem-2\/","og_site_name":"PSOL 50","article_publisher":"https:\/\/www.facebook.com\/psol50","article_published_time":"2012-07-11T00:00:00+00:00","og_image":[{"width":1350,"height":900,"url":"https:\/\/psol50.org.br\/inc\/uploads\/2018\/07\/capa.png","type":"image\/png"}],"author":"Comunica\u00e7\u00e3o PSOL","twitter_card":"summary_large_image","twitter_creator":"@psol50","twitter_site":"@psol50","twitter_misc":{"Escrito por":"Comunica\u00e7\u00e3o PSOL","Est. tempo de leitura":"2 minutos"},"schema":{"@context":"https:\/\/schema.org","@graph":[{"@type":"Article","@id":"https:\/\/psol50.org.br\/militancia-confirma-edmilson-e-marinor-como-candidatos-do-psol-em-belem-2\/#article","isPartOf":{"@id":"https:\/\/psol50.org.br\/militancia-confirma-edmilson-e-marinor-como-candidatos-do-psol-em-belem-2\/"},"author":{"name":"Comunica\u00e7\u00e3o PSOL","@id":"https:\/\/psol50.org.br\/#\/schema\/person\/475dfa57d0b815993c714c2e96491fcd"},"headline":"Milit\u00e2ncia confirma Edmilson e Marinor como candidatos do PSOL, em Bel\u00e9m","datePublished":"2012-07-11T00:00:00+00:00","mainEntityOfPage":{"@id":"https:\/\/psol50.org.br\/militancia-confirma-edmilson-e-marinor-como-candidatos-do-psol-em-belem-2\/"},"wordCount":347,"commentCount":0,"publisher":{"@id":"https:\/\/psol50.org.br\/#organization"},"keywords":["Elei\u00e7\u00f5es 2012"],"articleSection":["Arquivo","ELEI\u00c7\u00d5ES 2012"],"inLanguage":"pt-BR","potentialAction":[{"@type":"CommentAction","name":"Comment","target":["https:\/\/psol50.org.br\/militancia-confirma-edmilson-e-marinor-como-candidatos-do-psol-em-belem-2\/#respond"]}]},{"@type":"WebPage","@id":"https:\/\/psol50.org.br\/militancia-confirma-edmilson-e-marinor-como-candidatos-do-psol-em-belem-2\/","url":"https:\/\/psol50.org.br\/militancia-confirma-edmilson-e-marinor-como-candidatos-do-psol-em-belem-2\/","name":"Milit\u00e2ncia confirma Edmilson e Marinor como candidatos do PSOL, em Bel\u00e9m - PSOL 50","isPartOf":{"@id":"https:\/\/psol50.org.br\/#website"},"datePublished":"2012-07-11T00:00:00+00:00","breadcrumb":{"@id":"https:\/\/psol50.org.br\/militancia-confirma-edmilson-e-marinor-como-candidatos-do-psol-em-belem-2\/#breadcrumb"},"inLanguage":"pt-BR","potentialAction":[{"@type":"ReadAction","target":["https:\/\/psol50.org.br\/militancia-confirma-edmilson-e-marinor-como-candidatos-do-psol-em-belem-2\/"]}]},{"@type":"BreadcrumbList","@id":"https:\/\/psol50.org.br\/militancia-confirma-edmilson-e-marinor-como-candidatos-do-psol-em-belem-2\/#breadcrumb","itemListElement":[{"@type":"ListItem","position":1,"name":"In\u00edcio","item":"https:\/\/psol50.org.br\/"},{"@type":"ListItem","position":2,"name":"Milit\u00e2ncia confirma Edmilson e Marinor como candidatos do PSOL, em Bel\u00e9m"}]},{"@type":"WebSite","@id":"https:\/\/psol50.org.br\/#website","url":"https:\/\/psol50.org.br\/","name":"PSOL 50","description":"Site oficial do Partido Socialismo e Liberdade","publisher":{"@id":"https:\/\/psol50.org.br\/#organization"},"alternateName":"PSOL50","potentialAction":[{"@type":"SearchAction","target":{"@type":"EntryPoint","urlTemplate":"https:\/\/psol50.org.br\/?s={search_term_string}"},"query-input":{"@type":"PropertyValueSpecification","valueRequired":true,"valueName":"search_term_string"}}],"inLanguage":"pt-BR"},{"@type":"Organization","@id":"https:\/\/psol50.org.br\/#organization","name":"PSOL 50","alternateName":"PSOL 50","url":"https:\/\/psol50.org.br\/","logo":{"@type":"ImageObject","inLanguage":"pt-BR","@id":"https:\/\/psol50.org.br\/#\/schema\/logo\/image\/","url":"https:\/\/psol50.org.br\/inc\/uploads\/2018\/07\/capa.png","contentUrl":"https:\/\/psol50.org.br\/inc\/uploads\/2018\/07\/capa.png","width":1350,"height":900,"caption":"PSOL 50"},"image":{"@id":"https:\/\/psol50.org.br\/#\/schema\/logo\/image\/"},"sameAs":["https:\/\/www.facebook.com\/psol50","https:\/\/x.com\/psol50","https:\/\/www.instagram.com\/psol50\/","https:\/\/www.youtube.com\/channel\/UC7SnJS5o1os7a6CaiNabzcg"]},{"@type":"Person","@id":"https:\/\/psol50.org.br\/#\/schema\/person\/475dfa57d0b815993c714c2e96491fcd","name":"Comunica\u00e7\u00e3o PSOL","image":{"@type":"ImageObject","inLanguage":"pt-BR","@id":"https:\/\/psol50.org.br\/#\/schema\/person\/image\/","url":"https:\/\/secure.gravatar.com\/avatar\/b34fc4f4e468a4e51785917065a3db57b841f5c95dba6ad8c73aaf8f66f8f9bf?s=96&d=mm&r=g","contentUrl":"https:\/\/secure.gravatar.com\/avatar\/b34fc4f4e468a4e51785917065a3db57b841f5c95dba6ad8c73aaf8f66f8f9bf?s=96&d=mm&r=g","caption":"Comunica\u00e7\u00e3o PSOL"}}]}},"_links":{"self":[{"href":"https:\/\/psol50.org.br\/rest\/wp\/v2\/posts\/7694","targetHints":{"allow":["GET"]}}],"collection":[{"href":"https:\/\/psol50.org.br\/rest\/wp\/v2\/posts"}],"about":[{"href":"https:\/\/psol50.org.br\/rest\/wp\/v2\/types\/post"}],"author":[{"embeddable":true,"href":"https:\/\/psol50.org.br\/rest\/wp\/v2\/users\/2"}],"replies":[{"embeddable":true,"href":"https:\/\/psol50.org.br\/rest\/wp\/v2\/comments?post=7694"}],"version-history":[{"count":0,"href":"https:\/\/psol50.org.br\/rest\/wp\/v2\/posts\/7694\/revisions"}],"wp:attachment":[{"href":"https:\/\/psol50.org.br\/rest\/wp\/v2\/media?parent=7694"}],"wp:term":[{"taxonomy":"category","embeddable":true,"href":"https:\/\/psol50.org.br\/rest\/wp\/v2\/categories?post=7694"},{"taxonomy":"post_tag","embeddable":true,"href":"https:\/\/psol50.org.br\/rest\/wp\/v2\/tags?post=7694"}],"curies":[{"name":"wp","href":"https:\/\/api.w.org\/{rel}","templated":true}]}}