{"id":770,"date":"2010-10-25T00:00:00","date_gmt":"2010-10-25T00:00:00","guid":{"rendered":"http:\/\/psol50.org.br\/arquivo\/2010\/10\/25\/defendendo-os-rios-da-amazonia\/"},"modified":"2010-10-25T00:00:00","modified_gmt":"2010-10-25T00:00:00","slug":"defendendo-os-rios-da-amazonia","status":"publish","type":"post","link":"https:\/\/psol50.org.br\/defendendo-os-rios-da-amazonia\/","title":{"rendered":"Defendendo os Rios da Amaz\u00f4nia"},"content":{"rendered":"<p><a rel=\"attachment wp-att-5936\" href=\"http:\/\/psol50.org.br\/blog\/2010\/10\/25\/defendendo-os-rios-da-amazonia\/usina-belo-monte-fi-gutriiinha-marota\/\"><a rel=\"attachment wp-att-5943\" href=\"http:\/\/psol50.org.br\/blog\/2010\/10\/25\/defendendo-os-rios-da-amazonia\/untitled\/\"><img loading=\"lazy\" decoding=\"async\" class=\"aligncenter size-full wp-image-5943\" src=\"http:\/\/psol50.org.br\/files\/2010\/10\/Untitled.jpg\" alt=\"\" width=\"610\" height=\"270\" \/><\/a><br \/>\n<\/a>V\u00eddeo mostra didaticamente os impactos que a constru\u00e7\u00e3o da usina de Belo Monte pode trazer para o meio-ambiente e para as comunidades do entorno do Rio Xingu.<\/p>\n<p>Foi lan\u00e7ado em 15 de setembro, em Bel\u00e9m (PA), um v\u00eddeo em duas partes de quatro minutos e com anima\u00e7\u00e3o 3-D, que apresenta de forma clara e did\u00e1tica os impactos sociais, ambientais e econ\u00f4micos da hidrel\u00e9trica de Belo Monte no Rio Xingu. O v\u00eddeo foi produzido pelo Movimento Xingu Vivo para Sempre (MXVS) .<\/p>\n<p>Intitulado \u201cDefendendo os Rios da Amaz\u00f4nia\u201d, o projeto faz parte de uma campanha nacional e internacional coordenada pelo MXVS, coaliz\u00e3o de organiza\u00e7\u00f5es sociais e ONGs em defesa do Rio Xingu e contra a constru\u00e7\u00e3o da hidrel\u00e9trica de Belo Monte. Segundo os coordenadores do\u00a0 movimento, o v\u00eddeo alerta a sociedade brasileira para o processo atropelado, leviano, desrespeitoso e ilegal de planejamento e licenciamento do empreendimento pelo governo federal.<\/p>\n<p>Narrado pela atriz paraense Dira Paes, conhecida como uma das principais vozes em defesa dos direitos humanos e do meio ambiente em seu estado, \u201cDefendendo os Rios da Amaz\u00f4nia\u201d mostra de modo realista os impactos previstos da hidrel\u00e9trica de Belo Monte, como o alagamento de parte de Altamira e a seca de um trecho de cerca de 100 km de rio, afetando popula\u00e7\u00f5es ind\u00edgenas, ribeirinhos e agricultores familiares.<\/p>\n<p>O v\u00eddeo tamb\u00e9m apresenta os impactos de Belo Monte sobre a rica biodiversidade de animais e peixes da regi\u00e3o, e como os reservat\u00f3rios do projeto poderiam se tornar um grande criadouro de mosquitos transmissores da mal\u00e1ria. Al\u00e9m disso, o v\u00eddeo demonstra que os reservat\u00f3rios produziriam uma grande quantidade de metano, um dos mais potentes gases de efeito estufa que contribuem para as mudan\u00e7as clim\u00e1ticas.<\/p>\n<p>Para Dira Paes, a luta pela preserva\u00e7\u00e3o do Xingu \u00e9 a luta pela vida da Amaz\u00f4nia e de seus povos: \u201cN\u00e3o podemos nos omitir diante da explora\u00e7\u00e3o indevida e absurda da floresta. Este rio jamais poderia ser amea\u00e7ado pela constru\u00e7\u00e3o de Belo Monte. Estamos degradando o que nos resta da grande reserva ambiental do planeta. N\u00e3o podemos aceitar que a fauna, a flora e o ser humano sejam desrespeitados em nome de uma energia destrutiva\u201d.<\/p>\n<p>Ant\u00f4nia Melo, coordenadora do Movimento Xingu Vivo Para Sempre em Altamira, \u00e9 uma das milhares de pessoas nas \u00e1reas urbanas e rurais que teriam suas casas e suas terras alagadas e destru\u00eddas pelo empreendimento. Para ela, o v\u00eddeo \u00e9 uma importante ferramenta para mo strar ao p\u00fablico leigo, de forma did\u00e1tica, quais seriam as desastrosas conseq\u00fc\u00eancias de Belo Monte. \u201cAt\u00e9 mesmo para quem mora no Xingu \u00e9 dif\u00edcil compreender os impactos da constru\u00e7\u00e3o da usina. Estas anima\u00e7\u00f5es podem ajudar a todos, inclusive povos ind\u00edgena e popula\u00e7\u00f5es tradicionais, a visualizarem e compreenderem o que pode acontecer, se a hidrel\u00e9trica for constru\u00edda. O v\u00eddeo representa, portanto, um importante instrumento de mobiliza\u00e7\u00e3o social\u201d, diz.<\/p>\n<p>Uma vers\u00e3o em ingl\u00eas do projeto foi produzida com a narra\u00e7\u00e3o da atriz Sigourney Weaver, que visitou o rio Xingu em abril deste ano em companhia de lideran\u00e7as do MXVS e do diretor do filme Avatar, James Cameron. Assim como Dira Paes, Weaver contribuiu de forma volunt\u00e1ria, em solidariedade ao Movimento Xingu Vivo para Sempre.<\/p>\n<p>O v\u00eddeo \u201cDefendendo os Rios da Amaz\u00f4nia\u201d alerta tamb\u00e9m para os planos oficiais de implantar mais de sessenta hidrel\u00e9tricas na regi\u00e3o amaz\u00f4nica ao longo dos pr\u00f3ximos vinte anos, permitindo a sua visualiza\u00e7\u00e3o nas anima\u00e7\u00f5es do Google Earth. No final, a fita traz reflex\u00f5es sobre a exist\u00eancia de melhores alternativas para atender as necessidades de energia do pais e desafios para o desenvolvimento verdadeiramente sustent\u00e1vel na Amaz\u00f4nia.<br \/>\nPeti\u00e7\u00e3o ao governo<\/p>\n<p>Com o lan\u00e7amento do v\u00eddeo, o Movimento Xingu Vivo para Sempre inicia uma nova etapa de intensifica\u00e7\u00e3o da campanha, voltada para a conscientiza\u00e7\u00e3o e apoio da sociedade brasileira \u00e0 defesa do Xingu e \u00e0 luta contra Belo Monte. Junto com o v\u00eddeo, ser\u00e1 lan\u00e7ada uma peti\u00e7\u00e3o direcionada ao presidente Lula e autoridades de diversas institui\u00e7\u00f5es envolvidas no controverso projeto, como o Ibama, Funai, ANEEL, Eletrobr\u00e1s e o Tribunal Regional Federal da 1a Regi\u00e3o.<\/p>\n<p>A ades\u00e3o massiva da sociedade brasileira, a partir de informa\u00e7\u00e3o de qualidade, \u00e9 considerada fundamental para o sucesso da campanha.<br \/>\nSobre Belo Monte<\/p>\n<p>Se constru\u00edda, Belo Monte seria a terceira maior hidrel\u00e9trica do mundo. A barragem, que vai desviar a vaz\u00e3o do rio Xingu \u2013 um dos afluentes mais importantes do Amazonas -, vai fornecer eletricidade em parte para o setor de minera\u00e7\u00e3o e produzir\u00e1 apenas 39% da energia m\u00e9dia, do total instalado.<\/p>\n<p>O pre\u00e7o disso, al\u00e9m dos cerca de R$ 19 bilh\u00f5es advindos de cofres p\u00fablicos para financiar as obras, seria o deslocamento de mais de 20 mil pessoas, o alagamento de uma \u00e1rea de 668 quil\u00f4metros quadrados, um enorme desmatamento na regi\u00e3o ainda n\u00e3o dimensionado e o ressecamento do rio Xingu num trecho de cerca de 100km conhecido como Volta Grande. O apodrecimento de mat\u00e9ria org\u00e2nica no leito da barragem tamb\u00e9m deve gerar a emiss\u00e3o de metano, um g\u00e1s 25 vezes mais agressivo do que o di\u00f3xido de carbono no processo de<br \/>\naquecimento global.<\/p>\n<p>No dia 26 de agosto, o presidente Lula assinou a concess\u00e3o da usina e conseq\u00fcentemente ignorou comprovados riscos financeiros e socioambientais, bem como apelos nacionais e internacionais para que repensasse o projeto e considerasse op\u00e7\u00f5es limpas de gera\u00e7\u00e3o de<br \/>\nenergia.<\/p>\n<p>A resist\u00eancia de movimentos sociais aumenta na medida em que o governo de Lula decide seguir em frente com o projeto de constru\u00e7\u00e3o da usina. No come\u00e7o de agosto, 35 etnias ind\u00edgenas de diversas regi\u00f5es do pa\u00eds, al\u00e9m de agricultores e ribeirinhos, reuniram centenas de pessoas no encontro Acampamento Terra Livre Regional, em Altamira, para discutir as conseq\u00fc\u00eancias de megaprojetos na Amaz\u00f4nia. Um protesto pac\u00edfico contra Belo Monte foi feito pelas ruas da cidade.<\/p>\n<p>A ocasi\u00e3o tamb\u00e9m serviu para explicitar a uni\u00e3o entre diversos povos que t\u00eam como objetivo comum zelar pela sociobiodiversidade da regi\u00e3o do Xingu. Na ocasi\u00e3o, lideran\u00e7as de diferentes grupos sociais reafirmaram sua posi\u00e7\u00e3o contr\u00e1ria em rela\u00e7\u00e3o \u00e0 constru\u00e7\u00e3o da Usina Hidrel\u00e9trica de Belo Monte.<\/p>\n<p>Veja abaixo as duas partes do v\u00eddeo:<\/p>\n<p>Parte 1: http:\/\/www.youtube.com\/watch?v=4k0X1bHjf3E<\/p>\n<p>Parte 2: http:\/\/www.youtube.com\/watch?v=JcCpFBro-Lc<\/p>\n<p><em><strong>Fonte: Movimento Xingu Vivo para Sempre (MXVS) &#8211; http:\/\/www.xinguvivo.org.br\/<\/strong><\/em><\/p>\n","protected":false},"excerpt":{"rendered":"<p>V\u00eddeo mostra didaticamente os impactos que a constru\u00e7\u00e3o da usina de Belo Monte pode trazer para o meio-ambiente e para as comunidades do entorno do Rio Xingu. Foi lan\u00e7ado em 15 de setembro, em Bel\u00e9m (PA), um v\u00eddeo em duas partes de quatro minutos e com anima\u00e7\u00e3o 3-D, que apresenta de forma clara e did\u00e1tica [&hellip;]<\/p>\n","protected":false},"author":2,"featured_media":0,"comment_status":"open","ping_status":"open","sticky":false,"template":"","format":"standard","meta":{"_acf_changed":false,"footnotes":""},"categories":[4766],"tags":[],"class_list":{"0":"post-770","1":"post","2":"type-post","3":"status-publish","4":"format-standard","6":"category-arquivo"},"acf":[],"yoast_head":"<!-- This site is optimized with the Yoast SEO plugin v26.5 - https:\/\/yoast.com\/wordpress\/plugins\/seo\/ -->\n<title>Defendendo os Rios da Amaz\u00f4nia - PSOL 50<\/title>\n<meta name=\"robots\" content=\"index, follow, max-snippet:-1, max-image-preview:large, max-video-preview:-1\" \/>\n<link rel=\"canonical\" href=\"https:\/\/psol50.org.br\/defendendo-os-rios-da-amazonia\/\" \/>\n<meta property=\"og:locale\" content=\"pt_BR\" \/>\n<meta property=\"og:type\" content=\"article\" \/>\n<meta property=\"og:title\" content=\"Defendendo os Rios da Amaz\u00f4nia - PSOL 50\" \/>\n<meta property=\"og:description\" content=\"V\u00eddeo mostra didaticamente os impactos que a constru\u00e7\u00e3o da usina de Belo Monte pode trazer para o meio-ambiente e para as comunidades do entorno do Rio Xingu. Foi lan\u00e7ado em 15 de setembro, em Bel\u00e9m (PA), um v\u00eddeo em duas partes de quatro minutos e com anima\u00e7\u00e3o 3-D, que apresenta de forma clara e did\u00e1tica [&hellip;]\" \/>\n<meta property=\"og:url\" content=\"https:\/\/psol50.org.br\/defendendo-os-rios-da-amazonia\/\" \/>\n<meta property=\"og:site_name\" content=\"PSOL 50\" \/>\n<meta property=\"article:publisher\" content=\"https:\/\/www.facebook.com\/psol50\" \/>\n<meta property=\"article:published_time\" content=\"2010-10-25T00:00:00+00:00\" \/>\n<meta property=\"og:image\" content=\"http:\/\/psol50.org.br\/files\/2010\/10\/Untitled.jpg\" \/>\n<meta name=\"author\" content=\"Comunica\u00e7\u00e3o PSOL\" \/>\n<meta name=\"twitter:card\" content=\"summary_large_image\" \/>\n<meta name=\"twitter:creator\" content=\"@psol50\" \/>\n<meta name=\"twitter:site\" content=\"@psol50\" \/>\n<meta name=\"twitter:label1\" content=\"Escrito por\" \/>\n\t<meta name=\"twitter:data1\" content=\"Comunica\u00e7\u00e3o PSOL\" \/>\n\t<meta name=\"twitter:label2\" content=\"Est. tempo de leitura\" \/>\n\t<meta name=\"twitter:data2\" content=\"6 minutos\" \/>\n<script type=\"application\/ld+json\" class=\"yoast-schema-graph\">{\"@context\":\"https:\/\/schema.org\",\"@graph\":[{\"@type\":\"Article\",\"@id\":\"https:\/\/psol50.org.br\/defendendo-os-rios-da-amazonia\/#article\",\"isPartOf\":{\"@id\":\"https:\/\/psol50.org.br\/defendendo-os-rios-da-amazonia\/\"},\"author\":{\"name\":\"Comunica\u00e7\u00e3o PSOL\",\"@id\":\"https:\/\/psol50.org.br\/#\/schema\/person\/475dfa57d0b815993c714c2e96491fcd\"},\"headline\":\"Defendendo os Rios da Amaz\u00f4nia\",\"datePublished\":\"2010-10-25T00:00:00+00:00\",\"mainEntityOfPage\":{\"@id\":\"https:\/\/psol50.org.br\/defendendo-os-rios-da-amazonia\/\"},\"wordCount\":1141,\"commentCount\":0,\"publisher\":{\"@id\":\"https:\/\/psol50.org.br\/#organization\"},\"image\":{\"@id\":\"https:\/\/psol50.org.br\/defendendo-os-rios-da-amazonia\/#primaryimage\"},\"thumbnailUrl\":\"http:\/\/psol50.org.br\/files\/2010\/10\/Untitled.jpg\",\"articleSection\":[\"Arquivo\"],\"inLanguage\":\"pt-BR\",\"potentialAction\":[{\"@type\":\"CommentAction\",\"name\":\"Comment\",\"target\":[\"https:\/\/psol50.org.br\/defendendo-os-rios-da-amazonia\/#respond\"]}]},{\"@type\":\"WebPage\",\"@id\":\"https:\/\/psol50.org.br\/defendendo-os-rios-da-amazonia\/\",\"url\":\"https:\/\/psol50.org.br\/defendendo-os-rios-da-amazonia\/\",\"name\":\"Defendendo os Rios da Amaz\u00f4nia - PSOL 50\",\"isPartOf\":{\"@id\":\"https:\/\/psol50.org.br\/#website\"},\"primaryImageOfPage\":{\"@id\":\"https:\/\/psol50.org.br\/defendendo-os-rios-da-amazonia\/#primaryimage\"},\"image\":{\"@id\":\"https:\/\/psol50.org.br\/defendendo-os-rios-da-amazonia\/#primaryimage\"},\"thumbnailUrl\":\"http:\/\/psol50.org.br\/files\/2010\/10\/Untitled.jpg\",\"datePublished\":\"2010-10-25T00:00:00+00:00\",\"breadcrumb\":{\"@id\":\"https:\/\/psol50.org.br\/defendendo-os-rios-da-amazonia\/#breadcrumb\"},\"inLanguage\":\"pt-BR\",\"potentialAction\":[{\"@type\":\"ReadAction\",\"target\":[\"https:\/\/psol50.org.br\/defendendo-os-rios-da-amazonia\/\"]}]},{\"@type\":\"ImageObject\",\"inLanguage\":\"pt-BR\",\"@id\":\"https:\/\/psol50.org.br\/defendendo-os-rios-da-amazonia\/#primaryimage\",\"url\":\"http:\/\/psol50.org.br\/files\/2010\/10\/Untitled.jpg\",\"contentUrl\":\"http:\/\/psol50.org.br\/files\/2010\/10\/Untitled.jpg\"},{\"@type\":\"BreadcrumbList\",\"@id\":\"https:\/\/psol50.org.br\/defendendo-os-rios-da-amazonia\/#breadcrumb\",\"itemListElement\":[{\"@type\":\"ListItem\",\"position\":1,\"name\":\"In\u00edcio\",\"item\":\"https:\/\/psol50.org.br\/\"},{\"@type\":\"ListItem\",\"position\":2,\"name\":\"Defendendo os Rios da Amaz\u00f4nia\"}]},{\"@type\":\"WebSite\",\"@id\":\"https:\/\/psol50.org.br\/#website\",\"url\":\"https:\/\/psol50.org.br\/\",\"name\":\"PSOL 50\",\"description\":\"Site oficial do Partido Socialismo e Liberdade\",\"publisher\":{\"@id\":\"https:\/\/psol50.org.br\/#organization\"},\"alternateName\":\"PSOL50\",\"potentialAction\":[{\"@type\":\"SearchAction\",\"target\":{\"@type\":\"EntryPoint\",\"urlTemplate\":\"https:\/\/psol50.org.br\/?s={search_term_string}\"},\"query-input\":{\"@type\":\"PropertyValueSpecification\",\"valueRequired\":true,\"valueName\":\"search_term_string\"}}],\"inLanguage\":\"pt-BR\"},{\"@type\":\"Organization\",\"@id\":\"https:\/\/psol50.org.br\/#organization\",\"name\":\"PSOL 50\",\"alternateName\":\"PSOL 50\",\"url\":\"https:\/\/psol50.org.br\/\",\"logo\":{\"@type\":\"ImageObject\",\"inLanguage\":\"pt-BR\",\"@id\":\"https:\/\/psol50.org.br\/#\/schema\/logo\/image\/\",\"url\":\"https:\/\/psol50.org.br\/inc\/uploads\/2018\/07\/capa.png\",\"contentUrl\":\"https:\/\/psol50.org.br\/inc\/uploads\/2018\/07\/capa.png\",\"width\":1350,\"height\":900,\"caption\":\"PSOL 50\"},\"image\":{\"@id\":\"https:\/\/psol50.org.br\/#\/schema\/logo\/image\/\"},\"sameAs\":[\"https:\/\/www.facebook.com\/psol50\",\"https:\/\/x.com\/psol50\",\"https:\/\/www.instagram.com\/psol50\/\",\"https:\/\/www.youtube.com\/channel\/UC7SnJS5o1os7a6CaiNabzcg\"]},{\"@type\":\"Person\",\"@id\":\"https:\/\/psol50.org.br\/#\/schema\/person\/475dfa57d0b815993c714c2e96491fcd\",\"name\":\"Comunica\u00e7\u00e3o PSOL\",\"image\":{\"@type\":\"ImageObject\",\"inLanguage\":\"pt-BR\",\"@id\":\"https:\/\/psol50.org.br\/#\/schema\/person\/image\/\",\"url\":\"https:\/\/secure.gravatar.com\/avatar\/b34fc4f4e468a4e51785917065a3db57b841f5c95dba6ad8c73aaf8f66f8f9bf?s=96&d=mm&r=g\",\"contentUrl\":\"https:\/\/secure.gravatar.com\/avatar\/b34fc4f4e468a4e51785917065a3db57b841f5c95dba6ad8c73aaf8f66f8f9bf?s=96&d=mm&r=g\",\"caption\":\"Comunica\u00e7\u00e3o PSOL\"}}]}<\/script>\n<!-- \/ Yoast SEO plugin. -->","yoast_head_json":{"title":"Defendendo os Rios da Amaz\u00f4nia - PSOL 50","robots":{"index":"index","follow":"follow","max-snippet":"max-snippet:-1","max-image-preview":"max-image-preview:large","max-video-preview":"max-video-preview:-1"},"canonical":"https:\/\/psol50.org.br\/defendendo-os-rios-da-amazonia\/","og_locale":"pt_BR","og_type":"article","og_title":"Defendendo os Rios da Amaz\u00f4nia - PSOL 50","og_description":"V\u00eddeo mostra didaticamente os impactos que a constru\u00e7\u00e3o da usina de Belo Monte pode trazer para o meio-ambiente e para as comunidades do entorno do Rio Xingu. Foi lan\u00e7ado em 15 de setembro, em Bel\u00e9m (PA), um v\u00eddeo em duas partes de quatro minutos e com anima\u00e7\u00e3o 3-D, que apresenta de forma clara e did\u00e1tica [&hellip;]","og_url":"https:\/\/psol50.org.br\/defendendo-os-rios-da-amazonia\/","og_site_name":"PSOL 50","article_publisher":"https:\/\/www.facebook.com\/psol50","article_published_time":"2010-10-25T00:00:00+00:00","og_image":[{"url":"http:\/\/psol50.org.br\/files\/2010\/10\/Untitled.jpg","type":"","width":"","height":""}],"author":"Comunica\u00e7\u00e3o PSOL","twitter_card":"summary_large_image","twitter_creator":"@psol50","twitter_site":"@psol50","twitter_misc":{"Escrito por":"Comunica\u00e7\u00e3o PSOL","Est. tempo de leitura":"6 minutos"},"schema":{"@context":"https:\/\/schema.org","@graph":[{"@type":"Article","@id":"https:\/\/psol50.org.br\/defendendo-os-rios-da-amazonia\/#article","isPartOf":{"@id":"https:\/\/psol50.org.br\/defendendo-os-rios-da-amazonia\/"},"author":{"name":"Comunica\u00e7\u00e3o PSOL","@id":"https:\/\/psol50.org.br\/#\/schema\/person\/475dfa57d0b815993c714c2e96491fcd"},"headline":"Defendendo os Rios da Amaz\u00f4nia","datePublished":"2010-10-25T00:00:00+00:00","mainEntityOfPage":{"@id":"https:\/\/psol50.org.br\/defendendo-os-rios-da-amazonia\/"},"wordCount":1141,"commentCount":0,"publisher":{"@id":"https:\/\/psol50.org.br\/#organization"},"image":{"@id":"https:\/\/psol50.org.br\/defendendo-os-rios-da-amazonia\/#primaryimage"},"thumbnailUrl":"http:\/\/psol50.org.br\/files\/2010\/10\/Untitled.jpg","articleSection":["Arquivo"],"inLanguage":"pt-BR","potentialAction":[{"@type":"CommentAction","name":"Comment","target":["https:\/\/psol50.org.br\/defendendo-os-rios-da-amazonia\/#respond"]}]},{"@type":"WebPage","@id":"https:\/\/psol50.org.br\/defendendo-os-rios-da-amazonia\/","url":"https:\/\/psol50.org.br\/defendendo-os-rios-da-amazonia\/","name":"Defendendo os Rios da Amaz\u00f4nia - PSOL 50","isPartOf":{"@id":"https:\/\/psol50.org.br\/#website"},"primaryImageOfPage":{"@id":"https:\/\/psol50.org.br\/defendendo-os-rios-da-amazonia\/#primaryimage"},"image":{"@id":"https:\/\/psol50.org.br\/defendendo-os-rios-da-amazonia\/#primaryimage"},"thumbnailUrl":"http:\/\/psol50.org.br\/files\/2010\/10\/Untitled.jpg","datePublished":"2010-10-25T00:00:00+00:00","breadcrumb":{"@id":"https:\/\/psol50.org.br\/defendendo-os-rios-da-amazonia\/#breadcrumb"},"inLanguage":"pt-BR","potentialAction":[{"@type":"ReadAction","target":["https:\/\/psol50.org.br\/defendendo-os-rios-da-amazonia\/"]}]},{"@type":"ImageObject","inLanguage":"pt-BR","@id":"https:\/\/psol50.org.br\/defendendo-os-rios-da-amazonia\/#primaryimage","url":"http:\/\/psol50.org.br\/files\/2010\/10\/Untitled.jpg","contentUrl":"http:\/\/psol50.org.br\/files\/2010\/10\/Untitled.jpg"},{"@type":"BreadcrumbList","@id":"https:\/\/psol50.org.br\/defendendo-os-rios-da-amazonia\/#breadcrumb","itemListElement":[{"@type":"ListItem","position":1,"name":"In\u00edcio","item":"https:\/\/psol50.org.br\/"},{"@type":"ListItem","position":2,"name":"Defendendo os Rios da Amaz\u00f4nia"}]},{"@type":"WebSite","@id":"https:\/\/psol50.org.br\/#website","url":"https:\/\/psol50.org.br\/","name":"PSOL 50","description":"Site oficial do Partido Socialismo e Liberdade","publisher":{"@id":"https:\/\/psol50.org.br\/#organization"},"alternateName":"PSOL50","potentialAction":[{"@type":"SearchAction","target":{"@type":"EntryPoint","urlTemplate":"https:\/\/psol50.org.br\/?s={search_term_string}"},"query-input":{"@type":"PropertyValueSpecification","valueRequired":true,"valueName":"search_term_string"}}],"inLanguage":"pt-BR"},{"@type":"Organization","@id":"https:\/\/psol50.org.br\/#organization","name":"PSOL 50","alternateName":"PSOL 50","url":"https:\/\/psol50.org.br\/","logo":{"@type":"ImageObject","inLanguage":"pt-BR","@id":"https:\/\/psol50.org.br\/#\/schema\/logo\/image\/","url":"https:\/\/psol50.org.br\/inc\/uploads\/2018\/07\/capa.png","contentUrl":"https:\/\/psol50.org.br\/inc\/uploads\/2018\/07\/capa.png","width":1350,"height":900,"caption":"PSOL 50"},"image":{"@id":"https:\/\/psol50.org.br\/#\/schema\/logo\/image\/"},"sameAs":["https:\/\/www.facebook.com\/psol50","https:\/\/x.com\/psol50","https:\/\/www.instagram.com\/psol50\/","https:\/\/www.youtube.com\/channel\/UC7SnJS5o1os7a6CaiNabzcg"]},{"@type":"Person","@id":"https:\/\/psol50.org.br\/#\/schema\/person\/475dfa57d0b815993c714c2e96491fcd","name":"Comunica\u00e7\u00e3o PSOL","image":{"@type":"ImageObject","inLanguage":"pt-BR","@id":"https:\/\/psol50.org.br\/#\/schema\/person\/image\/","url":"https:\/\/secure.gravatar.com\/avatar\/b34fc4f4e468a4e51785917065a3db57b841f5c95dba6ad8c73aaf8f66f8f9bf?s=96&d=mm&r=g","contentUrl":"https:\/\/secure.gravatar.com\/avatar\/b34fc4f4e468a4e51785917065a3db57b841f5c95dba6ad8c73aaf8f66f8f9bf?s=96&d=mm&r=g","caption":"Comunica\u00e7\u00e3o PSOL"}}]}},"_links":{"self":[{"href":"https:\/\/psol50.org.br\/rest\/wp\/v2\/posts\/770","targetHints":{"allow":["GET"]}}],"collection":[{"href":"https:\/\/psol50.org.br\/rest\/wp\/v2\/posts"}],"about":[{"href":"https:\/\/psol50.org.br\/rest\/wp\/v2\/types\/post"}],"author":[{"embeddable":true,"href":"https:\/\/psol50.org.br\/rest\/wp\/v2\/users\/2"}],"replies":[{"embeddable":true,"href":"https:\/\/psol50.org.br\/rest\/wp\/v2\/comments?post=770"}],"version-history":[{"count":0,"href":"https:\/\/psol50.org.br\/rest\/wp\/v2\/posts\/770\/revisions"}],"wp:attachment":[{"href":"https:\/\/psol50.org.br\/rest\/wp\/v2\/media?parent=770"}],"wp:term":[{"taxonomy":"category","embeddable":true,"href":"https:\/\/psol50.org.br\/rest\/wp\/v2\/categories?post=770"},{"taxonomy":"post_tag","embeddable":true,"href":"https:\/\/psol50.org.br\/rest\/wp\/v2\/tags?post=770"}],"curies":[{"name":"wp","href":"https:\/\/api.w.org\/{rel}","templated":true}]}}