{"id":773,"date":"2010-11-22T00:00:00","date_gmt":"2010-11-22T00:00:00","guid":{"rendered":"http:\/\/psol50.org.br\/arquivo\/2010\/11\/22\/marcha-da-consciencia-negra-reafirma-luta-pela-igualdade-e-defende-manutencao-do-feriado-de-20-de-novembro-em-sp\/"},"modified":"2010-11-22T00:00:00","modified_gmt":"2010-11-22T00:00:00","slug":"marcha-da-consciencia-negra-reafirma-luta-pela-igualdade-e-defende-manutencao-do-feriado-de-20-de-novembro-em-sp","status":"publish","type":"post","link":"https:\/\/psol50.org.br\/marcha-da-consciencia-negra-reafirma-luta-pela-igualdade-e-defende-manutencao-do-feriado-de-20-de-novembro-em-sp\/","title":{"rendered":"Marcha da Consci\u00eancia Negra reafirma luta pela igualdade e defende manuten\u00e7\u00e3o do feriado de 20 de novembro em SP"},"content":{"rendered":"<p><a rel=\"attachment wp-att-6106\" href=\"http:\/\/psol50.org.br\/blog\/2010\/11\/22\/marcha-da-consciencia-negra-reafirma-luta-pela-igualdade-e-defende-manutencao-do-feriado-de-20-de-novembro-em-sp\/marchaconsciencianegra2010-ed\/\"><a rel=\"attachment wp-att-6107\" href=\"http:\/\/psol50.org.br\/blog\/2010\/11\/22\/marcha-da-consciencia-negra-reafirma-luta-pela-igualdade-e-defende-manutencao-do-feriado-de-20-de-novembro-em-sp\/marchaconsciencianegra2010-ed-2\/\"><img loading=\"lazy\" decoding=\"async\" class=\"alignleft size-medium wp-image-6107\" style=\"margin-left: 5px;margin-right: 5px\" src=\"http:\/\/psol50.org.br\/files\/2010\/11\/marchaconsciencianegra2010-ed1-225x300.jpg\" alt=\"\" width=\"225\" height=\"300\" \/><\/a><br \/>\n<\/a>Ao som de muito hip hop, samba e poesia, movimentos populares, sindicatos, partidos pol\u00edticos e militantes da luta contra o racismo ocuparam o centro de S\u00e3o Paulo neste s\u00e1bado para celebrar o Dia da Consci\u00eancia Negra e a mem\u00f3ria de Zumbi dos Palmares, Dandara e Jo\u00e3o C\u00e2ndido, her\u00f3is brasileiros que dedicaram sua vida para construir um pa\u00eds sem opress\u00f5es. Este ano, a Marcha da Consci\u00eancia Negra homenageou o centen\u00e1rio da Revolta da Chibata, quando trabalhadores da Marinha brasileira, liderados pelo Almirante Negro, Jo\u00e3o C\u00e2ndido, se organizaram para derrubar o uso do a\u00e7oite na institui\u00e7\u00e3o.<\/p>\n<p>Al\u00e9m de relembrar a hist\u00f3ria, a Marcha reafirmou um s\u00e9rie de bandeiras de luta do movimento negro, como o combate \u00e0 intoler\u00e2ncia religiosa e ao genoc\u00eddio da juventude negra, a defesa das cotas raciais nas universidade e a necess\u00e1ria implementa\u00e7\u00e3o das Leis 10.639\/2003 e 11.645\/2008, que obrigam o ensino da hist\u00f3ria do negro, ind\u00edgena e africanos nas escolas. Em S\u00e3o Paulo, USP, Unesp e Unicamp s\u00e3o as institui\u00e7\u00f5es de ensino superior mais resistentes \u00e0 aprova\u00e7\u00e3o das cotas como programa de acesso de negras, negros e pobres nas universidades.<\/p>\n<p>Defendeu ainda os territ\u00f3rios quilombolas. No litoral norte de SP e no Vale do Ribeira, comunidades remanescentes de quilombos est\u00e3o sendo expulsas por empreendimentos imobili\u00e1rios. Os movimentos tamb\u00e9m distribu\u00edram uma carta dirigida \u00e0 presidente eleita, Dima Rousseff, sobre a escalada de viol\u00eancia no Haiti. Eles pedem a retirada das tropas brasileiras do pa\u00eds e a substitui\u00e7\u00e3o dos 1200 soldados brasileiros da Minustah por m\u00e9dicos, enfermeiros, bombeiros, t\u00e9cnicos e oper\u00e1rios, para reconstruir a destrui\u00e7\u00e3o causada pelo terremoto no in\u00edcio do ano.<\/p>\n<p>\u201c\u00c9 preciso acabar com este projeto de faxina \u00e9tnica da popula\u00e7\u00e3o negra, que sofre cotidianamente um exterm\u00ednio direto e indireto, atrav\u00e9s de pol\u00edticas p\u00fablicas que n\u00e3o garantem a sa\u00fade do povo negro, das remo\u00e7\u00f5es provocadas pelos grandes empreendimentos \u2013 e que aumentar\u00e3o agora com a Copa do Mundo e as Olimp\u00edadas -, do encarceramento em massa da nossa juventude e agora com as v\u00e1rias leis aprovadas contra cultos de matrizes africanas\u201d, afirmou Juninho, do C\u00edrculo Palmarino.<\/p>\n<p>\u201cHoje celebramos uma data que \u00e9 marca da resist\u00eancia do povo negro, mas a vit\u00f3ria n\u00e3o est\u00e1 consolidada. O que tem acontecido em S\u00e3o Paulo e no Brasil, coisas que n\u00e3o imagin\u00e1vamos mais ver, deve ser repudiado com veem\u00eancia. Isso degrada a dignidade humana e \u00e9 reflexo da sociedade de classes em que vivemos\u201d, disse Ivan Valente.<\/p>\n<p><strong><br \/>\nAmea\u00e7a ao feriado de 20 de novembro<\/strong><\/p>\n<p>Na avalia\u00e7\u00e3o das organiza\u00e7\u00f5es, houve um endurecimento da direita, que viu fragilidade no movimento e aumentou seus ataques \u00e0 popula\u00e7\u00e3o negra. Um deles foi a a\u00e7\u00e3o 990.10.428.934-3, movida pelo CIESP (Centro das Ind\u00fastrias do Estado de S\u00e3o Paulo), contra o feriado de 20 de novembro. A Justi\u00e7a concedeu liminar \u00e0 organiza\u00e7\u00e3o e, este ano, funcion\u00e1rios de 10 mil empresas ligadas ao Centro n\u00e3o tiveram direito ao feriado.<\/p>\n<p>\u201cA realiza\u00e7\u00e3o da Marcha tamb\u00e9m \u00e9 uma forma de dizer que o povo negro quer manter o feriado em S\u00e3o Paulo, que j\u00e1 existe em outras 400 cidades. Perder esta data \u00e9 perder a luta\u201d, acredita Fl\u00e1vio Jorge Rodrigues da Silva, diretor da Coordena\u00e7\u00e3o Nacional de Entidades Negras (CONEN). \u201cEste n\u00e3o foi um fato isolado. \u00c9 parte da onda conservadora e obscurantista que vimos na elei\u00e7\u00e3o e que agora se manifesta de formas diferentes\u201d, disse.<\/p>\n<p>Em parceria com a Comiss\u00e3o de Direitos Humanos, o movimento negro est\u00e1 organizando uma audi\u00eancia p\u00fablica na C\u00e2mara Municipal de S\u00e3o Paulo no pr\u00f3ximo dia 25, quinta, \u00e0s 19h. \u201cQueremos chamar o presidente Paulo Skaf, da Fiesp, para fazer um debate p\u00fablico sobre isso. Temos um receio de iniciativas como esta se espalhem pelo pa\u00eds. Nossa estrat\u00e9gia, portanto, \u00e9 derrubar a liminar aqui em S\u00e3o Paulo\u201d, explica Jo\u00e3o de Oliveira, da Associa\u00e7\u00e3o Cultural Rei Favela.<\/p>\n<p>Para isso, ser\u00e1 necess\u00e1ria muita mobiliza\u00e7\u00e3o e articula\u00e7\u00e3o dos movimentos populares, o que pareceu faltar nesta 7a Marcha da Consci\u00eancia Negra. O ato foi menor do que em anos anteriores, apesar de todos os ataques que o movimento vem sofrendo.<\/p>\n<p>\u201cPrecisamos fazer um debate sobre a institucionaliza\u00e7\u00e3o dos movimentos. Se n\u00e3o houver clareza sobre isso, a tend\u00eancia \u00e9 o negro voltar para o tronco\u201d, criticou Geg\u00ea, da Central dos Movimentos Populares. \u201cO primeiro desafio do movimento negro \u00e9 reavaliar uma postura que privilegia a rela\u00e7\u00e3o institucional em vez da mobiliza\u00e7\u00e3o popular. Vimos isso no processo de vota\u00e7\u00e3o do Estatuto da Igualdade Racial. Sa\u00edmos derrotados. O movimento n\u00e3o pode perder sua capacidade de formula\u00e7\u00e3o pol\u00edtica e tamb\u00e9m de mobiliza\u00e7\u00e3o e articula\u00e7\u00e3o\u201d, concluiu Juninho.<\/p>\n<p><a href=\"http:\/\/www.ivanvalente.com.br\/2010\/11\/homenagem-ao-dia-da-consciencia-negra-e-a-luta-e-resistencia-do-povo-negro\/\">CLIQUE AQUI<\/a> para ler o pronunciamento feito pelo deputado Ivan Valente na tribuna da C\u00e2mara em homenagem ao Dia da Consci\u00eancia Negra<\/p>\n<p><a href=\"http:\/\/www.ivanvalente.com.br\/2010\/11\/no-ritmo-do-jongo-resistencia-e-memoria-negra\/\">CLIQUE AQUI <\/a>para ler o artigo \u201cNo ritmo do Jongo: resist\u00eancia e mem\u00f3ria negra\u201d, de Maykon Rodrigues, do Circulo Palmarino<\/p>\n<p>Fotos: Cl\u00e1udia Hernandez<\/p>\n","protected":false},"excerpt":{"rendered":"<p>Ao som de muito hip hop, samba e poesia, movimentos populares, sindicatos, partidos pol\u00edticos e militantes da luta contra o racismo ocuparam o centro de S\u00e3o Paulo neste s\u00e1bado para celebrar o Dia da Consci\u00eancia Negra e a mem\u00f3ria de Zumbi dos Palmares, Dandara e Jo\u00e3o C\u00e2ndido, her\u00f3is brasileiros que dedicaram sua vida para construir [&hellip;]<\/p>\n","protected":false},"author":2,"featured_media":0,"comment_status":"open","ping_status":"open","sticky":false,"template":"","format":"standard","meta":{"_acf_changed":false,"footnotes":""},"categories":[4766],"tags":[],"class_list":{"0":"post-773","1":"post","2":"type-post","3":"status-publish","4":"format-standard","6":"category-arquivo"},"acf":[],"yoast_head":"<!-- This site is optimized with the Yoast SEO plugin v26.5 - https:\/\/yoast.com\/wordpress\/plugins\/seo\/ -->\n<title>Marcha da Consci\u00eancia Negra reafirma luta pela igualdade e defende manuten\u00e7\u00e3o do feriado de 20 de novembro em SP - PSOL 50<\/title>\n<meta name=\"robots\" content=\"index, follow, max-snippet:-1, max-image-preview:large, max-video-preview:-1\" \/>\n<link rel=\"canonical\" href=\"https:\/\/psol50.org.br\/marcha-da-consciencia-negra-reafirma-luta-pela-igualdade-e-defende-manutencao-do-feriado-de-20-de-novembro-em-sp\/\" \/>\n<meta property=\"og:locale\" content=\"pt_BR\" \/>\n<meta property=\"og:type\" content=\"article\" \/>\n<meta property=\"og:title\" content=\"Marcha da Consci\u00eancia Negra reafirma luta pela igualdade e defende manuten\u00e7\u00e3o do feriado de 20 de novembro em SP - PSOL 50\" \/>\n<meta property=\"og:description\" content=\"Ao som de muito hip hop, samba e poesia, movimentos populares, sindicatos, partidos pol\u00edticos e militantes da luta contra o racismo ocuparam o centro de S\u00e3o Paulo neste s\u00e1bado para celebrar o Dia da Consci\u00eancia Negra e a mem\u00f3ria de Zumbi dos Palmares, Dandara e Jo\u00e3o C\u00e2ndido, her\u00f3is brasileiros que dedicaram sua vida para construir [&hellip;]\" \/>\n<meta property=\"og:url\" content=\"https:\/\/psol50.org.br\/marcha-da-consciencia-negra-reafirma-luta-pela-igualdade-e-defende-manutencao-do-feriado-de-20-de-novembro-em-sp\/\" \/>\n<meta property=\"og:site_name\" content=\"PSOL 50\" \/>\n<meta property=\"article:publisher\" content=\"https:\/\/www.facebook.com\/psol50\" \/>\n<meta property=\"article:published_time\" content=\"2010-11-22T00:00:00+00:00\" \/>\n<meta property=\"og:image\" content=\"http:\/\/psol50.org.br\/files\/2010\/11\/marchaconsciencianegra2010-ed1-225x300.jpg\" \/>\n<meta name=\"author\" content=\"Comunica\u00e7\u00e3o PSOL\" \/>\n<meta name=\"twitter:card\" content=\"summary_large_image\" \/>\n<meta name=\"twitter:creator\" content=\"@psol50\" \/>\n<meta name=\"twitter:site\" content=\"@psol50\" \/>\n<meta name=\"twitter:label1\" content=\"Escrito por\" \/>\n\t<meta name=\"twitter:data1\" content=\"Comunica\u00e7\u00e3o PSOL\" \/>\n\t<meta name=\"twitter:label2\" content=\"Est. tempo de leitura\" \/>\n\t<meta name=\"twitter:data2\" content=\"4 minutos\" \/>\n<script type=\"application\/ld+json\" class=\"yoast-schema-graph\">{\"@context\":\"https:\/\/schema.org\",\"@graph\":[{\"@type\":\"Article\",\"@id\":\"https:\/\/psol50.org.br\/marcha-da-consciencia-negra-reafirma-luta-pela-igualdade-e-defende-manutencao-do-feriado-de-20-de-novembro-em-sp\/#article\",\"isPartOf\":{\"@id\":\"https:\/\/psol50.org.br\/marcha-da-consciencia-negra-reafirma-luta-pela-igualdade-e-defende-manutencao-do-feriado-de-20-de-novembro-em-sp\/\"},\"author\":{\"name\":\"Comunica\u00e7\u00e3o PSOL\",\"@id\":\"https:\/\/psol50.org.br\/#\/schema\/person\/475dfa57d0b815993c714c2e96491fcd\"},\"headline\":\"Marcha da Consci\u00eancia Negra reafirma luta pela igualdade e defende manuten\u00e7\u00e3o do feriado de 20 de novembro em SP\",\"datePublished\":\"2010-11-22T00:00:00+00:00\",\"mainEntityOfPage\":{\"@id\":\"https:\/\/psol50.org.br\/marcha-da-consciencia-negra-reafirma-luta-pela-igualdade-e-defende-manutencao-do-feriado-de-20-de-novembro-em-sp\/\"},\"wordCount\":896,\"commentCount\":0,\"publisher\":{\"@id\":\"https:\/\/psol50.org.br\/#organization\"},\"image\":{\"@id\":\"https:\/\/psol50.org.br\/marcha-da-consciencia-negra-reafirma-luta-pela-igualdade-e-defende-manutencao-do-feriado-de-20-de-novembro-em-sp\/#primaryimage\"},\"thumbnailUrl\":\"http:\/\/psol50.org.br\/files\/2010\/11\/marchaconsciencianegra2010-ed1-225x300.jpg\",\"articleSection\":[\"Arquivo\"],\"inLanguage\":\"pt-BR\",\"potentialAction\":[{\"@type\":\"CommentAction\",\"name\":\"Comment\",\"target\":[\"https:\/\/psol50.org.br\/marcha-da-consciencia-negra-reafirma-luta-pela-igualdade-e-defende-manutencao-do-feriado-de-20-de-novembro-em-sp\/#respond\"]}]},{\"@type\":\"WebPage\",\"@id\":\"https:\/\/psol50.org.br\/marcha-da-consciencia-negra-reafirma-luta-pela-igualdade-e-defende-manutencao-do-feriado-de-20-de-novembro-em-sp\/\",\"url\":\"https:\/\/psol50.org.br\/marcha-da-consciencia-negra-reafirma-luta-pela-igualdade-e-defende-manutencao-do-feriado-de-20-de-novembro-em-sp\/\",\"name\":\"Marcha da Consci\u00eancia Negra reafirma luta pela igualdade e defende manuten\u00e7\u00e3o do feriado de 20 de novembro em SP - PSOL 50\",\"isPartOf\":{\"@id\":\"https:\/\/psol50.org.br\/#website\"},\"primaryImageOfPage\":{\"@id\":\"https:\/\/psol50.org.br\/marcha-da-consciencia-negra-reafirma-luta-pela-igualdade-e-defende-manutencao-do-feriado-de-20-de-novembro-em-sp\/#primaryimage\"},\"image\":{\"@id\":\"https:\/\/psol50.org.br\/marcha-da-consciencia-negra-reafirma-luta-pela-igualdade-e-defende-manutencao-do-feriado-de-20-de-novembro-em-sp\/#primaryimage\"},\"thumbnailUrl\":\"http:\/\/psol50.org.br\/files\/2010\/11\/marchaconsciencianegra2010-ed1-225x300.jpg\",\"datePublished\":\"2010-11-22T00:00:00+00:00\",\"breadcrumb\":{\"@id\":\"https:\/\/psol50.org.br\/marcha-da-consciencia-negra-reafirma-luta-pela-igualdade-e-defende-manutencao-do-feriado-de-20-de-novembro-em-sp\/#breadcrumb\"},\"inLanguage\":\"pt-BR\",\"potentialAction\":[{\"@type\":\"ReadAction\",\"target\":[\"https:\/\/psol50.org.br\/marcha-da-consciencia-negra-reafirma-luta-pela-igualdade-e-defende-manutencao-do-feriado-de-20-de-novembro-em-sp\/\"]}]},{\"@type\":\"ImageObject\",\"inLanguage\":\"pt-BR\",\"@id\":\"https:\/\/psol50.org.br\/marcha-da-consciencia-negra-reafirma-luta-pela-igualdade-e-defende-manutencao-do-feriado-de-20-de-novembro-em-sp\/#primaryimage\",\"url\":\"http:\/\/psol50.org.br\/files\/2010\/11\/marchaconsciencianegra2010-ed1-225x300.jpg\",\"contentUrl\":\"http:\/\/psol50.org.br\/files\/2010\/11\/marchaconsciencianegra2010-ed1-225x300.jpg\"},{\"@type\":\"BreadcrumbList\",\"@id\":\"https:\/\/psol50.org.br\/marcha-da-consciencia-negra-reafirma-luta-pela-igualdade-e-defende-manutencao-do-feriado-de-20-de-novembro-em-sp\/#breadcrumb\",\"itemListElement\":[{\"@type\":\"ListItem\",\"position\":1,\"name\":\"In\u00edcio\",\"item\":\"https:\/\/psol50.org.br\/\"},{\"@type\":\"ListItem\",\"position\":2,\"name\":\"Marcha da Consci\u00eancia Negra reafirma luta pela igualdade e defende manuten\u00e7\u00e3o do feriado de 20 de novembro em SP\"}]},{\"@type\":\"WebSite\",\"@id\":\"https:\/\/psol50.org.br\/#website\",\"url\":\"https:\/\/psol50.org.br\/\",\"name\":\"PSOL 50\",\"description\":\"Site oficial do Partido Socialismo e Liberdade\",\"publisher\":{\"@id\":\"https:\/\/psol50.org.br\/#organization\"},\"alternateName\":\"PSOL50\",\"potentialAction\":[{\"@type\":\"SearchAction\",\"target\":{\"@type\":\"EntryPoint\",\"urlTemplate\":\"https:\/\/psol50.org.br\/?s={search_term_string}\"},\"query-input\":{\"@type\":\"PropertyValueSpecification\",\"valueRequired\":true,\"valueName\":\"search_term_string\"}}],\"inLanguage\":\"pt-BR\"},{\"@type\":\"Organization\",\"@id\":\"https:\/\/psol50.org.br\/#organization\",\"name\":\"PSOL 50\",\"alternateName\":\"PSOL 50\",\"url\":\"https:\/\/psol50.org.br\/\",\"logo\":{\"@type\":\"ImageObject\",\"inLanguage\":\"pt-BR\",\"@id\":\"https:\/\/psol50.org.br\/#\/schema\/logo\/image\/\",\"url\":\"https:\/\/psol50.org.br\/inc\/uploads\/2018\/07\/capa.png\",\"contentUrl\":\"https:\/\/psol50.org.br\/inc\/uploads\/2018\/07\/capa.png\",\"width\":1350,\"height\":900,\"caption\":\"PSOL 50\"},\"image\":{\"@id\":\"https:\/\/psol50.org.br\/#\/schema\/logo\/image\/\"},\"sameAs\":[\"https:\/\/www.facebook.com\/psol50\",\"https:\/\/x.com\/psol50\",\"https:\/\/www.instagram.com\/psol50\/\",\"https:\/\/www.youtube.com\/channel\/UC7SnJS5o1os7a6CaiNabzcg\"]},{\"@type\":\"Person\",\"@id\":\"https:\/\/psol50.org.br\/#\/schema\/person\/475dfa57d0b815993c714c2e96491fcd\",\"name\":\"Comunica\u00e7\u00e3o PSOL\",\"image\":{\"@type\":\"ImageObject\",\"inLanguage\":\"pt-BR\",\"@id\":\"https:\/\/psol50.org.br\/#\/schema\/person\/image\/\",\"url\":\"https:\/\/secure.gravatar.com\/avatar\/b34fc4f4e468a4e51785917065a3db57b841f5c95dba6ad8c73aaf8f66f8f9bf?s=96&d=mm&r=g\",\"contentUrl\":\"https:\/\/secure.gravatar.com\/avatar\/b34fc4f4e468a4e51785917065a3db57b841f5c95dba6ad8c73aaf8f66f8f9bf?s=96&d=mm&r=g\",\"caption\":\"Comunica\u00e7\u00e3o PSOL\"}}]}<\/script>\n<!-- \/ Yoast SEO plugin. -->","yoast_head_json":{"title":"Marcha da Consci\u00eancia Negra reafirma luta pela igualdade e defende manuten\u00e7\u00e3o do feriado de 20 de novembro em SP - PSOL 50","robots":{"index":"index","follow":"follow","max-snippet":"max-snippet:-1","max-image-preview":"max-image-preview:large","max-video-preview":"max-video-preview:-1"},"canonical":"https:\/\/psol50.org.br\/marcha-da-consciencia-negra-reafirma-luta-pela-igualdade-e-defende-manutencao-do-feriado-de-20-de-novembro-em-sp\/","og_locale":"pt_BR","og_type":"article","og_title":"Marcha da Consci\u00eancia Negra reafirma luta pela igualdade e defende manuten\u00e7\u00e3o do feriado de 20 de novembro em SP - PSOL 50","og_description":"Ao som de muito hip hop, samba e poesia, movimentos populares, sindicatos, partidos pol\u00edticos e militantes da luta contra o racismo ocuparam o centro de S\u00e3o Paulo neste s\u00e1bado para celebrar o Dia da Consci\u00eancia Negra e a mem\u00f3ria de Zumbi dos Palmares, Dandara e Jo\u00e3o C\u00e2ndido, her\u00f3is brasileiros que dedicaram sua vida para construir [&hellip;]","og_url":"https:\/\/psol50.org.br\/marcha-da-consciencia-negra-reafirma-luta-pela-igualdade-e-defende-manutencao-do-feriado-de-20-de-novembro-em-sp\/","og_site_name":"PSOL 50","article_publisher":"https:\/\/www.facebook.com\/psol50","article_published_time":"2010-11-22T00:00:00+00:00","og_image":[{"url":"http:\/\/psol50.org.br\/files\/2010\/11\/marchaconsciencianegra2010-ed1-225x300.jpg","type":"","width":"","height":""}],"author":"Comunica\u00e7\u00e3o PSOL","twitter_card":"summary_large_image","twitter_creator":"@psol50","twitter_site":"@psol50","twitter_misc":{"Escrito por":"Comunica\u00e7\u00e3o PSOL","Est. tempo de leitura":"4 minutos"},"schema":{"@context":"https:\/\/schema.org","@graph":[{"@type":"Article","@id":"https:\/\/psol50.org.br\/marcha-da-consciencia-negra-reafirma-luta-pela-igualdade-e-defende-manutencao-do-feriado-de-20-de-novembro-em-sp\/#article","isPartOf":{"@id":"https:\/\/psol50.org.br\/marcha-da-consciencia-negra-reafirma-luta-pela-igualdade-e-defende-manutencao-do-feriado-de-20-de-novembro-em-sp\/"},"author":{"name":"Comunica\u00e7\u00e3o PSOL","@id":"https:\/\/psol50.org.br\/#\/schema\/person\/475dfa57d0b815993c714c2e96491fcd"},"headline":"Marcha da Consci\u00eancia Negra reafirma luta pela igualdade e defende manuten\u00e7\u00e3o do feriado de 20 de novembro em SP","datePublished":"2010-11-22T00:00:00+00:00","mainEntityOfPage":{"@id":"https:\/\/psol50.org.br\/marcha-da-consciencia-negra-reafirma-luta-pela-igualdade-e-defende-manutencao-do-feriado-de-20-de-novembro-em-sp\/"},"wordCount":896,"commentCount":0,"publisher":{"@id":"https:\/\/psol50.org.br\/#organization"},"image":{"@id":"https:\/\/psol50.org.br\/marcha-da-consciencia-negra-reafirma-luta-pela-igualdade-e-defende-manutencao-do-feriado-de-20-de-novembro-em-sp\/#primaryimage"},"thumbnailUrl":"http:\/\/psol50.org.br\/files\/2010\/11\/marchaconsciencianegra2010-ed1-225x300.jpg","articleSection":["Arquivo"],"inLanguage":"pt-BR","potentialAction":[{"@type":"CommentAction","name":"Comment","target":["https:\/\/psol50.org.br\/marcha-da-consciencia-negra-reafirma-luta-pela-igualdade-e-defende-manutencao-do-feriado-de-20-de-novembro-em-sp\/#respond"]}]},{"@type":"WebPage","@id":"https:\/\/psol50.org.br\/marcha-da-consciencia-negra-reafirma-luta-pela-igualdade-e-defende-manutencao-do-feriado-de-20-de-novembro-em-sp\/","url":"https:\/\/psol50.org.br\/marcha-da-consciencia-negra-reafirma-luta-pela-igualdade-e-defende-manutencao-do-feriado-de-20-de-novembro-em-sp\/","name":"Marcha da Consci\u00eancia Negra reafirma luta pela igualdade e defende manuten\u00e7\u00e3o do feriado de 20 de novembro em SP - PSOL 50","isPartOf":{"@id":"https:\/\/psol50.org.br\/#website"},"primaryImageOfPage":{"@id":"https:\/\/psol50.org.br\/marcha-da-consciencia-negra-reafirma-luta-pela-igualdade-e-defende-manutencao-do-feriado-de-20-de-novembro-em-sp\/#primaryimage"},"image":{"@id":"https:\/\/psol50.org.br\/marcha-da-consciencia-negra-reafirma-luta-pela-igualdade-e-defende-manutencao-do-feriado-de-20-de-novembro-em-sp\/#primaryimage"},"thumbnailUrl":"http:\/\/psol50.org.br\/files\/2010\/11\/marchaconsciencianegra2010-ed1-225x300.jpg","datePublished":"2010-11-22T00:00:00+00:00","breadcrumb":{"@id":"https:\/\/psol50.org.br\/marcha-da-consciencia-negra-reafirma-luta-pela-igualdade-e-defende-manutencao-do-feriado-de-20-de-novembro-em-sp\/#breadcrumb"},"inLanguage":"pt-BR","potentialAction":[{"@type":"ReadAction","target":["https:\/\/psol50.org.br\/marcha-da-consciencia-negra-reafirma-luta-pela-igualdade-e-defende-manutencao-do-feriado-de-20-de-novembro-em-sp\/"]}]},{"@type":"ImageObject","inLanguage":"pt-BR","@id":"https:\/\/psol50.org.br\/marcha-da-consciencia-negra-reafirma-luta-pela-igualdade-e-defende-manutencao-do-feriado-de-20-de-novembro-em-sp\/#primaryimage","url":"http:\/\/psol50.org.br\/files\/2010\/11\/marchaconsciencianegra2010-ed1-225x300.jpg","contentUrl":"http:\/\/psol50.org.br\/files\/2010\/11\/marchaconsciencianegra2010-ed1-225x300.jpg"},{"@type":"BreadcrumbList","@id":"https:\/\/psol50.org.br\/marcha-da-consciencia-negra-reafirma-luta-pela-igualdade-e-defende-manutencao-do-feriado-de-20-de-novembro-em-sp\/#breadcrumb","itemListElement":[{"@type":"ListItem","position":1,"name":"In\u00edcio","item":"https:\/\/psol50.org.br\/"},{"@type":"ListItem","position":2,"name":"Marcha da Consci\u00eancia Negra reafirma luta pela igualdade e defende manuten\u00e7\u00e3o do feriado de 20 de novembro em SP"}]},{"@type":"WebSite","@id":"https:\/\/psol50.org.br\/#website","url":"https:\/\/psol50.org.br\/","name":"PSOL 50","description":"Site oficial do Partido Socialismo e Liberdade","publisher":{"@id":"https:\/\/psol50.org.br\/#organization"},"alternateName":"PSOL50","potentialAction":[{"@type":"SearchAction","target":{"@type":"EntryPoint","urlTemplate":"https:\/\/psol50.org.br\/?s={search_term_string}"},"query-input":{"@type":"PropertyValueSpecification","valueRequired":true,"valueName":"search_term_string"}}],"inLanguage":"pt-BR"},{"@type":"Organization","@id":"https:\/\/psol50.org.br\/#organization","name":"PSOL 50","alternateName":"PSOL 50","url":"https:\/\/psol50.org.br\/","logo":{"@type":"ImageObject","inLanguage":"pt-BR","@id":"https:\/\/psol50.org.br\/#\/schema\/logo\/image\/","url":"https:\/\/psol50.org.br\/inc\/uploads\/2018\/07\/capa.png","contentUrl":"https:\/\/psol50.org.br\/inc\/uploads\/2018\/07\/capa.png","width":1350,"height":900,"caption":"PSOL 50"},"image":{"@id":"https:\/\/psol50.org.br\/#\/schema\/logo\/image\/"},"sameAs":["https:\/\/www.facebook.com\/psol50","https:\/\/x.com\/psol50","https:\/\/www.instagram.com\/psol50\/","https:\/\/www.youtube.com\/channel\/UC7SnJS5o1os7a6CaiNabzcg"]},{"@type":"Person","@id":"https:\/\/psol50.org.br\/#\/schema\/person\/475dfa57d0b815993c714c2e96491fcd","name":"Comunica\u00e7\u00e3o PSOL","image":{"@type":"ImageObject","inLanguage":"pt-BR","@id":"https:\/\/psol50.org.br\/#\/schema\/person\/image\/","url":"https:\/\/secure.gravatar.com\/avatar\/b34fc4f4e468a4e51785917065a3db57b841f5c95dba6ad8c73aaf8f66f8f9bf?s=96&d=mm&r=g","contentUrl":"https:\/\/secure.gravatar.com\/avatar\/b34fc4f4e468a4e51785917065a3db57b841f5c95dba6ad8c73aaf8f66f8f9bf?s=96&d=mm&r=g","caption":"Comunica\u00e7\u00e3o PSOL"}}]}},"_links":{"self":[{"href":"https:\/\/psol50.org.br\/rest\/wp\/v2\/posts\/773","targetHints":{"allow":["GET"]}}],"collection":[{"href":"https:\/\/psol50.org.br\/rest\/wp\/v2\/posts"}],"about":[{"href":"https:\/\/psol50.org.br\/rest\/wp\/v2\/types\/post"}],"author":[{"embeddable":true,"href":"https:\/\/psol50.org.br\/rest\/wp\/v2\/users\/2"}],"replies":[{"embeddable":true,"href":"https:\/\/psol50.org.br\/rest\/wp\/v2\/comments?post=773"}],"version-history":[{"count":0,"href":"https:\/\/psol50.org.br\/rest\/wp\/v2\/posts\/773\/revisions"}],"wp:attachment":[{"href":"https:\/\/psol50.org.br\/rest\/wp\/v2\/media?parent=773"}],"wp:term":[{"taxonomy":"category","embeddable":true,"href":"https:\/\/psol50.org.br\/rest\/wp\/v2\/categories?post=773"},{"taxonomy":"post_tag","embeddable":true,"href":"https:\/\/psol50.org.br\/rest\/wp\/v2\/tags?post=773"}],"curies":[{"name":"wp","href":"https:\/\/api.w.org\/{rel}","templated":true}]}}