{"id":774,"date":"2010-11-25T00:00:00","date_gmt":"2010-11-25T00:00:00","guid":{"rendered":"http:\/\/psol50.org.br\/arquivo\/2010\/11\/25\/ato-contra-a-homofobia-pede-punicao-para-crimes-praticados-na-av-paulista-e-urgencia-na-aprovacao-do-plc-122\/"},"modified":"2010-11-25T00:00:00","modified_gmt":"2010-11-25T00:00:00","slug":"ato-contra-a-homofobia-pede-punicao-para-crimes-praticados-na-av-paulista-e-urgencia-na-aprovacao-do-plc-122","status":"publish","type":"post","link":"https:\/\/psol50.org.br\/ato-contra-a-homofobia-pede-punicao-para-crimes-praticados-na-av-paulista-e-urgencia-na-aprovacao-do-plc-122\/","title":{"rendered":"Ato contra a homofobia pede puni\u00e7\u00e3o para crimes praticados na Av. Paulista e urg\u00eancia na aprova\u00e7\u00e3o do PLC 122"},"content":{"rendered":"<p><a rel=\"attachment wp-att-6132\" href=\"http:\/\/psol50.org.br\/blog\/2010\/11\/25\/ato-contra-a-homofobia-pede-punicao-para-crimes-praticados-na-av-paulista-e-urgencia-na-aprovacao-do-plc-122\/atocontrahomofobia\/\"><img loading=\"lazy\" decoding=\"async\" class=\"alignleft size-medium wp-image-6132\" style=\"margin-left: 5px;margin-right: 5px\" src=\"http:\/\/psol50.org.br\/files\/2010\/11\/atocontrahomofobia-300x225.jpg\" alt=\"\" width=\"300\" height=\"225\" \/><\/a>Numa tarde ensolarada de domingo, mais uma vez a Avenida Paulista foi colorida para dizer n\u00e3o \u00e0 homofobia. Centenas de pessoas participaram de um ato, seguido de uma caminhada, em rep\u00fadio ao que aconteceu na madrugada do \u00faltimo dia 14\/11, quando cinco adolescentes agrediram quatro pessoas brutalmente, motivados pela intoler\u00e2ncia homof\u00f3bica. O epis\u00f3dio repercutiu na imprensa e nas redes sociais na internet e levou o movimento LGBT a convocar a manifesta\u00e7\u00e3o.<\/p>\n<p>\u201c\u00c9 lament\u00e1vel termos que vir aqui denunciar mais uma vez a viol\u00eancia, na Paulista, no Rio de Janeiro, nas festas universit\u00e1rias\u201d, criticou D\u00e1rio Ferreira, do Conselho Municipal de Aten\u00e7\u00e3o \u00e0 Diversidade Sexual de S\u00e3o Paulo. \u201cSomente neste ano, mais de 190 homossexuais j\u00e1 foram assassinados. A campanha eleitoral foi marcada por um discurso homof\u00f3bico e agora sentimos na pele seus efeitos. Se esses adolescentes se sentiram no direito de fazer isso \u00e9 porque foram autorizados. Discursos homof\u00f3bicos incentivam a viol\u00eancia. \u00c9 preciso ter consci\u00eancia de que o que se fala acaba tendo como conseq\u00fc\u00eancia a viol\u00eancia\u201d, afirmou.<\/p>\n<p>Marcos de Abreu Freire, da Associa\u00e7\u00e3o da Parada LGBT, lembrou que a intoler\u00e2ncia come\u00e7a dentro de casa e tamb\u00e9m nas escolas e depois atinge essas propor\u00e7\u00f5es.<\/p>\n<p>\u201c\u00c9 uma viol\u00eancia cotidiana, mas que \u00e9 invis\u00edvel para a m\u00eddia. Infelizmente, essa semana n\u00e3o \u00e9 at\u00edpica\u201d, lembrou o deputado federal eleito pelo PSOL Jean Wyllys, que veio do Rio de Janeiro para participar da manifesta\u00e7\u00e3o. \u201cMas o que est\u00e1 acontecendo \u00e9 uma rea\u00e7\u00e3o aos espa\u00e7os que o movimento est\u00e1 conquistando. N\u00e3o \u00e9 a toa a rea\u00e7\u00e3o da bancada evang\u00e9lica. O projeto desses parlamentares \u00e9 nos jogar para o gueto. Mas n\u00e3o permitiremos\u201d, afirmou.<\/p>\n<p>O deputado estadual Carlos Giannazi, da Frente Parlamentar contra a Homofobia da Assembl\u00e9ia Legislativa, lembrou que a casa tem 10 projetos de lei que promovem os direitos da popula\u00e7\u00e3o LGBT, mas que tem sofrido grande resist\u00eancia das igrejas. \u201cO contradit\u00f3rio \u00e9 que a igreja, que se diz t\u00e3o defensora da vida quando combate o aborto, n\u00e3o se manifesta em casos de viol\u00eancia contra os homossexuais. Por que ser\u00e1?\u201d, questionou.<\/p>\n<p><strong>Urg\u00eancia na aprova\u00e7\u00e3o do PLC 122<\/strong><\/p>\n<p>A caminhada na Paulista terminou em frente ao n\u00famero 777, onde ocorreu uma das agress\u00f5es, flagradas pela c\u00e2mera de seguran\u00e7a do pr\u00e9dio. Ali, os manifestantes homenagearam os seguran\u00e7as que defenderam uma das v\u00edtimas e pediram agilidade na aprova\u00e7\u00e3o do PLC 122\/06, que criminaliza pr\u00e1ticas homof\u00f3bicas.<\/p>\n<p>Para o movimento LGBT, se o Brasil j\u00e1 tivesse uma legisla\u00e7\u00e3o que criminalizasse a homofobia, a exemplo de pa\u00edses mais desenvolvidos na defesa e promo\u00e7\u00e3o dos direitos humanos, \u201cfatos como o ocorrido seriam mais raros, pois a juventude brasileira, em especial a bem educada e privilegiada do ponto de vista econ\u00f4mico, j\u00e1 teria aprendido que homofobia \u00e9 crime e n\u00e3o pode ser praticada\u201d.<\/p>\n<p>O deputado federal Ivan Valente sugeriu a aprova\u00e7\u00e3o de regime de urg\u00eancia para a vota\u00e7\u00e3o do projeto de lei complementar, que tramita neste momento no Senado Federal.<\/p>\n<p>\u201c\u00c9 hora de fazer organizar uma contra-ofensiva em rela\u00e7\u00e3o \u00e0 ofensiva conservadora que temos visto, manifestada sobretudo pela elite do estado de S\u00e3o Paulo. Foi assim recentemente com os nordestinos, \u00e9 com os negros e tamb\u00e9m contra os homossexuais. A popula\u00e7\u00e3o paulista precisa repudiar com vigor essas posturas, em nome dos direitos humanos, da liberdade e da democracia. O Estado brasileiro \u00e9 laico\u201d, afirmou Ivan Valente.<\/p>\n<p>Segundo o advogado Paulo Mariante, do grupo Identidade, o m\u00ednimo que o movimento espera agora \u00e9 que o governador de S\u00e3o Paulo receba das organiza\u00e7\u00f5es da sociedade civil que atuam diretamente com esta pauta para estudar medidas conjuntas para coibir a repeti\u00e7\u00e3o de pr\u00e1ticas como esta.<\/p>\n<p>Nesta quarta-feira (24), \u00e0s 17h, uma nova manifesta\u00e7\u00e3o est\u00e1 agendada em frente ao Mackezie, cujo reitor publicou recentemente, no site da institui\u00e7\u00e3o, uma carta legitimando o preconceito e a homofobia. O Procurador da Rep\u00fablica Sergio Suiama recomendou que todas as den\u00fancias de viol\u00eancia homof\u00f3bica sejam encaminhadas ao Minist\u00e9rio P\u00fablico Estadual \u2013 www.mp.sp.gov.br<\/p>\n<p><a href=\"http:\/\/www.flickr.com\/photos\/28236363@N03\/sets\/72157625319481913\/\">CLIQUE AQUI<\/a> para ver o \u00e1lbum de fotos da manifesta\u00e7\u00e3o deste domingo.<\/p>\n<p>Leia abaixo a \u00edntegra da carta divulgada pelas entidades durante o protesto.<\/p>\n<p><strong>CONTRA A HOMOFOBIA, NOSSA LUTA \u00c9 TODO DIA!<\/strong><\/p>\n<p>As entidades e organiza\u00e7\u00f5es da sociedade civil signat\u00e1rias v\u00eam a p\u00fablico manifestar sua indigna\u00e7\u00e3o e rep\u00fadio aos graves fatos ocorridos na madrugada do dia 14.11.2010, na Avenida Paulista, envolvendo 5 (cinco) jovens adolescentes que agrediram 4 (quatro) v\u00edtimas com viol\u00eancia f\u00edsica, e evidente motiva\u00e7\u00e3o de intoler\u00e2ncia homof\u00f3bica.<\/p>\n<p>Segundo a imprensa divulgou, os cinco jovens s\u00e3o de classe m\u00e9dia, colegas de um col\u00e9gio particular de um bairro nobre de S\u00e3o Paulo, e foram reconhecidos como respons\u00e1veis por tr\u00eas ataques a pessoas que passavam pela regi\u00e3o da Avenida Paulista. A pol\u00edcia investiga se os crimes tiveram motiva\u00e7\u00e3o homof\u00f3bica.<\/p>\n<p>Esta n\u00e3o \u00e9 a primeira vez que somos assombrados por estas a\u00e7\u00f5es violentas de jovens da classe media brasileira, em especial contra pessoas oriundas de grupos discriminados, e usualmente v\u00edtimas de intoler\u00e2ncia, como os gays, negros, nordestinos, \u00edndios etc. Exemplos n\u00e3o nos faltam, como a morte do \u00edndio Galdino, assassinado por jovens ricos e filhos de autoridades p\u00fablicas de Bras\u00edlia em 1997. A cidade do Rio de Janeiro tamb\u00e9m deixou sua contribui\u00e7\u00e3o na constru\u00e7\u00e3o da barb\u00e1rie, quando nos brindou com atentados de jovens da Barra da Tijuca, que agrediram fisicamente uma trabalhadora, empregada dom\u00e9stica, que voltava para casa, e foi confundida com uma \u201cprostituta\u201d (como se para as profissionais do sexo este tratamento violento fosse admitido).<\/p>\n<p>Agora, uma vez mais, no d\u00e9cimo ano da morte por assassinato do adestrador de c\u00e3es, Edson Neris da Silva, na Pra\u00e7a da Rep\u00fablica, em 6 de fevereiro de 2000, executado por um grupo delinquente de \u201cskinheads do ABC\u201d, deparamo-nos com este arrast\u00e3o \u201cchique\u201d no cora\u00e7\u00e3o econ\u00f4mico da terra cujo povo se autoproclama locomotiva e esteio do Brasil.<\/p>\n<p>Certamente, se o Brasil j\u00e1 tivesse uma legisla\u00e7\u00e3o que criminalizasse a homofobia, a exemplo de pa\u00edses mais desenvolvidos na defesa e promo\u00e7\u00e3o dos direitos humanos, fatos como o ocorrido seriam mais raros, pois a juventude brasileira, em especial a bem educada e privilegiada do ponto de vista econ\u00f4mico, j\u00e1 teria aprendido que homofobia \u00e9 crime e n\u00e3o pode ser praticada. Mas a in\u00e9rcia e a omiss\u00e3o do Poder Legislativo nos obrigam a continuar lutando para viver com dignidade e exigindo a a\u00e7\u00e3o das institui\u00e7\u00f5es que devem cumprir e manter a Constitui\u00e7\u00e3o Federal. As autoridades p\u00fablicas, Pol\u00edcia, Poder Judici\u00e1rio, Minist\u00e9rio P\u00fablico t\u00eam a obriga\u00e7\u00e3o de garantir a ordem, a lei e o respeito \u00e0 Constitui\u00e7\u00e3o brasileira que, em \u00faltima inst\u00e2ncia, proclama como sua raz\u00e3o m\u00e1xima a garantia dos direitos individuais da pessoa humana.<\/p>\n<p>Por tal raz\u00e3o, os abaixo-assinados, cidad\u00e3os, cidad\u00e3s e entidades da sociedade civil, aqui se manifestam com o fim de chamar a aten\u00e7\u00e3o das autoridades p\u00fablicas e do povo de S\u00e3o Paulo e do Brasil, exigindo e cobrando para que este fato n\u00e3o caia no esquecimento, em vista dos agressores terem posi\u00e7\u00e3o s\u00f3cio econ\u00f4mica privilegiada. A justi\u00e7a brasileira tem a obriga\u00e7\u00e3o de ser justa e a pol\u00edcia e o Minist\u00e9rio P\u00fablico de cumprirem suas fun\u00e7\u00f5es.<\/p>\n<p>N\u00c3O \u00c0 IMPUNIDADE DOS CRIMES HOMOF\u00d3BICOS!<br \/>\nPELA APROVA\u00c7\u00c3O IMEDIATA DO PLC N\u00ba 122 DE 2006!<br \/>\nCRIMINALIZA\u00c7\u00c3O DA HOMOFOBIA J\u00c1!<br \/>\nCONTRA O RACISMO, O MACHISMO E A HOMOFOBIA!<br \/>\nPELA IGUALDADE DE DIREITOS!<\/p>\n","protected":false},"excerpt":{"rendered":"<p>Numa tarde ensolarada de domingo, mais uma vez a Avenida Paulista foi colorida para dizer n\u00e3o \u00e0 homofobia. Centenas de pessoas participaram de um ato, seguido de uma caminhada, em rep\u00fadio ao que aconteceu na madrugada do \u00faltimo dia 14\/11, quando cinco adolescentes agrediram quatro pessoas brutalmente, motivados pela intoler\u00e2ncia homof\u00f3bica. O epis\u00f3dio repercutiu na [&hellip;]<\/p>\n","protected":false},"author":2,"featured_media":0,"comment_status":"open","ping_status":"open","sticky":false,"template":"","format":"standard","meta":{"_acf_changed":false,"footnotes":""},"categories":[4766],"tags":[],"class_list":{"0":"post-774","1":"post","2":"type-post","3":"status-publish","4":"format-standard","6":"category-arquivo"},"acf":[],"yoast_head":"<!-- This site is optimized with the Yoast SEO plugin v26.5 - https:\/\/yoast.com\/wordpress\/plugins\/seo\/ -->\n<title>Ato contra a homofobia pede puni\u00e7\u00e3o para crimes praticados na Av. Paulista e urg\u00eancia na aprova\u00e7\u00e3o do PLC 122 - PSOL 50<\/title>\n<meta name=\"robots\" content=\"index, follow, max-snippet:-1, max-image-preview:large, max-video-preview:-1\" \/>\n<link rel=\"canonical\" href=\"https:\/\/psol50.org.br\/ato-contra-a-homofobia-pede-punicao-para-crimes-praticados-na-av-paulista-e-urgencia-na-aprovacao-do-plc-122\/\" \/>\n<meta property=\"og:locale\" content=\"pt_BR\" \/>\n<meta property=\"og:type\" content=\"article\" \/>\n<meta property=\"og:title\" content=\"Ato contra a homofobia pede puni\u00e7\u00e3o para crimes praticados na Av. Paulista e urg\u00eancia na aprova\u00e7\u00e3o do PLC 122 - PSOL 50\" \/>\n<meta property=\"og:description\" content=\"Numa tarde ensolarada de domingo, mais uma vez a Avenida Paulista foi colorida para dizer n\u00e3o \u00e0 homofobia. Centenas de pessoas participaram de um ato, seguido de uma caminhada, em rep\u00fadio ao que aconteceu na madrugada do \u00faltimo dia 14\/11, quando cinco adolescentes agrediram quatro pessoas brutalmente, motivados pela intoler\u00e2ncia homof\u00f3bica. O epis\u00f3dio repercutiu na [&hellip;]\" \/>\n<meta property=\"og:url\" content=\"https:\/\/psol50.org.br\/ato-contra-a-homofobia-pede-punicao-para-crimes-praticados-na-av-paulista-e-urgencia-na-aprovacao-do-plc-122\/\" \/>\n<meta property=\"og:site_name\" content=\"PSOL 50\" \/>\n<meta property=\"article:publisher\" content=\"https:\/\/www.facebook.com\/psol50\" \/>\n<meta property=\"article:published_time\" content=\"2010-11-25T00:00:00+00:00\" \/>\n<meta property=\"og:image\" content=\"http:\/\/psol50.org.br\/files\/2010\/11\/atocontrahomofobia-300x225.jpg\" \/>\n<meta name=\"author\" content=\"Comunica\u00e7\u00e3o PSOL\" \/>\n<meta name=\"twitter:card\" content=\"summary_large_image\" \/>\n<meta name=\"twitter:creator\" content=\"@psol50\" \/>\n<meta name=\"twitter:site\" content=\"@psol50\" \/>\n<meta name=\"twitter:label1\" content=\"Escrito por\" \/>\n\t<meta name=\"twitter:data1\" content=\"Comunica\u00e7\u00e3o PSOL\" \/>\n\t<meta name=\"twitter:label2\" content=\"Est. tempo de leitura\" \/>\n\t<meta name=\"twitter:data2\" content=\"7 minutos\" \/>\n<script type=\"application\/ld+json\" class=\"yoast-schema-graph\">{\"@context\":\"https:\/\/schema.org\",\"@graph\":[{\"@type\":\"Article\",\"@id\":\"https:\/\/psol50.org.br\/ato-contra-a-homofobia-pede-punicao-para-crimes-praticados-na-av-paulista-e-urgencia-na-aprovacao-do-plc-122\/#article\",\"isPartOf\":{\"@id\":\"https:\/\/psol50.org.br\/ato-contra-a-homofobia-pede-punicao-para-crimes-praticados-na-av-paulista-e-urgencia-na-aprovacao-do-plc-122\/\"},\"author\":{\"name\":\"Comunica\u00e7\u00e3o PSOL\",\"@id\":\"https:\/\/psol50.org.br\/#\/schema\/person\/475dfa57d0b815993c714c2e96491fcd\"},\"headline\":\"Ato contra a homofobia pede puni\u00e7\u00e3o para crimes praticados na Av. Paulista e urg\u00eancia na aprova\u00e7\u00e3o do PLC 122\",\"datePublished\":\"2010-11-25T00:00:00+00:00\",\"mainEntityOfPage\":{\"@id\":\"https:\/\/psol50.org.br\/ato-contra-a-homofobia-pede-punicao-para-crimes-praticados-na-av-paulista-e-urgencia-na-aprovacao-do-plc-122\/\"},\"wordCount\":1328,\"commentCount\":0,\"publisher\":{\"@id\":\"https:\/\/psol50.org.br\/#organization\"},\"image\":{\"@id\":\"https:\/\/psol50.org.br\/ato-contra-a-homofobia-pede-punicao-para-crimes-praticados-na-av-paulista-e-urgencia-na-aprovacao-do-plc-122\/#primaryimage\"},\"thumbnailUrl\":\"http:\/\/psol50.org.br\/files\/2010\/11\/atocontrahomofobia-300x225.jpg\",\"articleSection\":[\"Arquivo\"],\"inLanguage\":\"pt-BR\",\"potentialAction\":[{\"@type\":\"CommentAction\",\"name\":\"Comment\",\"target\":[\"https:\/\/psol50.org.br\/ato-contra-a-homofobia-pede-punicao-para-crimes-praticados-na-av-paulista-e-urgencia-na-aprovacao-do-plc-122\/#respond\"]}]},{\"@type\":\"WebPage\",\"@id\":\"https:\/\/psol50.org.br\/ato-contra-a-homofobia-pede-punicao-para-crimes-praticados-na-av-paulista-e-urgencia-na-aprovacao-do-plc-122\/\",\"url\":\"https:\/\/psol50.org.br\/ato-contra-a-homofobia-pede-punicao-para-crimes-praticados-na-av-paulista-e-urgencia-na-aprovacao-do-plc-122\/\",\"name\":\"Ato contra a homofobia pede puni\u00e7\u00e3o para crimes praticados na Av. Paulista e urg\u00eancia na aprova\u00e7\u00e3o do PLC 122 - PSOL 50\",\"isPartOf\":{\"@id\":\"https:\/\/psol50.org.br\/#website\"},\"primaryImageOfPage\":{\"@id\":\"https:\/\/psol50.org.br\/ato-contra-a-homofobia-pede-punicao-para-crimes-praticados-na-av-paulista-e-urgencia-na-aprovacao-do-plc-122\/#primaryimage\"},\"image\":{\"@id\":\"https:\/\/psol50.org.br\/ato-contra-a-homofobia-pede-punicao-para-crimes-praticados-na-av-paulista-e-urgencia-na-aprovacao-do-plc-122\/#primaryimage\"},\"thumbnailUrl\":\"http:\/\/psol50.org.br\/files\/2010\/11\/atocontrahomofobia-300x225.jpg\",\"datePublished\":\"2010-11-25T00:00:00+00:00\",\"breadcrumb\":{\"@id\":\"https:\/\/psol50.org.br\/ato-contra-a-homofobia-pede-punicao-para-crimes-praticados-na-av-paulista-e-urgencia-na-aprovacao-do-plc-122\/#breadcrumb\"},\"inLanguage\":\"pt-BR\",\"potentialAction\":[{\"@type\":\"ReadAction\",\"target\":[\"https:\/\/psol50.org.br\/ato-contra-a-homofobia-pede-punicao-para-crimes-praticados-na-av-paulista-e-urgencia-na-aprovacao-do-plc-122\/\"]}]},{\"@type\":\"ImageObject\",\"inLanguage\":\"pt-BR\",\"@id\":\"https:\/\/psol50.org.br\/ato-contra-a-homofobia-pede-punicao-para-crimes-praticados-na-av-paulista-e-urgencia-na-aprovacao-do-plc-122\/#primaryimage\",\"url\":\"http:\/\/psol50.org.br\/files\/2010\/11\/atocontrahomofobia-300x225.jpg\",\"contentUrl\":\"http:\/\/psol50.org.br\/files\/2010\/11\/atocontrahomofobia-300x225.jpg\"},{\"@type\":\"BreadcrumbList\",\"@id\":\"https:\/\/psol50.org.br\/ato-contra-a-homofobia-pede-punicao-para-crimes-praticados-na-av-paulista-e-urgencia-na-aprovacao-do-plc-122\/#breadcrumb\",\"itemListElement\":[{\"@type\":\"ListItem\",\"position\":1,\"name\":\"In\u00edcio\",\"item\":\"https:\/\/psol50.org.br\/\"},{\"@type\":\"ListItem\",\"position\":2,\"name\":\"Ato contra a homofobia pede puni\u00e7\u00e3o para crimes praticados na Av. Paulista e urg\u00eancia na aprova\u00e7\u00e3o do PLC 122\"}]},{\"@type\":\"WebSite\",\"@id\":\"https:\/\/psol50.org.br\/#website\",\"url\":\"https:\/\/psol50.org.br\/\",\"name\":\"PSOL 50\",\"description\":\"Site oficial do Partido Socialismo e Liberdade\",\"publisher\":{\"@id\":\"https:\/\/psol50.org.br\/#organization\"},\"alternateName\":\"PSOL50\",\"potentialAction\":[{\"@type\":\"SearchAction\",\"target\":{\"@type\":\"EntryPoint\",\"urlTemplate\":\"https:\/\/psol50.org.br\/?s={search_term_string}\"},\"query-input\":{\"@type\":\"PropertyValueSpecification\",\"valueRequired\":true,\"valueName\":\"search_term_string\"}}],\"inLanguage\":\"pt-BR\"},{\"@type\":\"Organization\",\"@id\":\"https:\/\/psol50.org.br\/#organization\",\"name\":\"PSOL 50\",\"alternateName\":\"PSOL 50\",\"url\":\"https:\/\/psol50.org.br\/\",\"logo\":{\"@type\":\"ImageObject\",\"inLanguage\":\"pt-BR\",\"@id\":\"https:\/\/psol50.org.br\/#\/schema\/logo\/image\/\",\"url\":\"https:\/\/psol50.org.br\/inc\/uploads\/2018\/07\/capa.png\",\"contentUrl\":\"https:\/\/psol50.org.br\/inc\/uploads\/2018\/07\/capa.png\",\"width\":1350,\"height\":900,\"caption\":\"PSOL 50\"},\"image\":{\"@id\":\"https:\/\/psol50.org.br\/#\/schema\/logo\/image\/\"},\"sameAs\":[\"https:\/\/www.facebook.com\/psol50\",\"https:\/\/x.com\/psol50\",\"https:\/\/www.instagram.com\/psol50\/\",\"https:\/\/www.youtube.com\/channel\/UC7SnJS5o1os7a6CaiNabzcg\"]},{\"@type\":\"Person\",\"@id\":\"https:\/\/psol50.org.br\/#\/schema\/person\/475dfa57d0b815993c714c2e96491fcd\",\"name\":\"Comunica\u00e7\u00e3o PSOL\",\"image\":{\"@type\":\"ImageObject\",\"inLanguage\":\"pt-BR\",\"@id\":\"https:\/\/psol50.org.br\/#\/schema\/person\/image\/\",\"url\":\"https:\/\/secure.gravatar.com\/avatar\/b34fc4f4e468a4e51785917065a3db57b841f5c95dba6ad8c73aaf8f66f8f9bf?s=96&d=mm&r=g\",\"contentUrl\":\"https:\/\/secure.gravatar.com\/avatar\/b34fc4f4e468a4e51785917065a3db57b841f5c95dba6ad8c73aaf8f66f8f9bf?s=96&d=mm&r=g\",\"caption\":\"Comunica\u00e7\u00e3o PSOL\"}}]}<\/script>\n<!-- \/ Yoast SEO plugin. -->","yoast_head_json":{"title":"Ato contra a homofobia pede puni\u00e7\u00e3o para crimes praticados na Av. Paulista e urg\u00eancia na aprova\u00e7\u00e3o do PLC 122 - PSOL 50","robots":{"index":"index","follow":"follow","max-snippet":"max-snippet:-1","max-image-preview":"max-image-preview:large","max-video-preview":"max-video-preview:-1"},"canonical":"https:\/\/psol50.org.br\/ato-contra-a-homofobia-pede-punicao-para-crimes-praticados-na-av-paulista-e-urgencia-na-aprovacao-do-plc-122\/","og_locale":"pt_BR","og_type":"article","og_title":"Ato contra a homofobia pede puni\u00e7\u00e3o para crimes praticados na Av. Paulista e urg\u00eancia na aprova\u00e7\u00e3o do PLC 122 - PSOL 50","og_description":"Numa tarde ensolarada de domingo, mais uma vez a Avenida Paulista foi colorida para dizer n\u00e3o \u00e0 homofobia. Centenas de pessoas participaram de um ato, seguido de uma caminhada, em rep\u00fadio ao que aconteceu na madrugada do \u00faltimo dia 14\/11, quando cinco adolescentes agrediram quatro pessoas brutalmente, motivados pela intoler\u00e2ncia homof\u00f3bica. O epis\u00f3dio repercutiu na [&hellip;]","og_url":"https:\/\/psol50.org.br\/ato-contra-a-homofobia-pede-punicao-para-crimes-praticados-na-av-paulista-e-urgencia-na-aprovacao-do-plc-122\/","og_site_name":"PSOL 50","article_publisher":"https:\/\/www.facebook.com\/psol50","article_published_time":"2010-11-25T00:00:00+00:00","og_image":[{"url":"http:\/\/psol50.org.br\/files\/2010\/11\/atocontrahomofobia-300x225.jpg","type":"","width":"","height":""}],"author":"Comunica\u00e7\u00e3o PSOL","twitter_card":"summary_large_image","twitter_creator":"@psol50","twitter_site":"@psol50","twitter_misc":{"Escrito por":"Comunica\u00e7\u00e3o PSOL","Est. tempo de leitura":"7 minutos"},"schema":{"@context":"https:\/\/schema.org","@graph":[{"@type":"Article","@id":"https:\/\/psol50.org.br\/ato-contra-a-homofobia-pede-punicao-para-crimes-praticados-na-av-paulista-e-urgencia-na-aprovacao-do-plc-122\/#article","isPartOf":{"@id":"https:\/\/psol50.org.br\/ato-contra-a-homofobia-pede-punicao-para-crimes-praticados-na-av-paulista-e-urgencia-na-aprovacao-do-plc-122\/"},"author":{"name":"Comunica\u00e7\u00e3o PSOL","@id":"https:\/\/psol50.org.br\/#\/schema\/person\/475dfa57d0b815993c714c2e96491fcd"},"headline":"Ato contra a homofobia pede puni\u00e7\u00e3o para crimes praticados na Av. Paulista e urg\u00eancia na aprova\u00e7\u00e3o do PLC 122","datePublished":"2010-11-25T00:00:00+00:00","mainEntityOfPage":{"@id":"https:\/\/psol50.org.br\/ato-contra-a-homofobia-pede-punicao-para-crimes-praticados-na-av-paulista-e-urgencia-na-aprovacao-do-plc-122\/"},"wordCount":1328,"commentCount":0,"publisher":{"@id":"https:\/\/psol50.org.br\/#organization"},"image":{"@id":"https:\/\/psol50.org.br\/ato-contra-a-homofobia-pede-punicao-para-crimes-praticados-na-av-paulista-e-urgencia-na-aprovacao-do-plc-122\/#primaryimage"},"thumbnailUrl":"http:\/\/psol50.org.br\/files\/2010\/11\/atocontrahomofobia-300x225.jpg","articleSection":["Arquivo"],"inLanguage":"pt-BR","potentialAction":[{"@type":"CommentAction","name":"Comment","target":["https:\/\/psol50.org.br\/ato-contra-a-homofobia-pede-punicao-para-crimes-praticados-na-av-paulista-e-urgencia-na-aprovacao-do-plc-122\/#respond"]}]},{"@type":"WebPage","@id":"https:\/\/psol50.org.br\/ato-contra-a-homofobia-pede-punicao-para-crimes-praticados-na-av-paulista-e-urgencia-na-aprovacao-do-plc-122\/","url":"https:\/\/psol50.org.br\/ato-contra-a-homofobia-pede-punicao-para-crimes-praticados-na-av-paulista-e-urgencia-na-aprovacao-do-plc-122\/","name":"Ato contra a homofobia pede puni\u00e7\u00e3o para crimes praticados na Av. Paulista e urg\u00eancia na aprova\u00e7\u00e3o do PLC 122 - PSOL 50","isPartOf":{"@id":"https:\/\/psol50.org.br\/#website"},"primaryImageOfPage":{"@id":"https:\/\/psol50.org.br\/ato-contra-a-homofobia-pede-punicao-para-crimes-praticados-na-av-paulista-e-urgencia-na-aprovacao-do-plc-122\/#primaryimage"},"image":{"@id":"https:\/\/psol50.org.br\/ato-contra-a-homofobia-pede-punicao-para-crimes-praticados-na-av-paulista-e-urgencia-na-aprovacao-do-plc-122\/#primaryimage"},"thumbnailUrl":"http:\/\/psol50.org.br\/files\/2010\/11\/atocontrahomofobia-300x225.jpg","datePublished":"2010-11-25T00:00:00+00:00","breadcrumb":{"@id":"https:\/\/psol50.org.br\/ato-contra-a-homofobia-pede-punicao-para-crimes-praticados-na-av-paulista-e-urgencia-na-aprovacao-do-plc-122\/#breadcrumb"},"inLanguage":"pt-BR","potentialAction":[{"@type":"ReadAction","target":["https:\/\/psol50.org.br\/ato-contra-a-homofobia-pede-punicao-para-crimes-praticados-na-av-paulista-e-urgencia-na-aprovacao-do-plc-122\/"]}]},{"@type":"ImageObject","inLanguage":"pt-BR","@id":"https:\/\/psol50.org.br\/ato-contra-a-homofobia-pede-punicao-para-crimes-praticados-na-av-paulista-e-urgencia-na-aprovacao-do-plc-122\/#primaryimage","url":"http:\/\/psol50.org.br\/files\/2010\/11\/atocontrahomofobia-300x225.jpg","contentUrl":"http:\/\/psol50.org.br\/files\/2010\/11\/atocontrahomofobia-300x225.jpg"},{"@type":"BreadcrumbList","@id":"https:\/\/psol50.org.br\/ato-contra-a-homofobia-pede-punicao-para-crimes-praticados-na-av-paulista-e-urgencia-na-aprovacao-do-plc-122\/#breadcrumb","itemListElement":[{"@type":"ListItem","position":1,"name":"In\u00edcio","item":"https:\/\/psol50.org.br\/"},{"@type":"ListItem","position":2,"name":"Ato contra a homofobia pede puni\u00e7\u00e3o para crimes praticados na Av. Paulista e urg\u00eancia na aprova\u00e7\u00e3o do PLC 122"}]},{"@type":"WebSite","@id":"https:\/\/psol50.org.br\/#website","url":"https:\/\/psol50.org.br\/","name":"PSOL 50","description":"Site oficial do Partido Socialismo e Liberdade","publisher":{"@id":"https:\/\/psol50.org.br\/#organization"},"alternateName":"PSOL50","potentialAction":[{"@type":"SearchAction","target":{"@type":"EntryPoint","urlTemplate":"https:\/\/psol50.org.br\/?s={search_term_string}"},"query-input":{"@type":"PropertyValueSpecification","valueRequired":true,"valueName":"search_term_string"}}],"inLanguage":"pt-BR"},{"@type":"Organization","@id":"https:\/\/psol50.org.br\/#organization","name":"PSOL 50","alternateName":"PSOL 50","url":"https:\/\/psol50.org.br\/","logo":{"@type":"ImageObject","inLanguage":"pt-BR","@id":"https:\/\/psol50.org.br\/#\/schema\/logo\/image\/","url":"https:\/\/psol50.org.br\/inc\/uploads\/2018\/07\/capa.png","contentUrl":"https:\/\/psol50.org.br\/inc\/uploads\/2018\/07\/capa.png","width":1350,"height":900,"caption":"PSOL 50"},"image":{"@id":"https:\/\/psol50.org.br\/#\/schema\/logo\/image\/"},"sameAs":["https:\/\/www.facebook.com\/psol50","https:\/\/x.com\/psol50","https:\/\/www.instagram.com\/psol50\/","https:\/\/www.youtube.com\/channel\/UC7SnJS5o1os7a6CaiNabzcg"]},{"@type":"Person","@id":"https:\/\/psol50.org.br\/#\/schema\/person\/475dfa57d0b815993c714c2e96491fcd","name":"Comunica\u00e7\u00e3o PSOL","image":{"@type":"ImageObject","inLanguage":"pt-BR","@id":"https:\/\/psol50.org.br\/#\/schema\/person\/image\/","url":"https:\/\/secure.gravatar.com\/avatar\/b34fc4f4e468a4e51785917065a3db57b841f5c95dba6ad8c73aaf8f66f8f9bf?s=96&d=mm&r=g","contentUrl":"https:\/\/secure.gravatar.com\/avatar\/b34fc4f4e468a4e51785917065a3db57b841f5c95dba6ad8c73aaf8f66f8f9bf?s=96&d=mm&r=g","caption":"Comunica\u00e7\u00e3o PSOL"}}]}},"_links":{"self":[{"href":"https:\/\/psol50.org.br\/rest\/wp\/v2\/posts\/774","targetHints":{"allow":["GET"]}}],"collection":[{"href":"https:\/\/psol50.org.br\/rest\/wp\/v2\/posts"}],"about":[{"href":"https:\/\/psol50.org.br\/rest\/wp\/v2\/types\/post"}],"author":[{"embeddable":true,"href":"https:\/\/psol50.org.br\/rest\/wp\/v2\/users\/2"}],"replies":[{"embeddable":true,"href":"https:\/\/psol50.org.br\/rest\/wp\/v2\/comments?post=774"}],"version-history":[{"count":0,"href":"https:\/\/psol50.org.br\/rest\/wp\/v2\/posts\/774\/revisions"}],"wp:attachment":[{"href":"https:\/\/psol50.org.br\/rest\/wp\/v2\/media?parent=774"}],"wp:term":[{"taxonomy":"category","embeddable":true,"href":"https:\/\/psol50.org.br\/rest\/wp\/v2\/categories?post=774"},{"taxonomy":"post_tag","embeddable":true,"href":"https:\/\/psol50.org.br\/rest\/wp\/v2\/tags?post=774"}],"curies":[{"name":"wp","href":"https:\/\/api.w.org\/{rel}","templated":true}]}}