{"id":798,"date":"2011-04-04T00:00:00","date_gmt":"2011-04-04T00:00:00","guid":{"rendered":"http:\/\/psol50.org.br\/arquivo\/2011\/04\/04\/racismo-sim-senhora-promotora\/"},"modified":"2011-04-04T00:00:00","modified_gmt":"2011-04-04T00:00:00","slug":"racismo-sim-senhora-promotora","status":"publish","type":"post","link":"https:\/\/psol50.org.br\/racismo-sim-senhora-promotora\/","title":{"rendered":"Racismo sim, senhora promotora!"},"content":{"rendered":"<p style=\"text-align: justify\"><a rel=\"attachment wp-att-7357\" href=\"http:\/\/psol50.org.br\/blog\/2011\/04\/04\/racismo-sim-senhora-promotora\/heldersantos1\/\"><img loading=\"lazy\" decoding=\"async\" class=\"alignleft size-full wp-image-7357\" src=\"http:\/\/psol50.org.br\/files\/2011\/04\/HelderSantos1.jpg\" alt=\"\" width=\"300\" height=\"279\" \/><\/a>Os fatos sobejamente noticiados na m\u00eddia sobre a viol\u00eancia policial contra o jovem Helder Santos, estudante, negro, cabelo rastafari, baiano, estudante de Hist\u00f3ria da UniPampas, no Rio Grande do Sul, \u00c9 RACISMO SIM! Racismo de Estado, institucional, que busca inverter o \u00f4nus da exclus\u00e3o e da viol\u00eancia, e do pr\u00f3prio racismo imputando-o aos negros e negras deste pa\u00eds o fato de serem violentados em sua dignidade.<\/p>\n<p>A invers\u00e3o a que o Minist\u00e9rio P\u00fablico do Rio Grande do Sul n\u00e3o quer ver \u00e9 o fato de Helder Santos ver-se exilado em sua pr\u00f3pria terra, obrigado a retornar \u00e0 Bahia em raz\u00e3o da viol\u00eancia policial que o ca\u00e7ou como faziam na escravid\u00e3o os capit\u00e3es-do-mato sob a mira da amea\u00e7a e da intimida\u00e7\u00e3o.<\/p>\n<p>O resultado da sindic\u00e2ncia realizada pela mesma Brigada Militar a que pertencem os policiais acusados de crime de racismo, \u00e9 a exist\u00eancia \u201cde crime de natureza militar\u201d, de amea\u00e7a, \u201cde abuso autoridade e de \u201ctransgress\u00e3o de disciplina dos mesmos por terem empregado viol\u00eancia f\u00edsica e verbal durante ato de servi\u00e7o no caso da abordagem policial acima citada\u201d. Assim, n\u00e3o se trata de mero excesso, de \u201calgu\u00e9m que perde a cabe\u00e7a e apronta alguma\u201d, Sra. Promotora, pois dizer que n\u00e3o foi racismo s\u00f3 por \u201cn\u00e3o existir nessa Promotoria a\u00e7\u00f5es judiciais [sobre] pr\u00e1ticas racistas\u201d e por existirem \u201cpoliciais negros que fazem o trabalho muito melhor que os brancos\u201d s\u00f3 manifesta os olhos de uma sociedade que enxerga a viol\u00eancia pelo avesso.<\/p>\n<p>N\u00e3o \u00e9 a compet\u00eancia das pessoas que determina seu lugar racial, n\u00e3o \u00e9 uma quest\u00e3o de ser melhor ou pior. N\u00e3o se trata de um problema moral, mas racial, pol\u00edtico. \u00c9 como dizer que um homem n\u00e3o \u00e9 machista s\u00f3 por ter casado com uma mulher. O racismo se camufla de crime contra a honra (inj\u00faria racial) apenas para as institui\u00e7\u00f5es, que deveriam fazer Justi\u00e7a, filtrarem as tens\u00f5es raciais agora amenizadas com pol\u00edticas inclusivas. O que ent\u00e3o, os policiais foram apenas imorais e incompetentes?<\/p>\n<p>Helder Santos, conterr\u00e2neo de Lucas da Feira, conhecido militante de movimentos sociais como o Gay, Negro, o Estudantil tem sua aguerrida trajet\u00f3ria de vida utilizada contra si mesmo, acusado pela Promotoria de usar as amea\u00e7as de morte que vem sofrendo a mais de um m\u00eas, para se transferir e retornar para a Bahia. \u00c9 a mesma l\u00f3gica da invers\u00e3o. Lembrando o racismo cient\u00edfico de Nina Rodrigues no s\u00e9culo XIX, a vis\u00e3o da Promotoria \u00e9 que n\u00f3s negros, somos maliciosos e tendemos \u00e0 infra\u00e7\u00e3o. Tentando inverter a acusa\u00e7\u00e3o que recai sobre a corpora\u00e7\u00e3o militar em rela\u00e7\u00e3o \u00e0s palavras racistas dos policiais, seguidas de coronhadas, a Promotoria ignora as cartas em que Helder Santos \u00e9 amea\u00e7ado de morte. Essa institui\u00e7\u00e3o, nega-se a aplica\u00e7\u00e3o da lei de combate ao Racismo, indo de encontro a sua fun\u00e7\u00e3o social, desta feita atacando a integridade de Helder Santos, acusado-o de aproveitador e esperto, estas sim pr\u00e1ticas racistas largamente utilizadas para desqualificar os negros e negras de pregui\u00e7osos, vagabundos, bebuns, esvaziando o discurso e desqualificando a arena onde as feridas racistas deveriam ser suturadas. \u00c9 o estado do Rio Grande do Sul o respons\u00e1vel pelo retorno de Helder Santos sem diploma. Os racismos institucional militar pratica o genoc\u00eddio f\u00edsico e impede o desenvolvimento das potencialidades da juventude negra brasileira. Quando n\u00e3o mata, exila a negrada, age na mente e na realidade vivida para n\u00e3o galgarmos oportunidades de empoderamento e lutar pela elimina\u00e7\u00e3o do racismo e todas as formas de opress\u00f5es.<\/p>\n<p>Somos solid\u00e1rios a Helder Santos, pois em n\u00f3s d\u00f3i na pele, na alma negra, na carne, no brio dos lutadores e lutadoras que v\u00eaem seu legado de lutas achincalhado, e as poucas vit\u00f3rias do caminho sendo desmoralizadas pelo Estado brasileiro.<\/p>\n<p>N\u00e3o arredaremos o p\u00e9, n\u00e3o cederemos! Nenhum passo atr\u00e1s contra o racismo!<\/p>\n<p><em><strong>*N\u00daCLEO DE NEGRAS E NEGROS ESTUDANTES DA UNIVERSIDADE FEDERAL DO REC\u00d4NCAVO BAIANO<\/strong><\/em><\/p>\n","protected":false},"excerpt":{"rendered":"<p>Os fatos sobejamente noticiados na m\u00eddia sobre a viol\u00eancia policial contra o jovem Helder Santos, estudante, negro, cabelo rastafari, baiano, estudante de Hist\u00f3ria da UniPampas, no Rio Grande do Sul, \u00c9 RACISMO SIM! Racismo de Estado, institucional, que busca inverter o \u00f4nus da exclus\u00e3o e da viol\u00eancia, e do pr\u00f3prio racismo imputando-o aos negros e [&hellip;]<\/p>\n","protected":false},"author":2,"featured_media":0,"comment_status":"open","ping_status":"open","sticky":false,"template":"","format":"standard","meta":{"_acf_changed":false,"footnotes":""},"categories":[4766],"tags":[],"class_list":{"0":"post-798","1":"post","2":"type-post","3":"status-publish","4":"format-standard","6":"category-arquivo"},"acf":[],"yoast_head":"<!-- This site is optimized with the Yoast SEO plugin v26.5 - https:\/\/yoast.com\/wordpress\/plugins\/seo\/ -->\n<title>Racismo sim, senhora promotora! - PSOL 50<\/title>\n<meta name=\"robots\" content=\"index, follow, max-snippet:-1, max-image-preview:large, max-video-preview:-1\" \/>\n<link rel=\"canonical\" href=\"https:\/\/psol50.org.br\/racismo-sim-senhora-promotora\/\" \/>\n<meta property=\"og:locale\" content=\"pt_BR\" \/>\n<meta property=\"og:type\" content=\"article\" \/>\n<meta property=\"og:title\" content=\"Racismo sim, senhora promotora! - PSOL 50\" \/>\n<meta property=\"og:description\" content=\"Os fatos sobejamente noticiados na m\u00eddia sobre a viol\u00eancia policial contra o jovem Helder Santos, estudante, negro, cabelo rastafari, baiano, estudante de Hist\u00f3ria da UniPampas, no Rio Grande do Sul, \u00c9 RACISMO SIM! Racismo de Estado, institucional, que busca inverter o \u00f4nus da exclus\u00e3o e da viol\u00eancia, e do pr\u00f3prio racismo imputando-o aos negros e [&hellip;]\" \/>\n<meta property=\"og:url\" content=\"https:\/\/psol50.org.br\/racismo-sim-senhora-promotora\/\" \/>\n<meta property=\"og:site_name\" content=\"PSOL 50\" \/>\n<meta property=\"article:publisher\" content=\"https:\/\/www.facebook.com\/psol50\" \/>\n<meta property=\"article:published_time\" content=\"2011-04-04T00:00:00+00:00\" \/>\n<meta property=\"og:image\" content=\"http:\/\/psol50.org.br\/files\/2011\/04\/HelderSantos1.jpg\" \/>\n<meta name=\"author\" content=\"Comunica\u00e7\u00e3o PSOL\" \/>\n<meta name=\"twitter:card\" content=\"summary_large_image\" \/>\n<meta name=\"twitter:creator\" content=\"@psol50\" \/>\n<meta name=\"twitter:site\" content=\"@psol50\" \/>\n<meta name=\"twitter:label1\" content=\"Escrito por\" \/>\n\t<meta name=\"twitter:data1\" content=\"Comunica\u00e7\u00e3o PSOL\" \/>\n\t<meta name=\"twitter:label2\" content=\"Est. tempo de leitura\" \/>\n\t<meta name=\"twitter:data2\" content=\"4 minutos\" \/>\n<script type=\"application\/ld+json\" class=\"yoast-schema-graph\">{\"@context\":\"https:\/\/schema.org\",\"@graph\":[{\"@type\":\"Article\",\"@id\":\"https:\/\/psol50.org.br\/racismo-sim-senhora-promotora\/#article\",\"isPartOf\":{\"@id\":\"https:\/\/psol50.org.br\/racismo-sim-senhora-promotora\/\"},\"author\":{\"name\":\"Comunica\u00e7\u00e3o PSOL\",\"@id\":\"https:\/\/psol50.org.br\/#\/schema\/person\/475dfa57d0b815993c714c2e96491fcd\"},\"headline\":\"Racismo sim, senhora promotora!\",\"datePublished\":\"2011-04-04T00:00:00+00:00\",\"mainEntityOfPage\":{\"@id\":\"https:\/\/psol50.org.br\/racismo-sim-senhora-promotora\/\"},\"wordCount\":705,\"commentCount\":0,\"publisher\":{\"@id\":\"https:\/\/psol50.org.br\/#organization\"},\"image\":{\"@id\":\"https:\/\/psol50.org.br\/racismo-sim-senhora-promotora\/#primaryimage\"},\"thumbnailUrl\":\"http:\/\/psol50.org.br\/files\/2011\/04\/HelderSantos1.jpg\",\"articleSection\":[\"Arquivo\"],\"inLanguage\":\"pt-BR\",\"potentialAction\":[{\"@type\":\"CommentAction\",\"name\":\"Comment\",\"target\":[\"https:\/\/psol50.org.br\/racismo-sim-senhora-promotora\/#respond\"]}]},{\"@type\":\"WebPage\",\"@id\":\"https:\/\/psol50.org.br\/racismo-sim-senhora-promotora\/\",\"url\":\"https:\/\/psol50.org.br\/racismo-sim-senhora-promotora\/\",\"name\":\"Racismo sim, senhora promotora! - PSOL 50\",\"isPartOf\":{\"@id\":\"https:\/\/psol50.org.br\/#website\"},\"primaryImageOfPage\":{\"@id\":\"https:\/\/psol50.org.br\/racismo-sim-senhora-promotora\/#primaryimage\"},\"image\":{\"@id\":\"https:\/\/psol50.org.br\/racismo-sim-senhora-promotora\/#primaryimage\"},\"thumbnailUrl\":\"http:\/\/psol50.org.br\/files\/2011\/04\/HelderSantos1.jpg\",\"datePublished\":\"2011-04-04T00:00:00+00:00\",\"breadcrumb\":{\"@id\":\"https:\/\/psol50.org.br\/racismo-sim-senhora-promotora\/#breadcrumb\"},\"inLanguage\":\"pt-BR\",\"potentialAction\":[{\"@type\":\"ReadAction\",\"target\":[\"https:\/\/psol50.org.br\/racismo-sim-senhora-promotora\/\"]}]},{\"@type\":\"ImageObject\",\"inLanguage\":\"pt-BR\",\"@id\":\"https:\/\/psol50.org.br\/racismo-sim-senhora-promotora\/#primaryimage\",\"url\":\"http:\/\/psol50.org.br\/files\/2011\/04\/HelderSantos1.jpg\",\"contentUrl\":\"http:\/\/psol50.org.br\/files\/2011\/04\/HelderSantos1.jpg\"},{\"@type\":\"BreadcrumbList\",\"@id\":\"https:\/\/psol50.org.br\/racismo-sim-senhora-promotora\/#breadcrumb\",\"itemListElement\":[{\"@type\":\"ListItem\",\"position\":1,\"name\":\"In\u00edcio\",\"item\":\"https:\/\/psol50.org.br\/\"},{\"@type\":\"ListItem\",\"position\":2,\"name\":\"Racismo sim, senhora promotora!\"}]},{\"@type\":\"WebSite\",\"@id\":\"https:\/\/psol50.org.br\/#website\",\"url\":\"https:\/\/psol50.org.br\/\",\"name\":\"PSOL 50\",\"description\":\"Site oficial do Partido Socialismo e Liberdade\",\"publisher\":{\"@id\":\"https:\/\/psol50.org.br\/#organization\"},\"alternateName\":\"PSOL50\",\"potentialAction\":[{\"@type\":\"SearchAction\",\"target\":{\"@type\":\"EntryPoint\",\"urlTemplate\":\"https:\/\/psol50.org.br\/?s={search_term_string}\"},\"query-input\":{\"@type\":\"PropertyValueSpecification\",\"valueRequired\":true,\"valueName\":\"search_term_string\"}}],\"inLanguage\":\"pt-BR\"},{\"@type\":\"Organization\",\"@id\":\"https:\/\/psol50.org.br\/#organization\",\"name\":\"PSOL 50\",\"alternateName\":\"PSOL 50\",\"url\":\"https:\/\/psol50.org.br\/\",\"logo\":{\"@type\":\"ImageObject\",\"inLanguage\":\"pt-BR\",\"@id\":\"https:\/\/psol50.org.br\/#\/schema\/logo\/image\/\",\"url\":\"https:\/\/psol50.org.br\/inc\/uploads\/2018\/07\/capa.png\",\"contentUrl\":\"https:\/\/psol50.org.br\/inc\/uploads\/2018\/07\/capa.png\",\"width\":1350,\"height\":900,\"caption\":\"PSOL 50\"},\"image\":{\"@id\":\"https:\/\/psol50.org.br\/#\/schema\/logo\/image\/\"},\"sameAs\":[\"https:\/\/www.facebook.com\/psol50\",\"https:\/\/x.com\/psol50\",\"https:\/\/www.instagram.com\/psol50\/\",\"https:\/\/www.youtube.com\/channel\/UC7SnJS5o1os7a6CaiNabzcg\"]},{\"@type\":\"Person\",\"@id\":\"https:\/\/psol50.org.br\/#\/schema\/person\/475dfa57d0b815993c714c2e96491fcd\",\"name\":\"Comunica\u00e7\u00e3o PSOL\",\"image\":{\"@type\":\"ImageObject\",\"inLanguage\":\"pt-BR\",\"@id\":\"https:\/\/psol50.org.br\/#\/schema\/person\/image\/\",\"url\":\"https:\/\/secure.gravatar.com\/avatar\/b34fc4f4e468a4e51785917065a3db57b841f5c95dba6ad8c73aaf8f66f8f9bf?s=96&d=mm&r=g\",\"contentUrl\":\"https:\/\/secure.gravatar.com\/avatar\/b34fc4f4e468a4e51785917065a3db57b841f5c95dba6ad8c73aaf8f66f8f9bf?s=96&d=mm&r=g\",\"caption\":\"Comunica\u00e7\u00e3o PSOL\"}}]}<\/script>\n<!-- \/ Yoast SEO plugin. -->","yoast_head_json":{"title":"Racismo sim, senhora promotora! - PSOL 50","robots":{"index":"index","follow":"follow","max-snippet":"max-snippet:-1","max-image-preview":"max-image-preview:large","max-video-preview":"max-video-preview:-1"},"canonical":"https:\/\/psol50.org.br\/racismo-sim-senhora-promotora\/","og_locale":"pt_BR","og_type":"article","og_title":"Racismo sim, senhora promotora! - PSOL 50","og_description":"Os fatos sobejamente noticiados na m\u00eddia sobre a viol\u00eancia policial contra o jovem Helder Santos, estudante, negro, cabelo rastafari, baiano, estudante de Hist\u00f3ria da UniPampas, no Rio Grande do Sul, \u00c9 RACISMO SIM! Racismo de Estado, institucional, que busca inverter o \u00f4nus da exclus\u00e3o e da viol\u00eancia, e do pr\u00f3prio racismo imputando-o aos negros e [&hellip;]","og_url":"https:\/\/psol50.org.br\/racismo-sim-senhora-promotora\/","og_site_name":"PSOL 50","article_publisher":"https:\/\/www.facebook.com\/psol50","article_published_time":"2011-04-04T00:00:00+00:00","og_image":[{"url":"http:\/\/psol50.org.br\/files\/2011\/04\/HelderSantos1.jpg","type":"","width":"","height":""}],"author":"Comunica\u00e7\u00e3o PSOL","twitter_card":"summary_large_image","twitter_creator":"@psol50","twitter_site":"@psol50","twitter_misc":{"Escrito por":"Comunica\u00e7\u00e3o PSOL","Est. tempo de leitura":"4 minutos"},"schema":{"@context":"https:\/\/schema.org","@graph":[{"@type":"Article","@id":"https:\/\/psol50.org.br\/racismo-sim-senhora-promotora\/#article","isPartOf":{"@id":"https:\/\/psol50.org.br\/racismo-sim-senhora-promotora\/"},"author":{"name":"Comunica\u00e7\u00e3o PSOL","@id":"https:\/\/psol50.org.br\/#\/schema\/person\/475dfa57d0b815993c714c2e96491fcd"},"headline":"Racismo sim, senhora promotora!","datePublished":"2011-04-04T00:00:00+00:00","mainEntityOfPage":{"@id":"https:\/\/psol50.org.br\/racismo-sim-senhora-promotora\/"},"wordCount":705,"commentCount":0,"publisher":{"@id":"https:\/\/psol50.org.br\/#organization"},"image":{"@id":"https:\/\/psol50.org.br\/racismo-sim-senhora-promotora\/#primaryimage"},"thumbnailUrl":"http:\/\/psol50.org.br\/files\/2011\/04\/HelderSantos1.jpg","articleSection":["Arquivo"],"inLanguage":"pt-BR","potentialAction":[{"@type":"CommentAction","name":"Comment","target":["https:\/\/psol50.org.br\/racismo-sim-senhora-promotora\/#respond"]}]},{"@type":"WebPage","@id":"https:\/\/psol50.org.br\/racismo-sim-senhora-promotora\/","url":"https:\/\/psol50.org.br\/racismo-sim-senhora-promotora\/","name":"Racismo sim, senhora promotora! - PSOL 50","isPartOf":{"@id":"https:\/\/psol50.org.br\/#website"},"primaryImageOfPage":{"@id":"https:\/\/psol50.org.br\/racismo-sim-senhora-promotora\/#primaryimage"},"image":{"@id":"https:\/\/psol50.org.br\/racismo-sim-senhora-promotora\/#primaryimage"},"thumbnailUrl":"http:\/\/psol50.org.br\/files\/2011\/04\/HelderSantos1.jpg","datePublished":"2011-04-04T00:00:00+00:00","breadcrumb":{"@id":"https:\/\/psol50.org.br\/racismo-sim-senhora-promotora\/#breadcrumb"},"inLanguage":"pt-BR","potentialAction":[{"@type":"ReadAction","target":["https:\/\/psol50.org.br\/racismo-sim-senhora-promotora\/"]}]},{"@type":"ImageObject","inLanguage":"pt-BR","@id":"https:\/\/psol50.org.br\/racismo-sim-senhora-promotora\/#primaryimage","url":"http:\/\/psol50.org.br\/files\/2011\/04\/HelderSantos1.jpg","contentUrl":"http:\/\/psol50.org.br\/files\/2011\/04\/HelderSantos1.jpg"},{"@type":"BreadcrumbList","@id":"https:\/\/psol50.org.br\/racismo-sim-senhora-promotora\/#breadcrumb","itemListElement":[{"@type":"ListItem","position":1,"name":"In\u00edcio","item":"https:\/\/psol50.org.br\/"},{"@type":"ListItem","position":2,"name":"Racismo sim, senhora promotora!"}]},{"@type":"WebSite","@id":"https:\/\/psol50.org.br\/#website","url":"https:\/\/psol50.org.br\/","name":"PSOL 50","description":"Site oficial do Partido Socialismo e Liberdade","publisher":{"@id":"https:\/\/psol50.org.br\/#organization"},"alternateName":"PSOL50","potentialAction":[{"@type":"SearchAction","target":{"@type":"EntryPoint","urlTemplate":"https:\/\/psol50.org.br\/?s={search_term_string}"},"query-input":{"@type":"PropertyValueSpecification","valueRequired":true,"valueName":"search_term_string"}}],"inLanguage":"pt-BR"},{"@type":"Organization","@id":"https:\/\/psol50.org.br\/#organization","name":"PSOL 50","alternateName":"PSOL 50","url":"https:\/\/psol50.org.br\/","logo":{"@type":"ImageObject","inLanguage":"pt-BR","@id":"https:\/\/psol50.org.br\/#\/schema\/logo\/image\/","url":"https:\/\/psol50.org.br\/inc\/uploads\/2018\/07\/capa.png","contentUrl":"https:\/\/psol50.org.br\/inc\/uploads\/2018\/07\/capa.png","width":1350,"height":900,"caption":"PSOL 50"},"image":{"@id":"https:\/\/psol50.org.br\/#\/schema\/logo\/image\/"},"sameAs":["https:\/\/www.facebook.com\/psol50","https:\/\/x.com\/psol50","https:\/\/www.instagram.com\/psol50\/","https:\/\/www.youtube.com\/channel\/UC7SnJS5o1os7a6CaiNabzcg"]},{"@type":"Person","@id":"https:\/\/psol50.org.br\/#\/schema\/person\/475dfa57d0b815993c714c2e96491fcd","name":"Comunica\u00e7\u00e3o PSOL","image":{"@type":"ImageObject","inLanguage":"pt-BR","@id":"https:\/\/psol50.org.br\/#\/schema\/person\/image\/","url":"https:\/\/secure.gravatar.com\/avatar\/b34fc4f4e468a4e51785917065a3db57b841f5c95dba6ad8c73aaf8f66f8f9bf?s=96&d=mm&r=g","contentUrl":"https:\/\/secure.gravatar.com\/avatar\/b34fc4f4e468a4e51785917065a3db57b841f5c95dba6ad8c73aaf8f66f8f9bf?s=96&d=mm&r=g","caption":"Comunica\u00e7\u00e3o PSOL"}}]}},"_links":{"self":[{"href":"https:\/\/psol50.org.br\/rest\/wp\/v2\/posts\/798","targetHints":{"allow":["GET"]}}],"collection":[{"href":"https:\/\/psol50.org.br\/rest\/wp\/v2\/posts"}],"about":[{"href":"https:\/\/psol50.org.br\/rest\/wp\/v2\/types\/post"}],"author":[{"embeddable":true,"href":"https:\/\/psol50.org.br\/rest\/wp\/v2\/users\/2"}],"replies":[{"embeddable":true,"href":"https:\/\/psol50.org.br\/rest\/wp\/v2\/comments?post=798"}],"version-history":[{"count":0,"href":"https:\/\/psol50.org.br\/rest\/wp\/v2\/posts\/798\/revisions"}],"wp:attachment":[{"href":"https:\/\/psol50.org.br\/rest\/wp\/v2\/media?parent=798"}],"wp:term":[{"taxonomy":"category","embeddable":true,"href":"https:\/\/psol50.org.br\/rest\/wp\/v2\/categories?post=798"},{"taxonomy":"post_tag","embeddable":true,"href":"https:\/\/psol50.org.br\/rest\/wp\/v2\/tags?post=798"}],"curies":[{"name":"wp","href":"https:\/\/api.w.org\/{rel}","templated":true}]}}