{"id":808,"date":"2011-04-24T00:00:00","date_gmt":"2011-04-24T00:00:00","guid":{"rendered":"http:\/\/psol50.org.br\/arquivo\/2011\/04\/24\/crescem-os-conflitos-pela-terra-ao-mesmo-tempo-em-que-diminuem-as-ocupacoes-e-acampamentos\/"},"modified":"2011-04-24T00:00:00","modified_gmt":"2011-04-24T00:00:00","slug":"crescem-os-conflitos-pela-terra-ao-mesmo-tempo-em-que-diminuem-as-ocupacoes-e-acampamentos","status":"publish","type":"post","link":"https:\/\/psol50.org.br\/crescem-os-conflitos-pela-terra-ao-mesmo-tempo-em-que-diminuem-as-ocupacoes-e-acampamentos\/","title":{"rendered":"Crescem os conflitos pela terra, ao mesmo tempo em que diminuem as ocupa\u00e7\u00f5es e acampamentos"},"content":{"rendered":"<p><a rel=\"attachment wp-att-7820\" href=\"http:\/\/psol50.org.br\/blog\/2011\/04\/24\/crescem-os-conflitos-pela-terra-ao-mesmo-tempo-em-que-diminuem-as-ocupacoes-e-acampamentos\/cptconflitocampo\/\"><img loading=\"lazy\" decoding=\"async\" class=\"alignleft size-medium wp-image-7820\" src=\"http:\/\/psol50.org.br\/files\/2011\/04\/CPTconflitoCampo-300x190.jpg\" alt=\"\" width=\"300\" height=\"190\" \/><\/a>Os dados coletados e organizados pela CPT em 2010 d\u00e3o conta que o n\u00famero de conflitos pela terra permaneceu praticamente est\u00e1vel. Foram 854 em 2009, 853 em 2010. O que chama a aten\u00e7\u00e3o nestes dados \u00e9 que diminu\u00edram os conflitos protagonizados pelos movimentos do campo. As ocupa\u00e7\u00f5es, 290 em 2009, se reduziram para 180 em 2010, 38% a menos. O n\u00famero de novos acampamentos permaneceu est\u00e1vel, 36 acampamentos em 2009, 35 em 2010.<\/p>\n<p>Por sua vez, os conflitos por terra, que envolvem expuls\u00f5es, amea\u00e7as de expuls\u00e3o, pistolagem, despejos e amea\u00e7as de despejo, estes tiveram um incremento significativo de 21%. Passaram de 528 em 2009, para 638 em 2010.<\/p>\n<p>O Nordeste deteve o maior n\u00famero de conflitos, com 43,7% (279), seguido da regi\u00e3o Norte com 36,7% (234). As demais regi\u00f5es concentraram 9,6% (61) no Sudeste, 5,8% (37) no Centro-Oeste e 4,2% (27) no Sul.<\/p>\n<p>Adotando como crit\u00e9rio as regi\u00f5es geoecon\u00f4micas, se observa que a Amaz\u00f4nia Legal concentra 65% dos conflitos, sendo que tr\u00eas estados &#8211; Maranh\u00e3o, Par\u00e1 e Tocantins &#8211; concentram 46,2% do total.<\/p>\n<p>Popula\u00e7\u00f5es afetadas<\/p>\n<p>Ao analisar as categorias sociais que foram v\u00edtimas das a\u00e7\u00f5es violentas, (est\u00e3o identificadas em 604 ocorr\u00eancias) 347 delas, 57%, envolveram popula\u00e7\u00f5es que podemos chamar de tradicionais, pelo uso tradicional que fazem das condi\u00e7\u00f5es naturais de exist\u00eancia. 43% atingiram setores que eram considerados protagonistas da luta pela reforma agr\u00e1ria, como os sem-terra (182 conflitos), os assentados (61 conflitos), pequenos propriet\u00e1rios (9 conflitos) e outros.<\/p>\n<p>Em 2010 houve decr\u00e9scimo no n\u00famero de fam\u00edlias despejadas (12.388 em 2009), e amea\u00e7adas de despejo (9.640), para 8.067 e 8.404, respectivamente. Tamb\u00e9m houve diminui\u00e7\u00e3o no n\u00famero de fam\u00edlias expulsas, 1.884 em 2009, para 1.216 em 2010. Em contrapartida, o n\u00famero de fam\u00edlias que sofreram amea\u00e7as de expuls\u00e3o cresceu significativamente de 10.423 em 2009, para 18.625 em 2010. Um aumento de 78,7%. Tamb\u00e9m cresceu o n\u00famero de fam\u00edlias submetidas \u00e0 a\u00e7\u00e3o de pistoleiros: 9.031 em 2009, para 10.274 em 2010. 13,8% a mais.<\/p>\n<p>Estes n\u00fameros mostram, por um lado, que a diminui\u00e7\u00e3o das a\u00e7\u00f5es dos movimentos veio acompanhada da queda das a\u00e7\u00f5es do poder judici\u00e1rio (despejos e amea\u00e7as de despejo), evidenciando a pr\u00e1tica de aplicar os rigores da lei aos sem-terra. Por outro lado escancaram que o poder privado dos fazendeiros e empres\u00e1rios do agroneg\u00f3cio est\u00e1 sempre atuante, e nada pode deter os interesses do capital.<\/p>\n<p>Os dados tamb\u00e9m deixam evidente que n\u00e3o \u00e9 por causa da a\u00e7\u00e3o dos sem-terra que a viol\u00eancia no campo persiste como muitos querem, taxando de violentas as a\u00e7\u00f5es dos trabalhadores, negando-se a ver a viol\u00eancia sobre a qual se alicer\u00e7ou todo o processo de ocupa\u00e7\u00e3o territorial brasileiro desde o tempo da Col\u00f4nia at\u00e9 os dias de hoje.<br \/>\n<strong>____________________________________<br \/>\nMaiores Informa\u00e7\u00f5es:<br \/>\nAssessoria de comunica\u00e7\u00e3o: Cristiane Passos (62 8111-2890 \/ 9268-6837)<br \/>\nSetor de Comunica\u00e7\u00e3o da CPT: (62) 4008-6406 \/ 6412<br \/>\ncomunicacao@cptnacional.org.br \/ www.cptnacional.org.br \/ @cptnacional<\/strong><\/p>\n","protected":false},"excerpt":{"rendered":"<p>Os dados coletados e organizados pela CPT em 2010 d\u00e3o conta que o n\u00famero de conflitos pela terra permaneceu praticamente est\u00e1vel. Foram 854 em 2009, 853 em 2010. O que chama a aten\u00e7\u00e3o nestes dados \u00e9 que diminu\u00edram os conflitos protagonizados pelos movimentos do campo. As ocupa\u00e7\u00f5es, 290 em 2009, se reduziram para 180 em [&hellip;]<\/p>\n","protected":false},"author":2,"featured_media":0,"comment_status":"open","ping_status":"open","sticky":false,"template":"","format":"standard","meta":{"_acf_changed":false,"footnotes":""},"categories":[4766],"tags":[],"class_list":{"0":"post-808","1":"post","2":"type-post","3":"status-publish","4":"format-standard","6":"category-arquivo"},"acf":[],"yoast_head":"<!-- This site is optimized with the Yoast SEO plugin v26.5 - https:\/\/yoast.com\/wordpress\/plugins\/seo\/ -->\n<title>Crescem os conflitos pela terra, ao mesmo tempo em que diminuem as ocupa\u00e7\u00f5es e acampamentos - PSOL 50<\/title>\n<meta name=\"robots\" content=\"index, follow, max-snippet:-1, max-image-preview:large, max-video-preview:-1\" \/>\n<link rel=\"canonical\" href=\"https:\/\/psol50.org.br\/crescem-os-conflitos-pela-terra-ao-mesmo-tempo-em-que-diminuem-as-ocupacoes-e-acampamentos\/\" \/>\n<meta property=\"og:locale\" content=\"pt_BR\" \/>\n<meta property=\"og:type\" content=\"article\" \/>\n<meta property=\"og:title\" content=\"Crescem os conflitos pela terra, ao mesmo tempo em que diminuem as ocupa\u00e7\u00f5es e acampamentos - PSOL 50\" \/>\n<meta property=\"og:description\" content=\"Os dados coletados e organizados pela CPT em 2010 d\u00e3o conta que o n\u00famero de conflitos pela terra permaneceu praticamente est\u00e1vel. Foram 854 em 2009, 853 em 2010. O que chama a aten\u00e7\u00e3o nestes dados \u00e9 que diminu\u00edram os conflitos protagonizados pelos movimentos do campo. As ocupa\u00e7\u00f5es, 290 em 2009, se reduziram para 180 em [&hellip;]\" \/>\n<meta property=\"og:url\" content=\"https:\/\/psol50.org.br\/crescem-os-conflitos-pela-terra-ao-mesmo-tempo-em-que-diminuem-as-ocupacoes-e-acampamentos\/\" \/>\n<meta property=\"og:site_name\" content=\"PSOL 50\" \/>\n<meta property=\"article:publisher\" content=\"https:\/\/www.facebook.com\/psol50\" \/>\n<meta property=\"article:published_time\" content=\"2011-04-24T00:00:00+00:00\" \/>\n<meta property=\"og:image\" content=\"http:\/\/psol50.org.br\/files\/2011\/04\/CPTconflitoCampo-300x190.jpg\" \/>\n<meta name=\"author\" content=\"Comunica\u00e7\u00e3o PSOL\" \/>\n<meta name=\"twitter:card\" content=\"summary_large_image\" \/>\n<meta name=\"twitter:creator\" content=\"@psol50\" \/>\n<meta name=\"twitter:site\" content=\"@psol50\" \/>\n<meta name=\"twitter:label1\" content=\"Escrito por\" \/>\n\t<meta name=\"twitter:data1\" content=\"Comunica\u00e7\u00e3o PSOL\" \/>\n\t<meta name=\"twitter:label2\" content=\"Est. tempo de leitura\" \/>\n\t<meta name=\"twitter:data2\" content=\"2 minutos\" \/>\n<script type=\"application\/ld+json\" class=\"yoast-schema-graph\">{\"@context\":\"https:\/\/schema.org\",\"@graph\":[{\"@type\":\"Article\",\"@id\":\"https:\/\/psol50.org.br\/crescem-os-conflitos-pela-terra-ao-mesmo-tempo-em-que-diminuem-as-ocupacoes-e-acampamentos\/#article\",\"isPartOf\":{\"@id\":\"https:\/\/psol50.org.br\/crescem-os-conflitos-pela-terra-ao-mesmo-tempo-em-que-diminuem-as-ocupacoes-e-acampamentos\/\"},\"author\":{\"name\":\"Comunica\u00e7\u00e3o PSOL\",\"@id\":\"https:\/\/psol50.org.br\/#\/schema\/person\/475dfa57d0b815993c714c2e96491fcd\"},\"headline\":\"Crescem os conflitos pela terra, ao mesmo tempo em que diminuem as ocupa\u00e7\u00f5es e acampamentos\",\"datePublished\":\"2011-04-24T00:00:00+00:00\",\"mainEntityOfPage\":{\"@id\":\"https:\/\/psol50.org.br\/crescem-os-conflitos-pela-terra-ao-mesmo-tempo-em-que-diminuem-as-ocupacoes-e-acampamentos\/\"},\"wordCount\":488,\"commentCount\":0,\"publisher\":{\"@id\":\"https:\/\/psol50.org.br\/#organization\"},\"image\":{\"@id\":\"https:\/\/psol50.org.br\/crescem-os-conflitos-pela-terra-ao-mesmo-tempo-em-que-diminuem-as-ocupacoes-e-acampamentos\/#primaryimage\"},\"thumbnailUrl\":\"http:\/\/psol50.org.br\/files\/2011\/04\/CPTconflitoCampo-300x190.jpg\",\"articleSection\":[\"Arquivo\"],\"inLanguage\":\"pt-BR\",\"potentialAction\":[{\"@type\":\"CommentAction\",\"name\":\"Comment\",\"target\":[\"https:\/\/psol50.org.br\/crescem-os-conflitos-pela-terra-ao-mesmo-tempo-em-que-diminuem-as-ocupacoes-e-acampamentos\/#respond\"]}]},{\"@type\":\"WebPage\",\"@id\":\"https:\/\/psol50.org.br\/crescem-os-conflitos-pela-terra-ao-mesmo-tempo-em-que-diminuem-as-ocupacoes-e-acampamentos\/\",\"url\":\"https:\/\/psol50.org.br\/crescem-os-conflitos-pela-terra-ao-mesmo-tempo-em-que-diminuem-as-ocupacoes-e-acampamentos\/\",\"name\":\"Crescem os conflitos pela terra, ao mesmo tempo em que diminuem as ocupa\u00e7\u00f5es e acampamentos - PSOL 50\",\"isPartOf\":{\"@id\":\"https:\/\/psol50.org.br\/#website\"},\"primaryImageOfPage\":{\"@id\":\"https:\/\/psol50.org.br\/crescem-os-conflitos-pela-terra-ao-mesmo-tempo-em-que-diminuem-as-ocupacoes-e-acampamentos\/#primaryimage\"},\"image\":{\"@id\":\"https:\/\/psol50.org.br\/crescem-os-conflitos-pela-terra-ao-mesmo-tempo-em-que-diminuem-as-ocupacoes-e-acampamentos\/#primaryimage\"},\"thumbnailUrl\":\"http:\/\/psol50.org.br\/files\/2011\/04\/CPTconflitoCampo-300x190.jpg\",\"datePublished\":\"2011-04-24T00:00:00+00:00\",\"breadcrumb\":{\"@id\":\"https:\/\/psol50.org.br\/crescem-os-conflitos-pela-terra-ao-mesmo-tempo-em-que-diminuem-as-ocupacoes-e-acampamentos\/#breadcrumb\"},\"inLanguage\":\"pt-BR\",\"potentialAction\":[{\"@type\":\"ReadAction\",\"target\":[\"https:\/\/psol50.org.br\/crescem-os-conflitos-pela-terra-ao-mesmo-tempo-em-que-diminuem-as-ocupacoes-e-acampamentos\/\"]}]},{\"@type\":\"ImageObject\",\"inLanguage\":\"pt-BR\",\"@id\":\"https:\/\/psol50.org.br\/crescem-os-conflitos-pela-terra-ao-mesmo-tempo-em-que-diminuem-as-ocupacoes-e-acampamentos\/#primaryimage\",\"url\":\"http:\/\/psol50.org.br\/files\/2011\/04\/CPTconflitoCampo-300x190.jpg\",\"contentUrl\":\"http:\/\/psol50.org.br\/files\/2011\/04\/CPTconflitoCampo-300x190.jpg\"},{\"@type\":\"BreadcrumbList\",\"@id\":\"https:\/\/psol50.org.br\/crescem-os-conflitos-pela-terra-ao-mesmo-tempo-em-que-diminuem-as-ocupacoes-e-acampamentos\/#breadcrumb\",\"itemListElement\":[{\"@type\":\"ListItem\",\"position\":1,\"name\":\"In\u00edcio\",\"item\":\"https:\/\/psol50.org.br\/\"},{\"@type\":\"ListItem\",\"position\":2,\"name\":\"Crescem os conflitos pela terra, ao mesmo tempo em que diminuem as ocupa\u00e7\u00f5es e acampamentos\"}]},{\"@type\":\"WebSite\",\"@id\":\"https:\/\/psol50.org.br\/#website\",\"url\":\"https:\/\/psol50.org.br\/\",\"name\":\"PSOL 50\",\"description\":\"Site oficial do Partido Socialismo e Liberdade\",\"publisher\":{\"@id\":\"https:\/\/psol50.org.br\/#organization\"},\"alternateName\":\"PSOL50\",\"potentialAction\":[{\"@type\":\"SearchAction\",\"target\":{\"@type\":\"EntryPoint\",\"urlTemplate\":\"https:\/\/psol50.org.br\/?s={search_term_string}\"},\"query-input\":{\"@type\":\"PropertyValueSpecification\",\"valueRequired\":true,\"valueName\":\"search_term_string\"}}],\"inLanguage\":\"pt-BR\"},{\"@type\":\"Organization\",\"@id\":\"https:\/\/psol50.org.br\/#organization\",\"name\":\"PSOL 50\",\"alternateName\":\"PSOL 50\",\"url\":\"https:\/\/psol50.org.br\/\",\"logo\":{\"@type\":\"ImageObject\",\"inLanguage\":\"pt-BR\",\"@id\":\"https:\/\/psol50.org.br\/#\/schema\/logo\/image\/\",\"url\":\"https:\/\/psol50.org.br\/inc\/uploads\/2018\/07\/capa.png\",\"contentUrl\":\"https:\/\/psol50.org.br\/inc\/uploads\/2018\/07\/capa.png\",\"width\":1350,\"height\":900,\"caption\":\"PSOL 50\"},\"image\":{\"@id\":\"https:\/\/psol50.org.br\/#\/schema\/logo\/image\/\"},\"sameAs\":[\"https:\/\/www.facebook.com\/psol50\",\"https:\/\/x.com\/psol50\",\"https:\/\/www.instagram.com\/psol50\/\",\"https:\/\/www.youtube.com\/channel\/UC7SnJS5o1os7a6CaiNabzcg\"]},{\"@type\":\"Person\",\"@id\":\"https:\/\/psol50.org.br\/#\/schema\/person\/475dfa57d0b815993c714c2e96491fcd\",\"name\":\"Comunica\u00e7\u00e3o PSOL\",\"image\":{\"@type\":\"ImageObject\",\"inLanguage\":\"pt-BR\",\"@id\":\"https:\/\/psol50.org.br\/#\/schema\/person\/image\/\",\"url\":\"https:\/\/secure.gravatar.com\/avatar\/b34fc4f4e468a4e51785917065a3db57b841f5c95dba6ad8c73aaf8f66f8f9bf?s=96&d=mm&r=g\",\"contentUrl\":\"https:\/\/secure.gravatar.com\/avatar\/b34fc4f4e468a4e51785917065a3db57b841f5c95dba6ad8c73aaf8f66f8f9bf?s=96&d=mm&r=g\",\"caption\":\"Comunica\u00e7\u00e3o PSOL\"}}]}<\/script>\n<!-- \/ Yoast SEO plugin. -->","yoast_head_json":{"title":"Crescem os conflitos pela terra, ao mesmo tempo em que diminuem as ocupa\u00e7\u00f5es e acampamentos - PSOL 50","robots":{"index":"index","follow":"follow","max-snippet":"max-snippet:-1","max-image-preview":"max-image-preview:large","max-video-preview":"max-video-preview:-1"},"canonical":"https:\/\/psol50.org.br\/crescem-os-conflitos-pela-terra-ao-mesmo-tempo-em-que-diminuem-as-ocupacoes-e-acampamentos\/","og_locale":"pt_BR","og_type":"article","og_title":"Crescem os conflitos pela terra, ao mesmo tempo em que diminuem as ocupa\u00e7\u00f5es e acampamentos - PSOL 50","og_description":"Os dados coletados e organizados pela CPT em 2010 d\u00e3o conta que o n\u00famero de conflitos pela terra permaneceu praticamente est\u00e1vel. Foram 854 em 2009, 853 em 2010. O que chama a aten\u00e7\u00e3o nestes dados \u00e9 que diminu\u00edram os conflitos protagonizados pelos movimentos do campo. As ocupa\u00e7\u00f5es, 290 em 2009, se reduziram para 180 em [&hellip;]","og_url":"https:\/\/psol50.org.br\/crescem-os-conflitos-pela-terra-ao-mesmo-tempo-em-que-diminuem-as-ocupacoes-e-acampamentos\/","og_site_name":"PSOL 50","article_publisher":"https:\/\/www.facebook.com\/psol50","article_published_time":"2011-04-24T00:00:00+00:00","og_image":[{"url":"http:\/\/psol50.org.br\/files\/2011\/04\/CPTconflitoCampo-300x190.jpg","type":"","width":"","height":""}],"author":"Comunica\u00e7\u00e3o PSOL","twitter_card":"summary_large_image","twitter_creator":"@psol50","twitter_site":"@psol50","twitter_misc":{"Escrito por":"Comunica\u00e7\u00e3o PSOL","Est. tempo de leitura":"2 minutos"},"schema":{"@context":"https:\/\/schema.org","@graph":[{"@type":"Article","@id":"https:\/\/psol50.org.br\/crescem-os-conflitos-pela-terra-ao-mesmo-tempo-em-que-diminuem-as-ocupacoes-e-acampamentos\/#article","isPartOf":{"@id":"https:\/\/psol50.org.br\/crescem-os-conflitos-pela-terra-ao-mesmo-tempo-em-que-diminuem-as-ocupacoes-e-acampamentos\/"},"author":{"name":"Comunica\u00e7\u00e3o PSOL","@id":"https:\/\/psol50.org.br\/#\/schema\/person\/475dfa57d0b815993c714c2e96491fcd"},"headline":"Crescem os conflitos pela terra, ao mesmo tempo em que diminuem as ocupa\u00e7\u00f5es e acampamentos","datePublished":"2011-04-24T00:00:00+00:00","mainEntityOfPage":{"@id":"https:\/\/psol50.org.br\/crescem-os-conflitos-pela-terra-ao-mesmo-tempo-em-que-diminuem-as-ocupacoes-e-acampamentos\/"},"wordCount":488,"commentCount":0,"publisher":{"@id":"https:\/\/psol50.org.br\/#organization"},"image":{"@id":"https:\/\/psol50.org.br\/crescem-os-conflitos-pela-terra-ao-mesmo-tempo-em-que-diminuem-as-ocupacoes-e-acampamentos\/#primaryimage"},"thumbnailUrl":"http:\/\/psol50.org.br\/files\/2011\/04\/CPTconflitoCampo-300x190.jpg","articleSection":["Arquivo"],"inLanguage":"pt-BR","potentialAction":[{"@type":"CommentAction","name":"Comment","target":["https:\/\/psol50.org.br\/crescem-os-conflitos-pela-terra-ao-mesmo-tempo-em-que-diminuem-as-ocupacoes-e-acampamentos\/#respond"]}]},{"@type":"WebPage","@id":"https:\/\/psol50.org.br\/crescem-os-conflitos-pela-terra-ao-mesmo-tempo-em-que-diminuem-as-ocupacoes-e-acampamentos\/","url":"https:\/\/psol50.org.br\/crescem-os-conflitos-pela-terra-ao-mesmo-tempo-em-que-diminuem-as-ocupacoes-e-acampamentos\/","name":"Crescem os conflitos pela terra, ao mesmo tempo em que diminuem as ocupa\u00e7\u00f5es e acampamentos - PSOL 50","isPartOf":{"@id":"https:\/\/psol50.org.br\/#website"},"primaryImageOfPage":{"@id":"https:\/\/psol50.org.br\/crescem-os-conflitos-pela-terra-ao-mesmo-tempo-em-que-diminuem-as-ocupacoes-e-acampamentos\/#primaryimage"},"image":{"@id":"https:\/\/psol50.org.br\/crescem-os-conflitos-pela-terra-ao-mesmo-tempo-em-que-diminuem-as-ocupacoes-e-acampamentos\/#primaryimage"},"thumbnailUrl":"http:\/\/psol50.org.br\/files\/2011\/04\/CPTconflitoCampo-300x190.jpg","datePublished":"2011-04-24T00:00:00+00:00","breadcrumb":{"@id":"https:\/\/psol50.org.br\/crescem-os-conflitos-pela-terra-ao-mesmo-tempo-em-que-diminuem-as-ocupacoes-e-acampamentos\/#breadcrumb"},"inLanguage":"pt-BR","potentialAction":[{"@type":"ReadAction","target":["https:\/\/psol50.org.br\/crescem-os-conflitos-pela-terra-ao-mesmo-tempo-em-que-diminuem-as-ocupacoes-e-acampamentos\/"]}]},{"@type":"ImageObject","inLanguage":"pt-BR","@id":"https:\/\/psol50.org.br\/crescem-os-conflitos-pela-terra-ao-mesmo-tempo-em-que-diminuem-as-ocupacoes-e-acampamentos\/#primaryimage","url":"http:\/\/psol50.org.br\/files\/2011\/04\/CPTconflitoCampo-300x190.jpg","contentUrl":"http:\/\/psol50.org.br\/files\/2011\/04\/CPTconflitoCampo-300x190.jpg"},{"@type":"BreadcrumbList","@id":"https:\/\/psol50.org.br\/crescem-os-conflitos-pela-terra-ao-mesmo-tempo-em-que-diminuem-as-ocupacoes-e-acampamentos\/#breadcrumb","itemListElement":[{"@type":"ListItem","position":1,"name":"In\u00edcio","item":"https:\/\/psol50.org.br\/"},{"@type":"ListItem","position":2,"name":"Crescem os conflitos pela terra, ao mesmo tempo em que diminuem as ocupa\u00e7\u00f5es e acampamentos"}]},{"@type":"WebSite","@id":"https:\/\/psol50.org.br\/#website","url":"https:\/\/psol50.org.br\/","name":"PSOL 50","description":"Site oficial do Partido Socialismo e Liberdade","publisher":{"@id":"https:\/\/psol50.org.br\/#organization"},"alternateName":"PSOL50","potentialAction":[{"@type":"SearchAction","target":{"@type":"EntryPoint","urlTemplate":"https:\/\/psol50.org.br\/?s={search_term_string}"},"query-input":{"@type":"PropertyValueSpecification","valueRequired":true,"valueName":"search_term_string"}}],"inLanguage":"pt-BR"},{"@type":"Organization","@id":"https:\/\/psol50.org.br\/#organization","name":"PSOL 50","alternateName":"PSOL 50","url":"https:\/\/psol50.org.br\/","logo":{"@type":"ImageObject","inLanguage":"pt-BR","@id":"https:\/\/psol50.org.br\/#\/schema\/logo\/image\/","url":"https:\/\/psol50.org.br\/inc\/uploads\/2018\/07\/capa.png","contentUrl":"https:\/\/psol50.org.br\/inc\/uploads\/2018\/07\/capa.png","width":1350,"height":900,"caption":"PSOL 50"},"image":{"@id":"https:\/\/psol50.org.br\/#\/schema\/logo\/image\/"},"sameAs":["https:\/\/www.facebook.com\/psol50","https:\/\/x.com\/psol50","https:\/\/www.instagram.com\/psol50\/","https:\/\/www.youtube.com\/channel\/UC7SnJS5o1os7a6CaiNabzcg"]},{"@type":"Person","@id":"https:\/\/psol50.org.br\/#\/schema\/person\/475dfa57d0b815993c714c2e96491fcd","name":"Comunica\u00e7\u00e3o PSOL","image":{"@type":"ImageObject","inLanguage":"pt-BR","@id":"https:\/\/psol50.org.br\/#\/schema\/person\/image\/","url":"https:\/\/secure.gravatar.com\/avatar\/b34fc4f4e468a4e51785917065a3db57b841f5c95dba6ad8c73aaf8f66f8f9bf?s=96&d=mm&r=g","contentUrl":"https:\/\/secure.gravatar.com\/avatar\/b34fc4f4e468a4e51785917065a3db57b841f5c95dba6ad8c73aaf8f66f8f9bf?s=96&d=mm&r=g","caption":"Comunica\u00e7\u00e3o PSOL"}}]}},"_links":{"self":[{"href":"https:\/\/psol50.org.br\/rest\/wp\/v2\/posts\/808","targetHints":{"allow":["GET"]}}],"collection":[{"href":"https:\/\/psol50.org.br\/rest\/wp\/v2\/posts"}],"about":[{"href":"https:\/\/psol50.org.br\/rest\/wp\/v2\/types\/post"}],"author":[{"embeddable":true,"href":"https:\/\/psol50.org.br\/rest\/wp\/v2\/users\/2"}],"replies":[{"embeddable":true,"href":"https:\/\/psol50.org.br\/rest\/wp\/v2\/comments?post=808"}],"version-history":[{"count":0,"href":"https:\/\/psol50.org.br\/rest\/wp\/v2\/posts\/808\/revisions"}],"wp:attachment":[{"href":"https:\/\/psol50.org.br\/rest\/wp\/v2\/media?parent=808"}],"wp:term":[{"taxonomy":"category","embeddable":true,"href":"https:\/\/psol50.org.br\/rest\/wp\/v2\/categories?post=808"},{"taxonomy":"post_tag","embeddable":true,"href":"https:\/\/psol50.org.br\/rest\/wp\/v2\/tags?post=808"}],"curies":[{"name":"wp","href":"https:\/\/api.w.org\/{rel}","templated":true}]}}