{"id":813,"date":"2011-05-01T00:00:00","date_gmt":"2011-05-01T00:00:00","guid":{"rendered":"http:\/\/psol50.org.br\/arquivo\/2011\/05\/01\/greve-nas-universidades-da-bahia\/"},"modified":"2011-05-01T00:00:00","modified_gmt":"2011-05-01T00:00:00","slug":"greve-nas-universidades-da-bahia","status":"publish","type":"post","link":"https:\/\/psol50.org.br\/greve-nas-universidades-da-bahia\/","title":{"rendered":"Greve nas universidades da Bahia"},"content":{"rendered":"<p><a href=\"http:\/\/1.bp.blogspot.com\/-R18hlgEm1wY\/Tb3T1Bux0iI\/AAAAAAAACG0\/uKA0fYyhnzU\/s1600\/DSC_0514.JPG\"><img decoding=\"async\" src=\"http:\/\/1.bp.blogspot.com\/-R18hlgEm1wY\/Tb3T1Bux0iI\/AAAAAAAACG0\/uKA0fYyhnzU\/s320\/DSC_0514.JPG\" border=\"0\" alt=\"\" \/><\/a><\/p>\n<div>Vestidos  de pretos e com faixas e cartazes \u00e0s m\u00e3os, alunos e professores da  (UNEB) surpreenderam o governador da Bahia Jaques Wagner na entrada da  F\u00e1brica Moscamed. \u201cEu s\u00f3 quero estudar\u201d, diziam os estudantes.<\/div>\n<div>Eles  protestam contra a falta de investimentos no ensino superior, solicitam  mais recursos para a assist\u00eancia estudantil, qualidade do ensino na  gradua\u00e7\u00e3o, bolsas para pesquisa e a contrata\u00e7\u00e3o de professor, a fim de  garantir um ensino de qualidade. Ap\u00f3s gritos de protesto e m\u00fasicas que  identificam o ato, o Deputado Joseph Bandeira (PT) negociou a entrada de  uma comitiva que representasse os protestantes, com a condi\u00e7\u00e3o de que  grupo se mantivesse no local sem fazer barulho.<\/div>\n<div><\/div>\n<div>Formada  pelos professores Emanuel Ernesto, Cosme Batista, Neuma Guedes e o  aluno Diego Albuquerque, a Comiss\u00e3o garantiu que, na conversa, com o  governador ficou esclarecido que haver\u00e1 uma discuss\u00e3o sobre o Decreto  12583 de fevereiro deste ano, mas n\u00e3o haver\u00e1 revoga\u00e7\u00e3o. \u201cSegundo o que  ouvimos do governador \u00e9 que a negocia\u00e7\u00e3o ser\u00e1 realizada separadamente  com cada Reitor, pois cada um sabe onde aplicar os cortes no or\u00e7amento\u201d,  disse Emanuel Ernesto. Assim, as responsabilidades seriam dos gestores  universit\u00e1rios.<br \/>\n<a href=\"http:\/\/2.bp.blogspot.com\/--inMGUvv8Tg\/Tb3WRp-QLmI\/AAAAAAAACHE\/zBBKwQU4vhI\/s1600\/DSC_0663.JPG\"><img decoding=\"async\" src=\"http:\/\/2.bp.blogspot.com\/--inMGUvv8Tg\/Tb3WRp-QLmI\/AAAAAAAACHE\/zBBKwQU4vhI\/s320\/DSC_0663.JPG\" border=\"0\" alt=\"\" \/><\/a><\/div>\n<p>Para  o estudante <strong>Diego Albuquerque <\/strong>(foto acima)\u00a0 \u00e9 importante apoiar a decis\u00e3o da greve  por acreditar que o Decreto fere a autonomia da universidade e a  melhoria da condi\u00e7\u00e3o de ensino, quando pro\u00edbe o professor de sair para  especializar-se, atingindo diretamente a qualidade do nosso ensino.<\/p>\n<div>J\u00e1  alguns representantes pol\u00edticos presentes na comitiva do governador  desconheciam o Decreto, como o Deputado Estadual Roberto Carlos, cidad\u00e3o  juazeirense. Apesar de afirmar ser contr\u00e1rio a qualquer tipo de  preju\u00edzo \u00e0 educa\u00e7\u00e3o, ele afirmou que soube do Decreto na semana passada,  e que desconhece o conte\u00fado.<a href=\"http:\/\/4.bp.blogspot.com\/-IyJQ7z1Wgps\/Tb3dWKTkD0I\/AAAAAAAACHU\/zSL4f64af2U\/s1600\/DSC_0627.JPG\"><img decoding=\"async\" src=\"http:\/\/4.bp.blogspot.com\/-IyJQ7z1Wgps\/Tb3dWKTkD0I\/AAAAAAAACHU\/zSL4f64af2U\/s320\/DSC_0627.JPG\" border=\"0\" alt=\"\" \/><\/a><br \/>\nSe  assim como o deputado estadual Roberto Carlos, voc\u00ea desconhece o  conte\u00fado do Decreto, saiba que ele estabelece o congelamento dos  sal\u00e1rios por quatro anos; cortes nos or\u00e7amentos das universidades  baianas, parte do plano de enxugamento de or\u00e7amento anunciado pelo  governo baiano no in\u00edcio de fevereiro, que visa a diminuir em R$ 1,1  bilh\u00e3o os gastos da administra\u00e7\u00e3o p\u00fablica este ano.<\/div>\n<div><strong>Por: Karine Nascimento (texto) &#8211; Lorena Santiago (foto)<\/strong><\/div>\n<div><a href=\"http:\/\/multicienciaonline.blogspot.com\/2011\/05\/eu-so-quero-estudar.html\"><strong>Fonte:\u00a0 Ag\u00eancia de Not\u00edcias da Uneb OCH III &#8211; Juazeiro (BA)<\/strong><\/a><\/div>\n","protected":false},"excerpt":{"rendered":"<p>Vestidos de pretos e com faixas e cartazes \u00e0s m\u00e3os, alunos e professores da (UNEB) surpreenderam o governador da Bahia Jaques Wagner na entrada da F\u00e1brica Moscamed. \u201cEu s\u00f3 quero estudar\u201d, diziam os estudantes. Eles protestam contra a falta de investimentos no ensino superior, solicitam mais recursos para a assist\u00eancia estudantil, qualidade do ensino na [&hellip;]<\/p>\n","protected":false},"author":2,"featured_media":0,"comment_status":"open","ping_status":"open","sticky":false,"template":"","format":"standard","meta":{"_acf_changed":false,"footnotes":""},"categories":[4766],"tags":[],"class_list":{"0":"post-813","1":"post","2":"type-post","3":"status-publish","4":"format-standard","6":"category-arquivo"},"acf":[],"yoast_head":"<!-- This site is optimized with the Yoast SEO plugin v26.5 - https:\/\/yoast.com\/wordpress\/plugins\/seo\/ -->\n<title>Greve nas universidades da Bahia - PSOL 50<\/title>\n<meta name=\"robots\" content=\"index, follow, max-snippet:-1, max-image-preview:large, max-video-preview:-1\" \/>\n<link rel=\"canonical\" href=\"https:\/\/psol50.org.br\/greve-nas-universidades-da-bahia\/\" \/>\n<meta property=\"og:locale\" content=\"pt_BR\" \/>\n<meta property=\"og:type\" content=\"article\" \/>\n<meta property=\"og:title\" content=\"Greve nas universidades da Bahia - PSOL 50\" \/>\n<meta property=\"og:description\" content=\"Vestidos de pretos e com faixas e cartazes \u00e0s m\u00e3os, alunos e professores da (UNEB) surpreenderam o governador da Bahia Jaques Wagner na entrada da F\u00e1brica Moscamed. \u201cEu s\u00f3 quero estudar\u201d, diziam os estudantes. Eles protestam contra a falta de investimentos no ensino superior, solicitam mais recursos para a assist\u00eancia estudantil, qualidade do ensino na [&hellip;]\" \/>\n<meta property=\"og:url\" content=\"https:\/\/psol50.org.br\/greve-nas-universidades-da-bahia\/\" \/>\n<meta property=\"og:site_name\" content=\"PSOL 50\" \/>\n<meta property=\"article:publisher\" content=\"https:\/\/www.facebook.com\/psol50\" \/>\n<meta property=\"article:published_time\" content=\"2011-05-01T00:00:00+00:00\" \/>\n<meta property=\"og:image\" content=\"http:\/\/1.bp.blogspot.com\/-R18hlgEm1wY\/Tb3T1Bux0iI\/AAAAAAAACG0\/uKA0fYyhnzU\/s320\/DSC_0514.JPG\" \/>\n<meta name=\"author\" content=\"Comunica\u00e7\u00e3o PSOL\" \/>\n<meta name=\"twitter:card\" content=\"summary_large_image\" \/>\n<meta name=\"twitter:creator\" content=\"@psol50\" \/>\n<meta name=\"twitter:site\" content=\"@psol50\" \/>\n<meta name=\"twitter:label1\" content=\"Escrito por\" \/>\n\t<meta name=\"twitter:data1\" content=\"Comunica\u00e7\u00e3o PSOL\" \/>\n\t<meta name=\"twitter:label2\" content=\"Est. tempo de leitura\" \/>\n\t<meta name=\"twitter:data2\" content=\"2 minutos\" \/>\n<script type=\"application\/ld+json\" class=\"yoast-schema-graph\">{\"@context\":\"https:\/\/schema.org\",\"@graph\":[{\"@type\":\"Article\",\"@id\":\"https:\/\/psol50.org.br\/greve-nas-universidades-da-bahia\/#article\",\"isPartOf\":{\"@id\":\"https:\/\/psol50.org.br\/greve-nas-universidades-da-bahia\/\"},\"author\":{\"name\":\"Comunica\u00e7\u00e3o PSOL\",\"@id\":\"https:\/\/psol50.org.br\/#\/schema\/person\/475dfa57d0b815993c714c2e96491fcd\"},\"headline\":\"Greve nas universidades da Bahia\",\"datePublished\":\"2011-05-01T00:00:00+00:00\",\"mainEntityOfPage\":{\"@id\":\"https:\/\/psol50.org.br\/greve-nas-universidades-da-bahia\/\"},\"wordCount\":393,\"commentCount\":0,\"publisher\":{\"@id\":\"https:\/\/psol50.org.br\/#organization\"},\"image\":{\"@id\":\"https:\/\/psol50.org.br\/greve-nas-universidades-da-bahia\/#primaryimage\"},\"thumbnailUrl\":\"http:\/\/1.bp.blogspot.com\/-R18hlgEm1wY\/Tb3T1Bux0iI\/AAAAAAAACG0\/uKA0fYyhnzU\/s320\/DSC_0514.JPG\",\"articleSection\":[\"Arquivo\"],\"inLanguage\":\"pt-BR\",\"potentialAction\":[{\"@type\":\"CommentAction\",\"name\":\"Comment\",\"target\":[\"https:\/\/psol50.org.br\/greve-nas-universidades-da-bahia\/#respond\"]}]},{\"@type\":\"WebPage\",\"@id\":\"https:\/\/psol50.org.br\/greve-nas-universidades-da-bahia\/\",\"url\":\"https:\/\/psol50.org.br\/greve-nas-universidades-da-bahia\/\",\"name\":\"Greve nas universidades da Bahia - PSOL 50\",\"isPartOf\":{\"@id\":\"https:\/\/psol50.org.br\/#website\"},\"primaryImageOfPage\":{\"@id\":\"https:\/\/psol50.org.br\/greve-nas-universidades-da-bahia\/#primaryimage\"},\"image\":{\"@id\":\"https:\/\/psol50.org.br\/greve-nas-universidades-da-bahia\/#primaryimage\"},\"thumbnailUrl\":\"http:\/\/1.bp.blogspot.com\/-R18hlgEm1wY\/Tb3T1Bux0iI\/AAAAAAAACG0\/uKA0fYyhnzU\/s320\/DSC_0514.JPG\",\"datePublished\":\"2011-05-01T00:00:00+00:00\",\"breadcrumb\":{\"@id\":\"https:\/\/psol50.org.br\/greve-nas-universidades-da-bahia\/#breadcrumb\"},\"inLanguage\":\"pt-BR\",\"potentialAction\":[{\"@type\":\"ReadAction\",\"target\":[\"https:\/\/psol50.org.br\/greve-nas-universidades-da-bahia\/\"]}]},{\"@type\":\"ImageObject\",\"inLanguage\":\"pt-BR\",\"@id\":\"https:\/\/psol50.org.br\/greve-nas-universidades-da-bahia\/#primaryimage\",\"url\":\"http:\/\/1.bp.blogspot.com\/-R18hlgEm1wY\/Tb3T1Bux0iI\/AAAAAAAACG0\/uKA0fYyhnzU\/s320\/DSC_0514.JPG\",\"contentUrl\":\"http:\/\/1.bp.blogspot.com\/-R18hlgEm1wY\/Tb3T1Bux0iI\/AAAAAAAACG0\/uKA0fYyhnzU\/s320\/DSC_0514.JPG\"},{\"@type\":\"BreadcrumbList\",\"@id\":\"https:\/\/psol50.org.br\/greve-nas-universidades-da-bahia\/#breadcrumb\",\"itemListElement\":[{\"@type\":\"ListItem\",\"position\":1,\"name\":\"In\u00edcio\",\"item\":\"https:\/\/psol50.org.br\/\"},{\"@type\":\"ListItem\",\"position\":2,\"name\":\"Greve nas universidades da Bahia\"}]},{\"@type\":\"WebSite\",\"@id\":\"https:\/\/psol50.org.br\/#website\",\"url\":\"https:\/\/psol50.org.br\/\",\"name\":\"PSOL 50\",\"description\":\"Site oficial do Partido Socialismo e Liberdade\",\"publisher\":{\"@id\":\"https:\/\/psol50.org.br\/#organization\"},\"alternateName\":\"PSOL50\",\"potentialAction\":[{\"@type\":\"SearchAction\",\"target\":{\"@type\":\"EntryPoint\",\"urlTemplate\":\"https:\/\/psol50.org.br\/?s={search_term_string}\"},\"query-input\":{\"@type\":\"PropertyValueSpecification\",\"valueRequired\":true,\"valueName\":\"search_term_string\"}}],\"inLanguage\":\"pt-BR\"},{\"@type\":\"Organization\",\"@id\":\"https:\/\/psol50.org.br\/#organization\",\"name\":\"PSOL 50\",\"alternateName\":\"PSOL 50\",\"url\":\"https:\/\/psol50.org.br\/\",\"logo\":{\"@type\":\"ImageObject\",\"inLanguage\":\"pt-BR\",\"@id\":\"https:\/\/psol50.org.br\/#\/schema\/logo\/image\/\",\"url\":\"https:\/\/psol50.org.br\/inc\/uploads\/2018\/07\/capa.png\",\"contentUrl\":\"https:\/\/psol50.org.br\/inc\/uploads\/2018\/07\/capa.png\",\"width\":1350,\"height\":900,\"caption\":\"PSOL 50\"},\"image\":{\"@id\":\"https:\/\/psol50.org.br\/#\/schema\/logo\/image\/\"},\"sameAs\":[\"https:\/\/www.facebook.com\/psol50\",\"https:\/\/x.com\/psol50\",\"https:\/\/www.instagram.com\/psol50\/\",\"https:\/\/www.youtube.com\/channel\/UC7SnJS5o1os7a6CaiNabzcg\"]},{\"@type\":\"Person\",\"@id\":\"https:\/\/psol50.org.br\/#\/schema\/person\/475dfa57d0b815993c714c2e96491fcd\",\"name\":\"Comunica\u00e7\u00e3o PSOL\",\"image\":{\"@type\":\"ImageObject\",\"inLanguage\":\"pt-BR\",\"@id\":\"https:\/\/psol50.org.br\/#\/schema\/person\/image\/\",\"url\":\"https:\/\/secure.gravatar.com\/avatar\/b34fc4f4e468a4e51785917065a3db57b841f5c95dba6ad8c73aaf8f66f8f9bf?s=96&d=mm&r=g\",\"contentUrl\":\"https:\/\/secure.gravatar.com\/avatar\/b34fc4f4e468a4e51785917065a3db57b841f5c95dba6ad8c73aaf8f66f8f9bf?s=96&d=mm&r=g\",\"caption\":\"Comunica\u00e7\u00e3o PSOL\"}}]}<\/script>\n<!-- \/ Yoast SEO plugin. -->","yoast_head_json":{"title":"Greve nas universidades da Bahia - PSOL 50","robots":{"index":"index","follow":"follow","max-snippet":"max-snippet:-1","max-image-preview":"max-image-preview:large","max-video-preview":"max-video-preview:-1"},"canonical":"https:\/\/psol50.org.br\/greve-nas-universidades-da-bahia\/","og_locale":"pt_BR","og_type":"article","og_title":"Greve nas universidades da Bahia - PSOL 50","og_description":"Vestidos de pretos e com faixas e cartazes \u00e0s m\u00e3os, alunos e professores da (UNEB) surpreenderam o governador da Bahia Jaques Wagner na entrada da F\u00e1brica Moscamed. \u201cEu s\u00f3 quero estudar\u201d, diziam os estudantes. Eles protestam contra a falta de investimentos no ensino superior, solicitam mais recursos para a assist\u00eancia estudantil, qualidade do ensino na [&hellip;]","og_url":"https:\/\/psol50.org.br\/greve-nas-universidades-da-bahia\/","og_site_name":"PSOL 50","article_publisher":"https:\/\/www.facebook.com\/psol50","article_published_time":"2011-05-01T00:00:00+00:00","og_image":[{"url":"http:\/\/1.bp.blogspot.com\/-R18hlgEm1wY\/Tb3T1Bux0iI\/AAAAAAAACG0\/uKA0fYyhnzU\/s320\/DSC_0514.JPG","type":"","width":"","height":""}],"author":"Comunica\u00e7\u00e3o PSOL","twitter_card":"summary_large_image","twitter_creator":"@psol50","twitter_site":"@psol50","twitter_misc":{"Escrito por":"Comunica\u00e7\u00e3o PSOL","Est. tempo de leitura":"2 minutos"},"schema":{"@context":"https:\/\/schema.org","@graph":[{"@type":"Article","@id":"https:\/\/psol50.org.br\/greve-nas-universidades-da-bahia\/#article","isPartOf":{"@id":"https:\/\/psol50.org.br\/greve-nas-universidades-da-bahia\/"},"author":{"name":"Comunica\u00e7\u00e3o PSOL","@id":"https:\/\/psol50.org.br\/#\/schema\/person\/475dfa57d0b815993c714c2e96491fcd"},"headline":"Greve nas universidades da Bahia","datePublished":"2011-05-01T00:00:00+00:00","mainEntityOfPage":{"@id":"https:\/\/psol50.org.br\/greve-nas-universidades-da-bahia\/"},"wordCount":393,"commentCount":0,"publisher":{"@id":"https:\/\/psol50.org.br\/#organization"},"image":{"@id":"https:\/\/psol50.org.br\/greve-nas-universidades-da-bahia\/#primaryimage"},"thumbnailUrl":"http:\/\/1.bp.blogspot.com\/-R18hlgEm1wY\/Tb3T1Bux0iI\/AAAAAAAACG0\/uKA0fYyhnzU\/s320\/DSC_0514.JPG","articleSection":["Arquivo"],"inLanguage":"pt-BR","potentialAction":[{"@type":"CommentAction","name":"Comment","target":["https:\/\/psol50.org.br\/greve-nas-universidades-da-bahia\/#respond"]}]},{"@type":"WebPage","@id":"https:\/\/psol50.org.br\/greve-nas-universidades-da-bahia\/","url":"https:\/\/psol50.org.br\/greve-nas-universidades-da-bahia\/","name":"Greve nas universidades da Bahia - PSOL 50","isPartOf":{"@id":"https:\/\/psol50.org.br\/#website"},"primaryImageOfPage":{"@id":"https:\/\/psol50.org.br\/greve-nas-universidades-da-bahia\/#primaryimage"},"image":{"@id":"https:\/\/psol50.org.br\/greve-nas-universidades-da-bahia\/#primaryimage"},"thumbnailUrl":"http:\/\/1.bp.blogspot.com\/-R18hlgEm1wY\/Tb3T1Bux0iI\/AAAAAAAACG0\/uKA0fYyhnzU\/s320\/DSC_0514.JPG","datePublished":"2011-05-01T00:00:00+00:00","breadcrumb":{"@id":"https:\/\/psol50.org.br\/greve-nas-universidades-da-bahia\/#breadcrumb"},"inLanguage":"pt-BR","potentialAction":[{"@type":"ReadAction","target":["https:\/\/psol50.org.br\/greve-nas-universidades-da-bahia\/"]}]},{"@type":"ImageObject","inLanguage":"pt-BR","@id":"https:\/\/psol50.org.br\/greve-nas-universidades-da-bahia\/#primaryimage","url":"http:\/\/1.bp.blogspot.com\/-R18hlgEm1wY\/Tb3T1Bux0iI\/AAAAAAAACG0\/uKA0fYyhnzU\/s320\/DSC_0514.JPG","contentUrl":"http:\/\/1.bp.blogspot.com\/-R18hlgEm1wY\/Tb3T1Bux0iI\/AAAAAAAACG0\/uKA0fYyhnzU\/s320\/DSC_0514.JPG"},{"@type":"BreadcrumbList","@id":"https:\/\/psol50.org.br\/greve-nas-universidades-da-bahia\/#breadcrumb","itemListElement":[{"@type":"ListItem","position":1,"name":"In\u00edcio","item":"https:\/\/psol50.org.br\/"},{"@type":"ListItem","position":2,"name":"Greve nas universidades da Bahia"}]},{"@type":"WebSite","@id":"https:\/\/psol50.org.br\/#website","url":"https:\/\/psol50.org.br\/","name":"PSOL 50","description":"Site oficial do Partido Socialismo e Liberdade","publisher":{"@id":"https:\/\/psol50.org.br\/#organization"},"alternateName":"PSOL50","potentialAction":[{"@type":"SearchAction","target":{"@type":"EntryPoint","urlTemplate":"https:\/\/psol50.org.br\/?s={search_term_string}"},"query-input":{"@type":"PropertyValueSpecification","valueRequired":true,"valueName":"search_term_string"}}],"inLanguage":"pt-BR"},{"@type":"Organization","@id":"https:\/\/psol50.org.br\/#organization","name":"PSOL 50","alternateName":"PSOL 50","url":"https:\/\/psol50.org.br\/","logo":{"@type":"ImageObject","inLanguage":"pt-BR","@id":"https:\/\/psol50.org.br\/#\/schema\/logo\/image\/","url":"https:\/\/psol50.org.br\/inc\/uploads\/2018\/07\/capa.png","contentUrl":"https:\/\/psol50.org.br\/inc\/uploads\/2018\/07\/capa.png","width":1350,"height":900,"caption":"PSOL 50"},"image":{"@id":"https:\/\/psol50.org.br\/#\/schema\/logo\/image\/"},"sameAs":["https:\/\/www.facebook.com\/psol50","https:\/\/x.com\/psol50","https:\/\/www.instagram.com\/psol50\/","https:\/\/www.youtube.com\/channel\/UC7SnJS5o1os7a6CaiNabzcg"]},{"@type":"Person","@id":"https:\/\/psol50.org.br\/#\/schema\/person\/475dfa57d0b815993c714c2e96491fcd","name":"Comunica\u00e7\u00e3o PSOL","image":{"@type":"ImageObject","inLanguage":"pt-BR","@id":"https:\/\/psol50.org.br\/#\/schema\/person\/image\/","url":"https:\/\/secure.gravatar.com\/avatar\/b34fc4f4e468a4e51785917065a3db57b841f5c95dba6ad8c73aaf8f66f8f9bf?s=96&d=mm&r=g","contentUrl":"https:\/\/secure.gravatar.com\/avatar\/b34fc4f4e468a4e51785917065a3db57b841f5c95dba6ad8c73aaf8f66f8f9bf?s=96&d=mm&r=g","caption":"Comunica\u00e7\u00e3o PSOL"}}]}},"_links":{"self":[{"href":"https:\/\/psol50.org.br\/rest\/wp\/v2\/posts\/813","targetHints":{"allow":["GET"]}}],"collection":[{"href":"https:\/\/psol50.org.br\/rest\/wp\/v2\/posts"}],"about":[{"href":"https:\/\/psol50.org.br\/rest\/wp\/v2\/types\/post"}],"author":[{"embeddable":true,"href":"https:\/\/psol50.org.br\/rest\/wp\/v2\/users\/2"}],"replies":[{"embeddable":true,"href":"https:\/\/psol50.org.br\/rest\/wp\/v2\/comments?post=813"}],"version-history":[{"count":0,"href":"https:\/\/psol50.org.br\/rest\/wp\/v2\/posts\/813\/revisions"}],"wp:attachment":[{"href":"https:\/\/psol50.org.br\/rest\/wp\/v2\/media?parent=813"}],"wp:term":[{"taxonomy":"category","embeddable":true,"href":"https:\/\/psol50.org.br\/rest\/wp\/v2\/categories?post=813"},{"taxonomy":"post_tag","embeddable":true,"href":"https:\/\/psol50.org.br\/rest\/wp\/v2\/tags?post=813"}],"curies":[{"name":"wp","href":"https:\/\/api.w.org\/{rel}","templated":true}]}}