{"id":814,"date":"2011-05-02T00:00:00","date_gmt":"2011-05-02T00:00:00","guid":{"rendered":"http:\/\/psol50.org.br\/arquivo\/2011\/05\/02\/servidores-municipais-de-teresina-deflagram-greve-por-tempo-indeterminado\/"},"modified":"2011-05-02T00:00:00","modified_gmt":"2011-05-02T00:00:00","slug":"servidores-municipais-de-teresina-deflagram-greve-por-tempo-indeterminado","status":"publish","type":"post","link":"https:\/\/psol50.org.br\/servidores-municipais-de-teresina-deflagram-greve-por-tempo-indeterminado\/","title":{"rendered":"Servidores municipais de Teresina deflagram greve por tempo indeterminado"},"content":{"rendered":"<p><a rel=\"attachment wp-att-7986\" href=\"http:\/\/psol50.org.br\/blog\/2011\/05\/02\/servidores-municipais-de-teresina-deflagram-greve-por-tempo-indeterminado\/grevesindserm2\/\"><img loading=\"lazy\" decoding=\"async\" class=\"alignleft size-medium wp-image-7986\" src=\"http:\/\/psol50.org.br\/files\/2011\/05\/grevesindserm2-300x233.jpg\" alt=\"\" width=\"300\" height=\"233\" \/><\/a>Os servidores p\u00fablicos municipais de Teresina (PI) decidiram na manh\u00e3 desta quinta-feira (28), durante assembleia no Teatro de Arena, entrar em greve por tempo indeterminado. Com isso, hospitais e escolas da rede municipal n\u00e3o v\u00e3o funcionar a partir do dia 29 de abril, sexta-feira. Apenas o setor de urg\u00eancia dos hospitais ficar\u00e3o abertos. A Prefeitura de Teresina possuiu 17 mil funcion\u00e1rios p\u00fablicos.<\/p>\n<p>A categoria reivindica o reajuste salarial de 47%, o pleno funcionamento do Instituto de Previd\u00eancia do Munic\u00edpio de Teresina (IPMT) e a volta das elei\u00e7\u00f5es diretas para diretores de escolas.<\/p>\n<p>O presidente do Sindicato dos Servidores P\u00fablicos Municipais (Sindserm), Cin\u00e9sio Soares, disse que a categoria tentou evitar ao m\u00e1ximo a greve, mas a PMT n\u00e3o quis acordo. &#8220;Esta est\u00e1 sendo a quarta assembleia que a gente faz, mas n\u00e3o teve jeito. Os servidores aprovaram a paralisa\u00e7\u00e3o&#8221;, comentou o sindicalista.<\/p>\n<p>Segundo ele, houve ontem uma nova reuni\u00e3o entre o Sindserm e o secret\u00e1rio de Governo, J\u00e3o Henrique Sousa, mas n\u00e3o se chegou a um acordo.<\/p>\n<p>O Sindicato alega que, apesar da busca pelo di\u00e1logo, n\u00e3o foi apresentado nenhuma proposta por parte do prefeito, mostrando um verdadeiro descaso para com a categoria. Por esse motivo, uma multid\u00e3o de servidores, principalmente da educa\u00e7\u00e3o e da sa\u00fade municipal, compareceu \u00e0 Pra\u00e7a da Bandeira e, de l\u00e1 sa\u00edram em caminhada parando em frente \u00e0 prefeitura, seguindo pelas ruas do centro at\u00e9 a Pra\u00e7a da Liberdade.<\/p>\n<p>\u201cO que mais revolta a categoria \u00e9 que parece que a imprensa piauiense \u00e9 comprada pela PMT, pois nenhum canal aberto, apesar dos avisos e liga\u00e7\u00f5es, compareceu ao evento. Apenas a TV GAZETA, um canal fechado, fez uma pequena cobertura\u201d, desabafou M\u00e1rcio Melo, professor da rede p\u00fablica municipal de Teresina.<\/p>\n<p><strong>As principais reivindica\u00e7\u00f5es do SINDSERM s\u00e3o:<\/strong><\/p>\n<p>1.\u00a0\u00a0\u00a0\u00a0\u00a0 Regulamenta\u00e7\u00e3o da mudan\u00e7a de n\u00edvel;<br \/>\n2.\u00a0\u00a0\u00a0\u00a0\u00a0 Amplia\u00e7\u00e3o do hor\u00e1rio pedag\u00f3gico para 40%;<br \/>\n3.\u00a0\u00a0\u00a0\u00a0\u00a0 Vincula\u00e7\u00e3o da G.I.D. ao vencimento;<br \/>\n4.\u00a0\u00a0\u00a0\u00a0\u00a0 Afastamento com remunera\u00e7\u00e3o integral para mestrado e doutorado;<br \/>\n5.\u00a0\u00a0\u00a0\u00a0\u00a0 Revis\u00e3o dos descontos do PLAMTE;<br \/>\n6.\u00a0\u00a0\u00a0\u00a0\u00a0 Garantia de ter consultas e exames, uma vez que paga-se um plano de sa\u00fade, mas n\u00e3o se tem vaga quando se precisa.<\/p>\n<p><strong>Fonte: Revista Opini\u00e3o e Portal RG<\/strong><\/p>\n","protected":false},"excerpt":{"rendered":"<p>Os servidores p\u00fablicos municipais de Teresina (PI) decidiram na manh\u00e3 desta quinta-feira (28), durante assembleia no Teatro de Arena, entrar em greve por tempo indeterminado. Com isso, hospitais e escolas da rede municipal n\u00e3o v\u00e3o funcionar a partir do dia 29 de abril, sexta-feira. Apenas o setor de urg\u00eancia dos hospitais ficar\u00e3o abertos. A Prefeitura [&hellip;]<\/p>\n","protected":false},"author":2,"featured_media":0,"comment_status":"open","ping_status":"open","sticky":false,"template":"","format":"standard","meta":{"_acf_changed":false,"footnotes":""},"categories":[4766],"tags":[],"class_list":{"0":"post-814","1":"post","2":"type-post","3":"status-publish","4":"format-standard","6":"category-arquivo"},"acf":[],"yoast_head":"<!-- This site is optimized with the Yoast SEO plugin v26.5 - https:\/\/yoast.com\/wordpress\/plugins\/seo\/ -->\n<title>Servidores municipais de Teresina deflagram greve por tempo indeterminado - PSOL 50<\/title>\n<meta name=\"robots\" content=\"index, follow, max-snippet:-1, max-image-preview:large, max-video-preview:-1\" \/>\n<link rel=\"canonical\" href=\"https:\/\/psol50.org.br\/servidores-municipais-de-teresina-deflagram-greve-por-tempo-indeterminado\/\" \/>\n<meta property=\"og:locale\" content=\"pt_BR\" \/>\n<meta property=\"og:type\" content=\"article\" \/>\n<meta property=\"og:title\" content=\"Servidores municipais de Teresina deflagram greve por tempo indeterminado - PSOL 50\" \/>\n<meta property=\"og:description\" content=\"Os servidores p\u00fablicos municipais de Teresina (PI) decidiram na manh\u00e3 desta quinta-feira (28), durante assembleia no Teatro de Arena, entrar em greve por tempo indeterminado. Com isso, hospitais e escolas da rede municipal n\u00e3o v\u00e3o funcionar a partir do dia 29 de abril, sexta-feira. Apenas o setor de urg\u00eancia dos hospitais ficar\u00e3o abertos. A Prefeitura [&hellip;]\" \/>\n<meta property=\"og:url\" content=\"https:\/\/psol50.org.br\/servidores-municipais-de-teresina-deflagram-greve-por-tempo-indeterminado\/\" \/>\n<meta property=\"og:site_name\" content=\"PSOL 50\" \/>\n<meta property=\"article:publisher\" content=\"https:\/\/www.facebook.com\/psol50\" \/>\n<meta property=\"article:published_time\" content=\"2011-05-02T00:00:00+00:00\" \/>\n<meta property=\"og:image\" content=\"http:\/\/psol50.org.br\/files\/2011\/05\/grevesindserm2-300x233.jpg\" \/>\n<meta name=\"author\" content=\"Comunica\u00e7\u00e3o PSOL\" \/>\n<meta name=\"twitter:card\" content=\"summary_large_image\" \/>\n<meta name=\"twitter:creator\" content=\"@psol50\" \/>\n<meta name=\"twitter:site\" content=\"@psol50\" \/>\n<meta name=\"twitter:label1\" content=\"Escrito por\" \/>\n\t<meta name=\"twitter:data1\" content=\"Comunica\u00e7\u00e3o PSOL\" \/>\n\t<meta name=\"twitter:label2\" content=\"Est. tempo de leitura\" \/>\n\t<meta name=\"twitter:data2\" content=\"2 minutos\" \/>\n<script type=\"application\/ld+json\" class=\"yoast-schema-graph\">{\"@context\":\"https:\/\/schema.org\",\"@graph\":[{\"@type\":\"Article\",\"@id\":\"https:\/\/psol50.org.br\/servidores-municipais-de-teresina-deflagram-greve-por-tempo-indeterminado\/#article\",\"isPartOf\":{\"@id\":\"https:\/\/psol50.org.br\/servidores-municipais-de-teresina-deflagram-greve-por-tempo-indeterminado\/\"},\"author\":{\"name\":\"Comunica\u00e7\u00e3o PSOL\",\"@id\":\"https:\/\/psol50.org.br\/#\/schema\/person\/475dfa57d0b815993c714c2e96491fcd\"},\"headline\":\"Servidores municipais de Teresina deflagram greve por tempo indeterminado\",\"datePublished\":\"2011-05-02T00:00:00+00:00\",\"mainEntityOfPage\":{\"@id\":\"https:\/\/psol50.org.br\/servidores-municipais-de-teresina-deflagram-greve-por-tempo-indeterminado\/\"},\"wordCount\":392,\"commentCount\":0,\"publisher\":{\"@id\":\"https:\/\/psol50.org.br\/#organization\"},\"image\":{\"@id\":\"https:\/\/psol50.org.br\/servidores-municipais-de-teresina-deflagram-greve-por-tempo-indeterminado\/#primaryimage\"},\"thumbnailUrl\":\"http:\/\/psol50.org.br\/files\/2011\/05\/grevesindserm2-300x233.jpg\",\"articleSection\":[\"Arquivo\"],\"inLanguage\":\"pt-BR\",\"potentialAction\":[{\"@type\":\"CommentAction\",\"name\":\"Comment\",\"target\":[\"https:\/\/psol50.org.br\/servidores-municipais-de-teresina-deflagram-greve-por-tempo-indeterminado\/#respond\"]}]},{\"@type\":\"WebPage\",\"@id\":\"https:\/\/psol50.org.br\/servidores-municipais-de-teresina-deflagram-greve-por-tempo-indeterminado\/\",\"url\":\"https:\/\/psol50.org.br\/servidores-municipais-de-teresina-deflagram-greve-por-tempo-indeterminado\/\",\"name\":\"Servidores municipais de Teresina deflagram greve por tempo indeterminado - PSOL 50\",\"isPartOf\":{\"@id\":\"https:\/\/psol50.org.br\/#website\"},\"primaryImageOfPage\":{\"@id\":\"https:\/\/psol50.org.br\/servidores-municipais-de-teresina-deflagram-greve-por-tempo-indeterminado\/#primaryimage\"},\"image\":{\"@id\":\"https:\/\/psol50.org.br\/servidores-municipais-de-teresina-deflagram-greve-por-tempo-indeterminado\/#primaryimage\"},\"thumbnailUrl\":\"http:\/\/psol50.org.br\/files\/2011\/05\/grevesindserm2-300x233.jpg\",\"datePublished\":\"2011-05-02T00:00:00+00:00\",\"breadcrumb\":{\"@id\":\"https:\/\/psol50.org.br\/servidores-municipais-de-teresina-deflagram-greve-por-tempo-indeterminado\/#breadcrumb\"},\"inLanguage\":\"pt-BR\",\"potentialAction\":[{\"@type\":\"ReadAction\",\"target\":[\"https:\/\/psol50.org.br\/servidores-municipais-de-teresina-deflagram-greve-por-tempo-indeterminado\/\"]}]},{\"@type\":\"ImageObject\",\"inLanguage\":\"pt-BR\",\"@id\":\"https:\/\/psol50.org.br\/servidores-municipais-de-teresina-deflagram-greve-por-tempo-indeterminado\/#primaryimage\",\"url\":\"http:\/\/psol50.org.br\/files\/2011\/05\/grevesindserm2-300x233.jpg\",\"contentUrl\":\"http:\/\/psol50.org.br\/files\/2011\/05\/grevesindserm2-300x233.jpg\"},{\"@type\":\"BreadcrumbList\",\"@id\":\"https:\/\/psol50.org.br\/servidores-municipais-de-teresina-deflagram-greve-por-tempo-indeterminado\/#breadcrumb\",\"itemListElement\":[{\"@type\":\"ListItem\",\"position\":1,\"name\":\"In\u00edcio\",\"item\":\"https:\/\/psol50.org.br\/\"},{\"@type\":\"ListItem\",\"position\":2,\"name\":\"Servidores municipais de Teresina deflagram greve por tempo indeterminado\"}]},{\"@type\":\"WebSite\",\"@id\":\"https:\/\/psol50.org.br\/#website\",\"url\":\"https:\/\/psol50.org.br\/\",\"name\":\"PSOL 50\",\"description\":\"Site oficial do Partido Socialismo e Liberdade\",\"publisher\":{\"@id\":\"https:\/\/psol50.org.br\/#organization\"},\"alternateName\":\"PSOL50\",\"potentialAction\":[{\"@type\":\"SearchAction\",\"target\":{\"@type\":\"EntryPoint\",\"urlTemplate\":\"https:\/\/psol50.org.br\/?s={search_term_string}\"},\"query-input\":{\"@type\":\"PropertyValueSpecification\",\"valueRequired\":true,\"valueName\":\"search_term_string\"}}],\"inLanguage\":\"pt-BR\"},{\"@type\":\"Organization\",\"@id\":\"https:\/\/psol50.org.br\/#organization\",\"name\":\"PSOL 50\",\"alternateName\":\"PSOL 50\",\"url\":\"https:\/\/psol50.org.br\/\",\"logo\":{\"@type\":\"ImageObject\",\"inLanguage\":\"pt-BR\",\"@id\":\"https:\/\/psol50.org.br\/#\/schema\/logo\/image\/\",\"url\":\"https:\/\/psol50.org.br\/inc\/uploads\/2018\/07\/capa.png\",\"contentUrl\":\"https:\/\/psol50.org.br\/inc\/uploads\/2018\/07\/capa.png\",\"width\":1350,\"height\":900,\"caption\":\"PSOL 50\"},\"image\":{\"@id\":\"https:\/\/psol50.org.br\/#\/schema\/logo\/image\/\"},\"sameAs\":[\"https:\/\/www.facebook.com\/psol50\",\"https:\/\/x.com\/psol50\",\"https:\/\/www.instagram.com\/psol50\/\",\"https:\/\/www.youtube.com\/channel\/UC7SnJS5o1os7a6CaiNabzcg\"]},{\"@type\":\"Person\",\"@id\":\"https:\/\/psol50.org.br\/#\/schema\/person\/475dfa57d0b815993c714c2e96491fcd\",\"name\":\"Comunica\u00e7\u00e3o PSOL\",\"image\":{\"@type\":\"ImageObject\",\"inLanguage\":\"pt-BR\",\"@id\":\"https:\/\/psol50.org.br\/#\/schema\/person\/image\/\",\"url\":\"https:\/\/secure.gravatar.com\/avatar\/b34fc4f4e468a4e51785917065a3db57b841f5c95dba6ad8c73aaf8f66f8f9bf?s=96&d=mm&r=g\",\"contentUrl\":\"https:\/\/secure.gravatar.com\/avatar\/b34fc4f4e468a4e51785917065a3db57b841f5c95dba6ad8c73aaf8f66f8f9bf?s=96&d=mm&r=g\",\"caption\":\"Comunica\u00e7\u00e3o PSOL\"}}]}<\/script>\n<!-- \/ Yoast SEO plugin. -->","yoast_head_json":{"title":"Servidores municipais de Teresina deflagram greve por tempo indeterminado - PSOL 50","robots":{"index":"index","follow":"follow","max-snippet":"max-snippet:-1","max-image-preview":"max-image-preview:large","max-video-preview":"max-video-preview:-1"},"canonical":"https:\/\/psol50.org.br\/servidores-municipais-de-teresina-deflagram-greve-por-tempo-indeterminado\/","og_locale":"pt_BR","og_type":"article","og_title":"Servidores municipais de Teresina deflagram greve por tempo indeterminado - PSOL 50","og_description":"Os servidores p\u00fablicos municipais de Teresina (PI) decidiram na manh\u00e3 desta quinta-feira (28), durante assembleia no Teatro de Arena, entrar em greve por tempo indeterminado. Com isso, hospitais e escolas da rede municipal n\u00e3o v\u00e3o funcionar a partir do dia 29 de abril, sexta-feira. Apenas o setor de urg\u00eancia dos hospitais ficar\u00e3o abertos. A Prefeitura [&hellip;]","og_url":"https:\/\/psol50.org.br\/servidores-municipais-de-teresina-deflagram-greve-por-tempo-indeterminado\/","og_site_name":"PSOL 50","article_publisher":"https:\/\/www.facebook.com\/psol50","article_published_time":"2011-05-02T00:00:00+00:00","og_image":[{"url":"http:\/\/psol50.org.br\/files\/2011\/05\/grevesindserm2-300x233.jpg","type":"","width":"","height":""}],"author":"Comunica\u00e7\u00e3o PSOL","twitter_card":"summary_large_image","twitter_creator":"@psol50","twitter_site":"@psol50","twitter_misc":{"Escrito por":"Comunica\u00e7\u00e3o PSOL","Est. tempo de leitura":"2 minutos"},"schema":{"@context":"https:\/\/schema.org","@graph":[{"@type":"Article","@id":"https:\/\/psol50.org.br\/servidores-municipais-de-teresina-deflagram-greve-por-tempo-indeterminado\/#article","isPartOf":{"@id":"https:\/\/psol50.org.br\/servidores-municipais-de-teresina-deflagram-greve-por-tempo-indeterminado\/"},"author":{"name":"Comunica\u00e7\u00e3o PSOL","@id":"https:\/\/psol50.org.br\/#\/schema\/person\/475dfa57d0b815993c714c2e96491fcd"},"headline":"Servidores municipais de Teresina deflagram greve por tempo indeterminado","datePublished":"2011-05-02T00:00:00+00:00","mainEntityOfPage":{"@id":"https:\/\/psol50.org.br\/servidores-municipais-de-teresina-deflagram-greve-por-tempo-indeterminado\/"},"wordCount":392,"commentCount":0,"publisher":{"@id":"https:\/\/psol50.org.br\/#organization"},"image":{"@id":"https:\/\/psol50.org.br\/servidores-municipais-de-teresina-deflagram-greve-por-tempo-indeterminado\/#primaryimage"},"thumbnailUrl":"http:\/\/psol50.org.br\/files\/2011\/05\/grevesindserm2-300x233.jpg","articleSection":["Arquivo"],"inLanguage":"pt-BR","potentialAction":[{"@type":"CommentAction","name":"Comment","target":["https:\/\/psol50.org.br\/servidores-municipais-de-teresina-deflagram-greve-por-tempo-indeterminado\/#respond"]}]},{"@type":"WebPage","@id":"https:\/\/psol50.org.br\/servidores-municipais-de-teresina-deflagram-greve-por-tempo-indeterminado\/","url":"https:\/\/psol50.org.br\/servidores-municipais-de-teresina-deflagram-greve-por-tempo-indeterminado\/","name":"Servidores municipais de Teresina deflagram greve por tempo indeterminado - PSOL 50","isPartOf":{"@id":"https:\/\/psol50.org.br\/#website"},"primaryImageOfPage":{"@id":"https:\/\/psol50.org.br\/servidores-municipais-de-teresina-deflagram-greve-por-tempo-indeterminado\/#primaryimage"},"image":{"@id":"https:\/\/psol50.org.br\/servidores-municipais-de-teresina-deflagram-greve-por-tempo-indeterminado\/#primaryimage"},"thumbnailUrl":"http:\/\/psol50.org.br\/files\/2011\/05\/grevesindserm2-300x233.jpg","datePublished":"2011-05-02T00:00:00+00:00","breadcrumb":{"@id":"https:\/\/psol50.org.br\/servidores-municipais-de-teresina-deflagram-greve-por-tempo-indeterminado\/#breadcrumb"},"inLanguage":"pt-BR","potentialAction":[{"@type":"ReadAction","target":["https:\/\/psol50.org.br\/servidores-municipais-de-teresina-deflagram-greve-por-tempo-indeterminado\/"]}]},{"@type":"ImageObject","inLanguage":"pt-BR","@id":"https:\/\/psol50.org.br\/servidores-municipais-de-teresina-deflagram-greve-por-tempo-indeterminado\/#primaryimage","url":"http:\/\/psol50.org.br\/files\/2011\/05\/grevesindserm2-300x233.jpg","contentUrl":"http:\/\/psol50.org.br\/files\/2011\/05\/grevesindserm2-300x233.jpg"},{"@type":"BreadcrumbList","@id":"https:\/\/psol50.org.br\/servidores-municipais-de-teresina-deflagram-greve-por-tempo-indeterminado\/#breadcrumb","itemListElement":[{"@type":"ListItem","position":1,"name":"In\u00edcio","item":"https:\/\/psol50.org.br\/"},{"@type":"ListItem","position":2,"name":"Servidores municipais de Teresina deflagram greve por tempo indeterminado"}]},{"@type":"WebSite","@id":"https:\/\/psol50.org.br\/#website","url":"https:\/\/psol50.org.br\/","name":"PSOL 50","description":"Site oficial do Partido Socialismo e Liberdade","publisher":{"@id":"https:\/\/psol50.org.br\/#organization"},"alternateName":"PSOL50","potentialAction":[{"@type":"SearchAction","target":{"@type":"EntryPoint","urlTemplate":"https:\/\/psol50.org.br\/?s={search_term_string}"},"query-input":{"@type":"PropertyValueSpecification","valueRequired":true,"valueName":"search_term_string"}}],"inLanguage":"pt-BR"},{"@type":"Organization","@id":"https:\/\/psol50.org.br\/#organization","name":"PSOL 50","alternateName":"PSOL 50","url":"https:\/\/psol50.org.br\/","logo":{"@type":"ImageObject","inLanguage":"pt-BR","@id":"https:\/\/psol50.org.br\/#\/schema\/logo\/image\/","url":"https:\/\/psol50.org.br\/inc\/uploads\/2018\/07\/capa.png","contentUrl":"https:\/\/psol50.org.br\/inc\/uploads\/2018\/07\/capa.png","width":1350,"height":900,"caption":"PSOL 50"},"image":{"@id":"https:\/\/psol50.org.br\/#\/schema\/logo\/image\/"},"sameAs":["https:\/\/www.facebook.com\/psol50","https:\/\/x.com\/psol50","https:\/\/www.instagram.com\/psol50\/","https:\/\/www.youtube.com\/channel\/UC7SnJS5o1os7a6CaiNabzcg"]},{"@type":"Person","@id":"https:\/\/psol50.org.br\/#\/schema\/person\/475dfa57d0b815993c714c2e96491fcd","name":"Comunica\u00e7\u00e3o PSOL","image":{"@type":"ImageObject","inLanguage":"pt-BR","@id":"https:\/\/psol50.org.br\/#\/schema\/person\/image\/","url":"https:\/\/secure.gravatar.com\/avatar\/b34fc4f4e468a4e51785917065a3db57b841f5c95dba6ad8c73aaf8f66f8f9bf?s=96&d=mm&r=g","contentUrl":"https:\/\/secure.gravatar.com\/avatar\/b34fc4f4e468a4e51785917065a3db57b841f5c95dba6ad8c73aaf8f66f8f9bf?s=96&d=mm&r=g","caption":"Comunica\u00e7\u00e3o PSOL"}}]}},"_links":{"self":[{"href":"https:\/\/psol50.org.br\/rest\/wp\/v2\/posts\/814","targetHints":{"allow":["GET"]}}],"collection":[{"href":"https:\/\/psol50.org.br\/rest\/wp\/v2\/posts"}],"about":[{"href":"https:\/\/psol50.org.br\/rest\/wp\/v2\/types\/post"}],"author":[{"embeddable":true,"href":"https:\/\/psol50.org.br\/rest\/wp\/v2\/users\/2"}],"replies":[{"embeddable":true,"href":"https:\/\/psol50.org.br\/rest\/wp\/v2\/comments?post=814"}],"version-history":[{"count":0,"href":"https:\/\/psol50.org.br\/rest\/wp\/v2\/posts\/814\/revisions"}],"wp:attachment":[{"href":"https:\/\/psol50.org.br\/rest\/wp\/v2\/media?parent=814"}],"wp:term":[{"taxonomy":"category","embeddable":true,"href":"https:\/\/psol50.org.br\/rest\/wp\/v2\/categories?post=814"},{"taxonomy":"post_tag","embeddable":true,"href":"https:\/\/psol50.org.br\/rest\/wp\/v2\/tags?post=814"}],"curies":[{"name":"wp","href":"https:\/\/api.w.org\/{rel}","templated":true}]}}