{"id":816,"date":"2011-05-09T00:00:00","date_gmt":"2011-05-09T00:00:00","guid":{"rendered":"http:\/\/psol50.org.br\/arquivo\/2011\/05\/09\/assembleia-negra-e-popular-construindo-estrategias-conjuntas-de-articulacao-na-bahia\/"},"modified":"2011-05-09T00:00:00","modified_gmt":"2011-05-09T00:00:00","slug":"assembleia-negra-e-popular-construindo-estrategias-conjuntas-de-articulacao-na-bahia","status":"publish","type":"post","link":"https:\/\/psol50.org.br\/assembleia-negra-e-popular-construindo-estrategias-conjuntas-de-articulacao-na-bahia\/","title":{"rendered":"Assembl\u00e9ia Negra e Popular: Construindo estrat\u00e9gias conjuntas de articula\u00e7\u00e3o na Bahia"},"content":{"rendered":"<p>Com a presen\u00e7a de 35 organiza\u00e7\u00f5es e movimentos sociais que atuam na regi\u00e3o metropolitana de Salvador e interior da Bahia, realizou-se no dia 02 de maio de 2011, na sede da AATR, uma reuni\u00e3o em que essas organiza\u00e7\u00f5es e movimentos sociais expressaram os desafios que unanimemente sentem na atual conjuntura compartilhada.<\/p>\n<p>Definiu-se coletivamente constituir o 13 DE MAIO , DIA NACIONAL DE DENUNCIA CONTRA O RACISMO, a Unifica\u00e7\u00e3o das Lutas Sociais dos Setores e Movimentos envolvidos nessa discuss\u00e3o para realiza\u00e7\u00e3o de uma Assembl\u00e9ia Popular na Pra\u00e7a Municipal da Cidade de Salvador , que preceder\u00e1 uma Audi\u00eancia P\u00fablica Federal cujo Tema \u00e9 : Pelo Acesso \u00e0 Justi\u00e7a e Democracia Racial e em Defesa das A\u00e7\u00f5es Afirmativas no Brasil, que ser\u00e1 realizada no Espa\u00e7o Cultural da C\u00e2mara de Vereadores, portanto no mesmo Territ\u00f3rio e como parte das A\u00e7\u00f5es do 13 de Maio.<\/p>\n<p>Dessa forma esta mobiliza\u00e7\u00e3o do dia a13 configurar\u00e1 tr\u00eas temas como foco do debate:<\/p>\n<p><strong>1-<\/strong> A luta contra o racismo e por justi\u00e7a no estado e no pa\u00eds, desvendando engodos e hipocrisias, sempre atualizados, dos discursos oficiais da data de 13 de maio e denunciando o Exterm\u00ednio da Juventude Negra , o Racismo Instititucional e a ADI 3239 do DEM<\/p>\n<p><strong>2-<\/strong> A defesa da luta pela terra com Reforma Agr\u00e1ria por parte de todas as camadas populares rurais em seus territ\u00f3rios, luta contra o esfacelamento do Sistema Ambiental na Bahia<\/p>\n<p><strong>3-<\/strong> Luta por uma pol\u00edtica p\u00fablica constru\u00edda com participa\u00e7\u00e3o e democracia reais<\/p>\n<p>Considerando, a completa aus\u00eancia do estado (executivo, legislativo e judici\u00e1rio) na defesa do direito das popula\u00e7\u00f5es empobrecidas rurais e urbanas e pesada atua\u00e7\u00e3o do estado na defesa e estrutura\u00e7\u00e3o do grande capital:<\/p>\n<ul>\n<li>\u00b7\u00a0\u00a0 \u00a0seja por meio de formas, cada vez mais recorrentes, incentivo, investimento e gerenciamento de:<\/li>\n<li>\u00b7\u00a0\u00a0 \u00a0agrocombust\u00edveis;<\/li>\n<li>\u00b7\u00a0\u00a0 \u00a0minera\u00e7\u00e3o;<\/li>\n<li>\u00b7\u00a0\u00a0 \u00a0utiliza\u00e7\u00e3o comercial da \u00e1gua;<\/li>\n<li>\u00b7\u00a0\u00a0 \u00a0matriz energ\u00e9tica;<\/li>\n<li>\u00b7\u00a0\u00a0 \u00a0monocultivos e novo c\u00f3digo florestal;<\/li>\n<li>\u00b7\u00a0\u00a0 \u00a0infra-estrutura a servi\u00e7o priorit\u00e1rio dos precedentes;<\/li>\n<li>\u00b7\u00a0\u00a0 \u00a0seja com:<\/li>\n<li>\u00b7\u00a0\u00a0 \u00a0flexibiliza\u00e7\u00e3o por parte do estado do sistema ambiental<\/li>\n<li>\u00b7\u00a0\u00a0 \u00a0manuten\u00e7\u00e3o da estrutura de apropria\u00e7\u00e3o privada da terra, de seus reursos naturais e dos meios de produ\u00e7\u00e3o;<\/li>\n<li>\u00b7\u00a0\u00a0 \u00a0criminaliza\u00e7\u00e3o dos movimentos, organiza\u00e7\u00f5es e lideran\u00e7as socioambientais aut\u00f4nomas;<\/li>\n<li>\u00b7\u00a0\u00a0 \u00a0sistem\u00e1tica nega\u00e7\u00e3o e manipula\u00e7\u00e3o das informa\u00e7\u00f5es, da participa\u00e7\u00e3o nos instrumentos conquistados para o excerc\u00edcio do poder por parte de comunidades e cidad\u00e3os.<\/li>\n<\/ul>\n<p>Desta forma estas organiza\u00e7\u00f5es se prop\u00f5em a enfrentar, articulada e coletivamente, estas situa\u00e7\u00f5es.<\/p>\n<p>Foi sentido no \u00e2nimo e intencionalidade do grupo que este \u00e9 um momento de se fortalecer, junto \u00e0s bases, enquanto espa\u00e7o pluralista de articula\u00e7\u00e3o de diversos grupos, organiza\u00e7\u00f5es, movimentos que atuam nas diversas regi\u00f5es da Bahia, tendo como pano de fundo aluta contra o racismo e o campo socioambiental, incorporando outros valores que permitam superar a desumaniza\u00e7\u00e3o e o degrado do atual modelo de crescimento economicista e provocador de sempre novas v\u00edtimas no \u00e2mbito das rela\u00e7\u00f5es humanas e com o da vida no planeta terra.<\/p>\n<p><em><strong>MNU\/Frente Nacional em Defesa dos Territ\u00f3rios Quilombolas, Conselho Quilombola da BA ,Instituto B\u00fazios, Intersindical-Ba, Comiss\u00e3o de Promo\u00e7\u00e3o de Igualdade da OAB, Stive Biko, FONAJUNE-F\u00f3rum Nacional de Juventude Negra, Rede Mocambos, N\u00facleo de Negros e Negras da UFRB, UNEGRO, Coletivo de Entidades Negras , <\/strong><\/em><strong>Circulo Palmarino<\/strong><em><strong>,CPT-BA, Ceas, FASE, CJP, CESE, CETA-BA, Comiss\u00e3o da \u00c1gua, UNASFP, CAFFP, MPA, CPP, ENESSO\/ABRA\u00c7O-BA, Ra\u00edzes, Organismo, Gamb\u00e1, Territ\u00f3rios de Identidade da Regi\u00e3o Metropolitana, Teatro do Oprimido, G\u00e9rmen, Liga Ambiente, F\u00f3rum a cidade \u00e9 nossa, Rede de educomunicadores do S\u00e3o Francisco, C\u00e1ritas, Geografar, AATR, MTD,MST, MPP, Movimento Paulo Jackson, F\u00f3rum Agenda 21 Itapu\u00e3\/AR10, Funda\u00e7\u00e3o Terra Mirim, CP Meio Ambiente, Jogue Limpo<\/strong><\/em><\/p>\n","protected":false},"excerpt":{"rendered":"<p>Com a presen\u00e7a de 35 organiza\u00e7\u00f5es e movimentos sociais que atuam na regi\u00e3o metropolitana de Salvador e interior da Bahia, realizou-se no dia 02 de maio de 2011, na sede da AATR, uma reuni\u00e3o em que essas organiza\u00e7\u00f5es e movimentos sociais expressaram os desafios que unanimemente sentem na atual conjuntura compartilhada. Definiu-se coletivamente constituir o [&hellip;]<\/p>\n","protected":false},"author":2,"featured_media":0,"comment_status":"open","ping_status":"open","sticky":false,"template":"","format":"standard","meta":{"_acf_changed":false,"footnotes":""},"categories":[4766,1104],"tags":[],"class_list":{"0":"post-816","1":"post","2":"type-post","3":"status-publish","4":"format-standard","6":"category-arquivo","7":"category-movimento"},"acf":[],"yoast_head":"<!-- This site is optimized with the Yoast SEO plugin v26.5 - https:\/\/yoast.com\/wordpress\/plugins\/seo\/ -->\n<title>Assembl\u00e9ia Negra e Popular: Construindo estrat\u00e9gias conjuntas de articula\u00e7\u00e3o na Bahia - PSOL 50<\/title>\n<meta name=\"robots\" content=\"index, follow, max-snippet:-1, max-image-preview:large, max-video-preview:-1\" \/>\n<link rel=\"canonical\" href=\"https:\/\/psol50.org.br\/assembleia-negra-e-popular-construindo-estrategias-conjuntas-de-articulacao-na-bahia\/\" \/>\n<meta property=\"og:locale\" content=\"pt_BR\" \/>\n<meta property=\"og:type\" content=\"article\" \/>\n<meta property=\"og:title\" content=\"Assembl\u00e9ia Negra e Popular: Construindo estrat\u00e9gias conjuntas de articula\u00e7\u00e3o na Bahia - PSOL 50\" \/>\n<meta property=\"og:description\" content=\"Com a presen\u00e7a de 35 organiza\u00e7\u00f5es e movimentos sociais que atuam na regi\u00e3o metropolitana de Salvador e interior da Bahia, realizou-se no dia 02 de maio de 2011, na sede da AATR, uma reuni\u00e3o em que essas organiza\u00e7\u00f5es e movimentos sociais expressaram os desafios que unanimemente sentem na atual conjuntura compartilhada. Definiu-se coletivamente constituir o [&hellip;]\" \/>\n<meta property=\"og:url\" content=\"https:\/\/psol50.org.br\/assembleia-negra-e-popular-construindo-estrategias-conjuntas-de-articulacao-na-bahia\/\" \/>\n<meta property=\"og:site_name\" content=\"PSOL 50\" \/>\n<meta property=\"article:publisher\" content=\"https:\/\/www.facebook.com\/psol50\" \/>\n<meta property=\"article:published_time\" content=\"2011-05-09T00:00:00+00:00\" \/>\n<meta property=\"og:image\" content=\"https:\/\/psol50.org.br\/inc\/uploads\/2018\/07\/capa.png\" \/>\n\t<meta property=\"og:image:width\" content=\"1350\" \/>\n\t<meta property=\"og:image:height\" content=\"900\" \/>\n\t<meta property=\"og:image:type\" content=\"image\/png\" \/>\n<meta name=\"author\" content=\"Comunica\u00e7\u00e3o PSOL\" \/>\n<meta name=\"twitter:card\" content=\"summary_large_image\" \/>\n<meta name=\"twitter:creator\" content=\"@psol50\" \/>\n<meta name=\"twitter:site\" content=\"@psol50\" \/>\n<meta name=\"twitter:label1\" content=\"Escrito por\" \/>\n\t<meta name=\"twitter:data1\" content=\"Comunica\u00e7\u00e3o PSOL\" \/>\n\t<meta name=\"twitter:label2\" content=\"Est. tempo de leitura\" \/>\n\t<meta name=\"twitter:data2\" content=\"3 minutos\" \/>\n<script type=\"application\/ld+json\" class=\"yoast-schema-graph\">{\"@context\":\"https:\/\/schema.org\",\"@graph\":[{\"@type\":\"Article\",\"@id\":\"https:\/\/psol50.org.br\/assembleia-negra-e-popular-construindo-estrategias-conjuntas-de-articulacao-na-bahia\/#article\",\"isPartOf\":{\"@id\":\"https:\/\/psol50.org.br\/assembleia-negra-e-popular-construindo-estrategias-conjuntas-de-articulacao-na-bahia\/\"},\"author\":{\"name\":\"Comunica\u00e7\u00e3o PSOL\",\"@id\":\"https:\/\/psol50.org.br\/#\/schema\/person\/475dfa57d0b815993c714c2e96491fcd\"},\"headline\":\"Assembl\u00e9ia Negra e Popular: Construindo estrat\u00e9gias conjuntas de articula\u00e7\u00e3o na Bahia\",\"datePublished\":\"2011-05-09T00:00:00+00:00\",\"mainEntityOfPage\":{\"@id\":\"https:\/\/psol50.org.br\/assembleia-negra-e-popular-construindo-estrategias-conjuntas-de-articulacao-na-bahia\/\"},\"wordCount\":651,\"commentCount\":0,\"publisher\":{\"@id\":\"https:\/\/psol50.org.br\/#organization\"},\"articleSection\":[\"Arquivo\",\"Movimento\"],\"inLanguage\":\"pt-BR\",\"potentialAction\":[{\"@type\":\"CommentAction\",\"name\":\"Comment\",\"target\":[\"https:\/\/psol50.org.br\/assembleia-negra-e-popular-construindo-estrategias-conjuntas-de-articulacao-na-bahia\/#respond\"]}]},{\"@type\":\"WebPage\",\"@id\":\"https:\/\/psol50.org.br\/assembleia-negra-e-popular-construindo-estrategias-conjuntas-de-articulacao-na-bahia\/\",\"url\":\"https:\/\/psol50.org.br\/assembleia-negra-e-popular-construindo-estrategias-conjuntas-de-articulacao-na-bahia\/\",\"name\":\"Assembl\u00e9ia Negra e Popular: Construindo estrat\u00e9gias conjuntas de articula\u00e7\u00e3o na Bahia - PSOL 50\",\"isPartOf\":{\"@id\":\"https:\/\/psol50.org.br\/#website\"},\"datePublished\":\"2011-05-09T00:00:00+00:00\",\"breadcrumb\":{\"@id\":\"https:\/\/psol50.org.br\/assembleia-negra-e-popular-construindo-estrategias-conjuntas-de-articulacao-na-bahia\/#breadcrumb\"},\"inLanguage\":\"pt-BR\",\"potentialAction\":[{\"@type\":\"ReadAction\",\"target\":[\"https:\/\/psol50.org.br\/assembleia-negra-e-popular-construindo-estrategias-conjuntas-de-articulacao-na-bahia\/\"]}]},{\"@type\":\"BreadcrumbList\",\"@id\":\"https:\/\/psol50.org.br\/assembleia-negra-e-popular-construindo-estrategias-conjuntas-de-articulacao-na-bahia\/#breadcrumb\",\"itemListElement\":[{\"@type\":\"ListItem\",\"position\":1,\"name\":\"In\u00edcio\",\"item\":\"https:\/\/psol50.org.br\/\"},{\"@type\":\"ListItem\",\"position\":2,\"name\":\"Assembl\u00e9ia Negra e Popular: Construindo estrat\u00e9gias conjuntas de articula\u00e7\u00e3o na Bahia\"}]},{\"@type\":\"WebSite\",\"@id\":\"https:\/\/psol50.org.br\/#website\",\"url\":\"https:\/\/psol50.org.br\/\",\"name\":\"PSOL 50\",\"description\":\"Site oficial do Partido Socialismo e Liberdade\",\"publisher\":{\"@id\":\"https:\/\/psol50.org.br\/#organization\"},\"alternateName\":\"PSOL50\",\"potentialAction\":[{\"@type\":\"SearchAction\",\"target\":{\"@type\":\"EntryPoint\",\"urlTemplate\":\"https:\/\/psol50.org.br\/?s={search_term_string}\"},\"query-input\":{\"@type\":\"PropertyValueSpecification\",\"valueRequired\":true,\"valueName\":\"search_term_string\"}}],\"inLanguage\":\"pt-BR\"},{\"@type\":\"Organization\",\"@id\":\"https:\/\/psol50.org.br\/#organization\",\"name\":\"PSOL 50\",\"alternateName\":\"PSOL 50\",\"url\":\"https:\/\/psol50.org.br\/\",\"logo\":{\"@type\":\"ImageObject\",\"inLanguage\":\"pt-BR\",\"@id\":\"https:\/\/psol50.org.br\/#\/schema\/logo\/image\/\",\"url\":\"https:\/\/psol50.org.br\/inc\/uploads\/2018\/07\/capa.png\",\"contentUrl\":\"https:\/\/psol50.org.br\/inc\/uploads\/2018\/07\/capa.png\",\"width\":1350,\"height\":900,\"caption\":\"PSOL 50\"},\"image\":{\"@id\":\"https:\/\/psol50.org.br\/#\/schema\/logo\/image\/\"},\"sameAs\":[\"https:\/\/www.facebook.com\/psol50\",\"https:\/\/x.com\/psol50\",\"https:\/\/www.instagram.com\/psol50\/\",\"https:\/\/www.youtube.com\/channel\/UC7SnJS5o1os7a6CaiNabzcg\"]},{\"@type\":\"Person\",\"@id\":\"https:\/\/psol50.org.br\/#\/schema\/person\/475dfa57d0b815993c714c2e96491fcd\",\"name\":\"Comunica\u00e7\u00e3o PSOL\",\"image\":{\"@type\":\"ImageObject\",\"inLanguage\":\"pt-BR\",\"@id\":\"https:\/\/psol50.org.br\/#\/schema\/person\/image\/\",\"url\":\"https:\/\/secure.gravatar.com\/avatar\/b34fc4f4e468a4e51785917065a3db57b841f5c95dba6ad8c73aaf8f66f8f9bf?s=96&d=mm&r=g\",\"contentUrl\":\"https:\/\/secure.gravatar.com\/avatar\/b34fc4f4e468a4e51785917065a3db57b841f5c95dba6ad8c73aaf8f66f8f9bf?s=96&d=mm&r=g\",\"caption\":\"Comunica\u00e7\u00e3o PSOL\"}}]}<\/script>\n<!-- \/ Yoast SEO plugin. -->","yoast_head_json":{"title":"Assembl\u00e9ia Negra e Popular: Construindo estrat\u00e9gias conjuntas de articula\u00e7\u00e3o na Bahia - PSOL 50","robots":{"index":"index","follow":"follow","max-snippet":"max-snippet:-1","max-image-preview":"max-image-preview:large","max-video-preview":"max-video-preview:-1"},"canonical":"https:\/\/psol50.org.br\/assembleia-negra-e-popular-construindo-estrategias-conjuntas-de-articulacao-na-bahia\/","og_locale":"pt_BR","og_type":"article","og_title":"Assembl\u00e9ia Negra e Popular: Construindo estrat\u00e9gias conjuntas de articula\u00e7\u00e3o na Bahia - PSOL 50","og_description":"Com a presen\u00e7a de 35 organiza\u00e7\u00f5es e movimentos sociais que atuam na regi\u00e3o metropolitana de Salvador e interior da Bahia, realizou-se no dia 02 de maio de 2011, na sede da AATR, uma reuni\u00e3o em que essas organiza\u00e7\u00f5es e movimentos sociais expressaram os desafios que unanimemente sentem na atual conjuntura compartilhada. Definiu-se coletivamente constituir o [&hellip;]","og_url":"https:\/\/psol50.org.br\/assembleia-negra-e-popular-construindo-estrategias-conjuntas-de-articulacao-na-bahia\/","og_site_name":"PSOL 50","article_publisher":"https:\/\/www.facebook.com\/psol50","article_published_time":"2011-05-09T00:00:00+00:00","og_image":[{"width":1350,"height":900,"url":"https:\/\/psol50.org.br\/inc\/uploads\/2018\/07\/capa.png","type":"image\/png"}],"author":"Comunica\u00e7\u00e3o PSOL","twitter_card":"summary_large_image","twitter_creator":"@psol50","twitter_site":"@psol50","twitter_misc":{"Escrito por":"Comunica\u00e7\u00e3o PSOL","Est. tempo de leitura":"3 minutos"},"schema":{"@context":"https:\/\/schema.org","@graph":[{"@type":"Article","@id":"https:\/\/psol50.org.br\/assembleia-negra-e-popular-construindo-estrategias-conjuntas-de-articulacao-na-bahia\/#article","isPartOf":{"@id":"https:\/\/psol50.org.br\/assembleia-negra-e-popular-construindo-estrategias-conjuntas-de-articulacao-na-bahia\/"},"author":{"name":"Comunica\u00e7\u00e3o PSOL","@id":"https:\/\/psol50.org.br\/#\/schema\/person\/475dfa57d0b815993c714c2e96491fcd"},"headline":"Assembl\u00e9ia Negra e Popular: Construindo estrat\u00e9gias conjuntas de articula\u00e7\u00e3o na Bahia","datePublished":"2011-05-09T00:00:00+00:00","mainEntityOfPage":{"@id":"https:\/\/psol50.org.br\/assembleia-negra-e-popular-construindo-estrategias-conjuntas-de-articulacao-na-bahia\/"},"wordCount":651,"commentCount":0,"publisher":{"@id":"https:\/\/psol50.org.br\/#organization"},"articleSection":["Arquivo","Movimento"],"inLanguage":"pt-BR","potentialAction":[{"@type":"CommentAction","name":"Comment","target":["https:\/\/psol50.org.br\/assembleia-negra-e-popular-construindo-estrategias-conjuntas-de-articulacao-na-bahia\/#respond"]}]},{"@type":"WebPage","@id":"https:\/\/psol50.org.br\/assembleia-negra-e-popular-construindo-estrategias-conjuntas-de-articulacao-na-bahia\/","url":"https:\/\/psol50.org.br\/assembleia-negra-e-popular-construindo-estrategias-conjuntas-de-articulacao-na-bahia\/","name":"Assembl\u00e9ia Negra e Popular: Construindo estrat\u00e9gias conjuntas de articula\u00e7\u00e3o na Bahia - PSOL 50","isPartOf":{"@id":"https:\/\/psol50.org.br\/#website"},"datePublished":"2011-05-09T00:00:00+00:00","breadcrumb":{"@id":"https:\/\/psol50.org.br\/assembleia-negra-e-popular-construindo-estrategias-conjuntas-de-articulacao-na-bahia\/#breadcrumb"},"inLanguage":"pt-BR","potentialAction":[{"@type":"ReadAction","target":["https:\/\/psol50.org.br\/assembleia-negra-e-popular-construindo-estrategias-conjuntas-de-articulacao-na-bahia\/"]}]},{"@type":"BreadcrumbList","@id":"https:\/\/psol50.org.br\/assembleia-negra-e-popular-construindo-estrategias-conjuntas-de-articulacao-na-bahia\/#breadcrumb","itemListElement":[{"@type":"ListItem","position":1,"name":"In\u00edcio","item":"https:\/\/psol50.org.br\/"},{"@type":"ListItem","position":2,"name":"Assembl\u00e9ia Negra e Popular: Construindo estrat\u00e9gias conjuntas de articula\u00e7\u00e3o na Bahia"}]},{"@type":"WebSite","@id":"https:\/\/psol50.org.br\/#website","url":"https:\/\/psol50.org.br\/","name":"PSOL 50","description":"Site oficial do Partido Socialismo e Liberdade","publisher":{"@id":"https:\/\/psol50.org.br\/#organization"},"alternateName":"PSOL50","potentialAction":[{"@type":"SearchAction","target":{"@type":"EntryPoint","urlTemplate":"https:\/\/psol50.org.br\/?s={search_term_string}"},"query-input":{"@type":"PropertyValueSpecification","valueRequired":true,"valueName":"search_term_string"}}],"inLanguage":"pt-BR"},{"@type":"Organization","@id":"https:\/\/psol50.org.br\/#organization","name":"PSOL 50","alternateName":"PSOL 50","url":"https:\/\/psol50.org.br\/","logo":{"@type":"ImageObject","inLanguage":"pt-BR","@id":"https:\/\/psol50.org.br\/#\/schema\/logo\/image\/","url":"https:\/\/psol50.org.br\/inc\/uploads\/2018\/07\/capa.png","contentUrl":"https:\/\/psol50.org.br\/inc\/uploads\/2018\/07\/capa.png","width":1350,"height":900,"caption":"PSOL 50"},"image":{"@id":"https:\/\/psol50.org.br\/#\/schema\/logo\/image\/"},"sameAs":["https:\/\/www.facebook.com\/psol50","https:\/\/x.com\/psol50","https:\/\/www.instagram.com\/psol50\/","https:\/\/www.youtube.com\/channel\/UC7SnJS5o1os7a6CaiNabzcg"]},{"@type":"Person","@id":"https:\/\/psol50.org.br\/#\/schema\/person\/475dfa57d0b815993c714c2e96491fcd","name":"Comunica\u00e7\u00e3o PSOL","image":{"@type":"ImageObject","inLanguage":"pt-BR","@id":"https:\/\/psol50.org.br\/#\/schema\/person\/image\/","url":"https:\/\/secure.gravatar.com\/avatar\/b34fc4f4e468a4e51785917065a3db57b841f5c95dba6ad8c73aaf8f66f8f9bf?s=96&d=mm&r=g","contentUrl":"https:\/\/secure.gravatar.com\/avatar\/b34fc4f4e468a4e51785917065a3db57b841f5c95dba6ad8c73aaf8f66f8f9bf?s=96&d=mm&r=g","caption":"Comunica\u00e7\u00e3o PSOL"}}]}},"_links":{"self":[{"href":"https:\/\/psol50.org.br\/rest\/wp\/v2\/posts\/816","targetHints":{"allow":["GET"]}}],"collection":[{"href":"https:\/\/psol50.org.br\/rest\/wp\/v2\/posts"}],"about":[{"href":"https:\/\/psol50.org.br\/rest\/wp\/v2\/types\/post"}],"author":[{"embeddable":true,"href":"https:\/\/psol50.org.br\/rest\/wp\/v2\/users\/2"}],"replies":[{"embeddable":true,"href":"https:\/\/psol50.org.br\/rest\/wp\/v2\/comments?post=816"}],"version-history":[{"count":0,"href":"https:\/\/psol50.org.br\/rest\/wp\/v2\/posts\/816\/revisions"}],"wp:attachment":[{"href":"https:\/\/psol50.org.br\/rest\/wp\/v2\/media?parent=816"}],"wp:term":[{"taxonomy":"category","embeddable":true,"href":"https:\/\/psol50.org.br\/rest\/wp\/v2\/categories?post=816"},{"taxonomy":"post_tag","embeddable":true,"href":"https:\/\/psol50.org.br\/rest\/wp\/v2\/tags?post=816"}],"curies":[{"name":"wp","href":"https:\/\/api.w.org\/{rel}","templated":true}]}}