{"id":821,"date":"2011-05-17T00:00:00","date_gmt":"2011-05-17T00:00:00","guid":{"rendered":"http:\/\/psol50.org.br\/arquivo\/2011\/05\/17\/greve-continua-na-uneb-e-demais-universidades-baianas\/"},"modified":"2011-05-17T00:00:00","modified_gmt":"2011-05-17T00:00:00","slug":"greve-continua-na-uneb-e-demais-universidades-baianas","status":"publish","type":"post","link":"https:\/\/psol50.org.br\/greve-continua-na-uneb-e-demais-universidades-baianas\/","title":{"rendered":"Greve continua na UNEB e demais universidades baianas"},"content":{"rendered":"<div><img decoding=\"async\" src=\"http:\/\/www.aduneb.com.br\/uploads\/news\/imagens\/00001712_1_20110513172031_assembleia%2013%20de%20maio%20site.jpg\" alt=\"\" \/><br \/>\n<em>foto: RA\u00cdZA ROCHA\/ADUNEB<\/em><\/div>\n<p>Reunidos na manh\u00e3 de sexta-feira, 13 de maio,  os professores da UNEB mantiveram a greve sem nenhuma  interven\u00e7\u00e3o  contr\u00e1ria a sua continuidade. O clima da plen\u00e1ria foi de  intensificar e  radicalizar as a\u00e7\u00f5es do movimento grevista, uma vez que o  governo  continua com a mesma proposta de engessar o movimento,  congelar os  sal\u00e1rios por 4 anos e de contingenciamento nos or\u00e7amentos  das  Universidades Estaduais\u00a0 atrav\u00e9s do Decreto 12.583\/11 <a href=\"http:\/\/www.aduneb.com.br\/uploads\/news\/anexos\/00001429_20110215105425_DECRETO%20N%2012.583.pdf\"><span style=\"text-decoration: underline\"><strong>(veja aqui).<\/strong><\/span><\/a><\/p>\n<p>A assembleia avaliou a \u00faltima \u201cproposta\u201d de altera\u00e7\u00e3o da reda\u00e7\u00e3o da   cl\u00e1usula da morda\u00e7a, segundo artigo no Acordo de Incorpora\u00e7\u00e3o da CET,   encaminhada pelo governo na noite de 06 de maio para o F\u00f3rum das ADs <a href=\"http:\/\/www.aduneb.com.br\/uploads\/news\/anexos\/00001642_20110513165049_Proposta-do-Termo-de-Acordo-Salarial-Universidades-06-05-11.pdf\"><span style=\"text-decoration: underline\"><strong>(veja aqui).<\/strong><\/span><\/a> Para a categoria, na pr\u00e1tica, o governo n\u00e3o apresentou uma nova   proposta, uma vez que manteve o car\u00e1ter intervencionista da cl\u00e1usula <a href=\"http:\/\/www.aduneb.com.br\/uploads\/news\/anexos\/00001642_20110513165620_mudancas%20da%20redacao%20da%20clausula.pdf\"><span style=\"text-decoration: underline\"><strong>(veja as tr\u00eas propostas de reda\u00e7\u00e3o apresentadas pelo governo aqui)<\/strong><\/span><\/a>.\u00a0   Neste sentido, a assembleia rejeitou a mudan\u00e7a do texto e manteve a   exig\u00eancia pela retirada integral da cl\u00e1usula. \u201cN\u00e3o h\u00e1 raz\u00e3o para a   exist\u00eancia dessa cl\u00e1usula no Acordo de Incorpora\u00e7\u00e3o da CET a n\u00e3o ser   pelo fato do governo querer comprar o nosso sil\u00eancio por 04 anos\u201d,   afirmou professora Nora de C\u00e1ssia do campus V.<\/p>\n<p>A assembleia ratificou tamb\u00e9m que as motiva\u00e7\u00f5es da greve n\u00e3o foram   apenas salariais, mas tamb\u00e9m em virtude do contingenciamento imposto   pelo novo Decreto 12.583\/11. Neste sentido, como o governo ainda n\u00e3o   apresentou nenhuma disposi\u00e7\u00e3o em atender as reivindica\u00e7\u00f5es do movimento,   a categoria deliberou pela intensifica\u00e7\u00e3o das atividades da greve.<\/p>\n<p>Os informes dos <em>campi<\/em> e do comando de greve demonstraram o   crescimento do movimento grevista e a disposi\u00e7\u00e3o da categoria em   aumentar as mobiliza\u00e7\u00f5es. Para os pr\u00f3ximos dias, est\u00e3o previstos ato na   SEC, dia de luta contra o decreto, manifesta\u00e7\u00e3o no Iguatemi, entre   outras atividades.<\/p>\n<p>A assembleia deliberou, ainda, a necessidade de pressionar ainda mais os   Reitores a se posicionarem publicamente sobre o contingenciamento de   verbas imposto pelo governo. Al\u00e9m disso, pressionar o governo a realizar   uma reuni\u00e3o entre Reitor, representantes do governo e os tr\u00eas  segmentos  universit\u00e1rios para discutir e encaminhar solu\u00e7\u00f5es sobre o  Decreto  12.583\/11.<\/p>\n<p>Veja abaixo o calend\u00e1rio de mobiliza\u00e7\u00e3o da pr\u00f3xima semana e a\u00e7\u00f5es   indicadas pela assembleia. Vale destacar que os departamentos devem   continuar realizando suas atividades locais, intensificando assim a   greve em todo o Estado.<\/p>\n<table border=\"1\" cellspacing=\"1\" cellpadding=\"1\">\n<tbody>\n<tr>\n<td><strong>Calend\u00e1rio: <\/strong><\/p>\n<div><strong>16 de maio (segunda-feira)<\/strong> \u2013 Reuni\u00e3o com o   governo sobre campanha salarial 2010, \u00e0s 14h na SEC. Na ocasi\u00e3o, o   movimento grevista das quatro universidades realizar\u00e1 um ato p\u00fablico em   frente \u00e0 Secretaria.<\/p>\n<p><strong>19 de maio (quinta-feira) \u2013<\/strong> \u201cDia de luta   contra o decreto de contingenciamento\u201d. Todos os departamentos dever\u00e3o   organizar visitas aos \u00f3rg\u00e3os da imprensa local para denunciar \u00e0   popula\u00e7\u00e3o baiana os motivos da greve e a atual situa\u00e7\u00e3o das   Universidades Estaduais.\u00a0 19 de maio ser\u00e1 o dia da<strong> UNEB na M\u00eddia<\/strong> com o objetivo de dar visibilidade aos problemas impostos pelo decreto.<\/p>\n<p><strong>20 de maio (sexta-feira) <\/strong>\u2013 Ato p\u00fablico no Iguatemi, \u00e0s 15h. O ato \u00e9 unificado com o movimento grevista das outras 3 Universidades Estaduais.<\/p>\n<p><strong>A\u00e7\u00f5es:<\/strong><\/p>\n<p>Exercer press\u00e3o para realiza\u00e7\u00e3o de uma reuni\u00e3o com os   Reitores, representantes do governo e os tr\u00eas segmentos universit\u00e1rios   para negocia\u00e7\u00e3o sobre o decreto.<\/p>\n<p>Agendar novas discuss\u00f5es por videoconfer\u00eancia com Reitor sobre a situa\u00e7\u00e3o da UNEB<\/p>\n<p>Agendar reuni\u00e3o com F\u00f3rum dos Diretores<\/p>\n<p>Realiza\u00e7\u00e3o de uma atividade conjunta do comando de greve da   UNEB com o comando de greve da UESB em Vit\u00f3ria da Conquista.<\/p>\n<\/div>\n<\/td>\n<\/tr>\n<\/tbody>\n<\/table>\n<div><strong><\/p>\n<p><\/strong><strong> <\/strong><\/p>\n<\/div>\n<div><strong>Assine a Peti\u00e7\u00e3o P\u00fablica pela Revoga\u00e7\u00e3o do Decreto 12.583\/11<\/strong><\/div>\n<div>A assembleia de professores da UNEB deliberou a ampla divulga\u00e7\u00e3o do   abaixo-assinado eletr\u00f4nico pela imediata revoga\u00e7\u00e3o do decreto. O   objetivo \u00e9 utilizar mais este instrumento para conseguir o apoio da   popula\u00e7\u00e3o e pressionar o governo.<\/div>\n<div><a href=\"http:\/\/www.peticaopublica.com.br\/PeticaoVer.aspx?pi=REV2011\"><span style=\"text-decoration: underline\"><strong>ASSINE O ABAIXO &#8211; ASSINADO ELETR\u00d4NICO AQUI.<\/strong><\/span><\/a><\/div>\n","protected":false},"excerpt":{"rendered":"<p>foto: RA\u00cdZA ROCHA\/ADUNEB Reunidos na manh\u00e3 de sexta-feira, 13 de maio, os professores da UNEB mantiveram a greve sem nenhuma interven\u00e7\u00e3o contr\u00e1ria a sua continuidade. O clima da plen\u00e1ria foi de intensificar e radicalizar as a\u00e7\u00f5es do movimento grevista, uma vez que o governo continua com a mesma proposta de engessar o movimento, congelar os [&hellip;]<\/p>\n","protected":false},"author":2,"featured_media":0,"comment_status":"open","ping_status":"open","sticky":false,"template":"","format":"standard","meta":{"_acf_changed":false,"footnotes":""},"categories":[4766],"tags":[],"class_list":{"0":"post-821","1":"post","2":"type-post","3":"status-publish","4":"format-standard","6":"category-arquivo"},"acf":[],"yoast_head":"<!-- This site is optimized with the Yoast SEO plugin v26.5 - https:\/\/yoast.com\/wordpress\/plugins\/seo\/ -->\n<title>Greve continua na UNEB e demais universidades baianas - PSOL 50<\/title>\n<meta name=\"robots\" content=\"index, follow, max-snippet:-1, max-image-preview:large, max-video-preview:-1\" \/>\n<link rel=\"canonical\" href=\"https:\/\/psol50.org.br\/greve-continua-na-uneb-e-demais-universidades-baianas\/\" \/>\n<meta property=\"og:locale\" content=\"pt_BR\" \/>\n<meta property=\"og:type\" content=\"article\" \/>\n<meta property=\"og:title\" content=\"Greve continua na UNEB e demais universidades baianas - PSOL 50\" \/>\n<meta property=\"og:description\" content=\"foto: RA\u00cdZA ROCHA\/ADUNEB Reunidos na manh\u00e3 de sexta-feira, 13 de maio, os professores da UNEB mantiveram a greve sem nenhuma interven\u00e7\u00e3o contr\u00e1ria a sua continuidade. O clima da plen\u00e1ria foi de intensificar e radicalizar as a\u00e7\u00f5es do movimento grevista, uma vez que o governo continua com a mesma proposta de engessar o movimento, congelar os [&hellip;]\" \/>\n<meta property=\"og:url\" content=\"https:\/\/psol50.org.br\/greve-continua-na-uneb-e-demais-universidades-baianas\/\" \/>\n<meta property=\"og:site_name\" content=\"PSOL 50\" \/>\n<meta property=\"article:publisher\" content=\"https:\/\/www.facebook.com\/psol50\" \/>\n<meta property=\"article:published_time\" content=\"2011-05-17T00:00:00+00:00\" \/>\n<meta property=\"og:image\" content=\"http:\/\/www.aduneb.com.br\/uploads\/news\/imagens\/00001712_1_20110513172031_assembleia%2013%20de%20maio%20site.jpg\" \/>\n<meta name=\"author\" content=\"Comunica\u00e7\u00e3o PSOL\" \/>\n<meta name=\"twitter:card\" content=\"summary_large_image\" \/>\n<meta name=\"twitter:creator\" content=\"@psol50\" \/>\n<meta name=\"twitter:site\" content=\"@psol50\" \/>\n<meta name=\"twitter:label1\" content=\"Escrito por\" \/>\n\t<meta name=\"twitter:data1\" content=\"Comunica\u00e7\u00e3o PSOL\" \/>\n\t<meta name=\"twitter:label2\" content=\"Est. tempo de leitura\" \/>\n\t<meta name=\"twitter:data2\" content=\"3 minutos\" \/>\n<script type=\"application\/ld+json\" class=\"yoast-schema-graph\">{\"@context\":\"https:\/\/schema.org\",\"@graph\":[{\"@type\":\"Article\",\"@id\":\"https:\/\/psol50.org.br\/greve-continua-na-uneb-e-demais-universidades-baianas\/#article\",\"isPartOf\":{\"@id\":\"https:\/\/psol50.org.br\/greve-continua-na-uneb-e-demais-universidades-baianas\/\"},\"author\":{\"name\":\"Comunica\u00e7\u00e3o PSOL\",\"@id\":\"https:\/\/psol50.org.br\/#\/schema\/person\/475dfa57d0b815993c714c2e96491fcd\"},\"headline\":\"Greve continua na UNEB e demais universidades baianas\",\"datePublished\":\"2011-05-17T00:00:00+00:00\",\"mainEntityOfPage\":{\"@id\":\"https:\/\/psol50.org.br\/greve-continua-na-uneb-e-demais-universidades-baianas\/\"},\"wordCount\":683,\"commentCount\":0,\"publisher\":{\"@id\":\"https:\/\/psol50.org.br\/#organization\"},\"image\":{\"@id\":\"https:\/\/psol50.org.br\/greve-continua-na-uneb-e-demais-universidades-baianas\/#primaryimage\"},\"thumbnailUrl\":\"http:\/\/www.aduneb.com.br\/uploads\/news\/imagens\/00001712_1_20110513172031_assembleia%2013%20de%20maio%20site.jpg\",\"articleSection\":[\"Arquivo\"],\"inLanguage\":\"pt-BR\",\"potentialAction\":[{\"@type\":\"CommentAction\",\"name\":\"Comment\",\"target\":[\"https:\/\/psol50.org.br\/greve-continua-na-uneb-e-demais-universidades-baianas\/#respond\"]}]},{\"@type\":\"WebPage\",\"@id\":\"https:\/\/psol50.org.br\/greve-continua-na-uneb-e-demais-universidades-baianas\/\",\"url\":\"https:\/\/psol50.org.br\/greve-continua-na-uneb-e-demais-universidades-baianas\/\",\"name\":\"Greve continua na UNEB e demais universidades baianas - PSOL 50\",\"isPartOf\":{\"@id\":\"https:\/\/psol50.org.br\/#website\"},\"primaryImageOfPage\":{\"@id\":\"https:\/\/psol50.org.br\/greve-continua-na-uneb-e-demais-universidades-baianas\/#primaryimage\"},\"image\":{\"@id\":\"https:\/\/psol50.org.br\/greve-continua-na-uneb-e-demais-universidades-baianas\/#primaryimage\"},\"thumbnailUrl\":\"http:\/\/www.aduneb.com.br\/uploads\/news\/imagens\/00001712_1_20110513172031_assembleia%2013%20de%20maio%20site.jpg\",\"datePublished\":\"2011-05-17T00:00:00+00:00\",\"breadcrumb\":{\"@id\":\"https:\/\/psol50.org.br\/greve-continua-na-uneb-e-demais-universidades-baianas\/#breadcrumb\"},\"inLanguage\":\"pt-BR\",\"potentialAction\":[{\"@type\":\"ReadAction\",\"target\":[\"https:\/\/psol50.org.br\/greve-continua-na-uneb-e-demais-universidades-baianas\/\"]}]},{\"@type\":\"ImageObject\",\"inLanguage\":\"pt-BR\",\"@id\":\"https:\/\/psol50.org.br\/greve-continua-na-uneb-e-demais-universidades-baianas\/#primaryimage\",\"url\":\"http:\/\/www.aduneb.com.br\/uploads\/news\/imagens\/00001712_1_20110513172031_assembleia%2013%20de%20maio%20site.jpg\",\"contentUrl\":\"http:\/\/www.aduneb.com.br\/uploads\/news\/imagens\/00001712_1_20110513172031_assembleia%2013%20de%20maio%20site.jpg\"},{\"@type\":\"BreadcrumbList\",\"@id\":\"https:\/\/psol50.org.br\/greve-continua-na-uneb-e-demais-universidades-baianas\/#breadcrumb\",\"itemListElement\":[{\"@type\":\"ListItem\",\"position\":1,\"name\":\"In\u00edcio\",\"item\":\"https:\/\/psol50.org.br\/\"},{\"@type\":\"ListItem\",\"position\":2,\"name\":\"Greve continua na UNEB e demais universidades baianas\"}]},{\"@type\":\"WebSite\",\"@id\":\"https:\/\/psol50.org.br\/#website\",\"url\":\"https:\/\/psol50.org.br\/\",\"name\":\"PSOL 50\",\"description\":\"Site oficial do Partido Socialismo e Liberdade\",\"publisher\":{\"@id\":\"https:\/\/psol50.org.br\/#organization\"},\"alternateName\":\"PSOL50\",\"potentialAction\":[{\"@type\":\"SearchAction\",\"target\":{\"@type\":\"EntryPoint\",\"urlTemplate\":\"https:\/\/psol50.org.br\/?s={search_term_string}\"},\"query-input\":{\"@type\":\"PropertyValueSpecification\",\"valueRequired\":true,\"valueName\":\"search_term_string\"}}],\"inLanguage\":\"pt-BR\"},{\"@type\":\"Organization\",\"@id\":\"https:\/\/psol50.org.br\/#organization\",\"name\":\"PSOL 50\",\"alternateName\":\"PSOL 50\",\"url\":\"https:\/\/psol50.org.br\/\",\"logo\":{\"@type\":\"ImageObject\",\"inLanguage\":\"pt-BR\",\"@id\":\"https:\/\/psol50.org.br\/#\/schema\/logo\/image\/\",\"url\":\"https:\/\/psol50.org.br\/inc\/uploads\/2018\/07\/capa.png\",\"contentUrl\":\"https:\/\/psol50.org.br\/inc\/uploads\/2018\/07\/capa.png\",\"width\":1350,\"height\":900,\"caption\":\"PSOL 50\"},\"image\":{\"@id\":\"https:\/\/psol50.org.br\/#\/schema\/logo\/image\/\"},\"sameAs\":[\"https:\/\/www.facebook.com\/psol50\",\"https:\/\/x.com\/psol50\",\"https:\/\/www.instagram.com\/psol50\/\",\"https:\/\/www.youtube.com\/channel\/UC7SnJS5o1os7a6CaiNabzcg\"]},{\"@type\":\"Person\",\"@id\":\"https:\/\/psol50.org.br\/#\/schema\/person\/475dfa57d0b815993c714c2e96491fcd\",\"name\":\"Comunica\u00e7\u00e3o PSOL\",\"image\":{\"@type\":\"ImageObject\",\"inLanguage\":\"pt-BR\",\"@id\":\"https:\/\/psol50.org.br\/#\/schema\/person\/image\/\",\"url\":\"https:\/\/secure.gravatar.com\/avatar\/b34fc4f4e468a4e51785917065a3db57b841f5c95dba6ad8c73aaf8f66f8f9bf?s=96&d=mm&r=g\",\"contentUrl\":\"https:\/\/secure.gravatar.com\/avatar\/b34fc4f4e468a4e51785917065a3db57b841f5c95dba6ad8c73aaf8f66f8f9bf?s=96&d=mm&r=g\",\"caption\":\"Comunica\u00e7\u00e3o PSOL\"}}]}<\/script>\n<!-- \/ Yoast SEO plugin. -->","yoast_head_json":{"title":"Greve continua na UNEB e demais universidades baianas - PSOL 50","robots":{"index":"index","follow":"follow","max-snippet":"max-snippet:-1","max-image-preview":"max-image-preview:large","max-video-preview":"max-video-preview:-1"},"canonical":"https:\/\/psol50.org.br\/greve-continua-na-uneb-e-demais-universidades-baianas\/","og_locale":"pt_BR","og_type":"article","og_title":"Greve continua na UNEB e demais universidades baianas - PSOL 50","og_description":"foto: RA\u00cdZA ROCHA\/ADUNEB Reunidos na manh\u00e3 de sexta-feira, 13 de maio, os professores da UNEB mantiveram a greve sem nenhuma interven\u00e7\u00e3o contr\u00e1ria a sua continuidade. O clima da plen\u00e1ria foi de intensificar e radicalizar as a\u00e7\u00f5es do movimento grevista, uma vez que o governo continua com a mesma proposta de engessar o movimento, congelar os [&hellip;]","og_url":"https:\/\/psol50.org.br\/greve-continua-na-uneb-e-demais-universidades-baianas\/","og_site_name":"PSOL 50","article_publisher":"https:\/\/www.facebook.com\/psol50","article_published_time":"2011-05-17T00:00:00+00:00","og_image":[{"url":"http:\/\/www.aduneb.com.br\/uploads\/news\/imagens\/00001712_1_20110513172031_assembleia%2013%20de%20maio%20site.jpg","type":"","width":"","height":""}],"author":"Comunica\u00e7\u00e3o PSOL","twitter_card":"summary_large_image","twitter_creator":"@psol50","twitter_site":"@psol50","twitter_misc":{"Escrito por":"Comunica\u00e7\u00e3o PSOL","Est. tempo de leitura":"3 minutos"},"schema":{"@context":"https:\/\/schema.org","@graph":[{"@type":"Article","@id":"https:\/\/psol50.org.br\/greve-continua-na-uneb-e-demais-universidades-baianas\/#article","isPartOf":{"@id":"https:\/\/psol50.org.br\/greve-continua-na-uneb-e-demais-universidades-baianas\/"},"author":{"name":"Comunica\u00e7\u00e3o PSOL","@id":"https:\/\/psol50.org.br\/#\/schema\/person\/475dfa57d0b815993c714c2e96491fcd"},"headline":"Greve continua na UNEB e demais universidades baianas","datePublished":"2011-05-17T00:00:00+00:00","mainEntityOfPage":{"@id":"https:\/\/psol50.org.br\/greve-continua-na-uneb-e-demais-universidades-baianas\/"},"wordCount":683,"commentCount":0,"publisher":{"@id":"https:\/\/psol50.org.br\/#organization"},"image":{"@id":"https:\/\/psol50.org.br\/greve-continua-na-uneb-e-demais-universidades-baianas\/#primaryimage"},"thumbnailUrl":"http:\/\/www.aduneb.com.br\/uploads\/news\/imagens\/00001712_1_20110513172031_assembleia%2013%20de%20maio%20site.jpg","articleSection":["Arquivo"],"inLanguage":"pt-BR","potentialAction":[{"@type":"CommentAction","name":"Comment","target":["https:\/\/psol50.org.br\/greve-continua-na-uneb-e-demais-universidades-baianas\/#respond"]}]},{"@type":"WebPage","@id":"https:\/\/psol50.org.br\/greve-continua-na-uneb-e-demais-universidades-baianas\/","url":"https:\/\/psol50.org.br\/greve-continua-na-uneb-e-demais-universidades-baianas\/","name":"Greve continua na UNEB e demais universidades baianas - PSOL 50","isPartOf":{"@id":"https:\/\/psol50.org.br\/#website"},"primaryImageOfPage":{"@id":"https:\/\/psol50.org.br\/greve-continua-na-uneb-e-demais-universidades-baianas\/#primaryimage"},"image":{"@id":"https:\/\/psol50.org.br\/greve-continua-na-uneb-e-demais-universidades-baianas\/#primaryimage"},"thumbnailUrl":"http:\/\/www.aduneb.com.br\/uploads\/news\/imagens\/00001712_1_20110513172031_assembleia%2013%20de%20maio%20site.jpg","datePublished":"2011-05-17T00:00:00+00:00","breadcrumb":{"@id":"https:\/\/psol50.org.br\/greve-continua-na-uneb-e-demais-universidades-baianas\/#breadcrumb"},"inLanguage":"pt-BR","potentialAction":[{"@type":"ReadAction","target":["https:\/\/psol50.org.br\/greve-continua-na-uneb-e-demais-universidades-baianas\/"]}]},{"@type":"ImageObject","inLanguage":"pt-BR","@id":"https:\/\/psol50.org.br\/greve-continua-na-uneb-e-demais-universidades-baianas\/#primaryimage","url":"http:\/\/www.aduneb.com.br\/uploads\/news\/imagens\/00001712_1_20110513172031_assembleia%2013%20de%20maio%20site.jpg","contentUrl":"http:\/\/www.aduneb.com.br\/uploads\/news\/imagens\/00001712_1_20110513172031_assembleia%2013%20de%20maio%20site.jpg"},{"@type":"BreadcrumbList","@id":"https:\/\/psol50.org.br\/greve-continua-na-uneb-e-demais-universidades-baianas\/#breadcrumb","itemListElement":[{"@type":"ListItem","position":1,"name":"In\u00edcio","item":"https:\/\/psol50.org.br\/"},{"@type":"ListItem","position":2,"name":"Greve continua na UNEB e demais universidades baianas"}]},{"@type":"WebSite","@id":"https:\/\/psol50.org.br\/#website","url":"https:\/\/psol50.org.br\/","name":"PSOL 50","description":"Site oficial do Partido Socialismo e Liberdade","publisher":{"@id":"https:\/\/psol50.org.br\/#organization"},"alternateName":"PSOL50","potentialAction":[{"@type":"SearchAction","target":{"@type":"EntryPoint","urlTemplate":"https:\/\/psol50.org.br\/?s={search_term_string}"},"query-input":{"@type":"PropertyValueSpecification","valueRequired":true,"valueName":"search_term_string"}}],"inLanguage":"pt-BR"},{"@type":"Organization","@id":"https:\/\/psol50.org.br\/#organization","name":"PSOL 50","alternateName":"PSOL 50","url":"https:\/\/psol50.org.br\/","logo":{"@type":"ImageObject","inLanguage":"pt-BR","@id":"https:\/\/psol50.org.br\/#\/schema\/logo\/image\/","url":"https:\/\/psol50.org.br\/inc\/uploads\/2018\/07\/capa.png","contentUrl":"https:\/\/psol50.org.br\/inc\/uploads\/2018\/07\/capa.png","width":1350,"height":900,"caption":"PSOL 50"},"image":{"@id":"https:\/\/psol50.org.br\/#\/schema\/logo\/image\/"},"sameAs":["https:\/\/www.facebook.com\/psol50","https:\/\/x.com\/psol50","https:\/\/www.instagram.com\/psol50\/","https:\/\/www.youtube.com\/channel\/UC7SnJS5o1os7a6CaiNabzcg"]},{"@type":"Person","@id":"https:\/\/psol50.org.br\/#\/schema\/person\/475dfa57d0b815993c714c2e96491fcd","name":"Comunica\u00e7\u00e3o PSOL","image":{"@type":"ImageObject","inLanguage":"pt-BR","@id":"https:\/\/psol50.org.br\/#\/schema\/person\/image\/","url":"https:\/\/secure.gravatar.com\/avatar\/b34fc4f4e468a4e51785917065a3db57b841f5c95dba6ad8c73aaf8f66f8f9bf?s=96&d=mm&r=g","contentUrl":"https:\/\/secure.gravatar.com\/avatar\/b34fc4f4e468a4e51785917065a3db57b841f5c95dba6ad8c73aaf8f66f8f9bf?s=96&d=mm&r=g","caption":"Comunica\u00e7\u00e3o PSOL"}}]}},"_links":{"self":[{"href":"https:\/\/psol50.org.br\/rest\/wp\/v2\/posts\/821","targetHints":{"allow":["GET"]}}],"collection":[{"href":"https:\/\/psol50.org.br\/rest\/wp\/v2\/posts"}],"about":[{"href":"https:\/\/psol50.org.br\/rest\/wp\/v2\/types\/post"}],"author":[{"embeddable":true,"href":"https:\/\/psol50.org.br\/rest\/wp\/v2\/users\/2"}],"replies":[{"embeddable":true,"href":"https:\/\/psol50.org.br\/rest\/wp\/v2\/comments?post=821"}],"version-history":[{"count":0,"href":"https:\/\/psol50.org.br\/rest\/wp\/v2\/posts\/821\/revisions"}],"wp:attachment":[{"href":"https:\/\/psol50.org.br\/rest\/wp\/v2\/media?parent=821"}],"wp:term":[{"taxonomy":"category","embeddable":true,"href":"https:\/\/psol50.org.br\/rest\/wp\/v2\/categories?post=821"},{"taxonomy":"post_tag","embeddable":true,"href":"https:\/\/psol50.org.br\/rest\/wp\/v2\/tags?post=821"}],"curies":[{"name":"wp","href":"https:\/\/api.w.org\/{rel}","templated":true}]}}