{"id":8211,"date":"2015-09-25T18:46:54","date_gmt":"2015-09-25T18:46:54","guid":{"rendered":"http:\/\/179.190.55.146\/~psol5185\/?p=8211"},"modified":"2015-09-25T18:46:54","modified_gmt":"2015-09-25T18:46:54","slug":"fundamentalistas-conseguem-aprovar-definicao-de-familia-como-uniao-entre-homem-e-mulher","status":"publish","type":"post","link":"https:\/\/psol50.org.br\/fundamentalistas-conseguem-aprovar-definicao-de-familia-como-uniao-entre-homem-e-mulher\/","title":{"rendered":"Fundamentalistas aprovam defini\u00e7\u00e3o de fam\u00edlia como uni\u00e3o entre homem e mulher"},"content":{"rendered":"<h5 id=\"blocoDadosPrint\">Do PSOL Nacional, Leonor Costa<\/h5>\n<div class=\"txtPrint\">\n<div>Ap\u00f3s quase cinco horas de discuss\u00e3o, a comiss\u00e3o especial do Estatuto da Fam\u00edlia (PL 6583-13) aprovou o projeto, nesta quinta-feira (24), na C\u00e2mara dos Deputados, ressalvados quatro destaques, conforme o relat\u00f3rio do deputado Diego Garcia (PHS-PR), que define a fam\u00edlia como o n\u00facleo formado a partir da uni\u00e3o entre um homem e uma mulher. O texto foi aprovado com 17 votos favor\u00e1veis e cinco contr\u00e1rios.Cinco deputados, entre os quais Glauber Braga, do PSOL do Rio de Janeiro, se revezaram na apresenta\u00e7\u00e3o de requerimentos para adiamento de discuss\u00e3o e de vota\u00e7\u00e3o da mat\u00e9ria, por serem contr\u00e1rios ao projeto, mas foram vencidos. Eles ainda esperavam o adiamento da reuni\u00e3o diante do in\u00edcio da Ordem do Dia do plen\u00e1rio, que acabou n\u00e3o sendo aberta pelo presidente da C\u00e2mara, Eduardo Cunha (PMDB-RJ), que respondia a uma quest\u00e3o de ordem sobre impeachment presidencial.Os contr\u00e1rios ao projeto argumentaram que o Supremo Tribunal Federal (STF) j\u00e1 decidiu favoravelmente \u00e0 uni\u00e3o homoafetiva, e que o projeto vai negar, a esse tipo de uni\u00e3o, o direito a uma especial prote\u00e7\u00e3o do Estado.<\/div>\n<div>\nJ\u00e1 os deputados favor\u00e1veis ao texto procuraram apenas declarar seus votos de apoio, para n\u00e3o atrasar mais a delibera\u00e7\u00e3o. Para que a vota\u00e7\u00e3o seja conclu\u00edda, ser\u00e1 necess\u00e1rio analisar os quatro destaques na pr\u00f3xima reuni\u00e3o do colegiado.<\/p>\n<blockquote><p><a href=\"http:\/\/179.190.55.146\/~psol5185\/inc\/uploads\/2015\/07\/Jean-Wyllys.jpg\"><img loading=\"lazy\" decoding=\"async\" class=\"alignleft size-full wp-image-4125\" src=\"http:\/\/179.190.55.146\/~psol5185\/inc\/uploads\/2015\/07\/Jean-Wyllys.jpg\" alt=\"Jean Wyllys\" width=\"150\" height=\"160\" \/><\/a>O deputado Jean Wyllys (PSOL-RJ) explica que o projeto \u00e9 de car\u00e1ter conclusivo, o que significa que uma vez aprovado na comiss\u00e3o especial n\u00e3o precisa ser apreciado pelo plen\u00e1rio da C\u00e2mara. Ele ressalta, ainda, que a proposta reconhece apenas como fam\u00edlia aquela formada por homem, mulher e filhas e filhos biol\u00f3gicos, \u201cdesconsiderando os diferentes arranjos familiares que constituem a sociedade brasileira\u201d.<\/p><\/blockquote>\n<p>Jean argumenta que a decis\u00e3o p\u00f5e em inseguran\u00e7a jur\u00eddica n\u00e3o s\u00f3 as fam\u00edlias homoafetivas (principal alvo da bancada fundamentalista), mas todas as outras que n\u00e3o se enquadram no modelo tido como \u201ctradicional\u201d que, hoje em dia, segundo o \u00faltimo Censo Demogr\u00e1fico do IBGE, representam 50,1% dos domic\u00edlios. \u201cAl\u00e9m de ferir os princ\u00edpios do n\u00e3o preconceito e da dignidade humana que est\u00e3o na Constitui\u00e7\u00e3o\u201d.<br \/>\nDe acordo com o deputado, a luta agora \u00e9 para que o projeto seja apreciado no plen\u00e1rio da C\u00e2mara, na expectativa de que a mat\u00e9ria seja derrotada l\u00e1. \u201cSemana que vem ainda ser\u00e3o votados quatro destaques, mas faremos o que for do alcance regimental para levar essa pauta para o plen\u00e1rio e, na hip\u00f3tese absurda de a maioria dos deputados e deputadas &#8211; muitos deles em seus segundos ou terceiros casamentos e\/ou com filh@s com diferentes parceiros e parceiras \u2013 l\u00e1 votarem a favor desse lixo homof\u00f3bico e inconstitucional &#8211; segundo decis\u00f5es do Superior Tribunal Federal, que desde 2011 reconhece as fam\u00edlias homoafetivas &#8211; entraremos com recurso no STF contra o projeto\u201d.<br \/>\n<strong>Monop\u00f3lio de modelo para fam\u00edlia<\/strong>\n<\/div>\n<div>\n<img loading=\"lazy\" decoding=\"async\" class=\"alignleft size-full wp-image-8214\" src=\"http:\/\/179.190.55.146\/~psol5185\/inc\/uploads\/2015\/09\/Carrossel_contra_o_Estatuto_da_Fam\u00edlia.jpg\" alt=\"Carrossel_contra_o_Estatuto_da_Fam\u00edlia\" width=\"415\" height=\"290\" \/>O deputado Glauber Braga (PSOL-RJ), ao apresentar posi\u00e7\u00e3o contr\u00e1ria ao projeto, ressaltou que o Supremo Tribunal Federal (STF) e o Conselho Nacional de Justi\u00e7a (CNJ) j\u00e1 reconhecem as fam\u00edlias homoafetivas, e o projeto em discuss\u00e3o na C\u00e2mara n\u00e3o respeita a diversidade das fam\u00edlias brasileiras. Glauber afirmou que n\u00e3o se pode querer estabelecer um modelo \u00fanico de fam\u00edlia atrav\u00e9s de uma a\u00e7\u00e3o do Estado.\u201cEu n\u00e3o posso querer estabelecer atrav\u00e9s de uma a\u00e7\u00e3o estatal um modelo \u00fanico de fam\u00edlia. Tamb\u00e9m nesse caso est\u00e1 havendo uma interfer\u00eancia inadequada e que tamb\u00e9m \u00e9 brutal por parte do Estado, nessa defini\u00e7\u00e3o\u201d, ressaltou Braga.<br \/>\nCitando dados do IBGE (Instituto Brasileiro de Geografia e Estat\u00edstica), o deputado do PSOL questionou os termos do Estatuto da Fam\u00edlia, que desconsidera as fam\u00edlias formadas por casais homoafetivos. \u201cPresidente, a gente n\u00e3o pode deixar de reconhecer, que segundo dados oficiais do IBGE existem, no Brasil, mais de 60 mil fam\u00edlias \u2013 e claro que aqui h\u00e1 uma sub-representa\u00e7\u00e3o \u2013 homoafetivas. E a\u00ed a minha pergunta \u00e9 clara: como \u00e9 que voc\u00ea n\u00e3o as considera entidade familiar e n\u00e3o garante direitos para aqueles que j\u00e1 s\u00e3o reconhecidos, de fato, pelo Estado brasileiro e pelo IBGE?\u201d. O deputado do PSOL ainda provocou: \u201cN\u00f3s temos, sim, uma argumenta\u00e7\u00e3o, que n\u00e3o seja para excluir ou para fazer com o que pensamento dos senhores n\u00e3o seja respeitado, mas respeito n\u00e3o pode se confundir com submiss\u00e3o. A sociedade brasileira n\u00e3o pode se submeter a um pensamento \u00fanico no que diz respeito ao conceito de fam\u00edlia\u201d.<br \/>\nConfira abaixo a fala do deputado Glauber Braga na comiss\u00e3o especial.<br \/>\n<object data=\"http:\/\/www.youtube.com\/v\/9KEcVK3wXo0\" width=\"500\" height=\"380\" hspace=\"3\" vspace=\"3\"><\/object>\n<\/div>\n<p>&nbsp;<br \/>\n&nbsp;\n<\/p><\/div>\n","protected":false},"excerpt":{"rendered":"<p>Do PSOL Nacional, Leonor Costa Ap\u00f3s quase cinco horas de discuss\u00e3o, a comiss\u00e3o especial do Estatuto da Fam\u00edlia (PL 6583-13) aprovou o projeto, nesta quinta-feira (24), na C\u00e2mara dos Deputados, ressalvados quatro destaques, conforme o relat\u00f3rio do deputado Diego Garcia (PHS-PR), que define a fam\u00edlia como o n\u00facleo formado a partir da uni\u00e3o entre um [&hellip;]<\/p>\n","protected":false},"author":2,"featured_media":8213,"comment_status":"open","ping_status":"open","sticky":false,"template":"","format":"standard","meta":{"_acf_changed":false,"footnotes":""},"categories":[10,1882,6],"tags":[4799,3672,1191],"class_list":{"0":"post-8211","1":"post","2":"type-post","3":"status-publish","4":"format-standard","5":"has-post-thumbnail","7":"category-acao-parlamentares","8":"category-brasil","9":"category-noticias","10":"tag-estatuto-da-familia","11":"tag-fundamentalismo-religioso","12":"tag-glauber-braga"},"acf":[],"yoast_head":"<!-- This site is optimized with the Yoast SEO plugin v26.5 - https:\/\/yoast.com\/wordpress\/plugins\/seo\/ -->\n<title>Fundamentalistas aprovam defini\u00e7\u00e3o de fam\u00edlia como uni\u00e3o entre homem e mulher - PSOL 50<\/title>\n<meta name=\"robots\" content=\"index, follow, max-snippet:-1, max-image-preview:large, max-video-preview:-1\" \/>\n<link rel=\"canonical\" href=\"https:\/\/psol50.org.br\/fundamentalistas-conseguem-aprovar-definicao-de-familia-como-uniao-entre-homem-e-mulher\/\" \/>\n<meta property=\"og:locale\" content=\"pt_BR\" \/>\n<meta property=\"og:type\" content=\"article\" \/>\n<meta property=\"og:title\" content=\"Fundamentalistas aprovam defini\u00e7\u00e3o de fam\u00edlia como uni\u00e3o entre homem e mulher - PSOL 50\" \/>\n<meta property=\"og:description\" content=\"Do PSOL Nacional, Leonor Costa Ap\u00f3s quase cinco horas de discuss\u00e3o, a comiss\u00e3o especial do Estatuto da Fam\u00edlia (PL 6583-13) aprovou o projeto, nesta quinta-feira (24), na C\u00e2mara dos Deputados, ressalvados quatro destaques, conforme o relat\u00f3rio do deputado Diego Garcia (PHS-PR), que define a fam\u00edlia como o n\u00facleo formado a partir da uni\u00e3o entre um [&hellip;]\" \/>\n<meta property=\"og:url\" content=\"https:\/\/psol50.org.br\/fundamentalistas-conseguem-aprovar-definicao-de-familia-como-uniao-entre-homem-e-mulher\/\" \/>\n<meta property=\"og:site_name\" content=\"PSOL 50\" \/>\n<meta property=\"article:publisher\" content=\"https:\/\/www.facebook.com\/psol50\" \/>\n<meta property=\"article:published_time\" content=\"2015-09-25T18:46:54+00:00\" \/>\n<meta property=\"og:image\" content=\"https:\/\/psol50.org.br\/inc\/uploads\/2015\/09\/Votacao_estatuto_da_familia.jpg\" \/>\n\t<meta property=\"og:image:width\" content=\"620\" \/>\n\t<meta property=\"og:image:height\" content=\"446\" \/>\n\t<meta property=\"og:image:type\" content=\"image\/jpeg\" \/>\n<meta name=\"author\" content=\"Comunica\u00e7\u00e3o PSOL\" \/>\n<meta name=\"twitter:card\" content=\"summary_large_image\" \/>\n<meta name=\"twitter:creator\" content=\"@psol50\" \/>\n<meta name=\"twitter:site\" content=\"@psol50\" \/>\n<meta name=\"twitter:label1\" content=\"Escrito por\" \/>\n\t<meta name=\"twitter:data1\" content=\"Comunica\u00e7\u00e3o PSOL\" \/>\n\t<meta name=\"twitter:label2\" content=\"Est. tempo de leitura\" \/>\n\t<meta name=\"twitter:data2\" content=\"4 minutos\" \/>\n<script type=\"application\/ld+json\" class=\"yoast-schema-graph\">{\"@context\":\"https:\/\/schema.org\",\"@graph\":[{\"@type\":\"Article\",\"@id\":\"https:\/\/psol50.org.br\/fundamentalistas-conseguem-aprovar-definicao-de-familia-como-uniao-entre-homem-e-mulher\/#article\",\"isPartOf\":{\"@id\":\"https:\/\/psol50.org.br\/fundamentalistas-conseguem-aprovar-definicao-de-familia-como-uniao-entre-homem-e-mulher\/\"},\"author\":{\"name\":\"Comunica\u00e7\u00e3o PSOL\",\"@id\":\"https:\/\/psol50.org.br\/#\/schema\/person\/475dfa57d0b815993c714c2e96491fcd\"},\"headline\":\"Fundamentalistas aprovam defini\u00e7\u00e3o de fam\u00edlia como uni\u00e3o entre homem e mulher\",\"datePublished\":\"2015-09-25T18:46:54+00:00\",\"mainEntityOfPage\":{\"@id\":\"https:\/\/psol50.org.br\/fundamentalistas-conseguem-aprovar-definicao-de-familia-como-uniao-entre-homem-e-mulher\/\"},\"wordCount\":825,\"commentCount\":0,\"publisher\":{\"@id\":\"https:\/\/psol50.org.br\/#organization\"},\"image\":{\"@id\":\"https:\/\/psol50.org.br\/fundamentalistas-conseguem-aprovar-definicao-de-familia-como-uniao-entre-homem-e-mulher\/#primaryimage\"},\"thumbnailUrl\":\"https:\/\/psol50.org.br\/inc\/uploads\/2015\/09\/Votacao_estatuto_da_familia.jpg\",\"keywords\":[\"estatuto da fam\u00edlia\",\"fundamentalismo religioso\",\"Glauber Braga\"],\"articleSection\":[\"A\u00e7\u00e3o Parlamentar\",\"Brasil\",\"Not\u00edcias\"],\"inLanguage\":\"pt-BR\",\"potentialAction\":[{\"@type\":\"CommentAction\",\"name\":\"Comment\",\"target\":[\"https:\/\/psol50.org.br\/fundamentalistas-conseguem-aprovar-definicao-de-familia-como-uniao-entre-homem-e-mulher\/#respond\"]}]},{\"@type\":\"WebPage\",\"@id\":\"https:\/\/psol50.org.br\/fundamentalistas-conseguem-aprovar-definicao-de-familia-como-uniao-entre-homem-e-mulher\/\",\"url\":\"https:\/\/psol50.org.br\/fundamentalistas-conseguem-aprovar-definicao-de-familia-como-uniao-entre-homem-e-mulher\/\",\"name\":\"Fundamentalistas aprovam defini\u00e7\u00e3o de fam\u00edlia como uni\u00e3o entre homem e mulher - PSOL 50\",\"isPartOf\":{\"@id\":\"https:\/\/psol50.org.br\/#website\"},\"primaryImageOfPage\":{\"@id\":\"https:\/\/psol50.org.br\/fundamentalistas-conseguem-aprovar-definicao-de-familia-como-uniao-entre-homem-e-mulher\/#primaryimage\"},\"image\":{\"@id\":\"https:\/\/psol50.org.br\/fundamentalistas-conseguem-aprovar-definicao-de-familia-como-uniao-entre-homem-e-mulher\/#primaryimage\"},\"thumbnailUrl\":\"https:\/\/psol50.org.br\/inc\/uploads\/2015\/09\/Votacao_estatuto_da_familia.jpg\",\"datePublished\":\"2015-09-25T18:46:54+00:00\",\"breadcrumb\":{\"@id\":\"https:\/\/psol50.org.br\/fundamentalistas-conseguem-aprovar-definicao-de-familia-como-uniao-entre-homem-e-mulher\/#breadcrumb\"},\"inLanguage\":\"pt-BR\",\"potentialAction\":[{\"@type\":\"ReadAction\",\"target\":[\"https:\/\/psol50.org.br\/fundamentalistas-conseguem-aprovar-definicao-de-familia-como-uniao-entre-homem-e-mulher\/\"]}]},{\"@type\":\"ImageObject\",\"inLanguage\":\"pt-BR\",\"@id\":\"https:\/\/psol50.org.br\/fundamentalistas-conseguem-aprovar-definicao-de-familia-como-uniao-entre-homem-e-mulher\/#primaryimage\",\"url\":\"https:\/\/psol50.org.br\/inc\/uploads\/2015\/09\/Votacao_estatuto_da_familia.jpg\",\"contentUrl\":\"https:\/\/psol50.org.br\/inc\/uploads\/2015\/09\/Votacao_estatuto_da_familia.jpg\",\"width\":620,\"height\":446},{\"@type\":\"BreadcrumbList\",\"@id\":\"https:\/\/psol50.org.br\/fundamentalistas-conseguem-aprovar-definicao-de-familia-como-uniao-entre-homem-e-mulher\/#breadcrumb\",\"itemListElement\":[{\"@type\":\"ListItem\",\"position\":1,\"name\":\"In\u00edcio\",\"item\":\"https:\/\/psol50.org.br\/\"},{\"@type\":\"ListItem\",\"position\":2,\"name\":\"Fundamentalistas aprovam defini\u00e7\u00e3o de fam\u00edlia como uni\u00e3o entre homem e mulher\"}]},{\"@type\":\"WebSite\",\"@id\":\"https:\/\/psol50.org.br\/#website\",\"url\":\"https:\/\/psol50.org.br\/\",\"name\":\"PSOL 50\",\"description\":\"Site oficial do Partido Socialismo e Liberdade\",\"publisher\":{\"@id\":\"https:\/\/psol50.org.br\/#organization\"},\"alternateName\":\"PSOL50\",\"potentialAction\":[{\"@type\":\"SearchAction\",\"target\":{\"@type\":\"EntryPoint\",\"urlTemplate\":\"https:\/\/psol50.org.br\/?s={search_term_string}\"},\"query-input\":{\"@type\":\"PropertyValueSpecification\",\"valueRequired\":true,\"valueName\":\"search_term_string\"}}],\"inLanguage\":\"pt-BR\"},{\"@type\":\"Organization\",\"@id\":\"https:\/\/psol50.org.br\/#organization\",\"name\":\"PSOL 50\",\"alternateName\":\"PSOL 50\",\"url\":\"https:\/\/psol50.org.br\/\",\"logo\":{\"@type\":\"ImageObject\",\"inLanguage\":\"pt-BR\",\"@id\":\"https:\/\/psol50.org.br\/#\/schema\/logo\/image\/\",\"url\":\"https:\/\/psol50.org.br\/inc\/uploads\/2018\/07\/capa.png\",\"contentUrl\":\"https:\/\/psol50.org.br\/inc\/uploads\/2018\/07\/capa.png\",\"width\":1350,\"height\":900,\"caption\":\"PSOL 50\"},\"image\":{\"@id\":\"https:\/\/psol50.org.br\/#\/schema\/logo\/image\/\"},\"sameAs\":[\"https:\/\/www.facebook.com\/psol50\",\"https:\/\/x.com\/psol50\",\"https:\/\/www.instagram.com\/psol50\/\",\"https:\/\/www.youtube.com\/channel\/UC7SnJS5o1os7a6CaiNabzcg\"]},{\"@type\":\"Person\",\"@id\":\"https:\/\/psol50.org.br\/#\/schema\/person\/475dfa57d0b815993c714c2e96491fcd\",\"name\":\"Comunica\u00e7\u00e3o PSOL\",\"image\":{\"@type\":\"ImageObject\",\"inLanguage\":\"pt-BR\",\"@id\":\"https:\/\/psol50.org.br\/#\/schema\/person\/image\/\",\"url\":\"https:\/\/secure.gravatar.com\/avatar\/b34fc4f4e468a4e51785917065a3db57b841f5c95dba6ad8c73aaf8f66f8f9bf?s=96&d=mm&r=g\",\"contentUrl\":\"https:\/\/secure.gravatar.com\/avatar\/b34fc4f4e468a4e51785917065a3db57b841f5c95dba6ad8c73aaf8f66f8f9bf?s=96&d=mm&r=g\",\"caption\":\"Comunica\u00e7\u00e3o PSOL\"}}]}<\/script>\n<!-- \/ Yoast SEO plugin. -->","yoast_head_json":{"title":"Fundamentalistas aprovam defini\u00e7\u00e3o de fam\u00edlia como uni\u00e3o entre homem e mulher - PSOL 50","robots":{"index":"index","follow":"follow","max-snippet":"max-snippet:-1","max-image-preview":"max-image-preview:large","max-video-preview":"max-video-preview:-1"},"canonical":"https:\/\/psol50.org.br\/fundamentalistas-conseguem-aprovar-definicao-de-familia-como-uniao-entre-homem-e-mulher\/","og_locale":"pt_BR","og_type":"article","og_title":"Fundamentalistas aprovam defini\u00e7\u00e3o de fam\u00edlia como uni\u00e3o entre homem e mulher - PSOL 50","og_description":"Do PSOL Nacional, Leonor Costa Ap\u00f3s quase cinco horas de discuss\u00e3o, a comiss\u00e3o especial do Estatuto da Fam\u00edlia (PL 6583-13) aprovou o projeto, nesta quinta-feira (24), na C\u00e2mara dos Deputados, ressalvados quatro destaques, conforme o relat\u00f3rio do deputado Diego Garcia (PHS-PR), que define a fam\u00edlia como o n\u00facleo formado a partir da uni\u00e3o entre um [&hellip;]","og_url":"https:\/\/psol50.org.br\/fundamentalistas-conseguem-aprovar-definicao-de-familia-como-uniao-entre-homem-e-mulher\/","og_site_name":"PSOL 50","article_publisher":"https:\/\/www.facebook.com\/psol50","article_published_time":"2015-09-25T18:46:54+00:00","og_image":[{"width":620,"height":446,"url":"https:\/\/psol50.org.br\/inc\/uploads\/2015\/09\/Votacao_estatuto_da_familia.jpg","type":"image\/jpeg"}],"author":"Comunica\u00e7\u00e3o PSOL","twitter_card":"summary_large_image","twitter_creator":"@psol50","twitter_site":"@psol50","twitter_misc":{"Escrito por":"Comunica\u00e7\u00e3o PSOL","Est. tempo de leitura":"4 minutos"},"schema":{"@context":"https:\/\/schema.org","@graph":[{"@type":"Article","@id":"https:\/\/psol50.org.br\/fundamentalistas-conseguem-aprovar-definicao-de-familia-como-uniao-entre-homem-e-mulher\/#article","isPartOf":{"@id":"https:\/\/psol50.org.br\/fundamentalistas-conseguem-aprovar-definicao-de-familia-como-uniao-entre-homem-e-mulher\/"},"author":{"name":"Comunica\u00e7\u00e3o PSOL","@id":"https:\/\/psol50.org.br\/#\/schema\/person\/475dfa57d0b815993c714c2e96491fcd"},"headline":"Fundamentalistas aprovam defini\u00e7\u00e3o de fam\u00edlia como uni\u00e3o entre homem e mulher","datePublished":"2015-09-25T18:46:54+00:00","mainEntityOfPage":{"@id":"https:\/\/psol50.org.br\/fundamentalistas-conseguem-aprovar-definicao-de-familia-como-uniao-entre-homem-e-mulher\/"},"wordCount":825,"commentCount":0,"publisher":{"@id":"https:\/\/psol50.org.br\/#organization"},"image":{"@id":"https:\/\/psol50.org.br\/fundamentalistas-conseguem-aprovar-definicao-de-familia-como-uniao-entre-homem-e-mulher\/#primaryimage"},"thumbnailUrl":"https:\/\/psol50.org.br\/inc\/uploads\/2015\/09\/Votacao_estatuto_da_familia.jpg","keywords":["estatuto da fam\u00edlia","fundamentalismo religioso","Glauber Braga"],"articleSection":["A\u00e7\u00e3o Parlamentar","Brasil","Not\u00edcias"],"inLanguage":"pt-BR","potentialAction":[{"@type":"CommentAction","name":"Comment","target":["https:\/\/psol50.org.br\/fundamentalistas-conseguem-aprovar-definicao-de-familia-como-uniao-entre-homem-e-mulher\/#respond"]}]},{"@type":"WebPage","@id":"https:\/\/psol50.org.br\/fundamentalistas-conseguem-aprovar-definicao-de-familia-como-uniao-entre-homem-e-mulher\/","url":"https:\/\/psol50.org.br\/fundamentalistas-conseguem-aprovar-definicao-de-familia-como-uniao-entre-homem-e-mulher\/","name":"Fundamentalistas aprovam defini\u00e7\u00e3o de fam\u00edlia como uni\u00e3o entre homem e mulher - PSOL 50","isPartOf":{"@id":"https:\/\/psol50.org.br\/#website"},"primaryImageOfPage":{"@id":"https:\/\/psol50.org.br\/fundamentalistas-conseguem-aprovar-definicao-de-familia-como-uniao-entre-homem-e-mulher\/#primaryimage"},"image":{"@id":"https:\/\/psol50.org.br\/fundamentalistas-conseguem-aprovar-definicao-de-familia-como-uniao-entre-homem-e-mulher\/#primaryimage"},"thumbnailUrl":"https:\/\/psol50.org.br\/inc\/uploads\/2015\/09\/Votacao_estatuto_da_familia.jpg","datePublished":"2015-09-25T18:46:54+00:00","breadcrumb":{"@id":"https:\/\/psol50.org.br\/fundamentalistas-conseguem-aprovar-definicao-de-familia-como-uniao-entre-homem-e-mulher\/#breadcrumb"},"inLanguage":"pt-BR","potentialAction":[{"@type":"ReadAction","target":["https:\/\/psol50.org.br\/fundamentalistas-conseguem-aprovar-definicao-de-familia-como-uniao-entre-homem-e-mulher\/"]}]},{"@type":"ImageObject","inLanguage":"pt-BR","@id":"https:\/\/psol50.org.br\/fundamentalistas-conseguem-aprovar-definicao-de-familia-como-uniao-entre-homem-e-mulher\/#primaryimage","url":"https:\/\/psol50.org.br\/inc\/uploads\/2015\/09\/Votacao_estatuto_da_familia.jpg","contentUrl":"https:\/\/psol50.org.br\/inc\/uploads\/2015\/09\/Votacao_estatuto_da_familia.jpg","width":620,"height":446},{"@type":"BreadcrumbList","@id":"https:\/\/psol50.org.br\/fundamentalistas-conseguem-aprovar-definicao-de-familia-como-uniao-entre-homem-e-mulher\/#breadcrumb","itemListElement":[{"@type":"ListItem","position":1,"name":"In\u00edcio","item":"https:\/\/psol50.org.br\/"},{"@type":"ListItem","position":2,"name":"Fundamentalistas aprovam defini\u00e7\u00e3o de fam\u00edlia como uni\u00e3o entre homem e mulher"}]},{"@type":"WebSite","@id":"https:\/\/psol50.org.br\/#website","url":"https:\/\/psol50.org.br\/","name":"PSOL 50","description":"Site oficial do Partido Socialismo e Liberdade","publisher":{"@id":"https:\/\/psol50.org.br\/#organization"},"alternateName":"PSOL50","potentialAction":[{"@type":"SearchAction","target":{"@type":"EntryPoint","urlTemplate":"https:\/\/psol50.org.br\/?s={search_term_string}"},"query-input":{"@type":"PropertyValueSpecification","valueRequired":true,"valueName":"search_term_string"}}],"inLanguage":"pt-BR"},{"@type":"Organization","@id":"https:\/\/psol50.org.br\/#organization","name":"PSOL 50","alternateName":"PSOL 50","url":"https:\/\/psol50.org.br\/","logo":{"@type":"ImageObject","inLanguage":"pt-BR","@id":"https:\/\/psol50.org.br\/#\/schema\/logo\/image\/","url":"https:\/\/psol50.org.br\/inc\/uploads\/2018\/07\/capa.png","contentUrl":"https:\/\/psol50.org.br\/inc\/uploads\/2018\/07\/capa.png","width":1350,"height":900,"caption":"PSOL 50"},"image":{"@id":"https:\/\/psol50.org.br\/#\/schema\/logo\/image\/"},"sameAs":["https:\/\/www.facebook.com\/psol50","https:\/\/x.com\/psol50","https:\/\/www.instagram.com\/psol50\/","https:\/\/www.youtube.com\/channel\/UC7SnJS5o1os7a6CaiNabzcg"]},{"@type":"Person","@id":"https:\/\/psol50.org.br\/#\/schema\/person\/475dfa57d0b815993c714c2e96491fcd","name":"Comunica\u00e7\u00e3o PSOL","image":{"@type":"ImageObject","inLanguage":"pt-BR","@id":"https:\/\/psol50.org.br\/#\/schema\/person\/image\/","url":"https:\/\/secure.gravatar.com\/avatar\/b34fc4f4e468a4e51785917065a3db57b841f5c95dba6ad8c73aaf8f66f8f9bf?s=96&d=mm&r=g","contentUrl":"https:\/\/secure.gravatar.com\/avatar\/b34fc4f4e468a4e51785917065a3db57b841f5c95dba6ad8c73aaf8f66f8f9bf?s=96&d=mm&r=g","caption":"Comunica\u00e7\u00e3o PSOL"}}]}},"_links":{"self":[{"href":"https:\/\/psol50.org.br\/rest\/wp\/v2\/posts\/8211","targetHints":{"allow":["GET"]}}],"collection":[{"href":"https:\/\/psol50.org.br\/rest\/wp\/v2\/posts"}],"about":[{"href":"https:\/\/psol50.org.br\/rest\/wp\/v2\/types\/post"}],"author":[{"embeddable":true,"href":"https:\/\/psol50.org.br\/rest\/wp\/v2\/users\/2"}],"replies":[{"embeddable":true,"href":"https:\/\/psol50.org.br\/rest\/wp\/v2\/comments?post=8211"}],"version-history":[{"count":0,"href":"https:\/\/psol50.org.br\/rest\/wp\/v2\/posts\/8211\/revisions"}],"wp:featuredmedia":[{"embeddable":true,"href":"https:\/\/psol50.org.br\/rest\/wp\/v2\/media\/8213"}],"wp:attachment":[{"href":"https:\/\/psol50.org.br\/rest\/wp\/v2\/media?parent=8211"}],"wp:term":[{"taxonomy":"category","embeddable":true,"href":"https:\/\/psol50.org.br\/rest\/wp\/v2\/categories?post=8211"},{"taxonomy":"post_tag","embeddable":true,"href":"https:\/\/psol50.org.br\/rest\/wp\/v2\/tags?post=8211"}],"curies":[{"name":"wp","href":"https:\/\/api.w.org\/{rel}","templated":true}]}}