{"id":8235,"date":"2015-09-25T20:16:51","date_gmt":"2015-09-25T20:16:51","guid":{"rendered":"http:\/\/179.190.55.146\/~psol5185\/?p=8235"},"modified":"2015-09-25T20:16:51","modified_gmt":"2015-09-25T20:16:51","slug":"por-iniciativa-de-ivan-valente-xenofobia-e-racismo-no-brasil-foram-temas-de-debate-na-camara","status":"publish","type":"post","link":"https:\/\/psol50.org.br\/por-iniciativa-de-ivan-valente-xenofobia-e-racismo-no-brasil-foram-temas-de-debate-na-camara\/","title":{"rendered":"Por iniciativa de Ivan Valente, xenofobia e racismo foram temas de debate"},"content":{"rendered":"<div id=\"blocoDadosPrint\">A partir de requerimento do deputado Ivan Valente (PSOL\/SP), a\u00a0Comiss\u00e3o de Rela\u00e7\u00f5es Exteriores e de Defesa Nacional promoveu, na \u00faltima quarta-feira (23\/09), audi\u00eancia p\u00fablica para discutir os recentes casos de ataques xen\u00f3fobos no Brasil, em especial contra os imigrantes haitianos. A motiva\u00e7\u00e3o para a audi\u00eancia foi o ataque contra refugiados haitianos, ocorrido em 1\u00ba de agosto, em S\u00e3o Paulo (SP).<\/div>\n<div>\n<blockquote><p>&#8220;As pessoas acham que os haitianos chegam aqui analfabetos, quando, na verdade, eles j\u00e1 t\u00eam escolaridade e as pessoas, preconceituosas que s\u00e3o, n\u00e3o acreditam. \u00c9 muita desinforma\u00e7\u00e3o. \u00c9 que a quest\u00e3o do negro no Brasil n\u00e3o foi resolvida. O problema do racismo, da xenofobia, da exclus\u00e3o social e os mecanismos que se voltam contra os direitos do negro, do pobre e dos exclu\u00eddos n\u00e3o est\u00e3o resolvidos. Citando os arrast\u00f5es que est\u00e3o acontecendo no Rio, por exemplo, muito pior que os arrast\u00f5es \u2013 que s\u00e3o resultados da exclus\u00e3o social \u2013 \u00e9 a rea\u00e7\u00e3o que est\u00e1 acontecendo agora, grav\u00edssimo o caso de mil\u00edcias paramilitares que querem fazer justi\u00e7amento com as pr\u00f3prias m\u00e3os&#8221;, afirmou Ivan Valente.<\/p><\/blockquote>\n<p>Para o deputado, &#8220;a defesa dos direitos humanos avan\u00e7a no mundo todo, mas com muita resist\u00eancia. Nossa tarefa \u00e9 grande. Podemos citar a atua\u00e7\u00e3o do deputado Jair Bolsonaro (PP-RJ) nesta Comiss\u00e3o, por exemplo. Recentemente ele afirmou numa entrevista que &#8216;os refugiados s\u00e3o a esc\u00f3ria do mundo'&#8221;.<br \/>\nRenel Simon \u00e9 estudante de Rela\u00e7\u00f5es Internacionais e veio do Haiti h\u00e1 tr\u00eas anos. Ele trabalha no Centro de Refer\u00eancia e Assist\u00eancia Social do Vale do Taquari (RS) como apoio a imigrantes, n\u00e3o s\u00f3 haitianos. &#8220;O pessoal s\u00f3 fala dos haitianos, mas tem tamb\u00e9m os senegaleses, afeg\u00e3os e outros&#8221;, disse. Ele apontou casos de racismo e xenofobia no Brasil. &#8220;\u00c9 importante ouvir o imigrante para saber o que estamos passando. Eu, como imigrante, j\u00e1 acompanhei v\u00e1rios casos de racismo e xenofobia. M\u00eas passado um haitiano levou um tapa na cara porque chegou cinco minutos atrasado no trabalho&#8221;, disse.<br \/>\nEliza Odina Concei\u00e7\u00e3o Silva Donda, representante do Projeto Miss\u00e3o Paz, relatou como foi o caso da agress\u00e3o aos haitianos. A entidade \u00e9 refer\u00eancia em servi\u00e7os de assist\u00eancia a imigrantes e refugiados e recebeu cinco mil deles somente em 2014. De acordo com Eliza, a xenofobia ou racismo nascem da falta de informa\u00e7\u00e3o. &#8220;O imigrante ainda \u00e9 visto como uma amea\u00e7a, um criminoso. N\u00e3o pode haver essa generaliza\u00e7\u00e3o&#8221;, disse.<br \/>\nA audi\u00eancia tamb\u00e9m contou com a presen\u00e7a de Juliana Felicidade Armede, da Secretaria da Justi\u00e7a e da Defesa da Cidadania do Estado de S\u00e3o Paulo. Ela admitiu outras ocorr\u00eancias contra imigrantes em S\u00e3o Paulo, em especial na regi\u00e3o de Americana (SP).<br \/>\nA pastora Romi M\u00e1rcia Bencke, representante do Conselho Mundial de Igrejas Crist\u00e3s no Brasil, disse que casos como o dos haitianos n\u00e3o s\u00e3o isolados. &#8220;Xenofobia \u00e9 relacionada a outras intoler\u00e2ncias, como religiosa, de g\u00eanero, linchamentos p\u00fablicos e aumento da viol\u00eancia policial&#8221;, disse.<br \/>\nSegundo ela, no caso de haitianos e senegaleses, a xenofobia tem rela\u00e7\u00e3o com o racismo, que \u00e9 ainda bastante forte no Pa\u00eds. &#8220;Houve o caso de um senegal\u00eas queimado no Rio Grande do Sul, e \u00e9 comum haitianos e senegaleses serem abordados por policiais&#8221;, disse.<br \/>\nEla apresentou dados da Pesquisa Mundial de Valores, realizada no Brasil em 2014, segundo a qual 74% dos entrevistados disseram que as ofertas de empregos deveriam ser feitas prioritariamente a brasileiros, e n\u00e3o a estrangeiros.<br \/>\nMagali Naves, representante da Secretaria de Igualdade Racial da Presid\u00eancia da Rep\u00fablica (Sepir), ressaltou o preconceito contra estrangeiros no Pa\u00eds, especialmente contra os negros. E contou que participou, como representante do governo, do lan\u00e7amento de um programa educacional voltado para estrangeiros &#8220;em um estado do sul&#8221;, programa planejado com base em hip\u00f3teses equivocadas. &#8220;Era um programa de alfabetiza\u00e7\u00e3o de haitianos. O problema \u00e9 que a maioria dos imigrantes do Haiti tem ensino m\u00e9dio e muitos t\u00eam curso superior ou doutorado&#8221;, disse.<br \/>\n<strong>Fonte:\u00a0Mandato deputado Ivan Valente<\/strong><br \/>\n&nbsp;\n<\/div>\n","protected":false},"excerpt":{"rendered":"<p>A partir de requerimento do deputado Ivan Valente (PSOL\/SP), a\u00a0Comiss\u00e3o de Rela\u00e7\u00f5es Exteriores e de Defesa Nacional promoveu, na \u00faltima quarta-feira (23\/09), audi\u00eancia p\u00fablica para discutir os recentes casos de ataques xen\u00f3fobos no Brasil, em especial contra os imigrantes haitianos. A motiva\u00e7\u00e3o para a audi\u00eancia foi o ataque contra refugiados haitianos, ocorrido em 1\u00ba de [&hellip;]<\/p>\n","protected":false},"author":2,"featured_media":8238,"comment_status":"open","ping_status":"open","sticky":false,"template":"","format":"standard","meta":{"_acf_changed":false,"footnotes":""},"categories":[10,1882,6,14],"tags":[],"class_list":{"0":"post-8235","1":"post","2":"type-post","3":"status-publish","4":"format-standard","5":"has-post-thumbnail","7":"category-acao-parlamentares","8":"category-brasil","9":"category-noticias","10":"category-partido"},"acf":[],"yoast_head":"<!-- This site is optimized with the Yoast SEO plugin v26.5 - https:\/\/yoast.com\/wordpress\/plugins\/seo\/ -->\n<title>Por iniciativa de Ivan Valente, xenofobia e racismo foram temas de debate - PSOL 50<\/title>\n<meta name=\"robots\" content=\"index, follow, max-snippet:-1, max-image-preview:large, max-video-preview:-1\" \/>\n<link rel=\"canonical\" href=\"https:\/\/psol50.org.br\/por-iniciativa-de-ivan-valente-xenofobia-e-racismo-no-brasil-foram-temas-de-debate-na-camara\/\" \/>\n<meta property=\"og:locale\" content=\"pt_BR\" \/>\n<meta property=\"og:type\" content=\"article\" \/>\n<meta property=\"og:title\" content=\"Por iniciativa de Ivan Valente, xenofobia e racismo foram temas de debate - PSOL 50\" \/>\n<meta property=\"og:description\" content=\"A partir de requerimento do deputado Ivan Valente (PSOL\/SP), a\u00a0Comiss\u00e3o de Rela\u00e7\u00f5es Exteriores e de Defesa Nacional promoveu, na \u00faltima quarta-feira (23\/09), audi\u00eancia p\u00fablica para discutir os recentes casos de ataques xen\u00f3fobos no Brasil, em especial contra os imigrantes haitianos. A motiva\u00e7\u00e3o para a audi\u00eancia foi o ataque contra refugiados haitianos, ocorrido em 1\u00ba de [&hellip;]\" \/>\n<meta property=\"og:url\" content=\"https:\/\/psol50.org.br\/por-iniciativa-de-ivan-valente-xenofobia-e-racismo-no-brasil-foram-temas-de-debate-na-camara\/\" \/>\n<meta property=\"og:site_name\" content=\"PSOL 50\" \/>\n<meta property=\"article:publisher\" content=\"https:\/\/www.facebook.com\/psol50\" \/>\n<meta property=\"article:published_time\" content=\"2015-09-25T20:16:51+00:00\" \/>\n<meta property=\"og:image\" content=\"https:\/\/psol50.org.br\/inc\/uploads\/2015\/09\/Audiencia_Publica_xenofobia.jpg\" \/>\n\t<meta property=\"og:image:width\" content=\"448\" \/>\n\t<meta property=\"og:image:height\" content=\"298\" \/>\n\t<meta property=\"og:image:type\" content=\"image\/jpeg\" \/>\n<meta name=\"author\" content=\"Comunica\u00e7\u00e3o PSOL\" \/>\n<meta name=\"twitter:card\" content=\"summary_large_image\" \/>\n<meta name=\"twitter:creator\" content=\"@psol50\" \/>\n<meta name=\"twitter:site\" content=\"@psol50\" \/>\n<meta name=\"twitter:label1\" content=\"Escrito por\" \/>\n\t<meta name=\"twitter:data1\" content=\"Comunica\u00e7\u00e3o PSOL\" \/>\n\t<meta name=\"twitter:label2\" content=\"Est. tempo de leitura\" \/>\n\t<meta name=\"twitter:data2\" content=\"4 minutos\" \/>\n<script type=\"application\/ld+json\" class=\"yoast-schema-graph\">{\"@context\":\"https:\/\/schema.org\",\"@graph\":[{\"@type\":\"Article\",\"@id\":\"https:\/\/psol50.org.br\/por-iniciativa-de-ivan-valente-xenofobia-e-racismo-no-brasil-foram-temas-de-debate-na-camara\/#article\",\"isPartOf\":{\"@id\":\"https:\/\/psol50.org.br\/por-iniciativa-de-ivan-valente-xenofobia-e-racismo-no-brasil-foram-temas-de-debate-na-camara\/\"},\"author\":{\"name\":\"Comunica\u00e7\u00e3o PSOL\",\"@id\":\"https:\/\/psol50.org.br\/#\/schema\/person\/475dfa57d0b815993c714c2e96491fcd\"},\"headline\":\"Por iniciativa de Ivan Valente, xenofobia e racismo foram temas de debate\",\"datePublished\":\"2015-09-25T20:16:51+00:00\",\"mainEntityOfPage\":{\"@id\":\"https:\/\/psol50.org.br\/por-iniciativa-de-ivan-valente-xenofobia-e-racismo-no-brasil-foram-temas-de-debate-na-camara\/\"},\"wordCount\":712,\"commentCount\":0,\"publisher\":{\"@id\":\"https:\/\/psol50.org.br\/#organization\"},\"image\":{\"@id\":\"https:\/\/psol50.org.br\/por-iniciativa-de-ivan-valente-xenofobia-e-racismo-no-brasil-foram-temas-de-debate-na-camara\/#primaryimage\"},\"thumbnailUrl\":\"https:\/\/psol50.org.br\/inc\/uploads\/2015\/09\/Audiencia_Publica_xenofobia.jpg\",\"articleSection\":[\"A\u00e7\u00e3o Parlamentar\",\"Brasil\",\"Not\u00edcias\",\"Partido\"],\"inLanguage\":\"pt-BR\",\"potentialAction\":[{\"@type\":\"CommentAction\",\"name\":\"Comment\",\"target\":[\"https:\/\/psol50.org.br\/por-iniciativa-de-ivan-valente-xenofobia-e-racismo-no-brasil-foram-temas-de-debate-na-camara\/#respond\"]}]},{\"@type\":\"WebPage\",\"@id\":\"https:\/\/psol50.org.br\/por-iniciativa-de-ivan-valente-xenofobia-e-racismo-no-brasil-foram-temas-de-debate-na-camara\/\",\"url\":\"https:\/\/psol50.org.br\/por-iniciativa-de-ivan-valente-xenofobia-e-racismo-no-brasil-foram-temas-de-debate-na-camara\/\",\"name\":\"Por iniciativa de Ivan Valente, xenofobia e racismo foram temas de debate - PSOL 50\",\"isPartOf\":{\"@id\":\"https:\/\/psol50.org.br\/#website\"},\"primaryImageOfPage\":{\"@id\":\"https:\/\/psol50.org.br\/por-iniciativa-de-ivan-valente-xenofobia-e-racismo-no-brasil-foram-temas-de-debate-na-camara\/#primaryimage\"},\"image\":{\"@id\":\"https:\/\/psol50.org.br\/por-iniciativa-de-ivan-valente-xenofobia-e-racismo-no-brasil-foram-temas-de-debate-na-camara\/#primaryimage\"},\"thumbnailUrl\":\"https:\/\/psol50.org.br\/inc\/uploads\/2015\/09\/Audiencia_Publica_xenofobia.jpg\",\"datePublished\":\"2015-09-25T20:16:51+00:00\",\"breadcrumb\":{\"@id\":\"https:\/\/psol50.org.br\/por-iniciativa-de-ivan-valente-xenofobia-e-racismo-no-brasil-foram-temas-de-debate-na-camara\/#breadcrumb\"},\"inLanguage\":\"pt-BR\",\"potentialAction\":[{\"@type\":\"ReadAction\",\"target\":[\"https:\/\/psol50.org.br\/por-iniciativa-de-ivan-valente-xenofobia-e-racismo-no-brasil-foram-temas-de-debate-na-camara\/\"]}]},{\"@type\":\"ImageObject\",\"inLanguage\":\"pt-BR\",\"@id\":\"https:\/\/psol50.org.br\/por-iniciativa-de-ivan-valente-xenofobia-e-racismo-no-brasil-foram-temas-de-debate-na-camara\/#primaryimage\",\"url\":\"https:\/\/psol50.org.br\/inc\/uploads\/2015\/09\/Audiencia_Publica_xenofobia.jpg\",\"contentUrl\":\"https:\/\/psol50.org.br\/inc\/uploads\/2015\/09\/Audiencia_Publica_xenofobia.jpg\",\"width\":448,\"height\":298},{\"@type\":\"BreadcrumbList\",\"@id\":\"https:\/\/psol50.org.br\/por-iniciativa-de-ivan-valente-xenofobia-e-racismo-no-brasil-foram-temas-de-debate-na-camara\/#breadcrumb\",\"itemListElement\":[{\"@type\":\"ListItem\",\"position\":1,\"name\":\"In\u00edcio\",\"item\":\"https:\/\/psol50.org.br\/\"},{\"@type\":\"ListItem\",\"position\":2,\"name\":\"Por iniciativa de Ivan Valente, xenofobia e racismo foram temas de debate\"}]},{\"@type\":\"WebSite\",\"@id\":\"https:\/\/psol50.org.br\/#website\",\"url\":\"https:\/\/psol50.org.br\/\",\"name\":\"PSOL 50\",\"description\":\"Site oficial do Partido Socialismo e Liberdade\",\"publisher\":{\"@id\":\"https:\/\/psol50.org.br\/#organization\"},\"alternateName\":\"PSOL50\",\"potentialAction\":[{\"@type\":\"SearchAction\",\"target\":{\"@type\":\"EntryPoint\",\"urlTemplate\":\"https:\/\/psol50.org.br\/?s={search_term_string}\"},\"query-input\":{\"@type\":\"PropertyValueSpecification\",\"valueRequired\":true,\"valueName\":\"search_term_string\"}}],\"inLanguage\":\"pt-BR\"},{\"@type\":\"Organization\",\"@id\":\"https:\/\/psol50.org.br\/#organization\",\"name\":\"PSOL 50\",\"alternateName\":\"PSOL 50\",\"url\":\"https:\/\/psol50.org.br\/\",\"logo\":{\"@type\":\"ImageObject\",\"inLanguage\":\"pt-BR\",\"@id\":\"https:\/\/psol50.org.br\/#\/schema\/logo\/image\/\",\"url\":\"https:\/\/psol50.org.br\/inc\/uploads\/2018\/07\/capa.png\",\"contentUrl\":\"https:\/\/psol50.org.br\/inc\/uploads\/2018\/07\/capa.png\",\"width\":1350,\"height\":900,\"caption\":\"PSOL 50\"},\"image\":{\"@id\":\"https:\/\/psol50.org.br\/#\/schema\/logo\/image\/\"},\"sameAs\":[\"https:\/\/www.facebook.com\/psol50\",\"https:\/\/x.com\/psol50\",\"https:\/\/www.instagram.com\/psol50\/\",\"https:\/\/www.youtube.com\/channel\/UC7SnJS5o1os7a6CaiNabzcg\"]},{\"@type\":\"Person\",\"@id\":\"https:\/\/psol50.org.br\/#\/schema\/person\/475dfa57d0b815993c714c2e96491fcd\",\"name\":\"Comunica\u00e7\u00e3o PSOL\",\"image\":{\"@type\":\"ImageObject\",\"inLanguage\":\"pt-BR\",\"@id\":\"https:\/\/psol50.org.br\/#\/schema\/person\/image\/\",\"url\":\"https:\/\/secure.gravatar.com\/avatar\/b34fc4f4e468a4e51785917065a3db57b841f5c95dba6ad8c73aaf8f66f8f9bf?s=96&d=mm&r=g\",\"contentUrl\":\"https:\/\/secure.gravatar.com\/avatar\/b34fc4f4e468a4e51785917065a3db57b841f5c95dba6ad8c73aaf8f66f8f9bf?s=96&d=mm&r=g\",\"caption\":\"Comunica\u00e7\u00e3o PSOL\"}}]}<\/script>\n<!-- \/ Yoast SEO plugin. -->","yoast_head_json":{"title":"Por iniciativa de Ivan Valente, xenofobia e racismo foram temas de debate - PSOL 50","robots":{"index":"index","follow":"follow","max-snippet":"max-snippet:-1","max-image-preview":"max-image-preview:large","max-video-preview":"max-video-preview:-1"},"canonical":"https:\/\/psol50.org.br\/por-iniciativa-de-ivan-valente-xenofobia-e-racismo-no-brasil-foram-temas-de-debate-na-camara\/","og_locale":"pt_BR","og_type":"article","og_title":"Por iniciativa de Ivan Valente, xenofobia e racismo foram temas de debate - PSOL 50","og_description":"A partir de requerimento do deputado Ivan Valente (PSOL\/SP), a\u00a0Comiss\u00e3o de Rela\u00e7\u00f5es Exteriores e de Defesa Nacional promoveu, na \u00faltima quarta-feira (23\/09), audi\u00eancia p\u00fablica para discutir os recentes casos de ataques xen\u00f3fobos no Brasil, em especial contra os imigrantes haitianos. A motiva\u00e7\u00e3o para a audi\u00eancia foi o ataque contra refugiados haitianos, ocorrido em 1\u00ba de [&hellip;]","og_url":"https:\/\/psol50.org.br\/por-iniciativa-de-ivan-valente-xenofobia-e-racismo-no-brasil-foram-temas-de-debate-na-camara\/","og_site_name":"PSOL 50","article_publisher":"https:\/\/www.facebook.com\/psol50","article_published_time":"2015-09-25T20:16:51+00:00","og_image":[{"width":448,"height":298,"url":"https:\/\/psol50.org.br\/inc\/uploads\/2015\/09\/Audiencia_Publica_xenofobia.jpg","type":"image\/jpeg"}],"author":"Comunica\u00e7\u00e3o PSOL","twitter_card":"summary_large_image","twitter_creator":"@psol50","twitter_site":"@psol50","twitter_misc":{"Escrito por":"Comunica\u00e7\u00e3o PSOL","Est. tempo de leitura":"4 minutos"},"schema":{"@context":"https:\/\/schema.org","@graph":[{"@type":"Article","@id":"https:\/\/psol50.org.br\/por-iniciativa-de-ivan-valente-xenofobia-e-racismo-no-brasil-foram-temas-de-debate-na-camara\/#article","isPartOf":{"@id":"https:\/\/psol50.org.br\/por-iniciativa-de-ivan-valente-xenofobia-e-racismo-no-brasil-foram-temas-de-debate-na-camara\/"},"author":{"name":"Comunica\u00e7\u00e3o PSOL","@id":"https:\/\/psol50.org.br\/#\/schema\/person\/475dfa57d0b815993c714c2e96491fcd"},"headline":"Por iniciativa de Ivan Valente, xenofobia e racismo foram temas de debate","datePublished":"2015-09-25T20:16:51+00:00","mainEntityOfPage":{"@id":"https:\/\/psol50.org.br\/por-iniciativa-de-ivan-valente-xenofobia-e-racismo-no-brasil-foram-temas-de-debate-na-camara\/"},"wordCount":712,"commentCount":0,"publisher":{"@id":"https:\/\/psol50.org.br\/#organization"},"image":{"@id":"https:\/\/psol50.org.br\/por-iniciativa-de-ivan-valente-xenofobia-e-racismo-no-brasil-foram-temas-de-debate-na-camara\/#primaryimage"},"thumbnailUrl":"https:\/\/psol50.org.br\/inc\/uploads\/2015\/09\/Audiencia_Publica_xenofobia.jpg","articleSection":["A\u00e7\u00e3o Parlamentar","Brasil","Not\u00edcias","Partido"],"inLanguage":"pt-BR","potentialAction":[{"@type":"CommentAction","name":"Comment","target":["https:\/\/psol50.org.br\/por-iniciativa-de-ivan-valente-xenofobia-e-racismo-no-brasil-foram-temas-de-debate-na-camara\/#respond"]}]},{"@type":"WebPage","@id":"https:\/\/psol50.org.br\/por-iniciativa-de-ivan-valente-xenofobia-e-racismo-no-brasil-foram-temas-de-debate-na-camara\/","url":"https:\/\/psol50.org.br\/por-iniciativa-de-ivan-valente-xenofobia-e-racismo-no-brasil-foram-temas-de-debate-na-camara\/","name":"Por iniciativa de Ivan Valente, xenofobia e racismo foram temas de debate - PSOL 50","isPartOf":{"@id":"https:\/\/psol50.org.br\/#website"},"primaryImageOfPage":{"@id":"https:\/\/psol50.org.br\/por-iniciativa-de-ivan-valente-xenofobia-e-racismo-no-brasil-foram-temas-de-debate-na-camara\/#primaryimage"},"image":{"@id":"https:\/\/psol50.org.br\/por-iniciativa-de-ivan-valente-xenofobia-e-racismo-no-brasil-foram-temas-de-debate-na-camara\/#primaryimage"},"thumbnailUrl":"https:\/\/psol50.org.br\/inc\/uploads\/2015\/09\/Audiencia_Publica_xenofobia.jpg","datePublished":"2015-09-25T20:16:51+00:00","breadcrumb":{"@id":"https:\/\/psol50.org.br\/por-iniciativa-de-ivan-valente-xenofobia-e-racismo-no-brasil-foram-temas-de-debate-na-camara\/#breadcrumb"},"inLanguage":"pt-BR","potentialAction":[{"@type":"ReadAction","target":["https:\/\/psol50.org.br\/por-iniciativa-de-ivan-valente-xenofobia-e-racismo-no-brasil-foram-temas-de-debate-na-camara\/"]}]},{"@type":"ImageObject","inLanguage":"pt-BR","@id":"https:\/\/psol50.org.br\/por-iniciativa-de-ivan-valente-xenofobia-e-racismo-no-brasil-foram-temas-de-debate-na-camara\/#primaryimage","url":"https:\/\/psol50.org.br\/inc\/uploads\/2015\/09\/Audiencia_Publica_xenofobia.jpg","contentUrl":"https:\/\/psol50.org.br\/inc\/uploads\/2015\/09\/Audiencia_Publica_xenofobia.jpg","width":448,"height":298},{"@type":"BreadcrumbList","@id":"https:\/\/psol50.org.br\/por-iniciativa-de-ivan-valente-xenofobia-e-racismo-no-brasil-foram-temas-de-debate-na-camara\/#breadcrumb","itemListElement":[{"@type":"ListItem","position":1,"name":"In\u00edcio","item":"https:\/\/psol50.org.br\/"},{"@type":"ListItem","position":2,"name":"Por iniciativa de Ivan Valente, xenofobia e racismo foram temas de debate"}]},{"@type":"WebSite","@id":"https:\/\/psol50.org.br\/#website","url":"https:\/\/psol50.org.br\/","name":"PSOL 50","description":"Site oficial do Partido Socialismo e Liberdade","publisher":{"@id":"https:\/\/psol50.org.br\/#organization"},"alternateName":"PSOL50","potentialAction":[{"@type":"SearchAction","target":{"@type":"EntryPoint","urlTemplate":"https:\/\/psol50.org.br\/?s={search_term_string}"},"query-input":{"@type":"PropertyValueSpecification","valueRequired":true,"valueName":"search_term_string"}}],"inLanguage":"pt-BR"},{"@type":"Organization","@id":"https:\/\/psol50.org.br\/#organization","name":"PSOL 50","alternateName":"PSOL 50","url":"https:\/\/psol50.org.br\/","logo":{"@type":"ImageObject","inLanguage":"pt-BR","@id":"https:\/\/psol50.org.br\/#\/schema\/logo\/image\/","url":"https:\/\/psol50.org.br\/inc\/uploads\/2018\/07\/capa.png","contentUrl":"https:\/\/psol50.org.br\/inc\/uploads\/2018\/07\/capa.png","width":1350,"height":900,"caption":"PSOL 50"},"image":{"@id":"https:\/\/psol50.org.br\/#\/schema\/logo\/image\/"},"sameAs":["https:\/\/www.facebook.com\/psol50","https:\/\/x.com\/psol50","https:\/\/www.instagram.com\/psol50\/","https:\/\/www.youtube.com\/channel\/UC7SnJS5o1os7a6CaiNabzcg"]},{"@type":"Person","@id":"https:\/\/psol50.org.br\/#\/schema\/person\/475dfa57d0b815993c714c2e96491fcd","name":"Comunica\u00e7\u00e3o PSOL","image":{"@type":"ImageObject","inLanguage":"pt-BR","@id":"https:\/\/psol50.org.br\/#\/schema\/person\/image\/","url":"https:\/\/secure.gravatar.com\/avatar\/b34fc4f4e468a4e51785917065a3db57b841f5c95dba6ad8c73aaf8f66f8f9bf?s=96&d=mm&r=g","contentUrl":"https:\/\/secure.gravatar.com\/avatar\/b34fc4f4e468a4e51785917065a3db57b841f5c95dba6ad8c73aaf8f66f8f9bf?s=96&d=mm&r=g","caption":"Comunica\u00e7\u00e3o PSOL"}}]}},"_links":{"self":[{"href":"https:\/\/psol50.org.br\/rest\/wp\/v2\/posts\/8235","targetHints":{"allow":["GET"]}}],"collection":[{"href":"https:\/\/psol50.org.br\/rest\/wp\/v2\/posts"}],"about":[{"href":"https:\/\/psol50.org.br\/rest\/wp\/v2\/types\/post"}],"author":[{"embeddable":true,"href":"https:\/\/psol50.org.br\/rest\/wp\/v2\/users\/2"}],"replies":[{"embeddable":true,"href":"https:\/\/psol50.org.br\/rest\/wp\/v2\/comments?post=8235"}],"version-history":[{"count":0,"href":"https:\/\/psol50.org.br\/rest\/wp\/v2\/posts\/8235\/revisions"}],"wp:featuredmedia":[{"embeddable":true,"href":"https:\/\/psol50.org.br\/rest\/wp\/v2\/media\/8238"}],"wp:attachment":[{"href":"https:\/\/psol50.org.br\/rest\/wp\/v2\/media?parent=8235"}],"wp:term":[{"taxonomy":"category","embeddable":true,"href":"https:\/\/psol50.org.br\/rest\/wp\/v2\/categories?post=8235"},{"taxonomy":"post_tag","embeddable":true,"href":"https:\/\/psol50.org.br\/rest\/wp\/v2\/tags?post=8235"}],"curies":[{"name":"wp","href":"https:\/\/api.w.org\/{rel}","templated":true}]}}