{"id":832,"date":"2011-06-04T00:00:00","date_gmt":"2011-06-04T00:00:00","guid":{"rendered":"http:\/\/psol50.org.br\/arquivo\/2011\/06\/04\/cerca-de-600-bombeiros-sao-presos-no-rio-vandalos-sao-governantes-incapazes\/"},"modified":"2011-06-04T00:00:00","modified_gmt":"2011-06-04T00:00:00","slug":"cerca-de-600-bombeiros-sao-presos-no-rio-vandalos-sao-governantes-incapazes","status":"publish","type":"post","link":"https:\/\/psol50.org.br\/cerca-de-600-bombeiros-sao-presos-no-rio-vandalos-sao-governantes-incapazes\/","title":{"rendered":"Cerca de 600 bombeiros s\u00e3o presos no Rio. V\u00e2ndalos s\u00e3o governantes incapazes"},"content":{"rendered":"<p><strong><em><a rel=\"attachment wp-att-8648\" href=\"http:\/\/psol50.org.br\/blog\/2011\/06\/04\/cerca-de-600-bombeiros-sao-presos-no-rio-vandalos-sao-governantes-incapazes\/bombeirospresosnorj\/\"><img loading=\"lazy\" decoding=\"async\" class=\"alignleft size-full wp-image-8648\" src=\"http:\/\/psol50.org.br\/files\/2011\/06\/BombeirospresosnoRJ.jpeg\" alt=\"\" width=\"300\" height=\"220\" \/><\/a>Governador do Rio, Sergio Cabral, chamou os bombeiros que participaram de um protesto de &#8216;v\u00e2ndalos e irrespons\u00e1veis&#8217;<\/em><\/strong><\/p>\n<p>O Quartel Central do Corpo de Bombeiros do Rio de Janeiro, ocupado por mais de dois mil bombeiros e familiares na noite desta sexta-feira, 3, foi invadido na manh\u00e3 deste s\u00e1bado, 4, pela tropa de Choque da Pol\u00edcia Militar (PM) e por policiais do Batalh\u00e3o de Opera\u00e7\u00f5es Especiais (Bope).<\/p>\n<p>Os policiais usaram bombas de efeito moral e bombas de g\u00e1s lacrimog\u00eaneo. Pelo menos duas crian\u00e7as sofreram intoxica\u00e7\u00e3o devido ao g\u00e1s e dois adultos tiveram ferimentos leves na cabe\u00e7a.<\/p>\n<p>Cerca de 600 bombeiros que participaram da invas\u00e3o foram presos. Encaminhados ao p\u00e1tio do batalh\u00e3o de Choque da PM, os manifestantes sentaram no ch\u00e3o e formaram a palavra SOS.<\/p>\n<p>\u2018N\u00e3o vamos recuar at\u00e9 que haja uma solu\u00e7\u00e3o\u2019<\/p>\n<p>\u201cN\u00f3s temos o pior sal\u00e1rio da categoria no pa\u00eds, que \u00e9 de R$ 950. Estamos h\u00e1 dois meses tentando negociar com o governo, mas at\u00e9 agora n\u00e3o obtivemos resposta. Nosso movimento \u00e9 de paz e estamos em busca da dignidade. N\u00e3o vamos recuar at\u00e9 que haja uma solu\u00e7\u00e3o. Queremos um acordo, queremos que o governador se pronuncie\u201d, disse o porta-voz do movimento, o cabo Benevenuto Daciolo, segundo o qual a categoria reivindica piso salarial l\u00edquido no valor de R$ 2 mil e vale-transporte.<\/p>\n<p>Antes da invas\u00e3o o comandante-geral da PM, M\u00e1rio S\u00e9rgio Duarte, entrou no quartel para tentar convencer os bombeiros a retornarem para suas casas. Ap\u00f3s seu discurso, o cabo Daciolo disse que os bombeiros t\u00eam que \u201cpagar aluguel, compras, rem\u00e9dios\u201d e que havia 50 homens armados entre eles, apelando ao comandante-geral da PM para que n\u00e3o permitisse que \u201co mal aconte\u00e7a\u201d.<\/p>\n<p>Na tarde deste s\u00e1bado, o governador do Rio, Sergio Cabral, deu entrevista coletiva para falar do caso. Ele chamou os bombeiros que participaram no protesto de \u201cv\u00e2ndalos e irrespons\u00e1veis\u201d. Cabral exonerou o Comandante Geral do Corpo de Bombeiros, Pedro Machado.<\/p>\n<p><strong><em>O PSOL manifesta seu total e irrestrito apoio \u00e0 luta dos Bombeiros do Rio de Janeiro.Cadeia \u00e9 pra ladr\u00e3o e n\u00e3o para her\u00f3is. V\u00e2ndalos s\u00e3o governantes incapazes de compreender que uma quest\u00e3o social n\u00e3o pode e n\u00e3o deve ser tratada com marginaliza\u00e7\u00e3o do movimento reivindicat\u00f3rio.<\/em><\/strong><\/p>\n<p><strong><em> <\/em><\/strong><\/p>\n<p><strong><em>Como afirmou o deputado federal Jean Wyllys (PSOL-RJ), \u201co que se espera de um governador \u00e9 habilidade para negociar reivindica\u00e7\u00f5es de trabalhadores por sal\u00e1rios justos e n\u00e3o repress\u00e3o\u201d.<\/em><\/strong><\/p>\n<p><a href=\"http:\/\/www.jusbrasil.com.br\/politica\/7106173\/cerca-de-600-bombeiros-sao-presos-no-rio\"><em><strong>*Com informa\u00e7\u00f5es do s\u00edtio JusBrasil <\/strong><\/em><\/a><\/p>\n","protected":false},"excerpt":{"rendered":"<p>Governador do Rio, Sergio Cabral, chamou os bombeiros que participaram de um protesto de &#8216;v\u00e2ndalos e irrespons\u00e1veis&#8217; O Quartel Central do Corpo de Bombeiros do Rio de Janeiro, ocupado por mais de dois mil bombeiros e familiares na noite desta sexta-feira, 3, foi invadido na manh\u00e3 deste s\u00e1bado, 4, pela tropa de Choque da Pol\u00edcia [&hellip;]<\/p>\n","protected":false},"author":2,"featured_media":0,"comment_status":"open","ping_status":"open","sticky":false,"template":"","format":"standard","meta":{"_acf_changed":false,"footnotes":""},"categories":[4766],"tags":[],"class_list":{"0":"post-832","1":"post","2":"type-post","3":"status-publish","4":"format-standard","6":"category-arquivo"},"acf":[],"yoast_head":"<!-- This site is optimized with the Yoast SEO plugin v26.5 - https:\/\/yoast.com\/wordpress\/plugins\/seo\/ -->\n<title>Cerca de 600 bombeiros s\u00e3o presos no Rio. V\u00e2ndalos s\u00e3o governantes incapazes - PSOL 50<\/title>\n<meta name=\"robots\" content=\"index, follow, max-snippet:-1, max-image-preview:large, max-video-preview:-1\" \/>\n<link rel=\"canonical\" href=\"https:\/\/psol50.org.br\/cerca-de-600-bombeiros-sao-presos-no-rio-vandalos-sao-governantes-incapazes\/\" \/>\n<meta property=\"og:locale\" content=\"pt_BR\" \/>\n<meta property=\"og:type\" content=\"article\" \/>\n<meta property=\"og:title\" content=\"Cerca de 600 bombeiros s\u00e3o presos no Rio. V\u00e2ndalos s\u00e3o governantes incapazes - PSOL 50\" \/>\n<meta property=\"og:description\" content=\"Governador do Rio, Sergio Cabral, chamou os bombeiros que participaram de um protesto de &#8216;v\u00e2ndalos e irrespons\u00e1veis&#8217; O Quartel Central do Corpo de Bombeiros do Rio de Janeiro, ocupado por mais de dois mil bombeiros e familiares na noite desta sexta-feira, 3, foi invadido na manh\u00e3 deste s\u00e1bado, 4, pela tropa de Choque da Pol\u00edcia [&hellip;]\" \/>\n<meta property=\"og:url\" content=\"https:\/\/psol50.org.br\/cerca-de-600-bombeiros-sao-presos-no-rio-vandalos-sao-governantes-incapazes\/\" \/>\n<meta property=\"og:site_name\" content=\"PSOL 50\" \/>\n<meta property=\"article:publisher\" content=\"https:\/\/www.facebook.com\/psol50\" \/>\n<meta property=\"article:published_time\" content=\"2011-06-04T00:00:00+00:00\" \/>\n<meta property=\"og:image\" content=\"http:\/\/psol50.org.br\/files\/2011\/06\/BombeirospresosnoRJ.jpeg\" \/>\n<meta name=\"author\" content=\"Comunica\u00e7\u00e3o PSOL\" \/>\n<meta name=\"twitter:card\" content=\"summary_large_image\" \/>\n<meta name=\"twitter:creator\" content=\"@psol50\" \/>\n<meta name=\"twitter:site\" content=\"@psol50\" \/>\n<meta name=\"twitter:label1\" content=\"Escrito por\" \/>\n\t<meta name=\"twitter:data1\" content=\"Comunica\u00e7\u00e3o PSOL\" \/>\n\t<meta name=\"twitter:label2\" content=\"Est. tempo de leitura\" \/>\n\t<meta name=\"twitter:data2\" content=\"2 minutos\" \/>\n<script type=\"application\/ld+json\" class=\"yoast-schema-graph\">{\"@context\":\"https:\/\/schema.org\",\"@graph\":[{\"@type\":\"Article\",\"@id\":\"https:\/\/psol50.org.br\/cerca-de-600-bombeiros-sao-presos-no-rio-vandalos-sao-governantes-incapazes\/#article\",\"isPartOf\":{\"@id\":\"https:\/\/psol50.org.br\/cerca-de-600-bombeiros-sao-presos-no-rio-vandalos-sao-governantes-incapazes\/\"},\"author\":{\"name\":\"Comunica\u00e7\u00e3o PSOL\",\"@id\":\"https:\/\/psol50.org.br\/#\/schema\/person\/475dfa57d0b815993c714c2e96491fcd\"},\"headline\":\"Cerca de 600 bombeiros s\u00e3o presos no Rio. V\u00e2ndalos s\u00e3o governantes incapazes\",\"datePublished\":\"2011-06-04T00:00:00+00:00\",\"mainEntityOfPage\":{\"@id\":\"https:\/\/psol50.org.br\/cerca-de-600-bombeiros-sao-presos-no-rio-vandalos-sao-governantes-incapazes\/\"},\"wordCount\":449,\"commentCount\":0,\"publisher\":{\"@id\":\"https:\/\/psol50.org.br\/#organization\"},\"image\":{\"@id\":\"https:\/\/psol50.org.br\/cerca-de-600-bombeiros-sao-presos-no-rio-vandalos-sao-governantes-incapazes\/#primaryimage\"},\"thumbnailUrl\":\"http:\/\/psol50.org.br\/files\/2011\/06\/BombeirospresosnoRJ.jpeg\",\"articleSection\":[\"Arquivo\"],\"inLanguage\":\"pt-BR\",\"potentialAction\":[{\"@type\":\"CommentAction\",\"name\":\"Comment\",\"target\":[\"https:\/\/psol50.org.br\/cerca-de-600-bombeiros-sao-presos-no-rio-vandalos-sao-governantes-incapazes\/#respond\"]}]},{\"@type\":\"WebPage\",\"@id\":\"https:\/\/psol50.org.br\/cerca-de-600-bombeiros-sao-presos-no-rio-vandalos-sao-governantes-incapazes\/\",\"url\":\"https:\/\/psol50.org.br\/cerca-de-600-bombeiros-sao-presos-no-rio-vandalos-sao-governantes-incapazes\/\",\"name\":\"Cerca de 600 bombeiros s\u00e3o presos no Rio. V\u00e2ndalos s\u00e3o governantes incapazes - PSOL 50\",\"isPartOf\":{\"@id\":\"https:\/\/psol50.org.br\/#website\"},\"primaryImageOfPage\":{\"@id\":\"https:\/\/psol50.org.br\/cerca-de-600-bombeiros-sao-presos-no-rio-vandalos-sao-governantes-incapazes\/#primaryimage\"},\"image\":{\"@id\":\"https:\/\/psol50.org.br\/cerca-de-600-bombeiros-sao-presos-no-rio-vandalos-sao-governantes-incapazes\/#primaryimage\"},\"thumbnailUrl\":\"http:\/\/psol50.org.br\/files\/2011\/06\/BombeirospresosnoRJ.jpeg\",\"datePublished\":\"2011-06-04T00:00:00+00:00\",\"breadcrumb\":{\"@id\":\"https:\/\/psol50.org.br\/cerca-de-600-bombeiros-sao-presos-no-rio-vandalos-sao-governantes-incapazes\/#breadcrumb\"},\"inLanguage\":\"pt-BR\",\"potentialAction\":[{\"@type\":\"ReadAction\",\"target\":[\"https:\/\/psol50.org.br\/cerca-de-600-bombeiros-sao-presos-no-rio-vandalos-sao-governantes-incapazes\/\"]}]},{\"@type\":\"ImageObject\",\"inLanguage\":\"pt-BR\",\"@id\":\"https:\/\/psol50.org.br\/cerca-de-600-bombeiros-sao-presos-no-rio-vandalos-sao-governantes-incapazes\/#primaryimage\",\"url\":\"http:\/\/psol50.org.br\/files\/2011\/06\/BombeirospresosnoRJ.jpeg\",\"contentUrl\":\"http:\/\/psol50.org.br\/files\/2011\/06\/BombeirospresosnoRJ.jpeg\"},{\"@type\":\"BreadcrumbList\",\"@id\":\"https:\/\/psol50.org.br\/cerca-de-600-bombeiros-sao-presos-no-rio-vandalos-sao-governantes-incapazes\/#breadcrumb\",\"itemListElement\":[{\"@type\":\"ListItem\",\"position\":1,\"name\":\"In\u00edcio\",\"item\":\"https:\/\/psol50.org.br\/\"},{\"@type\":\"ListItem\",\"position\":2,\"name\":\"Cerca de 600 bombeiros s\u00e3o presos no Rio. V\u00e2ndalos s\u00e3o governantes incapazes\"}]},{\"@type\":\"WebSite\",\"@id\":\"https:\/\/psol50.org.br\/#website\",\"url\":\"https:\/\/psol50.org.br\/\",\"name\":\"PSOL 50\",\"description\":\"Site oficial do Partido Socialismo e Liberdade\",\"publisher\":{\"@id\":\"https:\/\/psol50.org.br\/#organization\"},\"alternateName\":\"PSOL50\",\"potentialAction\":[{\"@type\":\"SearchAction\",\"target\":{\"@type\":\"EntryPoint\",\"urlTemplate\":\"https:\/\/psol50.org.br\/?s={search_term_string}\"},\"query-input\":{\"@type\":\"PropertyValueSpecification\",\"valueRequired\":true,\"valueName\":\"search_term_string\"}}],\"inLanguage\":\"pt-BR\"},{\"@type\":\"Organization\",\"@id\":\"https:\/\/psol50.org.br\/#organization\",\"name\":\"PSOL 50\",\"alternateName\":\"PSOL 50\",\"url\":\"https:\/\/psol50.org.br\/\",\"logo\":{\"@type\":\"ImageObject\",\"inLanguage\":\"pt-BR\",\"@id\":\"https:\/\/psol50.org.br\/#\/schema\/logo\/image\/\",\"url\":\"https:\/\/psol50.org.br\/inc\/uploads\/2018\/07\/capa.png\",\"contentUrl\":\"https:\/\/psol50.org.br\/inc\/uploads\/2018\/07\/capa.png\",\"width\":1350,\"height\":900,\"caption\":\"PSOL 50\"},\"image\":{\"@id\":\"https:\/\/psol50.org.br\/#\/schema\/logo\/image\/\"},\"sameAs\":[\"https:\/\/www.facebook.com\/psol50\",\"https:\/\/x.com\/psol50\",\"https:\/\/www.instagram.com\/psol50\/\",\"https:\/\/www.youtube.com\/channel\/UC7SnJS5o1os7a6CaiNabzcg\"]},{\"@type\":\"Person\",\"@id\":\"https:\/\/psol50.org.br\/#\/schema\/person\/475dfa57d0b815993c714c2e96491fcd\",\"name\":\"Comunica\u00e7\u00e3o PSOL\",\"image\":{\"@type\":\"ImageObject\",\"inLanguage\":\"pt-BR\",\"@id\":\"https:\/\/psol50.org.br\/#\/schema\/person\/image\/\",\"url\":\"https:\/\/secure.gravatar.com\/avatar\/b34fc4f4e468a4e51785917065a3db57b841f5c95dba6ad8c73aaf8f66f8f9bf?s=96&d=mm&r=g\",\"contentUrl\":\"https:\/\/secure.gravatar.com\/avatar\/b34fc4f4e468a4e51785917065a3db57b841f5c95dba6ad8c73aaf8f66f8f9bf?s=96&d=mm&r=g\",\"caption\":\"Comunica\u00e7\u00e3o PSOL\"}}]}<\/script>\n<!-- \/ Yoast SEO plugin. -->","yoast_head_json":{"title":"Cerca de 600 bombeiros s\u00e3o presos no Rio. V\u00e2ndalos s\u00e3o governantes incapazes - PSOL 50","robots":{"index":"index","follow":"follow","max-snippet":"max-snippet:-1","max-image-preview":"max-image-preview:large","max-video-preview":"max-video-preview:-1"},"canonical":"https:\/\/psol50.org.br\/cerca-de-600-bombeiros-sao-presos-no-rio-vandalos-sao-governantes-incapazes\/","og_locale":"pt_BR","og_type":"article","og_title":"Cerca de 600 bombeiros s\u00e3o presos no Rio. V\u00e2ndalos s\u00e3o governantes incapazes - PSOL 50","og_description":"Governador do Rio, Sergio Cabral, chamou os bombeiros que participaram de um protesto de &#8216;v\u00e2ndalos e irrespons\u00e1veis&#8217; O Quartel Central do Corpo de Bombeiros do Rio de Janeiro, ocupado por mais de dois mil bombeiros e familiares na noite desta sexta-feira, 3, foi invadido na manh\u00e3 deste s\u00e1bado, 4, pela tropa de Choque da Pol\u00edcia [&hellip;]","og_url":"https:\/\/psol50.org.br\/cerca-de-600-bombeiros-sao-presos-no-rio-vandalos-sao-governantes-incapazes\/","og_site_name":"PSOL 50","article_publisher":"https:\/\/www.facebook.com\/psol50","article_published_time":"2011-06-04T00:00:00+00:00","og_image":[{"url":"http:\/\/psol50.org.br\/files\/2011\/06\/BombeirospresosnoRJ.jpeg","type":"","width":"","height":""}],"author":"Comunica\u00e7\u00e3o PSOL","twitter_card":"summary_large_image","twitter_creator":"@psol50","twitter_site":"@psol50","twitter_misc":{"Escrito por":"Comunica\u00e7\u00e3o PSOL","Est. tempo de leitura":"2 minutos"},"schema":{"@context":"https:\/\/schema.org","@graph":[{"@type":"Article","@id":"https:\/\/psol50.org.br\/cerca-de-600-bombeiros-sao-presos-no-rio-vandalos-sao-governantes-incapazes\/#article","isPartOf":{"@id":"https:\/\/psol50.org.br\/cerca-de-600-bombeiros-sao-presos-no-rio-vandalos-sao-governantes-incapazes\/"},"author":{"name":"Comunica\u00e7\u00e3o PSOL","@id":"https:\/\/psol50.org.br\/#\/schema\/person\/475dfa57d0b815993c714c2e96491fcd"},"headline":"Cerca de 600 bombeiros s\u00e3o presos no Rio. V\u00e2ndalos s\u00e3o governantes incapazes","datePublished":"2011-06-04T00:00:00+00:00","mainEntityOfPage":{"@id":"https:\/\/psol50.org.br\/cerca-de-600-bombeiros-sao-presos-no-rio-vandalos-sao-governantes-incapazes\/"},"wordCount":449,"commentCount":0,"publisher":{"@id":"https:\/\/psol50.org.br\/#organization"},"image":{"@id":"https:\/\/psol50.org.br\/cerca-de-600-bombeiros-sao-presos-no-rio-vandalos-sao-governantes-incapazes\/#primaryimage"},"thumbnailUrl":"http:\/\/psol50.org.br\/files\/2011\/06\/BombeirospresosnoRJ.jpeg","articleSection":["Arquivo"],"inLanguage":"pt-BR","potentialAction":[{"@type":"CommentAction","name":"Comment","target":["https:\/\/psol50.org.br\/cerca-de-600-bombeiros-sao-presos-no-rio-vandalos-sao-governantes-incapazes\/#respond"]}]},{"@type":"WebPage","@id":"https:\/\/psol50.org.br\/cerca-de-600-bombeiros-sao-presos-no-rio-vandalos-sao-governantes-incapazes\/","url":"https:\/\/psol50.org.br\/cerca-de-600-bombeiros-sao-presos-no-rio-vandalos-sao-governantes-incapazes\/","name":"Cerca de 600 bombeiros s\u00e3o presos no Rio. V\u00e2ndalos s\u00e3o governantes incapazes - PSOL 50","isPartOf":{"@id":"https:\/\/psol50.org.br\/#website"},"primaryImageOfPage":{"@id":"https:\/\/psol50.org.br\/cerca-de-600-bombeiros-sao-presos-no-rio-vandalos-sao-governantes-incapazes\/#primaryimage"},"image":{"@id":"https:\/\/psol50.org.br\/cerca-de-600-bombeiros-sao-presos-no-rio-vandalos-sao-governantes-incapazes\/#primaryimage"},"thumbnailUrl":"http:\/\/psol50.org.br\/files\/2011\/06\/BombeirospresosnoRJ.jpeg","datePublished":"2011-06-04T00:00:00+00:00","breadcrumb":{"@id":"https:\/\/psol50.org.br\/cerca-de-600-bombeiros-sao-presos-no-rio-vandalos-sao-governantes-incapazes\/#breadcrumb"},"inLanguage":"pt-BR","potentialAction":[{"@type":"ReadAction","target":["https:\/\/psol50.org.br\/cerca-de-600-bombeiros-sao-presos-no-rio-vandalos-sao-governantes-incapazes\/"]}]},{"@type":"ImageObject","inLanguage":"pt-BR","@id":"https:\/\/psol50.org.br\/cerca-de-600-bombeiros-sao-presos-no-rio-vandalos-sao-governantes-incapazes\/#primaryimage","url":"http:\/\/psol50.org.br\/files\/2011\/06\/BombeirospresosnoRJ.jpeg","contentUrl":"http:\/\/psol50.org.br\/files\/2011\/06\/BombeirospresosnoRJ.jpeg"},{"@type":"BreadcrumbList","@id":"https:\/\/psol50.org.br\/cerca-de-600-bombeiros-sao-presos-no-rio-vandalos-sao-governantes-incapazes\/#breadcrumb","itemListElement":[{"@type":"ListItem","position":1,"name":"In\u00edcio","item":"https:\/\/psol50.org.br\/"},{"@type":"ListItem","position":2,"name":"Cerca de 600 bombeiros s\u00e3o presos no Rio. V\u00e2ndalos s\u00e3o governantes incapazes"}]},{"@type":"WebSite","@id":"https:\/\/psol50.org.br\/#website","url":"https:\/\/psol50.org.br\/","name":"PSOL 50","description":"Site oficial do Partido Socialismo e Liberdade","publisher":{"@id":"https:\/\/psol50.org.br\/#organization"},"alternateName":"PSOL50","potentialAction":[{"@type":"SearchAction","target":{"@type":"EntryPoint","urlTemplate":"https:\/\/psol50.org.br\/?s={search_term_string}"},"query-input":{"@type":"PropertyValueSpecification","valueRequired":true,"valueName":"search_term_string"}}],"inLanguage":"pt-BR"},{"@type":"Organization","@id":"https:\/\/psol50.org.br\/#organization","name":"PSOL 50","alternateName":"PSOL 50","url":"https:\/\/psol50.org.br\/","logo":{"@type":"ImageObject","inLanguage":"pt-BR","@id":"https:\/\/psol50.org.br\/#\/schema\/logo\/image\/","url":"https:\/\/psol50.org.br\/inc\/uploads\/2018\/07\/capa.png","contentUrl":"https:\/\/psol50.org.br\/inc\/uploads\/2018\/07\/capa.png","width":1350,"height":900,"caption":"PSOL 50"},"image":{"@id":"https:\/\/psol50.org.br\/#\/schema\/logo\/image\/"},"sameAs":["https:\/\/www.facebook.com\/psol50","https:\/\/x.com\/psol50","https:\/\/www.instagram.com\/psol50\/","https:\/\/www.youtube.com\/channel\/UC7SnJS5o1os7a6CaiNabzcg"]},{"@type":"Person","@id":"https:\/\/psol50.org.br\/#\/schema\/person\/475dfa57d0b815993c714c2e96491fcd","name":"Comunica\u00e7\u00e3o PSOL","image":{"@type":"ImageObject","inLanguage":"pt-BR","@id":"https:\/\/psol50.org.br\/#\/schema\/person\/image\/","url":"https:\/\/secure.gravatar.com\/avatar\/b34fc4f4e468a4e51785917065a3db57b841f5c95dba6ad8c73aaf8f66f8f9bf?s=96&d=mm&r=g","contentUrl":"https:\/\/secure.gravatar.com\/avatar\/b34fc4f4e468a4e51785917065a3db57b841f5c95dba6ad8c73aaf8f66f8f9bf?s=96&d=mm&r=g","caption":"Comunica\u00e7\u00e3o PSOL"}}]}},"_links":{"self":[{"href":"https:\/\/psol50.org.br\/rest\/wp\/v2\/posts\/832","targetHints":{"allow":["GET"]}}],"collection":[{"href":"https:\/\/psol50.org.br\/rest\/wp\/v2\/posts"}],"about":[{"href":"https:\/\/psol50.org.br\/rest\/wp\/v2\/types\/post"}],"author":[{"embeddable":true,"href":"https:\/\/psol50.org.br\/rest\/wp\/v2\/users\/2"}],"replies":[{"embeddable":true,"href":"https:\/\/psol50.org.br\/rest\/wp\/v2\/comments?post=832"}],"version-history":[{"count":0,"href":"https:\/\/psol50.org.br\/rest\/wp\/v2\/posts\/832\/revisions"}],"wp:attachment":[{"href":"https:\/\/psol50.org.br\/rest\/wp\/v2\/media?parent=832"}],"wp:term":[{"taxonomy":"category","embeddable":true,"href":"https:\/\/psol50.org.br\/rest\/wp\/v2\/categories?post=832"},{"taxonomy":"post_tag","embeddable":true,"href":"https:\/\/psol50.org.br\/rest\/wp\/v2\/tags?post=832"}],"curies":[{"name":"wp","href":"https:\/\/api.w.org\/{rel}","templated":true}]}}