{"id":835,"date":"2011-06-13T00:00:00","date_gmt":"2011-06-13T00:00:00","guid":{"rendered":"http:\/\/psol50.org.br\/arquivo\/2011\/06\/13\/greve-dos-professores-universitarios-da-ba-e-ampliada-a-outras-categorias\/"},"modified":"2011-06-13T00:00:00","modified_gmt":"2011-06-13T00:00:00","slug":"greve-dos-professores-universitarios-da-ba-e-ampliada-a-outras-categorias","status":"publish","type":"post","link":"https:\/\/psol50.org.br\/greve-dos-professores-universitarios-da-ba-e-ampliada-a-outras-categorias\/","title":{"rendered":"Greve dos professores universit\u00e1rios da BA \u00e9 ampliada a outras categorias"},"content":{"rendered":"<p><a rel=\"attachment wp-att-8852\" href=\"http:\/\/psol50.org.br\/blog\/2011\/06\/13\/greve-dos-professores-universitarios-da-ba-e-ampliada-a-outras-categorias\/adunebgreve13\/\"><img loading=\"lazy\" decoding=\"async\" class=\"alignleft size-medium wp-image-8852\" src=\"http:\/\/psol50.org.br\/files\/2011\/06\/AdunebGreve13-300x199.jpg\" alt=\"\" width=\"300\" height=\"199\" \/><\/a>A greve continua para os professores das quatro universidades estaduais da Bahia. A pr\u00f3xima rodada de reuni\u00f5es est\u00e1 marcada para sexta-feira (10) entre o governo e os docentes na tentativa de um consenso no acordo salarial. A proposta prev\u00ea a incorpora\u00e7\u00e3o de uma gratifica\u00e7\u00e3o \u00e0 remunera\u00e7\u00e3o em troca do congelamento do sal\u00e1rio por dois anos.<br \/>\nA Uneb, com sede em Salvador, est\u00e1 em greve desde 26 de maio e decidiu manter a paralisa\u00e7\u00e3o em assembleia realizada na quarta-feira (8). J\u00e1 a Universidade Estadual de Feira de Santana, do Sudoeste e de Santa Cruz, j\u00e1 passa dos dois meses de paralisa\u00e7\u00e3o. Mais de 60 mil alunos est\u00e3o sem aulas nesse per\u00edodo.<\/p>\n<p><strong>Federal<\/strong><br \/>\nPelo menos 500 servidores da Universidade Federal da Bahia (Ufba) deflagraram greve por tempo indeterminado, decidida em assembleia na quarta (8). A greve na Bahia ser\u00e1 iniciada na segunda-feira (13), acompanhando a ades\u00e3o de 21 universidades federais em todo o Brasil. A Bahia conta com cerca de seis mil servidores.<br \/>\nDe acordo com a Assufba (Sindicato dos T\u00e9cnicos-Administrativos da UFBA e UFRB), a categoria reclama piso de tr\u00eas sal\u00e1rios m\u00ednimos, racionaliza\u00e7\u00e3o de cargos, reposicionamento dos aposentados, devolu\u00e7\u00e3o do vencimento b\u00e1sico complementar absorvido, isonomia salarial e de benef\u00edcios, contra a terceiriza\u00e7\u00e3o, al\u00e9m da abertura imediata de concursos p\u00fablicos para substitui\u00e7\u00e3o da m\u00e3o de obra terceirizada em todos os n\u00edveis da carreira para as \u00e1reas administrativas e dos HU\u2019s (Hospitais Universit\u00e1rios), al\u00e9m da extens\u00e3o das a\u00e7\u00f5es jur\u00eddicas transitadas e julgadas.<\/p>\n<p><strong>Rede particular<\/strong><br \/>\nA quarta-feira (8) tamb\u00e9m foi dia de assembleia, que decidiu por greve para os professores da rede particular de ensino. A pauta de reivindica\u00e7\u00e3o ser\u00e1 estabelecida quando os representantes se reunir\u00e3o no audit\u00f3rio da Faculdade de Arquitetura da UFBA, no bairro da Federa\u00e7\u00e3o. Eles pedem reajuste salarial, bolsa de estudo para os filhos de professor, al\u00e9m de intervalo para descanso na educa\u00e7\u00e3o infantil.<\/p>\n<p><a href=\"http:\/\/www.aduneb.com.br\/clipagem.php?news_not_pk=1837\"><strong>Fonte: S\u00edtio da Aduneb <\/strong><\/a><\/p>\n","protected":false},"excerpt":{"rendered":"<p>A greve continua para os professores das quatro universidades estaduais da Bahia. A pr\u00f3xima rodada de reuni\u00f5es est\u00e1 marcada para sexta-feira (10) entre o governo e os docentes na tentativa de um consenso no acordo salarial. A proposta prev\u00ea a incorpora\u00e7\u00e3o de uma gratifica\u00e7\u00e3o \u00e0 remunera\u00e7\u00e3o em troca do congelamento do sal\u00e1rio por dois anos. [&hellip;]<\/p>\n","protected":false},"author":2,"featured_media":0,"comment_status":"open","ping_status":"open","sticky":false,"template":"","format":"standard","meta":{"_acf_changed":false,"footnotes":""},"categories":[4766],"tags":[],"class_list":{"0":"post-835","1":"post","2":"type-post","3":"status-publish","4":"format-standard","6":"category-arquivo"},"acf":[],"yoast_head":"<!-- This site is optimized with the Yoast SEO plugin v26.5 - https:\/\/yoast.com\/wordpress\/plugins\/seo\/ -->\n<title>Greve dos professores universit\u00e1rios da BA \u00e9 ampliada a outras categorias - PSOL 50<\/title>\n<meta name=\"robots\" content=\"index, follow, max-snippet:-1, max-image-preview:large, max-video-preview:-1\" \/>\n<link rel=\"canonical\" href=\"https:\/\/psol50.org.br\/greve-dos-professores-universitarios-da-ba-e-ampliada-a-outras-categorias\/\" \/>\n<meta property=\"og:locale\" content=\"pt_BR\" \/>\n<meta property=\"og:type\" content=\"article\" \/>\n<meta property=\"og:title\" content=\"Greve dos professores universit\u00e1rios da BA \u00e9 ampliada a outras categorias - PSOL 50\" \/>\n<meta property=\"og:description\" content=\"A greve continua para os professores das quatro universidades estaduais da Bahia. A pr\u00f3xima rodada de reuni\u00f5es est\u00e1 marcada para sexta-feira (10) entre o governo e os docentes na tentativa de um consenso no acordo salarial. A proposta prev\u00ea a incorpora\u00e7\u00e3o de uma gratifica\u00e7\u00e3o \u00e0 remunera\u00e7\u00e3o em troca do congelamento do sal\u00e1rio por dois anos. [&hellip;]\" \/>\n<meta property=\"og:url\" content=\"https:\/\/psol50.org.br\/greve-dos-professores-universitarios-da-ba-e-ampliada-a-outras-categorias\/\" \/>\n<meta property=\"og:site_name\" content=\"PSOL 50\" \/>\n<meta property=\"article:publisher\" content=\"https:\/\/www.facebook.com\/psol50\" \/>\n<meta property=\"article:published_time\" content=\"2011-06-13T00:00:00+00:00\" \/>\n<meta property=\"og:image\" content=\"http:\/\/psol50.org.br\/files\/2011\/06\/AdunebGreve13-300x199.jpg\" \/>\n<meta name=\"author\" content=\"Comunica\u00e7\u00e3o PSOL\" \/>\n<meta name=\"twitter:card\" content=\"summary_large_image\" \/>\n<meta name=\"twitter:creator\" content=\"@psol50\" \/>\n<meta name=\"twitter:site\" content=\"@psol50\" \/>\n<meta name=\"twitter:label1\" content=\"Escrito por\" \/>\n\t<meta name=\"twitter:data1\" content=\"Comunica\u00e7\u00e3o PSOL\" \/>\n\t<meta name=\"twitter:label2\" content=\"Est. tempo de leitura\" \/>\n\t<meta name=\"twitter:data2\" content=\"2 minutos\" \/>\n<script type=\"application\/ld+json\" class=\"yoast-schema-graph\">{\"@context\":\"https:\/\/schema.org\",\"@graph\":[{\"@type\":\"Article\",\"@id\":\"https:\/\/psol50.org.br\/greve-dos-professores-universitarios-da-ba-e-ampliada-a-outras-categorias\/#article\",\"isPartOf\":{\"@id\":\"https:\/\/psol50.org.br\/greve-dos-professores-universitarios-da-ba-e-ampliada-a-outras-categorias\/\"},\"author\":{\"name\":\"Comunica\u00e7\u00e3o PSOL\",\"@id\":\"https:\/\/psol50.org.br\/#\/schema\/person\/475dfa57d0b815993c714c2e96491fcd\"},\"headline\":\"Greve dos professores universit\u00e1rios da BA \u00e9 ampliada a outras categorias\",\"datePublished\":\"2011-06-13T00:00:00+00:00\",\"mainEntityOfPage\":{\"@id\":\"https:\/\/psol50.org.br\/greve-dos-professores-universitarios-da-ba-e-ampliada-a-outras-categorias\/\"},\"wordCount\":348,\"commentCount\":0,\"publisher\":{\"@id\":\"https:\/\/psol50.org.br\/#organization\"},\"image\":{\"@id\":\"https:\/\/psol50.org.br\/greve-dos-professores-universitarios-da-ba-e-ampliada-a-outras-categorias\/#primaryimage\"},\"thumbnailUrl\":\"http:\/\/psol50.org.br\/files\/2011\/06\/AdunebGreve13-300x199.jpg\",\"articleSection\":[\"Arquivo\"],\"inLanguage\":\"pt-BR\",\"potentialAction\":[{\"@type\":\"CommentAction\",\"name\":\"Comment\",\"target\":[\"https:\/\/psol50.org.br\/greve-dos-professores-universitarios-da-ba-e-ampliada-a-outras-categorias\/#respond\"]}]},{\"@type\":\"WebPage\",\"@id\":\"https:\/\/psol50.org.br\/greve-dos-professores-universitarios-da-ba-e-ampliada-a-outras-categorias\/\",\"url\":\"https:\/\/psol50.org.br\/greve-dos-professores-universitarios-da-ba-e-ampliada-a-outras-categorias\/\",\"name\":\"Greve dos professores universit\u00e1rios da BA \u00e9 ampliada a outras categorias - PSOL 50\",\"isPartOf\":{\"@id\":\"https:\/\/psol50.org.br\/#website\"},\"primaryImageOfPage\":{\"@id\":\"https:\/\/psol50.org.br\/greve-dos-professores-universitarios-da-ba-e-ampliada-a-outras-categorias\/#primaryimage\"},\"image\":{\"@id\":\"https:\/\/psol50.org.br\/greve-dos-professores-universitarios-da-ba-e-ampliada-a-outras-categorias\/#primaryimage\"},\"thumbnailUrl\":\"http:\/\/psol50.org.br\/files\/2011\/06\/AdunebGreve13-300x199.jpg\",\"datePublished\":\"2011-06-13T00:00:00+00:00\",\"breadcrumb\":{\"@id\":\"https:\/\/psol50.org.br\/greve-dos-professores-universitarios-da-ba-e-ampliada-a-outras-categorias\/#breadcrumb\"},\"inLanguage\":\"pt-BR\",\"potentialAction\":[{\"@type\":\"ReadAction\",\"target\":[\"https:\/\/psol50.org.br\/greve-dos-professores-universitarios-da-ba-e-ampliada-a-outras-categorias\/\"]}]},{\"@type\":\"ImageObject\",\"inLanguage\":\"pt-BR\",\"@id\":\"https:\/\/psol50.org.br\/greve-dos-professores-universitarios-da-ba-e-ampliada-a-outras-categorias\/#primaryimage\",\"url\":\"http:\/\/psol50.org.br\/files\/2011\/06\/AdunebGreve13-300x199.jpg\",\"contentUrl\":\"http:\/\/psol50.org.br\/files\/2011\/06\/AdunebGreve13-300x199.jpg\"},{\"@type\":\"BreadcrumbList\",\"@id\":\"https:\/\/psol50.org.br\/greve-dos-professores-universitarios-da-ba-e-ampliada-a-outras-categorias\/#breadcrumb\",\"itemListElement\":[{\"@type\":\"ListItem\",\"position\":1,\"name\":\"In\u00edcio\",\"item\":\"https:\/\/psol50.org.br\/\"},{\"@type\":\"ListItem\",\"position\":2,\"name\":\"Greve dos professores universit\u00e1rios da BA \u00e9 ampliada a outras categorias\"}]},{\"@type\":\"WebSite\",\"@id\":\"https:\/\/psol50.org.br\/#website\",\"url\":\"https:\/\/psol50.org.br\/\",\"name\":\"PSOL 50\",\"description\":\"Site oficial do Partido Socialismo e Liberdade\",\"publisher\":{\"@id\":\"https:\/\/psol50.org.br\/#organization\"},\"alternateName\":\"PSOL50\",\"potentialAction\":[{\"@type\":\"SearchAction\",\"target\":{\"@type\":\"EntryPoint\",\"urlTemplate\":\"https:\/\/psol50.org.br\/?s={search_term_string}\"},\"query-input\":{\"@type\":\"PropertyValueSpecification\",\"valueRequired\":true,\"valueName\":\"search_term_string\"}}],\"inLanguage\":\"pt-BR\"},{\"@type\":\"Organization\",\"@id\":\"https:\/\/psol50.org.br\/#organization\",\"name\":\"PSOL 50\",\"alternateName\":\"PSOL 50\",\"url\":\"https:\/\/psol50.org.br\/\",\"logo\":{\"@type\":\"ImageObject\",\"inLanguage\":\"pt-BR\",\"@id\":\"https:\/\/psol50.org.br\/#\/schema\/logo\/image\/\",\"url\":\"https:\/\/psol50.org.br\/inc\/uploads\/2018\/07\/capa.png\",\"contentUrl\":\"https:\/\/psol50.org.br\/inc\/uploads\/2018\/07\/capa.png\",\"width\":1350,\"height\":900,\"caption\":\"PSOL 50\"},\"image\":{\"@id\":\"https:\/\/psol50.org.br\/#\/schema\/logo\/image\/\"},\"sameAs\":[\"https:\/\/www.facebook.com\/psol50\",\"https:\/\/x.com\/psol50\",\"https:\/\/www.instagram.com\/psol50\/\",\"https:\/\/www.youtube.com\/channel\/UC7SnJS5o1os7a6CaiNabzcg\"]},{\"@type\":\"Person\",\"@id\":\"https:\/\/psol50.org.br\/#\/schema\/person\/475dfa57d0b815993c714c2e96491fcd\",\"name\":\"Comunica\u00e7\u00e3o PSOL\",\"image\":{\"@type\":\"ImageObject\",\"inLanguage\":\"pt-BR\",\"@id\":\"https:\/\/psol50.org.br\/#\/schema\/person\/image\/\",\"url\":\"https:\/\/secure.gravatar.com\/avatar\/b34fc4f4e468a4e51785917065a3db57b841f5c95dba6ad8c73aaf8f66f8f9bf?s=96&d=mm&r=g\",\"contentUrl\":\"https:\/\/secure.gravatar.com\/avatar\/b34fc4f4e468a4e51785917065a3db57b841f5c95dba6ad8c73aaf8f66f8f9bf?s=96&d=mm&r=g\",\"caption\":\"Comunica\u00e7\u00e3o PSOL\"}}]}<\/script>\n<!-- \/ Yoast SEO plugin. -->","yoast_head_json":{"title":"Greve dos professores universit\u00e1rios da BA \u00e9 ampliada a outras categorias - PSOL 50","robots":{"index":"index","follow":"follow","max-snippet":"max-snippet:-1","max-image-preview":"max-image-preview:large","max-video-preview":"max-video-preview:-1"},"canonical":"https:\/\/psol50.org.br\/greve-dos-professores-universitarios-da-ba-e-ampliada-a-outras-categorias\/","og_locale":"pt_BR","og_type":"article","og_title":"Greve dos professores universit\u00e1rios da BA \u00e9 ampliada a outras categorias - PSOL 50","og_description":"A greve continua para os professores das quatro universidades estaduais da Bahia. A pr\u00f3xima rodada de reuni\u00f5es est\u00e1 marcada para sexta-feira (10) entre o governo e os docentes na tentativa de um consenso no acordo salarial. A proposta prev\u00ea a incorpora\u00e7\u00e3o de uma gratifica\u00e7\u00e3o \u00e0 remunera\u00e7\u00e3o em troca do congelamento do sal\u00e1rio por dois anos. [&hellip;]","og_url":"https:\/\/psol50.org.br\/greve-dos-professores-universitarios-da-ba-e-ampliada-a-outras-categorias\/","og_site_name":"PSOL 50","article_publisher":"https:\/\/www.facebook.com\/psol50","article_published_time":"2011-06-13T00:00:00+00:00","og_image":[{"url":"http:\/\/psol50.org.br\/files\/2011\/06\/AdunebGreve13-300x199.jpg","type":"","width":"","height":""}],"author":"Comunica\u00e7\u00e3o PSOL","twitter_card":"summary_large_image","twitter_creator":"@psol50","twitter_site":"@psol50","twitter_misc":{"Escrito por":"Comunica\u00e7\u00e3o PSOL","Est. tempo de leitura":"2 minutos"},"schema":{"@context":"https:\/\/schema.org","@graph":[{"@type":"Article","@id":"https:\/\/psol50.org.br\/greve-dos-professores-universitarios-da-ba-e-ampliada-a-outras-categorias\/#article","isPartOf":{"@id":"https:\/\/psol50.org.br\/greve-dos-professores-universitarios-da-ba-e-ampliada-a-outras-categorias\/"},"author":{"name":"Comunica\u00e7\u00e3o PSOL","@id":"https:\/\/psol50.org.br\/#\/schema\/person\/475dfa57d0b815993c714c2e96491fcd"},"headline":"Greve dos professores universit\u00e1rios da BA \u00e9 ampliada a outras categorias","datePublished":"2011-06-13T00:00:00+00:00","mainEntityOfPage":{"@id":"https:\/\/psol50.org.br\/greve-dos-professores-universitarios-da-ba-e-ampliada-a-outras-categorias\/"},"wordCount":348,"commentCount":0,"publisher":{"@id":"https:\/\/psol50.org.br\/#organization"},"image":{"@id":"https:\/\/psol50.org.br\/greve-dos-professores-universitarios-da-ba-e-ampliada-a-outras-categorias\/#primaryimage"},"thumbnailUrl":"http:\/\/psol50.org.br\/files\/2011\/06\/AdunebGreve13-300x199.jpg","articleSection":["Arquivo"],"inLanguage":"pt-BR","potentialAction":[{"@type":"CommentAction","name":"Comment","target":["https:\/\/psol50.org.br\/greve-dos-professores-universitarios-da-ba-e-ampliada-a-outras-categorias\/#respond"]}]},{"@type":"WebPage","@id":"https:\/\/psol50.org.br\/greve-dos-professores-universitarios-da-ba-e-ampliada-a-outras-categorias\/","url":"https:\/\/psol50.org.br\/greve-dos-professores-universitarios-da-ba-e-ampliada-a-outras-categorias\/","name":"Greve dos professores universit\u00e1rios da BA \u00e9 ampliada a outras categorias - PSOL 50","isPartOf":{"@id":"https:\/\/psol50.org.br\/#website"},"primaryImageOfPage":{"@id":"https:\/\/psol50.org.br\/greve-dos-professores-universitarios-da-ba-e-ampliada-a-outras-categorias\/#primaryimage"},"image":{"@id":"https:\/\/psol50.org.br\/greve-dos-professores-universitarios-da-ba-e-ampliada-a-outras-categorias\/#primaryimage"},"thumbnailUrl":"http:\/\/psol50.org.br\/files\/2011\/06\/AdunebGreve13-300x199.jpg","datePublished":"2011-06-13T00:00:00+00:00","breadcrumb":{"@id":"https:\/\/psol50.org.br\/greve-dos-professores-universitarios-da-ba-e-ampliada-a-outras-categorias\/#breadcrumb"},"inLanguage":"pt-BR","potentialAction":[{"@type":"ReadAction","target":["https:\/\/psol50.org.br\/greve-dos-professores-universitarios-da-ba-e-ampliada-a-outras-categorias\/"]}]},{"@type":"ImageObject","inLanguage":"pt-BR","@id":"https:\/\/psol50.org.br\/greve-dos-professores-universitarios-da-ba-e-ampliada-a-outras-categorias\/#primaryimage","url":"http:\/\/psol50.org.br\/files\/2011\/06\/AdunebGreve13-300x199.jpg","contentUrl":"http:\/\/psol50.org.br\/files\/2011\/06\/AdunebGreve13-300x199.jpg"},{"@type":"BreadcrumbList","@id":"https:\/\/psol50.org.br\/greve-dos-professores-universitarios-da-ba-e-ampliada-a-outras-categorias\/#breadcrumb","itemListElement":[{"@type":"ListItem","position":1,"name":"In\u00edcio","item":"https:\/\/psol50.org.br\/"},{"@type":"ListItem","position":2,"name":"Greve dos professores universit\u00e1rios da BA \u00e9 ampliada a outras categorias"}]},{"@type":"WebSite","@id":"https:\/\/psol50.org.br\/#website","url":"https:\/\/psol50.org.br\/","name":"PSOL 50","description":"Site oficial do Partido Socialismo e Liberdade","publisher":{"@id":"https:\/\/psol50.org.br\/#organization"},"alternateName":"PSOL50","potentialAction":[{"@type":"SearchAction","target":{"@type":"EntryPoint","urlTemplate":"https:\/\/psol50.org.br\/?s={search_term_string}"},"query-input":{"@type":"PropertyValueSpecification","valueRequired":true,"valueName":"search_term_string"}}],"inLanguage":"pt-BR"},{"@type":"Organization","@id":"https:\/\/psol50.org.br\/#organization","name":"PSOL 50","alternateName":"PSOL 50","url":"https:\/\/psol50.org.br\/","logo":{"@type":"ImageObject","inLanguage":"pt-BR","@id":"https:\/\/psol50.org.br\/#\/schema\/logo\/image\/","url":"https:\/\/psol50.org.br\/inc\/uploads\/2018\/07\/capa.png","contentUrl":"https:\/\/psol50.org.br\/inc\/uploads\/2018\/07\/capa.png","width":1350,"height":900,"caption":"PSOL 50"},"image":{"@id":"https:\/\/psol50.org.br\/#\/schema\/logo\/image\/"},"sameAs":["https:\/\/www.facebook.com\/psol50","https:\/\/x.com\/psol50","https:\/\/www.instagram.com\/psol50\/","https:\/\/www.youtube.com\/channel\/UC7SnJS5o1os7a6CaiNabzcg"]},{"@type":"Person","@id":"https:\/\/psol50.org.br\/#\/schema\/person\/475dfa57d0b815993c714c2e96491fcd","name":"Comunica\u00e7\u00e3o PSOL","image":{"@type":"ImageObject","inLanguage":"pt-BR","@id":"https:\/\/psol50.org.br\/#\/schema\/person\/image\/","url":"https:\/\/secure.gravatar.com\/avatar\/b34fc4f4e468a4e51785917065a3db57b841f5c95dba6ad8c73aaf8f66f8f9bf?s=96&d=mm&r=g","contentUrl":"https:\/\/secure.gravatar.com\/avatar\/b34fc4f4e468a4e51785917065a3db57b841f5c95dba6ad8c73aaf8f66f8f9bf?s=96&d=mm&r=g","caption":"Comunica\u00e7\u00e3o PSOL"}}]}},"_links":{"self":[{"href":"https:\/\/psol50.org.br\/rest\/wp\/v2\/posts\/835","targetHints":{"allow":["GET"]}}],"collection":[{"href":"https:\/\/psol50.org.br\/rest\/wp\/v2\/posts"}],"about":[{"href":"https:\/\/psol50.org.br\/rest\/wp\/v2\/types\/post"}],"author":[{"embeddable":true,"href":"https:\/\/psol50.org.br\/rest\/wp\/v2\/users\/2"}],"replies":[{"embeddable":true,"href":"https:\/\/psol50.org.br\/rest\/wp\/v2\/comments?post=835"}],"version-history":[{"count":0,"href":"https:\/\/psol50.org.br\/rest\/wp\/v2\/posts\/835\/revisions"}],"wp:attachment":[{"href":"https:\/\/psol50.org.br\/rest\/wp\/v2\/media?parent=835"}],"wp:term":[{"taxonomy":"category","embeddable":true,"href":"https:\/\/psol50.org.br\/rest\/wp\/v2\/categories?post=835"},{"taxonomy":"post_tag","embeddable":true,"href":"https:\/\/psol50.org.br\/rest\/wp\/v2\/tags?post=835"}],"curies":[{"name":"wp","href":"https:\/\/api.w.org\/{rel}","templated":true}]}}