{"id":851,"date":"2011-07-22T00:00:00","date_gmt":"2011-07-22T00:00:00","guid":{"rendered":"http:\/\/psol50.org.br\/arquivo\/2011\/07\/22\/greve-dos-servidores-municipais-de-salvador-ba-chega-ao-fim\/"},"modified":"2011-07-22T00:00:00","modified_gmt":"2011-07-22T00:00:00","slug":"greve-dos-servidores-municipais-de-salvador-ba-chega-ao-fim","status":"publish","type":"post","link":"https:\/\/psol50.org.br\/greve-dos-servidores-municipais-de-salvador-ba-chega-ao-fim\/","title":{"rendered":"Greve dos servidores municipais de Salvador (BA) chega ao fim"},"content":{"rendered":"<p><a rel=\"attachment wp-att-9502\" href=\"http:\/\/psol50.org.br\/blog\/2011\/07\/22\/greve-dos-servidores-der-salvador-ba-chega-ao-fim\/greve_ssa_traicao\/\"><img loading=\"lazy\" decoding=\"async\" class=\"aligncenter size-medium wp-image-9502\" src=\"http:\/\/psol50.org.br\/files\/2011\/07\/Greve_SSA_Trai\u00e7\u00e3o-300x204.jpg\" alt=\"\" width=\"300\" height=\"204\" \/><\/a><br \/>\n<strong>CLIQUE AQUI E ASSISTA ESSE MOMENTO HIST\u00d3RICO:<\/strong><\/p>\n<p><a href=\"http:\/\/g1.globo.com\/videos\/bahia\/v\/servidores-municipais-em-greve-acampam-na-camara-de-vereadores-de-salvador\/1568418\/#\/BATV\/page\/2\"><strong>NA GLOBO:<\/strong><br \/>\nhttp:\/\/g1.globo.com\/videos\/bahia\/v\/servidores-municipais-em-greve-acampam-na-camara-de-vereadores-de-salvador\/1568418\/#\/BATV\/page\/2<\/a><\/p>\n<p><a href=\"http:\/\/www.youtube.com\/watch?v=_mDXDl1BieA\"><strong>VIDEO DA OCUPA\u00c7\u00c3O:<\/strong><br \/>\nhttp:\/\/www.youtube.com\/watch?v=_mDXDl1BieA<\/a><\/p>\n<p><strong><span style=\"text-decoration: underline\"><br \/>\n<\/span><\/strong><strong> <\/strong><\/p>\n<p>Nossa  corajosa atitude de ocupar a C\u00e2mara Municipal revelou o que h\u00e1 de  melhor entre os servidores: a vontade aguerrida de lutar pelos seus  direitos. Enfrentamos as dificuldades de passar dias mal dormidas, com  prec\u00e1ria alimenta\u00e7\u00e3o e com a press\u00e3o psicol\u00f3gica de uma amea\u00e7a de  repress\u00e3o policial. Mas fomos fortes, bravos,corajosos e entramos para a  hist\u00f3ria de Salvador, onde ocupamos bravamente. Poder\u00edamos ter ficado  mais tempo e com certeza a Prefeitura iria recuar. A atual diretoria do  SINDSEPS dizia que n\u00e3o sairiam dali sem o nosso plano de cargos e plano  de sa\u00fade, mas infelizmente o final n\u00e3o foi esse. N\u00e3o cumpriram a palavra  e desmobilizaram a ocupa\u00e7\u00e3o. Lament\u00e1vel! Mais entramos na Hist\u00f3ria!<\/p>\n<p>A  greve dos servidores terminou, mas uma nova crise se abriu ap\u00f3s as  negocia\u00e7\u00f5es de hoje (20\/07) entre representantes do SINDSEPS e  Prefeitura. Dissidentes do movimento que se organizam na INTERSINDICAL e  representam associa\u00e7\u00f5es de servidores, foram pra cima do sindicato  questionando o que chamaram de &#8220;acord\u00e3o&#8221; e n\u00e3o assinaram o acordo da  Prefeitura para o fim da greve. Para eles, a atual diretoria teria sa\u00eddo  de uma greve de forma &#8220;derrotada&#8221; ao aceitar uma proposta que n\u00e3o  aprova o Plano de cargos e sal\u00e1rios, n\u00e3o aponta para o problema do Plano  de Sa\u00fade, sem resolu\u00e7\u00e3o ainda e com um reajuste de 6%, menor do que foi  dado aos professores que foi de de 19,84% aprovado em 06\/05\/2011.<\/p>\n<p>Para  Edinei Machado, representante da ASCOP, o sindicato s\u00f3 contava com  menos da metade de seus diretores e preferiram desmobilizar os  servidores e desocupar a C\u00e2mara para aceitar um acordo e jogar a culpa  no servidor. &#8220;N\u00f3s das associa\u00e7\u00f5es ocupamos e mantivemos durantes esses  dias a ocupa\u00e7\u00e3o e o sindicato preferiu convencer nossos colegas a  aceitar essa migalha, isso n\u00e3o papel de sindicato&#8221;, desabafou Edinei.<\/p>\n<p>Ja  Andr\u00e9 Bonfim, representante da ASGUARD avaliou que as a\u00e7\u00f5es judiciais  conseguiram fazer recuar a diretoria do sindicato e que manter a  ocupa\u00e7\u00e3o por mais dias pressionaria o munic\u00edpio a garantir o PCCV. &#8220;N\u00f3s  discordamos da decis\u00e3o do sindicato de jogar a toalha, agora ficamos sem  garantias da aprova\u00e7\u00e3o do plano de cargos e sem plano de sa\u00fade.  Defendemos at\u00e9 o fim que eles continuassem conosco, mas n\u00e3o  conseguimos&#8221;, lamentou Andr\u00e9 Bonfim.<\/p>\n<p>Os representantes da  associa\u00e7\u00f5es da SESP, SUCOP e ASGUARD alegam que n\u00e3o assinaram o acordo  em rep\u00fadio a atual diretoria do SINDSEPS &#8220;Estivemos com eles todo esse  tempo e ficamos revoltados com o acordo que eles assumiram sem valores  para o plano de cargos e apenas promessas da Prefeitura, sem nenhum  compromisso escrito&#8221; afirmou Eleno Cruz, um os l\u00edderes da Ocupa\u00e7\u00e3o da  C\u00e2mara.<\/p>\n<p>O romance entre asssocia\u00e7\u00f5es de servidores e sindicato  parece que foi curta e pelo visto tendem demorar para volta a caminhar  juntos.<\/p>\n","protected":false},"excerpt":{"rendered":"<p>CLIQUE AQUI E ASSISTA ESSE MOMENTO HIST\u00d3RICO: NA GLOBO: http:\/\/g1.globo.com\/videos\/bahia\/v\/servidores-municipais-em-greve-acampam-na-camara-de-vereadores-de-salvador\/1568418\/#\/BATV\/page\/2 VIDEO DA OCUPA\u00c7\u00c3O: http:\/\/www.youtube.com\/watch?v=_mDXDl1BieA Nossa corajosa atitude de ocupar a C\u00e2mara Municipal revelou o que h\u00e1 de melhor entre os servidores: a vontade aguerrida de lutar pelos seus direitos. Enfrentamos as dificuldades de passar dias mal dormidas, com prec\u00e1ria alimenta\u00e7\u00e3o e com a press\u00e3o psicol\u00f3gica [&hellip;]<\/p>\n","protected":false},"author":2,"featured_media":0,"comment_status":"open","ping_status":"open","sticky":false,"template":"","format":"standard","meta":{"_acf_changed":false,"footnotes":""},"categories":[4766,1104],"tags":[],"class_list":{"0":"post-851","1":"post","2":"type-post","3":"status-publish","4":"format-standard","6":"category-arquivo","7":"category-movimento"},"acf":[],"yoast_head":"<!-- This site is optimized with the Yoast SEO plugin v26.5 - https:\/\/yoast.com\/wordpress\/plugins\/seo\/ -->\n<title>Greve dos servidores municipais de Salvador (BA) chega ao fim - PSOL 50<\/title>\n<meta name=\"robots\" content=\"index, follow, max-snippet:-1, max-image-preview:large, max-video-preview:-1\" \/>\n<link rel=\"canonical\" href=\"https:\/\/psol50.org.br\/greve-dos-servidores-municipais-de-salvador-ba-chega-ao-fim\/\" \/>\n<meta property=\"og:locale\" content=\"pt_BR\" \/>\n<meta property=\"og:type\" content=\"article\" \/>\n<meta property=\"og:title\" content=\"Greve dos servidores municipais de Salvador (BA) chega ao fim - PSOL 50\" \/>\n<meta property=\"og:description\" content=\"CLIQUE AQUI E ASSISTA ESSE MOMENTO HIST\u00d3RICO: NA GLOBO: http:\/\/g1.globo.com\/videos\/bahia\/v\/servidores-municipais-em-greve-acampam-na-camara-de-vereadores-de-salvador\/1568418\/#\/BATV\/page\/2 VIDEO DA OCUPA\u00c7\u00c3O: http:\/\/www.youtube.com\/watch?v=_mDXDl1BieA Nossa corajosa atitude de ocupar a C\u00e2mara Municipal revelou o que h\u00e1 de melhor entre os servidores: a vontade aguerrida de lutar pelos seus direitos. Enfrentamos as dificuldades de passar dias mal dormidas, com prec\u00e1ria alimenta\u00e7\u00e3o e com a press\u00e3o psicol\u00f3gica [&hellip;]\" \/>\n<meta property=\"og:url\" content=\"https:\/\/psol50.org.br\/greve-dos-servidores-municipais-de-salvador-ba-chega-ao-fim\/\" \/>\n<meta property=\"og:site_name\" content=\"PSOL 50\" \/>\n<meta property=\"article:publisher\" content=\"https:\/\/www.facebook.com\/psol50\" \/>\n<meta property=\"article:published_time\" content=\"2011-07-22T00:00:00+00:00\" \/>\n<meta property=\"og:image\" content=\"http:\/\/psol50.org.br\/files\/2011\/07\/Greve_SSA_Trai\u00e7\u00e3o-300x204.jpg\" \/>\n<meta name=\"author\" content=\"Comunica\u00e7\u00e3o PSOL\" \/>\n<meta name=\"twitter:card\" content=\"summary_large_image\" \/>\n<meta name=\"twitter:creator\" content=\"@psol50\" \/>\n<meta name=\"twitter:site\" content=\"@psol50\" \/>\n<meta name=\"twitter:label1\" content=\"Escrito por\" \/>\n\t<meta name=\"twitter:data1\" content=\"Comunica\u00e7\u00e3o PSOL\" \/>\n\t<meta name=\"twitter:label2\" content=\"Est. tempo de leitura\" \/>\n\t<meta name=\"twitter:data2\" content=\"3 minutos\" \/>\n<script type=\"application\/ld+json\" class=\"yoast-schema-graph\">{\"@context\":\"https:\/\/schema.org\",\"@graph\":[{\"@type\":\"Article\",\"@id\":\"https:\/\/psol50.org.br\/greve-dos-servidores-municipais-de-salvador-ba-chega-ao-fim\/#article\",\"isPartOf\":{\"@id\":\"https:\/\/psol50.org.br\/greve-dos-servidores-municipais-de-salvador-ba-chega-ao-fim\/\"},\"author\":{\"name\":\"Comunica\u00e7\u00e3o PSOL\",\"@id\":\"https:\/\/psol50.org.br\/#\/schema\/person\/475dfa57d0b815993c714c2e96491fcd\"},\"headline\":\"Greve dos servidores municipais de Salvador (BA) chega ao fim\",\"datePublished\":\"2011-07-22T00:00:00+00:00\",\"mainEntityOfPage\":{\"@id\":\"https:\/\/psol50.org.br\/greve-dos-servidores-municipais-de-salvador-ba-chega-ao-fim\/\"},\"wordCount\":539,\"commentCount\":0,\"publisher\":{\"@id\":\"https:\/\/psol50.org.br\/#organization\"},\"articleSection\":[\"Arquivo\",\"Movimento\"],\"inLanguage\":\"pt-BR\",\"potentialAction\":[{\"@type\":\"CommentAction\",\"name\":\"Comment\",\"target\":[\"https:\/\/psol50.org.br\/greve-dos-servidores-municipais-de-salvador-ba-chega-ao-fim\/#respond\"]}]},{\"@type\":\"WebPage\",\"@id\":\"https:\/\/psol50.org.br\/greve-dos-servidores-municipais-de-salvador-ba-chega-ao-fim\/\",\"url\":\"https:\/\/psol50.org.br\/greve-dos-servidores-municipais-de-salvador-ba-chega-ao-fim\/\",\"name\":\"Greve dos servidores municipais de Salvador (BA) chega ao fim - PSOL 50\",\"isPartOf\":{\"@id\":\"https:\/\/psol50.org.br\/#website\"},\"datePublished\":\"2011-07-22T00:00:00+00:00\",\"breadcrumb\":{\"@id\":\"https:\/\/psol50.org.br\/greve-dos-servidores-municipais-de-salvador-ba-chega-ao-fim\/#breadcrumb\"},\"inLanguage\":\"pt-BR\",\"potentialAction\":[{\"@type\":\"ReadAction\",\"target\":[\"https:\/\/psol50.org.br\/greve-dos-servidores-municipais-de-salvador-ba-chega-ao-fim\/\"]}]},{\"@type\":\"BreadcrumbList\",\"@id\":\"https:\/\/psol50.org.br\/greve-dos-servidores-municipais-de-salvador-ba-chega-ao-fim\/#breadcrumb\",\"itemListElement\":[{\"@type\":\"ListItem\",\"position\":1,\"name\":\"In\u00edcio\",\"item\":\"https:\/\/psol50.org.br\/\"},{\"@type\":\"ListItem\",\"position\":2,\"name\":\"Greve dos servidores municipais de Salvador (BA) chega ao fim\"}]},{\"@type\":\"WebSite\",\"@id\":\"https:\/\/psol50.org.br\/#website\",\"url\":\"https:\/\/psol50.org.br\/\",\"name\":\"PSOL 50\",\"description\":\"Site oficial do Partido Socialismo e Liberdade\",\"publisher\":{\"@id\":\"https:\/\/psol50.org.br\/#organization\"},\"alternateName\":\"PSOL50\",\"potentialAction\":[{\"@type\":\"SearchAction\",\"target\":{\"@type\":\"EntryPoint\",\"urlTemplate\":\"https:\/\/psol50.org.br\/?s={search_term_string}\"},\"query-input\":{\"@type\":\"PropertyValueSpecification\",\"valueRequired\":true,\"valueName\":\"search_term_string\"}}],\"inLanguage\":\"pt-BR\"},{\"@type\":\"Organization\",\"@id\":\"https:\/\/psol50.org.br\/#organization\",\"name\":\"PSOL 50\",\"alternateName\":\"PSOL 50\",\"url\":\"https:\/\/psol50.org.br\/\",\"logo\":{\"@type\":\"ImageObject\",\"inLanguage\":\"pt-BR\",\"@id\":\"https:\/\/psol50.org.br\/#\/schema\/logo\/image\/\",\"url\":\"https:\/\/psol50.org.br\/inc\/uploads\/2018\/07\/capa.png\",\"contentUrl\":\"https:\/\/psol50.org.br\/inc\/uploads\/2018\/07\/capa.png\",\"width\":1350,\"height\":900,\"caption\":\"PSOL 50\"},\"image\":{\"@id\":\"https:\/\/psol50.org.br\/#\/schema\/logo\/image\/\"},\"sameAs\":[\"https:\/\/www.facebook.com\/psol50\",\"https:\/\/x.com\/psol50\",\"https:\/\/www.instagram.com\/psol50\/\",\"https:\/\/www.youtube.com\/channel\/UC7SnJS5o1os7a6CaiNabzcg\"]},{\"@type\":\"Person\",\"@id\":\"https:\/\/psol50.org.br\/#\/schema\/person\/475dfa57d0b815993c714c2e96491fcd\",\"name\":\"Comunica\u00e7\u00e3o PSOL\",\"image\":{\"@type\":\"ImageObject\",\"inLanguage\":\"pt-BR\",\"@id\":\"https:\/\/psol50.org.br\/#\/schema\/person\/image\/\",\"url\":\"https:\/\/secure.gravatar.com\/avatar\/b34fc4f4e468a4e51785917065a3db57b841f5c95dba6ad8c73aaf8f66f8f9bf?s=96&d=mm&r=g\",\"contentUrl\":\"https:\/\/secure.gravatar.com\/avatar\/b34fc4f4e468a4e51785917065a3db57b841f5c95dba6ad8c73aaf8f66f8f9bf?s=96&d=mm&r=g\",\"caption\":\"Comunica\u00e7\u00e3o PSOL\"}}]}<\/script>\n<!-- \/ Yoast SEO plugin. -->","yoast_head_json":{"title":"Greve dos servidores municipais de Salvador (BA) chega ao fim - PSOL 50","robots":{"index":"index","follow":"follow","max-snippet":"max-snippet:-1","max-image-preview":"max-image-preview:large","max-video-preview":"max-video-preview:-1"},"canonical":"https:\/\/psol50.org.br\/greve-dos-servidores-municipais-de-salvador-ba-chega-ao-fim\/","og_locale":"pt_BR","og_type":"article","og_title":"Greve dos servidores municipais de Salvador (BA) chega ao fim - PSOL 50","og_description":"CLIQUE AQUI E ASSISTA ESSE MOMENTO HIST\u00d3RICO: NA GLOBO: http:\/\/g1.globo.com\/videos\/bahia\/v\/servidores-municipais-em-greve-acampam-na-camara-de-vereadores-de-salvador\/1568418\/#\/BATV\/page\/2 VIDEO DA OCUPA\u00c7\u00c3O: http:\/\/www.youtube.com\/watch?v=_mDXDl1BieA Nossa corajosa atitude de ocupar a C\u00e2mara Municipal revelou o que h\u00e1 de melhor entre os servidores: a vontade aguerrida de lutar pelos seus direitos. Enfrentamos as dificuldades de passar dias mal dormidas, com prec\u00e1ria alimenta\u00e7\u00e3o e com a press\u00e3o psicol\u00f3gica [&hellip;]","og_url":"https:\/\/psol50.org.br\/greve-dos-servidores-municipais-de-salvador-ba-chega-ao-fim\/","og_site_name":"PSOL 50","article_publisher":"https:\/\/www.facebook.com\/psol50","article_published_time":"2011-07-22T00:00:00+00:00","og_image":[{"url":"http:\/\/psol50.org.br\/files\/2011\/07\/Greve_SSA_Trai\u00e7\u00e3o-300x204.jpg","type":"","width":"","height":""}],"author":"Comunica\u00e7\u00e3o PSOL","twitter_card":"summary_large_image","twitter_creator":"@psol50","twitter_site":"@psol50","twitter_misc":{"Escrito por":"Comunica\u00e7\u00e3o PSOL","Est. tempo de leitura":"3 minutos"},"schema":{"@context":"https:\/\/schema.org","@graph":[{"@type":"Article","@id":"https:\/\/psol50.org.br\/greve-dos-servidores-municipais-de-salvador-ba-chega-ao-fim\/#article","isPartOf":{"@id":"https:\/\/psol50.org.br\/greve-dos-servidores-municipais-de-salvador-ba-chega-ao-fim\/"},"author":{"name":"Comunica\u00e7\u00e3o PSOL","@id":"https:\/\/psol50.org.br\/#\/schema\/person\/475dfa57d0b815993c714c2e96491fcd"},"headline":"Greve dos servidores municipais de Salvador (BA) chega ao fim","datePublished":"2011-07-22T00:00:00+00:00","mainEntityOfPage":{"@id":"https:\/\/psol50.org.br\/greve-dos-servidores-municipais-de-salvador-ba-chega-ao-fim\/"},"wordCount":539,"commentCount":0,"publisher":{"@id":"https:\/\/psol50.org.br\/#organization"},"articleSection":["Arquivo","Movimento"],"inLanguage":"pt-BR","potentialAction":[{"@type":"CommentAction","name":"Comment","target":["https:\/\/psol50.org.br\/greve-dos-servidores-municipais-de-salvador-ba-chega-ao-fim\/#respond"]}]},{"@type":"WebPage","@id":"https:\/\/psol50.org.br\/greve-dos-servidores-municipais-de-salvador-ba-chega-ao-fim\/","url":"https:\/\/psol50.org.br\/greve-dos-servidores-municipais-de-salvador-ba-chega-ao-fim\/","name":"Greve dos servidores municipais de Salvador (BA) chega ao fim - PSOL 50","isPartOf":{"@id":"https:\/\/psol50.org.br\/#website"},"datePublished":"2011-07-22T00:00:00+00:00","breadcrumb":{"@id":"https:\/\/psol50.org.br\/greve-dos-servidores-municipais-de-salvador-ba-chega-ao-fim\/#breadcrumb"},"inLanguage":"pt-BR","potentialAction":[{"@type":"ReadAction","target":["https:\/\/psol50.org.br\/greve-dos-servidores-municipais-de-salvador-ba-chega-ao-fim\/"]}]},{"@type":"BreadcrumbList","@id":"https:\/\/psol50.org.br\/greve-dos-servidores-municipais-de-salvador-ba-chega-ao-fim\/#breadcrumb","itemListElement":[{"@type":"ListItem","position":1,"name":"In\u00edcio","item":"https:\/\/psol50.org.br\/"},{"@type":"ListItem","position":2,"name":"Greve dos servidores municipais de Salvador (BA) chega ao fim"}]},{"@type":"WebSite","@id":"https:\/\/psol50.org.br\/#website","url":"https:\/\/psol50.org.br\/","name":"PSOL 50","description":"Site oficial do Partido Socialismo e Liberdade","publisher":{"@id":"https:\/\/psol50.org.br\/#organization"},"alternateName":"PSOL50","potentialAction":[{"@type":"SearchAction","target":{"@type":"EntryPoint","urlTemplate":"https:\/\/psol50.org.br\/?s={search_term_string}"},"query-input":{"@type":"PropertyValueSpecification","valueRequired":true,"valueName":"search_term_string"}}],"inLanguage":"pt-BR"},{"@type":"Organization","@id":"https:\/\/psol50.org.br\/#organization","name":"PSOL 50","alternateName":"PSOL 50","url":"https:\/\/psol50.org.br\/","logo":{"@type":"ImageObject","inLanguage":"pt-BR","@id":"https:\/\/psol50.org.br\/#\/schema\/logo\/image\/","url":"https:\/\/psol50.org.br\/inc\/uploads\/2018\/07\/capa.png","contentUrl":"https:\/\/psol50.org.br\/inc\/uploads\/2018\/07\/capa.png","width":1350,"height":900,"caption":"PSOL 50"},"image":{"@id":"https:\/\/psol50.org.br\/#\/schema\/logo\/image\/"},"sameAs":["https:\/\/www.facebook.com\/psol50","https:\/\/x.com\/psol50","https:\/\/www.instagram.com\/psol50\/","https:\/\/www.youtube.com\/channel\/UC7SnJS5o1os7a6CaiNabzcg"]},{"@type":"Person","@id":"https:\/\/psol50.org.br\/#\/schema\/person\/475dfa57d0b815993c714c2e96491fcd","name":"Comunica\u00e7\u00e3o PSOL","image":{"@type":"ImageObject","inLanguage":"pt-BR","@id":"https:\/\/psol50.org.br\/#\/schema\/person\/image\/","url":"https:\/\/secure.gravatar.com\/avatar\/b34fc4f4e468a4e51785917065a3db57b841f5c95dba6ad8c73aaf8f66f8f9bf?s=96&d=mm&r=g","contentUrl":"https:\/\/secure.gravatar.com\/avatar\/b34fc4f4e468a4e51785917065a3db57b841f5c95dba6ad8c73aaf8f66f8f9bf?s=96&d=mm&r=g","caption":"Comunica\u00e7\u00e3o PSOL"}}]}},"_links":{"self":[{"href":"https:\/\/psol50.org.br\/rest\/wp\/v2\/posts\/851","targetHints":{"allow":["GET"]}}],"collection":[{"href":"https:\/\/psol50.org.br\/rest\/wp\/v2\/posts"}],"about":[{"href":"https:\/\/psol50.org.br\/rest\/wp\/v2\/types\/post"}],"author":[{"embeddable":true,"href":"https:\/\/psol50.org.br\/rest\/wp\/v2\/users\/2"}],"replies":[{"embeddable":true,"href":"https:\/\/psol50.org.br\/rest\/wp\/v2\/comments?post=851"}],"version-history":[{"count":0,"href":"https:\/\/psol50.org.br\/rest\/wp\/v2\/posts\/851\/revisions"}],"wp:attachment":[{"href":"https:\/\/psol50.org.br\/rest\/wp\/v2\/media?parent=851"}],"wp:term":[{"taxonomy":"category","embeddable":true,"href":"https:\/\/psol50.org.br\/rest\/wp\/v2\/categories?post=851"},{"taxonomy":"post_tag","embeddable":true,"href":"https:\/\/psol50.org.br\/rest\/wp\/v2\/tags?post=851"}],"curies":[{"name":"wp","href":"https:\/\/api.w.org\/{rel}","templated":true}]}}