{"id":852,"date":"2011-07-22T00:00:00","date_gmt":"2011-07-22T00:00:00","guid":{"rendered":"http:\/\/psol50.org.br\/arquivo\/2011\/07\/22\/policiais-ocupam-piratini-e-cobram-audiencia-com-tarso-genro\/"},"modified":"2011-07-22T00:00:00","modified_gmt":"2011-07-22T00:00:00","slug":"policiais-ocupam-piratini-e-cobram-audiencia-com-tarso-genro","status":"publish","type":"post","link":"https:\/\/psol50.org.br\/policiais-ocupam-piratini-e-cobram-audiencia-com-tarso-genro\/","title":{"rendered":"Policiais ocupam Piratini e cobram audi\u00eancia com Tarso Genro"},"content":{"rendered":"<p><a rel=\"attachment wp-att-9510\" href=\"http:\/\/psol50.org.br\/blog\/2011\/07\/22\/policiais-ocupam-piratini-e-cobram-audiencia-com-tarso-genro\/ugeirm_rs\/\"><img loading=\"lazy\" decoding=\"async\" class=\"alignleft size-full wp-image-9510\" src=\"http:\/\/psol50.org.br\/files\/2011\/07\/Ugeirm_RS.jpg\" alt=\"\" width=\"270\" height=\"203\" \/><\/a>Representantes   dos conselhos da Ugeirm (Sindicato dos inspetores, escriv\u00e3es e  investigadores de Pol\u00edcia do RS, com militantes da Intersindical), Abamf  e ASSTBM(Associa\u00e7\u00f5es da Brigada Militar do RS) ocuparam o sagu\u00e3o do  Pal\u00e1cio  Piratini na tarde de hoje, dia 20 de julho, para cobrar audi\u00eancia com o  governador Tarso Genro. A mobiliza\u00e7\u00e3o deu-se ap\u00f3s a reuni\u00e3o\u00a0no  Plenarinho da Assembleia Legislativa do Rio Grande do Sul.<\/p>\n<p>Os  conselhos de representantes das tr\u00eas entidades de classe\u00a0realizaram, no  in\u00edcio da tarde de hoje,\u00a0reuni\u00e3o\u00a0nas depend\u00eancias da AL\/RS.  Deliberou-se, conjuntamente e por unanimidade, pelo reajuste de 25% e  aporte de 400 milh\u00f5es de reais para a matriz salarial dos servidores da  seguran\u00e7a p\u00fablica.<\/p>\n<p>Tais  quest\u00f5es &#8211; reajuste imediato e aporte de recursos para a matriz &#8211; s\u00e3o,  necessariamente, investidas complementares a \u00edndices de reajuste para o  funcionalismo p\u00fablico. Os policiais ga\u00fachos est\u00e3o na lanterna do  comparativo nacional de sal\u00e1rios.<\/p>\n<p>Abamf,  ASSTB e Ugeirm tamb\u00e9m reivindicam a corre\u00e7\u00e3o de distor\u00e7\u00f5es dos fatores  de recomposi\u00e7\u00e3o definidos na lei da matriz salarial (12.201\/04). As  entidades defendem que os maiores fatores devem contemplar os menores  vencimentos.<\/p>\n<p>As tr\u00eas entidades j\u00e1 haviam solicitado audi\u00eancia conjunta com o governador no dia 16 de junho (<a href=\"http:\/\/www.ugeirm.com.br\/\/?secao=comunicacao&amp;pagina=noticias&amp;id=1307\" target=\"_blank\" rel=\"noopener\"><strong>veja aqui<\/strong><\/a>).  Desde ent\u00e3o, o governo n\u00e3o formulou nenhuma proposta de reajuste  salarial, tampouco agendou o encontro solicitado com Tarso Genro.<\/p>\n<p>Ap\u00f3s  a ocupa\u00e7\u00e3o do sagu\u00e3o do Pal\u00e1cio Piratini, a assessoria do governador se  comprometeu a agendar, nesta quinta-feira, dia 21, uma data para que os  policiais apresentem reivindica\u00e7\u00f5es conjuntas de pol\u00edtica salarial ao  chefe do Poder Executivo.<\/p>\n<p><strong>Mobiliza\u00e7\u00f5es<\/strong><\/p>\n<p>A  reuni\u00e3o dos conselhos das tr\u00eas entidades de classe tamb\u00e9m deliberou  pela realiza\u00e7\u00e3o de mobiliza\u00e7\u00f5es conjuntas das categorias de base da  Pol\u00edcia Civil e da Brigada Militar.<\/p>\n<p>Dever\u00e1  ser estabelecido calend\u00e1rio para assembleias regionais, quando os  dirigentes das associa\u00e7\u00f5es dever\u00e3o se deslocar para cidades do interior  do Estado. As atividades em Porto Alegre e regi\u00e3o metropolitana tamb\u00e9m  dever\u00e3o ser feitas em conjunto.<\/p>\n<p>N\u00e3o  est\u00e1 descartada a hip\u00f3tese de realiza\u00e7\u00e3o de assembleia geral das  categorias caso as negocia\u00e7\u00f5es das entidades com o governo n\u00e3o  apresentem os resultados pretendidos.<\/p>\n<p>A reuni\u00e3o de hoje e\u00a0a mobiliza\u00e7\u00e3o\u00a0no Pal\u00e1cio Piratini repercutiram em diversos ve\u00edculos da imprensa ga\u00facha (<a href=\"http:\/\/www.radioguaiba.com.br\/Noticias\/?Noticia=318084\" target=\"_blank\" rel=\"noopener\"><strong>veja aqui<\/strong><\/a> e <a href=\"http:\/\/zerohora.clicrbs.com.br\/zerohora\/jsp\/default.jsp?uf=1&amp;local=1&amp;section=Geral&amp;newsID=a3402489.xml\" target=\"_blank\" rel=\"noopener\"><strong>aqui<\/strong><\/a>)\u00a0e tamb\u00e9m no notici\u00e1rio online da Folha de S. Paulo (<a href=\"http:\/\/www1.folha.uol.com.br\/cotidiano\/946320-policiais-fazem-protesto-dentro-da-sede-do-governo-no-rs.shtml\" target=\"_blank\" rel=\"noopener\"><strong>veja aqui<\/strong><\/a>).<\/p>\n<p><em><strong>Policiais ocupam sagu\u00e3o do Pal\u00e1cio Piratini sede do governo ga\u00facho<\/strong><\/em><\/p>\n<p>Saiba mais em <a href=\"http:\/\/www.ugeirm.com.br\/\">www.ugeirm.com.br<\/a><\/p>\n","protected":false},"excerpt":{"rendered":"<p>Representantes dos conselhos da Ugeirm (Sindicato dos inspetores, escriv\u00e3es e investigadores de Pol\u00edcia do RS, com militantes da Intersindical), Abamf e ASSTBM(Associa\u00e7\u00f5es da Brigada Militar do RS) ocuparam o sagu\u00e3o do Pal\u00e1cio Piratini na tarde de hoje, dia 20 de julho, para cobrar audi\u00eancia com o governador Tarso Genro. A mobiliza\u00e7\u00e3o deu-se ap\u00f3s a reuni\u00e3o\u00a0no [&hellip;]<\/p>\n","protected":false},"author":2,"featured_media":0,"comment_status":"open","ping_status":"open","sticky":false,"template":"","format":"standard","meta":{"_acf_changed":false,"footnotes":""},"categories":[4766,1104],"tags":[],"class_list":{"0":"post-852","1":"post","2":"type-post","3":"status-publish","4":"format-standard","6":"category-arquivo","7":"category-movimento"},"acf":[],"yoast_head":"<!-- This site is optimized with the Yoast SEO plugin v26.5 - https:\/\/yoast.com\/wordpress\/plugins\/seo\/ -->\n<title>Policiais ocupam Piratini e cobram audi\u00eancia com Tarso Genro - PSOL 50<\/title>\n<meta name=\"robots\" content=\"index, follow, max-snippet:-1, max-image-preview:large, max-video-preview:-1\" \/>\n<link rel=\"canonical\" href=\"https:\/\/psol50.org.br\/policiais-ocupam-piratini-e-cobram-audiencia-com-tarso-genro\/\" \/>\n<meta property=\"og:locale\" content=\"pt_BR\" \/>\n<meta property=\"og:type\" content=\"article\" \/>\n<meta property=\"og:title\" content=\"Policiais ocupam Piratini e cobram audi\u00eancia com Tarso Genro - PSOL 50\" \/>\n<meta property=\"og:description\" content=\"Representantes dos conselhos da Ugeirm (Sindicato dos inspetores, escriv\u00e3es e investigadores de Pol\u00edcia do RS, com militantes da Intersindical), Abamf e ASSTBM(Associa\u00e7\u00f5es da Brigada Militar do RS) ocuparam o sagu\u00e3o do Pal\u00e1cio Piratini na tarde de hoje, dia 20 de julho, para cobrar audi\u00eancia com o governador Tarso Genro. A mobiliza\u00e7\u00e3o deu-se ap\u00f3s a reuni\u00e3o\u00a0no [&hellip;]\" \/>\n<meta property=\"og:url\" content=\"https:\/\/psol50.org.br\/policiais-ocupam-piratini-e-cobram-audiencia-com-tarso-genro\/\" \/>\n<meta property=\"og:site_name\" content=\"PSOL 50\" \/>\n<meta property=\"article:publisher\" content=\"https:\/\/www.facebook.com\/psol50\" \/>\n<meta property=\"article:published_time\" content=\"2011-07-22T00:00:00+00:00\" \/>\n<meta property=\"og:image\" content=\"http:\/\/psol50.org.br\/files\/2011\/07\/Ugeirm_RS.jpg\" \/>\n<meta name=\"author\" content=\"Comunica\u00e7\u00e3o PSOL\" \/>\n<meta name=\"twitter:card\" content=\"summary_large_image\" \/>\n<meta name=\"twitter:creator\" content=\"@psol50\" \/>\n<meta name=\"twitter:site\" content=\"@psol50\" \/>\n<meta name=\"twitter:label1\" content=\"Escrito por\" \/>\n\t<meta name=\"twitter:data1\" content=\"Comunica\u00e7\u00e3o PSOL\" \/>\n\t<meta name=\"twitter:label2\" content=\"Est. tempo de leitura\" \/>\n\t<meta name=\"twitter:data2\" content=\"2 minutos\" \/>\n<script type=\"application\/ld+json\" class=\"yoast-schema-graph\">{\"@context\":\"https:\/\/schema.org\",\"@graph\":[{\"@type\":\"Article\",\"@id\":\"https:\/\/psol50.org.br\/policiais-ocupam-piratini-e-cobram-audiencia-com-tarso-genro\/#article\",\"isPartOf\":{\"@id\":\"https:\/\/psol50.org.br\/policiais-ocupam-piratini-e-cobram-audiencia-com-tarso-genro\/\"},\"author\":{\"name\":\"Comunica\u00e7\u00e3o PSOL\",\"@id\":\"https:\/\/psol50.org.br\/#\/schema\/person\/475dfa57d0b815993c714c2e96491fcd\"},\"headline\":\"Policiais ocupam Piratini e cobram audi\u00eancia com Tarso Genro\",\"datePublished\":\"2011-07-22T00:00:00+00:00\",\"mainEntityOfPage\":{\"@id\":\"https:\/\/psol50.org.br\/policiais-ocupam-piratini-e-cobram-audiencia-com-tarso-genro\/\"},\"wordCount\":462,\"commentCount\":0,\"publisher\":{\"@id\":\"https:\/\/psol50.org.br\/#organization\"},\"image\":{\"@id\":\"https:\/\/psol50.org.br\/policiais-ocupam-piratini-e-cobram-audiencia-com-tarso-genro\/#primaryimage\"},\"thumbnailUrl\":\"http:\/\/psol50.org.br\/files\/2011\/07\/Ugeirm_RS.jpg\",\"articleSection\":[\"Arquivo\",\"Movimento\"],\"inLanguage\":\"pt-BR\",\"potentialAction\":[{\"@type\":\"CommentAction\",\"name\":\"Comment\",\"target\":[\"https:\/\/psol50.org.br\/policiais-ocupam-piratini-e-cobram-audiencia-com-tarso-genro\/#respond\"]}]},{\"@type\":\"WebPage\",\"@id\":\"https:\/\/psol50.org.br\/policiais-ocupam-piratini-e-cobram-audiencia-com-tarso-genro\/\",\"url\":\"https:\/\/psol50.org.br\/policiais-ocupam-piratini-e-cobram-audiencia-com-tarso-genro\/\",\"name\":\"Policiais ocupam Piratini e cobram audi\u00eancia com Tarso Genro - PSOL 50\",\"isPartOf\":{\"@id\":\"https:\/\/psol50.org.br\/#website\"},\"primaryImageOfPage\":{\"@id\":\"https:\/\/psol50.org.br\/policiais-ocupam-piratini-e-cobram-audiencia-com-tarso-genro\/#primaryimage\"},\"image\":{\"@id\":\"https:\/\/psol50.org.br\/policiais-ocupam-piratini-e-cobram-audiencia-com-tarso-genro\/#primaryimage\"},\"thumbnailUrl\":\"http:\/\/psol50.org.br\/files\/2011\/07\/Ugeirm_RS.jpg\",\"datePublished\":\"2011-07-22T00:00:00+00:00\",\"breadcrumb\":{\"@id\":\"https:\/\/psol50.org.br\/policiais-ocupam-piratini-e-cobram-audiencia-com-tarso-genro\/#breadcrumb\"},\"inLanguage\":\"pt-BR\",\"potentialAction\":[{\"@type\":\"ReadAction\",\"target\":[\"https:\/\/psol50.org.br\/policiais-ocupam-piratini-e-cobram-audiencia-com-tarso-genro\/\"]}]},{\"@type\":\"ImageObject\",\"inLanguage\":\"pt-BR\",\"@id\":\"https:\/\/psol50.org.br\/policiais-ocupam-piratini-e-cobram-audiencia-com-tarso-genro\/#primaryimage\",\"url\":\"http:\/\/psol50.org.br\/files\/2011\/07\/Ugeirm_RS.jpg\",\"contentUrl\":\"http:\/\/psol50.org.br\/files\/2011\/07\/Ugeirm_RS.jpg\"},{\"@type\":\"BreadcrumbList\",\"@id\":\"https:\/\/psol50.org.br\/policiais-ocupam-piratini-e-cobram-audiencia-com-tarso-genro\/#breadcrumb\",\"itemListElement\":[{\"@type\":\"ListItem\",\"position\":1,\"name\":\"In\u00edcio\",\"item\":\"https:\/\/psol50.org.br\/\"},{\"@type\":\"ListItem\",\"position\":2,\"name\":\"Policiais ocupam Piratini e cobram audi\u00eancia com Tarso Genro\"}]},{\"@type\":\"WebSite\",\"@id\":\"https:\/\/psol50.org.br\/#website\",\"url\":\"https:\/\/psol50.org.br\/\",\"name\":\"PSOL 50\",\"description\":\"Site oficial do Partido Socialismo e Liberdade\",\"publisher\":{\"@id\":\"https:\/\/psol50.org.br\/#organization\"},\"alternateName\":\"PSOL50\",\"potentialAction\":[{\"@type\":\"SearchAction\",\"target\":{\"@type\":\"EntryPoint\",\"urlTemplate\":\"https:\/\/psol50.org.br\/?s={search_term_string}\"},\"query-input\":{\"@type\":\"PropertyValueSpecification\",\"valueRequired\":true,\"valueName\":\"search_term_string\"}}],\"inLanguage\":\"pt-BR\"},{\"@type\":\"Organization\",\"@id\":\"https:\/\/psol50.org.br\/#organization\",\"name\":\"PSOL 50\",\"alternateName\":\"PSOL 50\",\"url\":\"https:\/\/psol50.org.br\/\",\"logo\":{\"@type\":\"ImageObject\",\"inLanguage\":\"pt-BR\",\"@id\":\"https:\/\/psol50.org.br\/#\/schema\/logo\/image\/\",\"url\":\"https:\/\/psol50.org.br\/inc\/uploads\/2018\/07\/capa.png\",\"contentUrl\":\"https:\/\/psol50.org.br\/inc\/uploads\/2018\/07\/capa.png\",\"width\":1350,\"height\":900,\"caption\":\"PSOL 50\"},\"image\":{\"@id\":\"https:\/\/psol50.org.br\/#\/schema\/logo\/image\/\"},\"sameAs\":[\"https:\/\/www.facebook.com\/psol50\",\"https:\/\/x.com\/psol50\",\"https:\/\/www.instagram.com\/psol50\/\",\"https:\/\/www.youtube.com\/channel\/UC7SnJS5o1os7a6CaiNabzcg\"]},{\"@type\":\"Person\",\"@id\":\"https:\/\/psol50.org.br\/#\/schema\/person\/475dfa57d0b815993c714c2e96491fcd\",\"name\":\"Comunica\u00e7\u00e3o PSOL\",\"image\":{\"@type\":\"ImageObject\",\"inLanguage\":\"pt-BR\",\"@id\":\"https:\/\/psol50.org.br\/#\/schema\/person\/image\/\",\"url\":\"https:\/\/secure.gravatar.com\/avatar\/b34fc4f4e468a4e51785917065a3db57b841f5c95dba6ad8c73aaf8f66f8f9bf?s=96&d=mm&r=g\",\"contentUrl\":\"https:\/\/secure.gravatar.com\/avatar\/b34fc4f4e468a4e51785917065a3db57b841f5c95dba6ad8c73aaf8f66f8f9bf?s=96&d=mm&r=g\",\"caption\":\"Comunica\u00e7\u00e3o PSOL\"}}]}<\/script>\n<!-- \/ Yoast SEO plugin. -->","yoast_head_json":{"title":"Policiais ocupam Piratini e cobram audi\u00eancia com Tarso Genro - PSOL 50","robots":{"index":"index","follow":"follow","max-snippet":"max-snippet:-1","max-image-preview":"max-image-preview:large","max-video-preview":"max-video-preview:-1"},"canonical":"https:\/\/psol50.org.br\/policiais-ocupam-piratini-e-cobram-audiencia-com-tarso-genro\/","og_locale":"pt_BR","og_type":"article","og_title":"Policiais ocupam Piratini e cobram audi\u00eancia com Tarso Genro - PSOL 50","og_description":"Representantes dos conselhos da Ugeirm (Sindicato dos inspetores, escriv\u00e3es e investigadores de Pol\u00edcia do RS, com militantes da Intersindical), Abamf e ASSTBM(Associa\u00e7\u00f5es da Brigada Militar do RS) ocuparam o sagu\u00e3o do Pal\u00e1cio Piratini na tarde de hoje, dia 20 de julho, para cobrar audi\u00eancia com o governador Tarso Genro. A mobiliza\u00e7\u00e3o deu-se ap\u00f3s a reuni\u00e3o\u00a0no [&hellip;]","og_url":"https:\/\/psol50.org.br\/policiais-ocupam-piratini-e-cobram-audiencia-com-tarso-genro\/","og_site_name":"PSOL 50","article_publisher":"https:\/\/www.facebook.com\/psol50","article_published_time":"2011-07-22T00:00:00+00:00","og_image":[{"url":"http:\/\/psol50.org.br\/files\/2011\/07\/Ugeirm_RS.jpg","type":"","width":"","height":""}],"author":"Comunica\u00e7\u00e3o PSOL","twitter_card":"summary_large_image","twitter_creator":"@psol50","twitter_site":"@psol50","twitter_misc":{"Escrito por":"Comunica\u00e7\u00e3o PSOL","Est. tempo de leitura":"2 minutos"},"schema":{"@context":"https:\/\/schema.org","@graph":[{"@type":"Article","@id":"https:\/\/psol50.org.br\/policiais-ocupam-piratini-e-cobram-audiencia-com-tarso-genro\/#article","isPartOf":{"@id":"https:\/\/psol50.org.br\/policiais-ocupam-piratini-e-cobram-audiencia-com-tarso-genro\/"},"author":{"name":"Comunica\u00e7\u00e3o PSOL","@id":"https:\/\/psol50.org.br\/#\/schema\/person\/475dfa57d0b815993c714c2e96491fcd"},"headline":"Policiais ocupam Piratini e cobram audi\u00eancia com Tarso Genro","datePublished":"2011-07-22T00:00:00+00:00","mainEntityOfPage":{"@id":"https:\/\/psol50.org.br\/policiais-ocupam-piratini-e-cobram-audiencia-com-tarso-genro\/"},"wordCount":462,"commentCount":0,"publisher":{"@id":"https:\/\/psol50.org.br\/#organization"},"image":{"@id":"https:\/\/psol50.org.br\/policiais-ocupam-piratini-e-cobram-audiencia-com-tarso-genro\/#primaryimage"},"thumbnailUrl":"http:\/\/psol50.org.br\/files\/2011\/07\/Ugeirm_RS.jpg","articleSection":["Arquivo","Movimento"],"inLanguage":"pt-BR","potentialAction":[{"@type":"CommentAction","name":"Comment","target":["https:\/\/psol50.org.br\/policiais-ocupam-piratini-e-cobram-audiencia-com-tarso-genro\/#respond"]}]},{"@type":"WebPage","@id":"https:\/\/psol50.org.br\/policiais-ocupam-piratini-e-cobram-audiencia-com-tarso-genro\/","url":"https:\/\/psol50.org.br\/policiais-ocupam-piratini-e-cobram-audiencia-com-tarso-genro\/","name":"Policiais ocupam Piratini e cobram audi\u00eancia com Tarso Genro - PSOL 50","isPartOf":{"@id":"https:\/\/psol50.org.br\/#website"},"primaryImageOfPage":{"@id":"https:\/\/psol50.org.br\/policiais-ocupam-piratini-e-cobram-audiencia-com-tarso-genro\/#primaryimage"},"image":{"@id":"https:\/\/psol50.org.br\/policiais-ocupam-piratini-e-cobram-audiencia-com-tarso-genro\/#primaryimage"},"thumbnailUrl":"http:\/\/psol50.org.br\/files\/2011\/07\/Ugeirm_RS.jpg","datePublished":"2011-07-22T00:00:00+00:00","breadcrumb":{"@id":"https:\/\/psol50.org.br\/policiais-ocupam-piratini-e-cobram-audiencia-com-tarso-genro\/#breadcrumb"},"inLanguage":"pt-BR","potentialAction":[{"@type":"ReadAction","target":["https:\/\/psol50.org.br\/policiais-ocupam-piratini-e-cobram-audiencia-com-tarso-genro\/"]}]},{"@type":"ImageObject","inLanguage":"pt-BR","@id":"https:\/\/psol50.org.br\/policiais-ocupam-piratini-e-cobram-audiencia-com-tarso-genro\/#primaryimage","url":"http:\/\/psol50.org.br\/files\/2011\/07\/Ugeirm_RS.jpg","contentUrl":"http:\/\/psol50.org.br\/files\/2011\/07\/Ugeirm_RS.jpg"},{"@type":"BreadcrumbList","@id":"https:\/\/psol50.org.br\/policiais-ocupam-piratini-e-cobram-audiencia-com-tarso-genro\/#breadcrumb","itemListElement":[{"@type":"ListItem","position":1,"name":"In\u00edcio","item":"https:\/\/psol50.org.br\/"},{"@type":"ListItem","position":2,"name":"Policiais ocupam Piratini e cobram audi\u00eancia com Tarso Genro"}]},{"@type":"WebSite","@id":"https:\/\/psol50.org.br\/#website","url":"https:\/\/psol50.org.br\/","name":"PSOL 50","description":"Site oficial do Partido Socialismo e Liberdade","publisher":{"@id":"https:\/\/psol50.org.br\/#organization"},"alternateName":"PSOL50","potentialAction":[{"@type":"SearchAction","target":{"@type":"EntryPoint","urlTemplate":"https:\/\/psol50.org.br\/?s={search_term_string}"},"query-input":{"@type":"PropertyValueSpecification","valueRequired":true,"valueName":"search_term_string"}}],"inLanguage":"pt-BR"},{"@type":"Organization","@id":"https:\/\/psol50.org.br\/#organization","name":"PSOL 50","alternateName":"PSOL 50","url":"https:\/\/psol50.org.br\/","logo":{"@type":"ImageObject","inLanguage":"pt-BR","@id":"https:\/\/psol50.org.br\/#\/schema\/logo\/image\/","url":"https:\/\/psol50.org.br\/inc\/uploads\/2018\/07\/capa.png","contentUrl":"https:\/\/psol50.org.br\/inc\/uploads\/2018\/07\/capa.png","width":1350,"height":900,"caption":"PSOL 50"},"image":{"@id":"https:\/\/psol50.org.br\/#\/schema\/logo\/image\/"},"sameAs":["https:\/\/www.facebook.com\/psol50","https:\/\/x.com\/psol50","https:\/\/www.instagram.com\/psol50\/","https:\/\/www.youtube.com\/channel\/UC7SnJS5o1os7a6CaiNabzcg"]},{"@type":"Person","@id":"https:\/\/psol50.org.br\/#\/schema\/person\/475dfa57d0b815993c714c2e96491fcd","name":"Comunica\u00e7\u00e3o PSOL","image":{"@type":"ImageObject","inLanguage":"pt-BR","@id":"https:\/\/psol50.org.br\/#\/schema\/person\/image\/","url":"https:\/\/secure.gravatar.com\/avatar\/b34fc4f4e468a4e51785917065a3db57b841f5c95dba6ad8c73aaf8f66f8f9bf?s=96&d=mm&r=g","contentUrl":"https:\/\/secure.gravatar.com\/avatar\/b34fc4f4e468a4e51785917065a3db57b841f5c95dba6ad8c73aaf8f66f8f9bf?s=96&d=mm&r=g","caption":"Comunica\u00e7\u00e3o PSOL"}}]}},"_links":{"self":[{"href":"https:\/\/psol50.org.br\/rest\/wp\/v2\/posts\/852","targetHints":{"allow":["GET"]}}],"collection":[{"href":"https:\/\/psol50.org.br\/rest\/wp\/v2\/posts"}],"about":[{"href":"https:\/\/psol50.org.br\/rest\/wp\/v2\/types\/post"}],"author":[{"embeddable":true,"href":"https:\/\/psol50.org.br\/rest\/wp\/v2\/users\/2"}],"replies":[{"embeddable":true,"href":"https:\/\/psol50.org.br\/rest\/wp\/v2\/comments?post=852"}],"version-history":[{"count":0,"href":"https:\/\/psol50.org.br\/rest\/wp\/v2\/posts\/852\/revisions"}],"wp:attachment":[{"href":"https:\/\/psol50.org.br\/rest\/wp\/v2\/media?parent=852"}],"wp:term":[{"taxonomy":"category","embeddable":true,"href":"https:\/\/psol50.org.br\/rest\/wp\/v2\/categories?post=852"},{"taxonomy":"post_tag","embeddable":true,"href":"https:\/\/psol50.org.br\/rest\/wp\/v2\/tags?post=852"}],"curies":[{"name":"wp","href":"https:\/\/api.w.org\/{rel}","templated":true}]}}