{"id":859,"date":"2011-08-01T00:00:00","date_gmt":"2011-08-01T00:00:00","guid":{"rendered":"http:\/\/psol50.org.br\/arquivo\/2011\/08\/01\/demora-nas-nomeacoes-concursados-farao-protesto-no-para\/"},"modified":"2011-08-01T00:00:00","modified_gmt":"2011-08-01T00:00:00","slug":"demora-nas-nomeacoes-concursados-farao-protesto-no-para","status":"publish","type":"post","link":"https:\/\/psol50.org.br\/demora-nas-nomeacoes-concursados-farao-protesto-no-para\/","title":{"rendered":"Demora nas nomea\u00e7\u00f5es \u2013 Concursados far\u00e3o protesto no Par\u00e1"},"content":{"rendered":"<p><a rel=\"attachment wp-att-9686\" href=\"http:\/\/psol50.org.br\/blog\/2011\/08\/01\/demora-nas-nomeacoes-%e2%80%93-concursados-farao-protesto-no-para\/concursadosemluta_1-3\/\"><img loading=\"lazy\" decoding=\"async\" class=\"alignleft size-full wp-image-9686\" src=\"http:\/\/psol50.org.br\/files\/2011\/08\/ConcursadosemLuta_11.jpg\" alt=\"\" width=\"216\" height=\"220\" \/><\/a>A Associa\u00e7\u00e3o dos Concursados do Par\u00e1 realiza, nesta ter\u00e7a-feira, dia 2  de agosto, \u00e0s 9 horas da manh\u00e3, um ato de protesto em frente ao  Tribunal de Justi\u00e7a do Estado (TJE-PA).<\/p>\n<p>O motivo do ato \u00e9 a demora nas nomea\u00e7\u00f5es dos aprovados nos concursos da  SESPA e da SEDUC, realizados a partir de 2008, al\u00e9m das constantes  contrata\u00e7\u00f5es de tempor\u00e1rios pra ocupar as vagas dos concursados.<\/p>\n<p>Simultaneamente ao ato de protesto, a Asconpa estar\u00e1 protocolando, na  secretaria do Tribunal de Justi\u00e7a do Estado, diversas a\u00e7\u00f5es, atrav\u00e9s das  quais exige as nomea\u00e7\u00f5es dos aprovados nos concursos C-131 e C-153,  promovidos pela Secretaria de Estado de Sa\u00fade P\u00fablica (SESPA) e C-125,  C-126 e C-154, promovidos pela Secretaria de Estado de Educa\u00e7\u00e3o (SEDUC).<\/p>\n<p>Participam do protesto, al\u00e9m dos impetrantes da a\u00e7\u00e3o, centenas de  pessoas aprovadas em diversos concursos promovidos pela administra\u00e7\u00e3o  p\u00fablica estadual que ainda n\u00e3o foram convocadas para ocuparem seus  postos de trabalho.<\/p>\n<p><em><strong>Ato de Protesto dos Concursados<br \/>\nDia: 2 de agosto<br \/>\nHora: 9 horas da manh\u00e3<br \/>\nLocal: Tribunal de Justi\u00e7a do Estado (TJE-PA) \u2013 Avenida Almirante Barroso, antigo Col\u00e9gio Lauro Sodr\u00e9.<\/strong><\/em><\/p>\n<p><em><strong><a href=\"http:\/\/pontodepauta.wordpress.com\/2011\/08\/01\/demora-nas-nomeacoes-concursados-farao-protesto\/\">*Fonte: Ponto de Pauta<\/a><br \/>\n<\/strong><\/em><\/p>\n","protected":false},"excerpt":{"rendered":"<p>A Associa\u00e7\u00e3o dos Concursados do Par\u00e1 realiza, nesta ter\u00e7a-feira, dia 2 de agosto, \u00e0s 9 horas da manh\u00e3, um ato de protesto em frente ao Tribunal de Justi\u00e7a do Estado (TJE-PA). O motivo do ato \u00e9 a demora nas nomea\u00e7\u00f5es dos aprovados nos concursos da SESPA e da SEDUC, realizados a partir de 2008, al\u00e9m [&hellip;]<\/p>\n","protected":false},"author":2,"featured_media":0,"comment_status":"open","ping_status":"open","sticky":false,"template":"","format":"standard","meta":{"_acf_changed":false,"footnotes":""},"categories":[4766],"tags":[],"class_list":{"0":"post-859","1":"post","2":"type-post","3":"status-publish","4":"format-standard","6":"category-arquivo"},"acf":[],"yoast_head":"<!-- This site is optimized with the Yoast SEO plugin v26.5 - https:\/\/yoast.com\/wordpress\/plugins\/seo\/ -->\n<title>Demora nas nomea\u00e7\u00f5es \u2013 Concursados far\u00e3o protesto no Par\u00e1 - PSOL 50<\/title>\n<meta name=\"robots\" content=\"index, follow, max-snippet:-1, max-image-preview:large, max-video-preview:-1\" \/>\n<link rel=\"canonical\" href=\"https:\/\/psol50.org.br\/demora-nas-nomeacoes-concursados-farao-protesto-no-para\/\" \/>\n<meta property=\"og:locale\" content=\"pt_BR\" \/>\n<meta property=\"og:type\" content=\"article\" \/>\n<meta property=\"og:title\" content=\"Demora nas nomea\u00e7\u00f5es \u2013 Concursados far\u00e3o protesto no Par\u00e1 - PSOL 50\" \/>\n<meta property=\"og:description\" content=\"A Associa\u00e7\u00e3o dos Concursados do Par\u00e1 realiza, nesta ter\u00e7a-feira, dia 2 de agosto, \u00e0s 9 horas da manh\u00e3, um ato de protesto em frente ao Tribunal de Justi\u00e7a do Estado (TJE-PA). O motivo do ato \u00e9 a demora nas nomea\u00e7\u00f5es dos aprovados nos concursos da SESPA e da SEDUC, realizados a partir de 2008, al\u00e9m [&hellip;]\" \/>\n<meta property=\"og:url\" content=\"https:\/\/psol50.org.br\/demora-nas-nomeacoes-concursados-farao-protesto-no-para\/\" \/>\n<meta property=\"og:site_name\" content=\"PSOL 50\" \/>\n<meta property=\"article:publisher\" content=\"https:\/\/www.facebook.com\/psol50\" \/>\n<meta property=\"article:published_time\" content=\"2011-08-01T00:00:00+00:00\" \/>\n<meta property=\"og:image\" content=\"http:\/\/psol50.org.br\/files\/2011\/08\/ConcursadosemLuta_11.jpg\" \/>\n<meta name=\"author\" content=\"Comunica\u00e7\u00e3o PSOL\" \/>\n<meta name=\"twitter:card\" content=\"summary_large_image\" \/>\n<meta name=\"twitter:creator\" content=\"@psol50\" \/>\n<meta name=\"twitter:site\" content=\"@psol50\" \/>\n<meta name=\"twitter:label1\" content=\"Escrito por\" \/>\n\t<meta name=\"twitter:data1\" content=\"Comunica\u00e7\u00e3o PSOL\" \/>\n\t<meta name=\"twitter:label2\" content=\"Est. tempo de leitura\" \/>\n\t<meta name=\"twitter:data2\" content=\"1 minuto\" \/>\n<script type=\"application\/ld+json\" class=\"yoast-schema-graph\">{\"@context\":\"https:\/\/schema.org\",\"@graph\":[{\"@type\":\"Article\",\"@id\":\"https:\/\/psol50.org.br\/demora-nas-nomeacoes-concursados-farao-protesto-no-para\/#article\",\"isPartOf\":{\"@id\":\"https:\/\/psol50.org.br\/demora-nas-nomeacoes-concursados-farao-protesto-no-para\/\"},\"author\":{\"name\":\"Comunica\u00e7\u00e3o PSOL\",\"@id\":\"https:\/\/psol50.org.br\/#\/schema\/person\/475dfa57d0b815993c714c2e96491fcd\"},\"headline\":\"Demora nas nomea\u00e7\u00f5es \u2013 Concursados far\u00e3o protesto no Par\u00e1\",\"datePublished\":\"2011-08-01T00:00:00+00:00\",\"mainEntityOfPage\":{\"@id\":\"https:\/\/psol50.org.br\/demora-nas-nomeacoes-concursados-farao-protesto-no-para\/\"},\"wordCount\":208,\"commentCount\":0,\"publisher\":{\"@id\":\"https:\/\/psol50.org.br\/#organization\"},\"image\":{\"@id\":\"https:\/\/psol50.org.br\/demora-nas-nomeacoes-concursados-farao-protesto-no-para\/#primaryimage\"},\"thumbnailUrl\":\"http:\/\/psol50.org.br\/files\/2011\/08\/ConcursadosemLuta_11.jpg\",\"articleSection\":[\"Arquivo\"],\"inLanguage\":\"pt-BR\",\"potentialAction\":[{\"@type\":\"CommentAction\",\"name\":\"Comment\",\"target\":[\"https:\/\/psol50.org.br\/demora-nas-nomeacoes-concursados-farao-protesto-no-para\/#respond\"]}]},{\"@type\":\"WebPage\",\"@id\":\"https:\/\/psol50.org.br\/demora-nas-nomeacoes-concursados-farao-protesto-no-para\/\",\"url\":\"https:\/\/psol50.org.br\/demora-nas-nomeacoes-concursados-farao-protesto-no-para\/\",\"name\":\"Demora nas nomea\u00e7\u00f5es \u2013 Concursados far\u00e3o protesto no Par\u00e1 - PSOL 50\",\"isPartOf\":{\"@id\":\"https:\/\/psol50.org.br\/#website\"},\"primaryImageOfPage\":{\"@id\":\"https:\/\/psol50.org.br\/demora-nas-nomeacoes-concursados-farao-protesto-no-para\/#primaryimage\"},\"image\":{\"@id\":\"https:\/\/psol50.org.br\/demora-nas-nomeacoes-concursados-farao-protesto-no-para\/#primaryimage\"},\"thumbnailUrl\":\"http:\/\/psol50.org.br\/files\/2011\/08\/ConcursadosemLuta_11.jpg\",\"datePublished\":\"2011-08-01T00:00:00+00:00\",\"breadcrumb\":{\"@id\":\"https:\/\/psol50.org.br\/demora-nas-nomeacoes-concursados-farao-protesto-no-para\/#breadcrumb\"},\"inLanguage\":\"pt-BR\",\"potentialAction\":[{\"@type\":\"ReadAction\",\"target\":[\"https:\/\/psol50.org.br\/demora-nas-nomeacoes-concursados-farao-protesto-no-para\/\"]}]},{\"@type\":\"ImageObject\",\"inLanguage\":\"pt-BR\",\"@id\":\"https:\/\/psol50.org.br\/demora-nas-nomeacoes-concursados-farao-protesto-no-para\/#primaryimage\",\"url\":\"http:\/\/psol50.org.br\/files\/2011\/08\/ConcursadosemLuta_11.jpg\",\"contentUrl\":\"http:\/\/psol50.org.br\/files\/2011\/08\/ConcursadosemLuta_11.jpg\"},{\"@type\":\"BreadcrumbList\",\"@id\":\"https:\/\/psol50.org.br\/demora-nas-nomeacoes-concursados-farao-protesto-no-para\/#breadcrumb\",\"itemListElement\":[{\"@type\":\"ListItem\",\"position\":1,\"name\":\"In\u00edcio\",\"item\":\"https:\/\/psol50.org.br\/\"},{\"@type\":\"ListItem\",\"position\":2,\"name\":\"Demora nas nomea\u00e7\u00f5es \u2013 Concursados far\u00e3o protesto no Par\u00e1\"}]},{\"@type\":\"WebSite\",\"@id\":\"https:\/\/psol50.org.br\/#website\",\"url\":\"https:\/\/psol50.org.br\/\",\"name\":\"PSOL 50\",\"description\":\"Site oficial do Partido Socialismo e Liberdade\",\"publisher\":{\"@id\":\"https:\/\/psol50.org.br\/#organization\"},\"alternateName\":\"PSOL50\",\"potentialAction\":[{\"@type\":\"SearchAction\",\"target\":{\"@type\":\"EntryPoint\",\"urlTemplate\":\"https:\/\/psol50.org.br\/?s={search_term_string}\"},\"query-input\":{\"@type\":\"PropertyValueSpecification\",\"valueRequired\":true,\"valueName\":\"search_term_string\"}}],\"inLanguage\":\"pt-BR\"},{\"@type\":\"Organization\",\"@id\":\"https:\/\/psol50.org.br\/#organization\",\"name\":\"PSOL 50\",\"alternateName\":\"PSOL 50\",\"url\":\"https:\/\/psol50.org.br\/\",\"logo\":{\"@type\":\"ImageObject\",\"inLanguage\":\"pt-BR\",\"@id\":\"https:\/\/psol50.org.br\/#\/schema\/logo\/image\/\",\"url\":\"https:\/\/psol50.org.br\/inc\/uploads\/2018\/07\/capa.png\",\"contentUrl\":\"https:\/\/psol50.org.br\/inc\/uploads\/2018\/07\/capa.png\",\"width\":1350,\"height\":900,\"caption\":\"PSOL 50\"},\"image\":{\"@id\":\"https:\/\/psol50.org.br\/#\/schema\/logo\/image\/\"},\"sameAs\":[\"https:\/\/www.facebook.com\/psol50\",\"https:\/\/x.com\/psol50\",\"https:\/\/www.instagram.com\/psol50\/\",\"https:\/\/www.youtube.com\/channel\/UC7SnJS5o1os7a6CaiNabzcg\"]},{\"@type\":\"Person\",\"@id\":\"https:\/\/psol50.org.br\/#\/schema\/person\/475dfa57d0b815993c714c2e96491fcd\",\"name\":\"Comunica\u00e7\u00e3o PSOL\",\"image\":{\"@type\":\"ImageObject\",\"inLanguage\":\"pt-BR\",\"@id\":\"https:\/\/psol50.org.br\/#\/schema\/person\/image\/\",\"url\":\"https:\/\/secure.gravatar.com\/avatar\/b34fc4f4e468a4e51785917065a3db57b841f5c95dba6ad8c73aaf8f66f8f9bf?s=96&d=mm&r=g\",\"contentUrl\":\"https:\/\/secure.gravatar.com\/avatar\/b34fc4f4e468a4e51785917065a3db57b841f5c95dba6ad8c73aaf8f66f8f9bf?s=96&d=mm&r=g\",\"caption\":\"Comunica\u00e7\u00e3o PSOL\"}}]}<\/script>\n<!-- \/ Yoast SEO plugin. -->","yoast_head_json":{"title":"Demora nas nomea\u00e7\u00f5es \u2013 Concursados far\u00e3o protesto no Par\u00e1 - PSOL 50","robots":{"index":"index","follow":"follow","max-snippet":"max-snippet:-1","max-image-preview":"max-image-preview:large","max-video-preview":"max-video-preview:-1"},"canonical":"https:\/\/psol50.org.br\/demora-nas-nomeacoes-concursados-farao-protesto-no-para\/","og_locale":"pt_BR","og_type":"article","og_title":"Demora nas nomea\u00e7\u00f5es \u2013 Concursados far\u00e3o protesto no Par\u00e1 - PSOL 50","og_description":"A Associa\u00e7\u00e3o dos Concursados do Par\u00e1 realiza, nesta ter\u00e7a-feira, dia 2 de agosto, \u00e0s 9 horas da manh\u00e3, um ato de protesto em frente ao Tribunal de Justi\u00e7a do Estado (TJE-PA). O motivo do ato \u00e9 a demora nas nomea\u00e7\u00f5es dos aprovados nos concursos da SESPA e da SEDUC, realizados a partir de 2008, al\u00e9m [&hellip;]","og_url":"https:\/\/psol50.org.br\/demora-nas-nomeacoes-concursados-farao-protesto-no-para\/","og_site_name":"PSOL 50","article_publisher":"https:\/\/www.facebook.com\/psol50","article_published_time":"2011-08-01T00:00:00+00:00","og_image":[{"url":"http:\/\/psol50.org.br\/files\/2011\/08\/ConcursadosemLuta_11.jpg","type":"","width":"","height":""}],"author":"Comunica\u00e7\u00e3o PSOL","twitter_card":"summary_large_image","twitter_creator":"@psol50","twitter_site":"@psol50","twitter_misc":{"Escrito por":"Comunica\u00e7\u00e3o PSOL","Est. tempo de leitura":"1 minuto"},"schema":{"@context":"https:\/\/schema.org","@graph":[{"@type":"Article","@id":"https:\/\/psol50.org.br\/demora-nas-nomeacoes-concursados-farao-protesto-no-para\/#article","isPartOf":{"@id":"https:\/\/psol50.org.br\/demora-nas-nomeacoes-concursados-farao-protesto-no-para\/"},"author":{"name":"Comunica\u00e7\u00e3o PSOL","@id":"https:\/\/psol50.org.br\/#\/schema\/person\/475dfa57d0b815993c714c2e96491fcd"},"headline":"Demora nas nomea\u00e7\u00f5es \u2013 Concursados far\u00e3o protesto no Par\u00e1","datePublished":"2011-08-01T00:00:00+00:00","mainEntityOfPage":{"@id":"https:\/\/psol50.org.br\/demora-nas-nomeacoes-concursados-farao-protesto-no-para\/"},"wordCount":208,"commentCount":0,"publisher":{"@id":"https:\/\/psol50.org.br\/#organization"},"image":{"@id":"https:\/\/psol50.org.br\/demora-nas-nomeacoes-concursados-farao-protesto-no-para\/#primaryimage"},"thumbnailUrl":"http:\/\/psol50.org.br\/files\/2011\/08\/ConcursadosemLuta_11.jpg","articleSection":["Arquivo"],"inLanguage":"pt-BR","potentialAction":[{"@type":"CommentAction","name":"Comment","target":["https:\/\/psol50.org.br\/demora-nas-nomeacoes-concursados-farao-protesto-no-para\/#respond"]}]},{"@type":"WebPage","@id":"https:\/\/psol50.org.br\/demora-nas-nomeacoes-concursados-farao-protesto-no-para\/","url":"https:\/\/psol50.org.br\/demora-nas-nomeacoes-concursados-farao-protesto-no-para\/","name":"Demora nas nomea\u00e7\u00f5es \u2013 Concursados far\u00e3o protesto no Par\u00e1 - PSOL 50","isPartOf":{"@id":"https:\/\/psol50.org.br\/#website"},"primaryImageOfPage":{"@id":"https:\/\/psol50.org.br\/demora-nas-nomeacoes-concursados-farao-protesto-no-para\/#primaryimage"},"image":{"@id":"https:\/\/psol50.org.br\/demora-nas-nomeacoes-concursados-farao-protesto-no-para\/#primaryimage"},"thumbnailUrl":"http:\/\/psol50.org.br\/files\/2011\/08\/ConcursadosemLuta_11.jpg","datePublished":"2011-08-01T00:00:00+00:00","breadcrumb":{"@id":"https:\/\/psol50.org.br\/demora-nas-nomeacoes-concursados-farao-protesto-no-para\/#breadcrumb"},"inLanguage":"pt-BR","potentialAction":[{"@type":"ReadAction","target":["https:\/\/psol50.org.br\/demora-nas-nomeacoes-concursados-farao-protesto-no-para\/"]}]},{"@type":"ImageObject","inLanguage":"pt-BR","@id":"https:\/\/psol50.org.br\/demora-nas-nomeacoes-concursados-farao-protesto-no-para\/#primaryimage","url":"http:\/\/psol50.org.br\/files\/2011\/08\/ConcursadosemLuta_11.jpg","contentUrl":"http:\/\/psol50.org.br\/files\/2011\/08\/ConcursadosemLuta_11.jpg"},{"@type":"BreadcrumbList","@id":"https:\/\/psol50.org.br\/demora-nas-nomeacoes-concursados-farao-protesto-no-para\/#breadcrumb","itemListElement":[{"@type":"ListItem","position":1,"name":"In\u00edcio","item":"https:\/\/psol50.org.br\/"},{"@type":"ListItem","position":2,"name":"Demora nas nomea\u00e7\u00f5es \u2013 Concursados far\u00e3o protesto no Par\u00e1"}]},{"@type":"WebSite","@id":"https:\/\/psol50.org.br\/#website","url":"https:\/\/psol50.org.br\/","name":"PSOL 50","description":"Site oficial do Partido Socialismo e Liberdade","publisher":{"@id":"https:\/\/psol50.org.br\/#organization"},"alternateName":"PSOL50","potentialAction":[{"@type":"SearchAction","target":{"@type":"EntryPoint","urlTemplate":"https:\/\/psol50.org.br\/?s={search_term_string}"},"query-input":{"@type":"PropertyValueSpecification","valueRequired":true,"valueName":"search_term_string"}}],"inLanguage":"pt-BR"},{"@type":"Organization","@id":"https:\/\/psol50.org.br\/#organization","name":"PSOL 50","alternateName":"PSOL 50","url":"https:\/\/psol50.org.br\/","logo":{"@type":"ImageObject","inLanguage":"pt-BR","@id":"https:\/\/psol50.org.br\/#\/schema\/logo\/image\/","url":"https:\/\/psol50.org.br\/inc\/uploads\/2018\/07\/capa.png","contentUrl":"https:\/\/psol50.org.br\/inc\/uploads\/2018\/07\/capa.png","width":1350,"height":900,"caption":"PSOL 50"},"image":{"@id":"https:\/\/psol50.org.br\/#\/schema\/logo\/image\/"},"sameAs":["https:\/\/www.facebook.com\/psol50","https:\/\/x.com\/psol50","https:\/\/www.instagram.com\/psol50\/","https:\/\/www.youtube.com\/channel\/UC7SnJS5o1os7a6CaiNabzcg"]},{"@type":"Person","@id":"https:\/\/psol50.org.br\/#\/schema\/person\/475dfa57d0b815993c714c2e96491fcd","name":"Comunica\u00e7\u00e3o PSOL","image":{"@type":"ImageObject","inLanguage":"pt-BR","@id":"https:\/\/psol50.org.br\/#\/schema\/person\/image\/","url":"https:\/\/secure.gravatar.com\/avatar\/b34fc4f4e468a4e51785917065a3db57b841f5c95dba6ad8c73aaf8f66f8f9bf?s=96&d=mm&r=g","contentUrl":"https:\/\/secure.gravatar.com\/avatar\/b34fc4f4e468a4e51785917065a3db57b841f5c95dba6ad8c73aaf8f66f8f9bf?s=96&d=mm&r=g","caption":"Comunica\u00e7\u00e3o PSOL"}}]}},"_links":{"self":[{"href":"https:\/\/psol50.org.br\/rest\/wp\/v2\/posts\/859","targetHints":{"allow":["GET"]}}],"collection":[{"href":"https:\/\/psol50.org.br\/rest\/wp\/v2\/posts"}],"about":[{"href":"https:\/\/psol50.org.br\/rest\/wp\/v2\/types\/post"}],"author":[{"embeddable":true,"href":"https:\/\/psol50.org.br\/rest\/wp\/v2\/users\/2"}],"replies":[{"embeddable":true,"href":"https:\/\/psol50.org.br\/rest\/wp\/v2\/comments?post=859"}],"version-history":[{"count":0,"href":"https:\/\/psol50.org.br\/rest\/wp\/v2\/posts\/859\/revisions"}],"wp:attachment":[{"href":"https:\/\/psol50.org.br\/rest\/wp\/v2\/media?parent=859"}],"wp:term":[{"taxonomy":"category","embeddable":true,"href":"https:\/\/psol50.org.br\/rest\/wp\/v2\/categories?post=859"},{"taxonomy":"post_tag","embeddable":true,"href":"https:\/\/psol50.org.br\/rest\/wp\/v2\/tags?post=859"}],"curies":[{"name":"wp","href":"https:\/\/api.w.org\/{rel}","templated":true}]}}