{"id":863,"date":"2011-08-04T00:00:00","date_gmt":"2011-08-04T00:00:00","guid":{"rendered":"http:\/\/psol50.org.br\/arquivo\/2011\/08\/04\/reintegracao-de-predio-ocupado-em-sao-paulo-deixa-200-sem-moradia\/"},"modified":"2011-08-04T00:00:00","modified_gmt":"2011-08-04T00:00:00","slug":"reintegracao-de-predio-ocupado-em-sao-paulo-deixa-200-sem-moradia","status":"publish","type":"post","link":"https:\/\/psol50.org.br\/reintegracao-de-predio-ocupado-em-sao-paulo-deixa-200-sem-moradia\/","title":{"rendered":"Reintegra\u00e7\u00e3o de pr\u00e9dio ocupado em S\u00e3o Paulo deixa 200 sem moradia"},"content":{"rendered":"<p><strong><em><a rel=\"attachment wp-att-9768\" href=\"http:\/\/psol50.org.br\/blog\/2011\/08\/04\/reintegracao-de-predio-ocupado-em-sao-paulo-deixa-200-sem-moradia\/200semmoradia\/\"><img loading=\"lazy\" decoding=\"async\" class=\"alignleft size-full wp-image-9768\" src=\"http:\/\/psol50.org.br\/files\/2011\/08\/200SemMoradia.jpg\" alt=\"\" width=\"350\" height=\"233\" \/><\/a>Fam\u00edlias deixaram pacificamente o pr\u00e9dio que ocupavam na regi\u00e3o  central da cidade e montaram acampamento em frente ao local para  aguardar atendimento da prefeitura <\/em><\/strong><\/p>\n<p>A Pol\u00edcia Militar cumpriu na manh\u00e3 de sexta-feira (29) uma senten\u00e7a  de reintegra\u00e7\u00e3o de posse que deixou 200 pessoas, incluindo crian\u00e7as e  idosos, sem moradia. As fam\u00edlias de sem teto ocupavam um pr\u00e9dio em  condi\u00e7\u00f5es prec\u00e1rias na alameda Nothmann, em Campos El\u00edseos, na regi\u00e3o  central. Os moradores deixaram o pr\u00e9dio pacificamente e decidiram montar  um acampamento em frente ao im\u00f3vel para aguardar um posicionamento da  prefeitura sobre atendimento habitacional para as fam\u00edlias.<\/p>\n<p>A decis\u00e3o judicial foi tomada na ter\u00e7a-feira (26) pela ju\u00edza M\u00e1rcia  Cardoso, da 37\u00aa Vara C\u00edvel de S\u00e3o Paulo. Segundo a senten\u00e7a, &#8220;o im\u00f3vel \u00e9  conhecido pela Secretaria Municipal de Habita\u00e7\u00e3o como objeto de  &#8216;assentamento'&#8221;.<\/p>\n<p>Antes da retirada, Benedito Roberto Barbosa, o Dito, um dos  coordenadores da Uni\u00e3o dos Movimentos de Moradia (UMM), foi levado para o  distrito policial acusado de desacato a autoridade. Ele \u00e9 a refer\u00eancia  de negocia\u00e7\u00f5es entre as fam\u00edlias e a pol\u00edcia. Sem ter acesso \u00e0  alimenta\u00e7\u00e3o, um ativista do movimento atirou um saco de p\u00e3o para o alto,  em dire\u00e7\u00e3o \u00e0s janelas do pr\u00e9dio. Antes que Dito atirasse outro pacote,  com o mesmo objetivo, foi agarrado por tr\u00eas policiais e encaminhado para  a delegacia. O l\u00edder j\u00e1 foi liberado, mas registrou boletim de  ocorr\u00eancia contra a Pol\u00edcia Militar por excesso na pris\u00e3o.<\/p>\n<p>O defensor p\u00fablico Douglas Tadashi Magami considera a deten\u00e7\u00e3o de  Dito &#8220;um ato que se traduz em uma criminaliza\u00e7\u00e3o dos movimentos  sociais&#8221;. Ele explica que se as pessoas n\u00e3o forem sequer encaminhadas a  abrigos provis\u00f3rios, onde a defensoria poderia entrar com a\u00e7\u00e3o civil  p\u00fablica contra a prefeitura.<\/p>\n<p>Ocupantes relataram que n\u00e3o t\u00eam para onde ir e que dependem do local  para n\u00e3o voltar a morar nas ruas. A l\u00edder da ocupa\u00e7\u00e3o, Maria Carmelita  Santos de Jesus, diz que as fam\u00edlias n\u00e3o v\u00e3o sair da cal\u00e7ada na frente  do pr\u00e9dio reintegrado sem ter uma moradia definitiva ou o atendimento  por meio do bolsa-aluguel.<\/p>\n<p>Ela conta que o documento de aviso da reintegra\u00e7\u00e3o de posse chegou h\u00e1  oito dias e que na quarta-feira (26) foram abordados por funcion\u00e1rios  de prefeitura que ofereceram vagas em albergues. &#8220;As fam\u00edlias n\u00e3o tem  para onde ir, s\u00e3o todas pessoas carentes que precisam de apoio. Vamos  permanecer aqui na cal\u00e7ada at\u00e9 a prefeitura resolver a situa\u00e7\u00e3o.&#8221; afirma  Carmelita.<\/p>\n<p>Segundo a advogada Juliana Avanci, o processo judicial tem  fragilidades, j\u00e1 que estariam faltando documentos de comprova\u00e7\u00e3o de  posse por parte do autor da a\u00e7\u00e3o, como recibo de pagamento do Imposto  Predial Territorial Urbano (IPTU) ou outro tributo relacionado ao  im\u00f3vel. A pe\u00e7a seria baseada em um boletim de ocorr\u00eancia. Al\u00e9m disso, o  pr\u00e9dio estava abandonado, segundo os sem teto.<\/p>\n<p><strong>Ocupa\u00e7\u00e3o<\/strong><\/p>\n<p>De dois andares e sem manuten\u00e7\u00e3o, o pr\u00e9dio era dividido entre as  fam\u00edlias, garantindo a cada uma seu espa\u00e7o. Havia pouca ilumina\u00e7\u00e3o nos  corredores e, segundo moradores, fazia menos de dois meses que a  Companhia de Saneamento B\u00e1sico do Estado de S\u00e3o Paulo (Sabesp) havia  religado o fornecimento de \u00e1gua. Muitos moradores trabalham como  catadores de material recicl\u00e1vel, e os que est\u00e3o desempregados s\u00e3o  ajudados pelos vizinhos de ocupa\u00e7\u00e3o.<\/p>\n<p>Michel Anjos Jos\u00e9 da Silva vivia no local com a mulher e tr\u00eas filhos  h\u00e1 oito meses. &#8220;Vim da Bahia e acabei perdendo meu emprego porque meu  filho ficou doente e minha mulher de barriga (<em>gr\u00e1vida<\/em>), tive de cuidar dele&#8221; conta, emocionado.<\/p>\n<p>Outro morador, Jeferson de Paula Gomes, relata que vive nas ruas h\u00e1  mais de 20 anos e n\u00e3o tem outro destino aonde ir com a esposa. Ele  come\u00e7ou a trabalhar em julho para uma empresa que presta servi\u00e7os \u00e0  prefeitura, mas n\u00e3o recebeu ainda o primeiro sal\u00e1rio. &#8220;Eu gosto de  trabalhar, nunca fiz nada errado. Na rua, roubam nossos documentos e  nossas coisas. Antes daqui fiquei um bom tempo dormindo com a minha  mulher na pra\u00e7a da S\u00e9. S\u00f3 quero ter onde morar&#8221;, desabafa.<\/p>\n<p><strong> <\/strong><\/p>\n<p><strong>Por J\u00e9ssica Santos de Souza, <a href=\"http:\/\/www.redebrasilatual.com.br\/temas\/cidadania\/2011\/07\/reintegracao-de-predio-em-sao-paulo-deixa-familias-desamparadas\">Rede Brasil Atual<\/a> <\/strong><\/p>\n","protected":false},"excerpt":{"rendered":"<p>Fam\u00edlias deixaram pacificamente o pr\u00e9dio que ocupavam na regi\u00e3o central da cidade e montaram acampamento em frente ao local para aguardar atendimento da prefeitura A Pol\u00edcia Militar cumpriu na manh\u00e3 de sexta-feira (29) uma senten\u00e7a de reintegra\u00e7\u00e3o de posse que deixou 200 pessoas, incluindo crian\u00e7as e idosos, sem moradia. As fam\u00edlias de sem teto ocupavam [&hellip;]<\/p>\n","protected":false},"author":2,"featured_media":0,"comment_status":"open","ping_status":"open","sticky":false,"template":"","format":"standard","meta":{"_acf_changed":false,"footnotes":""},"categories":[4766],"tags":[],"class_list":{"0":"post-863","1":"post","2":"type-post","3":"status-publish","4":"format-standard","6":"category-arquivo"},"acf":[],"yoast_head":"<!-- This site is optimized with the Yoast SEO plugin v26.5 - https:\/\/yoast.com\/wordpress\/plugins\/seo\/ -->\n<title>Reintegra\u00e7\u00e3o de pr\u00e9dio ocupado em S\u00e3o Paulo deixa 200 sem moradia - PSOL 50<\/title>\n<meta name=\"robots\" content=\"index, follow, max-snippet:-1, max-image-preview:large, max-video-preview:-1\" \/>\n<link rel=\"canonical\" href=\"https:\/\/psol50.org.br\/reintegracao-de-predio-ocupado-em-sao-paulo-deixa-200-sem-moradia\/\" \/>\n<meta property=\"og:locale\" content=\"pt_BR\" \/>\n<meta property=\"og:type\" content=\"article\" \/>\n<meta property=\"og:title\" content=\"Reintegra\u00e7\u00e3o de pr\u00e9dio ocupado em S\u00e3o Paulo deixa 200 sem moradia - PSOL 50\" \/>\n<meta property=\"og:description\" content=\"Fam\u00edlias deixaram pacificamente o pr\u00e9dio que ocupavam na regi\u00e3o central da cidade e montaram acampamento em frente ao local para aguardar atendimento da prefeitura A Pol\u00edcia Militar cumpriu na manh\u00e3 de sexta-feira (29) uma senten\u00e7a de reintegra\u00e7\u00e3o de posse que deixou 200 pessoas, incluindo crian\u00e7as e idosos, sem moradia. As fam\u00edlias de sem teto ocupavam [&hellip;]\" \/>\n<meta property=\"og:url\" content=\"https:\/\/psol50.org.br\/reintegracao-de-predio-ocupado-em-sao-paulo-deixa-200-sem-moradia\/\" \/>\n<meta property=\"og:site_name\" content=\"PSOL 50\" \/>\n<meta property=\"article:publisher\" content=\"https:\/\/www.facebook.com\/psol50\" \/>\n<meta property=\"article:published_time\" content=\"2011-08-04T00:00:00+00:00\" \/>\n<meta property=\"og:image\" content=\"http:\/\/psol50.org.br\/files\/2011\/08\/200SemMoradia.jpg\" \/>\n<meta name=\"author\" content=\"Comunica\u00e7\u00e3o PSOL\" \/>\n<meta name=\"twitter:card\" content=\"summary_large_image\" \/>\n<meta name=\"twitter:creator\" content=\"@psol50\" \/>\n<meta name=\"twitter:site\" content=\"@psol50\" \/>\n<meta name=\"twitter:label1\" content=\"Escrito por\" \/>\n\t<meta name=\"twitter:data1\" content=\"Comunica\u00e7\u00e3o PSOL\" \/>\n\t<meta name=\"twitter:label2\" content=\"Est. tempo de leitura\" \/>\n\t<meta name=\"twitter:data2\" content=\"4 minutos\" \/>\n<script type=\"application\/ld+json\" class=\"yoast-schema-graph\">{\"@context\":\"https:\/\/schema.org\",\"@graph\":[{\"@type\":\"Article\",\"@id\":\"https:\/\/psol50.org.br\/reintegracao-de-predio-ocupado-em-sao-paulo-deixa-200-sem-moradia\/#article\",\"isPartOf\":{\"@id\":\"https:\/\/psol50.org.br\/reintegracao-de-predio-ocupado-em-sao-paulo-deixa-200-sem-moradia\/\"},\"author\":{\"name\":\"Comunica\u00e7\u00e3o PSOL\",\"@id\":\"https:\/\/psol50.org.br\/#\/schema\/person\/475dfa57d0b815993c714c2e96491fcd\"},\"headline\":\"Reintegra\u00e7\u00e3o de pr\u00e9dio ocupado em S\u00e3o Paulo deixa 200 sem moradia\",\"datePublished\":\"2011-08-04T00:00:00+00:00\",\"mainEntityOfPage\":{\"@id\":\"https:\/\/psol50.org.br\/reintegracao-de-predio-ocupado-em-sao-paulo-deixa-200-sem-moradia\/\"},\"wordCount\":752,\"commentCount\":0,\"publisher\":{\"@id\":\"https:\/\/psol50.org.br\/#organization\"},\"image\":{\"@id\":\"https:\/\/psol50.org.br\/reintegracao-de-predio-ocupado-em-sao-paulo-deixa-200-sem-moradia\/#primaryimage\"},\"thumbnailUrl\":\"http:\/\/psol50.org.br\/files\/2011\/08\/200SemMoradia.jpg\",\"articleSection\":[\"Arquivo\"],\"inLanguage\":\"pt-BR\",\"potentialAction\":[{\"@type\":\"CommentAction\",\"name\":\"Comment\",\"target\":[\"https:\/\/psol50.org.br\/reintegracao-de-predio-ocupado-em-sao-paulo-deixa-200-sem-moradia\/#respond\"]}]},{\"@type\":\"WebPage\",\"@id\":\"https:\/\/psol50.org.br\/reintegracao-de-predio-ocupado-em-sao-paulo-deixa-200-sem-moradia\/\",\"url\":\"https:\/\/psol50.org.br\/reintegracao-de-predio-ocupado-em-sao-paulo-deixa-200-sem-moradia\/\",\"name\":\"Reintegra\u00e7\u00e3o de pr\u00e9dio ocupado em S\u00e3o Paulo deixa 200 sem moradia - PSOL 50\",\"isPartOf\":{\"@id\":\"https:\/\/psol50.org.br\/#website\"},\"primaryImageOfPage\":{\"@id\":\"https:\/\/psol50.org.br\/reintegracao-de-predio-ocupado-em-sao-paulo-deixa-200-sem-moradia\/#primaryimage\"},\"image\":{\"@id\":\"https:\/\/psol50.org.br\/reintegracao-de-predio-ocupado-em-sao-paulo-deixa-200-sem-moradia\/#primaryimage\"},\"thumbnailUrl\":\"http:\/\/psol50.org.br\/files\/2011\/08\/200SemMoradia.jpg\",\"datePublished\":\"2011-08-04T00:00:00+00:00\",\"breadcrumb\":{\"@id\":\"https:\/\/psol50.org.br\/reintegracao-de-predio-ocupado-em-sao-paulo-deixa-200-sem-moradia\/#breadcrumb\"},\"inLanguage\":\"pt-BR\",\"potentialAction\":[{\"@type\":\"ReadAction\",\"target\":[\"https:\/\/psol50.org.br\/reintegracao-de-predio-ocupado-em-sao-paulo-deixa-200-sem-moradia\/\"]}]},{\"@type\":\"ImageObject\",\"inLanguage\":\"pt-BR\",\"@id\":\"https:\/\/psol50.org.br\/reintegracao-de-predio-ocupado-em-sao-paulo-deixa-200-sem-moradia\/#primaryimage\",\"url\":\"http:\/\/psol50.org.br\/files\/2011\/08\/200SemMoradia.jpg\",\"contentUrl\":\"http:\/\/psol50.org.br\/files\/2011\/08\/200SemMoradia.jpg\"},{\"@type\":\"BreadcrumbList\",\"@id\":\"https:\/\/psol50.org.br\/reintegracao-de-predio-ocupado-em-sao-paulo-deixa-200-sem-moradia\/#breadcrumb\",\"itemListElement\":[{\"@type\":\"ListItem\",\"position\":1,\"name\":\"In\u00edcio\",\"item\":\"https:\/\/psol50.org.br\/\"},{\"@type\":\"ListItem\",\"position\":2,\"name\":\"Reintegra\u00e7\u00e3o de pr\u00e9dio ocupado em S\u00e3o Paulo deixa 200 sem moradia\"}]},{\"@type\":\"WebSite\",\"@id\":\"https:\/\/psol50.org.br\/#website\",\"url\":\"https:\/\/psol50.org.br\/\",\"name\":\"PSOL 50\",\"description\":\"Site oficial do Partido Socialismo e Liberdade\",\"publisher\":{\"@id\":\"https:\/\/psol50.org.br\/#organization\"},\"alternateName\":\"PSOL50\",\"potentialAction\":[{\"@type\":\"SearchAction\",\"target\":{\"@type\":\"EntryPoint\",\"urlTemplate\":\"https:\/\/psol50.org.br\/?s={search_term_string}\"},\"query-input\":{\"@type\":\"PropertyValueSpecification\",\"valueRequired\":true,\"valueName\":\"search_term_string\"}}],\"inLanguage\":\"pt-BR\"},{\"@type\":\"Organization\",\"@id\":\"https:\/\/psol50.org.br\/#organization\",\"name\":\"PSOL 50\",\"alternateName\":\"PSOL 50\",\"url\":\"https:\/\/psol50.org.br\/\",\"logo\":{\"@type\":\"ImageObject\",\"inLanguage\":\"pt-BR\",\"@id\":\"https:\/\/psol50.org.br\/#\/schema\/logo\/image\/\",\"url\":\"https:\/\/psol50.org.br\/inc\/uploads\/2018\/07\/capa.png\",\"contentUrl\":\"https:\/\/psol50.org.br\/inc\/uploads\/2018\/07\/capa.png\",\"width\":1350,\"height\":900,\"caption\":\"PSOL 50\"},\"image\":{\"@id\":\"https:\/\/psol50.org.br\/#\/schema\/logo\/image\/\"},\"sameAs\":[\"https:\/\/www.facebook.com\/psol50\",\"https:\/\/x.com\/psol50\",\"https:\/\/www.instagram.com\/psol50\/\",\"https:\/\/www.youtube.com\/channel\/UC7SnJS5o1os7a6CaiNabzcg\"]},{\"@type\":\"Person\",\"@id\":\"https:\/\/psol50.org.br\/#\/schema\/person\/475dfa57d0b815993c714c2e96491fcd\",\"name\":\"Comunica\u00e7\u00e3o PSOL\",\"image\":{\"@type\":\"ImageObject\",\"inLanguage\":\"pt-BR\",\"@id\":\"https:\/\/psol50.org.br\/#\/schema\/person\/image\/\",\"url\":\"https:\/\/secure.gravatar.com\/avatar\/b34fc4f4e468a4e51785917065a3db57b841f5c95dba6ad8c73aaf8f66f8f9bf?s=96&d=mm&r=g\",\"contentUrl\":\"https:\/\/secure.gravatar.com\/avatar\/b34fc4f4e468a4e51785917065a3db57b841f5c95dba6ad8c73aaf8f66f8f9bf?s=96&d=mm&r=g\",\"caption\":\"Comunica\u00e7\u00e3o PSOL\"}}]}<\/script>\n<!-- \/ Yoast SEO plugin. -->","yoast_head_json":{"title":"Reintegra\u00e7\u00e3o de pr\u00e9dio ocupado em S\u00e3o Paulo deixa 200 sem moradia - PSOL 50","robots":{"index":"index","follow":"follow","max-snippet":"max-snippet:-1","max-image-preview":"max-image-preview:large","max-video-preview":"max-video-preview:-1"},"canonical":"https:\/\/psol50.org.br\/reintegracao-de-predio-ocupado-em-sao-paulo-deixa-200-sem-moradia\/","og_locale":"pt_BR","og_type":"article","og_title":"Reintegra\u00e7\u00e3o de pr\u00e9dio ocupado em S\u00e3o Paulo deixa 200 sem moradia - PSOL 50","og_description":"Fam\u00edlias deixaram pacificamente o pr\u00e9dio que ocupavam na regi\u00e3o central da cidade e montaram acampamento em frente ao local para aguardar atendimento da prefeitura A Pol\u00edcia Militar cumpriu na manh\u00e3 de sexta-feira (29) uma senten\u00e7a de reintegra\u00e7\u00e3o de posse que deixou 200 pessoas, incluindo crian\u00e7as e idosos, sem moradia. As fam\u00edlias de sem teto ocupavam [&hellip;]","og_url":"https:\/\/psol50.org.br\/reintegracao-de-predio-ocupado-em-sao-paulo-deixa-200-sem-moradia\/","og_site_name":"PSOL 50","article_publisher":"https:\/\/www.facebook.com\/psol50","article_published_time":"2011-08-04T00:00:00+00:00","og_image":[{"url":"http:\/\/psol50.org.br\/files\/2011\/08\/200SemMoradia.jpg","type":"","width":"","height":""}],"author":"Comunica\u00e7\u00e3o PSOL","twitter_card":"summary_large_image","twitter_creator":"@psol50","twitter_site":"@psol50","twitter_misc":{"Escrito por":"Comunica\u00e7\u00e3o PSOL","Est. tempo de leitura":"4 minutos"},"schema":{"@context":"https:\/\/schema.org","@graph":[{"@type":"Article","@id":"https:\/\/psol50.org.br\/reintegracao-de-predio-ocupado-em-sao-paulo-deixa-200-sem-moradia\/#article","isPartOf":{"@id":"https:\/\/psol50.org.br\/reintegracao-de-predio-ocupado-em-sao-paulo-deixa-200-sem-moradia\/"},"author":{"name":"Comunica\u00e7\u00e3o PSOL","@id":"https:\/\/psol50.org.br\/#\/schema\/person\/475dfa57d0b815993c714c2e96491fcd"},"headline":"Reintegra\u00e7\u00e3o de pr\u00e9dio ocupado em S\u00e3o Paulo deixa 200 sem moradia","datePublished":"2011-08-04T00:00:00+00:00","mainEntityOfPage":{"@id":"https:\/\/psol50.org.br\/reintegracao-de-predio-ocupado-em-sao-paulo-deixa-200-sem-moradia\/"},"wordCount":752,"commentCount":0,"publisher":{"@id":"https:\/\/psol50.org.br\/#organization"},"image":{"@id":"https:\/\/psol50.org.br\/reintegracao-de-predio-ocupado-em-sao-paulo-deixa-200-sem-moradia\/#primaryimage"},"thumbnailUrl":"http:\/\/psol50.org.br\/files\/2011\/08\/200SemMoradia.jpg","articleSection":["Arquivo"],"inLanguage":"pt-BR","potentialAction":[{"@type":"CommentAction","name":"Comment","target":["https:\/\/psol50.org.br\/reintegracao-de-predio-ocupado-em-sao-paulo-deixa-200-sem-moradia\/#respond"]}]},{"@type":"WebPage","@id":"https:\/\/psol50.org.br\/reintegracao-de-predio-ocupado-em-sao-paulo-deixa-200-sem-moradia\/","url":"https:\/\/psol50.org.br\/reintegracao-de-predio-ocupado-em-sao-paulo-deixa-200-sem-moradia\/","name":"Reintegra\u00e7\u00e3o de pr\u00e9dio ocupado em S\u00e3o Paulo deixa 200 sem moradia - PSOL 50","isPartOf":{"@id":"https:\/\/psol50.org.br\/#website"},"primaryImageOfPage":{"@id":"https:\/\/psol50.org.br\/reintegracao-de-predio-ocupado-em-sao-paulo-deixa-200-sem-moradia\/#primaryimage"},"image":{"@id":"https:\/\/psol50.org.br\/reintegracao-de-predio-ocupado-em-sao-paulo-deixa-200-sem-moradia\/#primaryimage"},"thumbnailUrl":"http:\/\/psol50.org.br\/files\/2011\/08\/200SemMoradia.jpg","datePublished":"2011-08-04T00:00:00+00:00","breadcrumb":{"@id":"https:\/\/psol50.org.br\/reintegracao-de-predio-ocupado-em-sao-paulo-deixa-200-sem-moradia\/#breadcrumb"},"inLanguage":"pt-BR","potentialAction":[{"@type":"ReadAction","target":["https:\/\/psol50.org.br\/reintegracao-de-predio-ocupado-em-sao-paulo-deixa-200-sem-moradia\/"]}]},{"@type":"ImageObject","inLanguage":"pt-BR","@id":"https:\/\/psol50.org.br\/reintegracao-de-predio-ocupado-em-sao-paulo-deixa-200-sem-moradia\/#primaryimage","url":"http:\/\/psol50.org.br\/files\/2011\/08\/200SemMoradia.jpg","contentUrl":"http:\/\/psol50.org.br\/files\/2011\/08\/200SemMoradia.jpg"},{"@type":"BreadcrumbList","@id":"https:\/\/psol50.org.br\/reintegracao-de-predio-ocupado-em-sao-paulo-deixa-200-sem-moradia\/#breadcrumb","itemListElement":[{"@type":"ListItem","position":1,"name":"In\u00edcio","item":"https:\/\/psol50.org.br\/"},{"@type":"ListItem","position":2,"name":"Reintegra\u00e7\u00e3o de pr\u00e9dio ocupado em S\u00e3o Paulo deixa 200 sem moradia"}]},{"@type":"WebSite","@id":"https:\/\/psol50.org.br\/#website","url":"https:\/\/psol50.org.br\/","name":"PSOL 50","description":"Site oficial do Partido Socialismo e Liberdade","publisher":{"@id":"https:\/\/psol50.org.br\/#organization"},"alternateName":"PSOL50","potentialAction":[{"@type":"SearchAction","target":{"@type":"EntryPoint","urlTemplate":"https:\/\/psol50.org.br\/?s={search_term_string}"},"query-input":{"@type":"PropertyValueSpecification","valueRequired":true,"valueName":"search_term_string"}}],"inLanguage":"pt-BR"},{"@type":"Organization","@id":"https:\/\/psol50.org.br\/#organization","name":"PSOL 50","alternateName":"PSOL 50","url":"https:\/\/psol50.org.br\/","logo":{"@type":"ImageObject","inLanguage":"pt-BR","@id":"https:\/\/psol50.org.br\/#\/schema\/logo\/image\/","url":"https:\/\/psol50.org.br\/inc\/uploads\/2018\/07\/capa.png","contentUrl":"https:\/\/psol50.org.br\/inc\/uploads\/2018\/07\/capa.png","width":1350,"height":900,"caption":"PSOL 50"},"image":{"@id":"https:\/\/psol50.org.br\/#\/schema\/logo\/image\/"},"sameAs":["https:\/\/www.facebook.com\/psol50","https:\/\/x.com\/psol50","https:\/\/www.instagram.com\/psol50\/","https:\/\/www.youtube.com\/channel\/UC7SnJS5o1os7a6CaiNabzcg"]},{"@type":"Person","@id":"https:\/\/psol50.org.br\/#\/schema\/person\/475dfa57d0b815993c714c2e96491fcd","name":"Comunica\u00e7\u00e3o PSOL","image":{"@type":"ImageObject","inLanguage":"pt-BR","@id":"https:\/\/psol50.org.br\/#\/schema\/person\/image\/","url":"https:\/\/secure.gravatar.com\/avatar\/b34fc4f4e468a4e51785917065a3db57b841f5c95dba6ad8c73aaf8f66f8f9bf?s=96&d=mm&r=g","contentUrl":"https:\/\/secure.gravatar.com\/avatar\/b34fc4f4e468a4e51785917065a3db57b841f5c95dba6ad8c73aaf8f66f8f9bf?s=96&d=mm&r=g","caption":"Comunica\u00e7\u00e3o PSOL"}}]}},"_links":{"self":[{"href":"https:\/\/psol50.org.br\/rest\/wp\/v2\/posts\/863","targetHints":{"allow":["GET"]}}],"collection":[{"href":"https:\/\/psol50.org.br\/rest\/wp\/v2\/posts"}],"about":[{"href":"https:\/\/psol50.org.br\/rest\/wp\/v2\/types\/post"}],"author":[{"embeddable":true,"href":"https:\/\/psol50.org.br\/rest\/wp\/v2\/users\/2"}],"replies":[{"embeddable":true,"href":"https:\/\/psol50.org.br\/rest\/wp\/v2\/comments?post=863"}],"version-history":[{"count":0,"href":"https:\/\/psol50.org.br\/rest\/wp\/v2\/posts\/863\/revisions"}],"wp:attachment":[{"href":"https:\/\/psol50.org.br\/rest\/wp\/v2\/media?parent=863"}],"wp:term":[{"taxonomy":"category","embeddable":true,"href":"https:\/\/psol50.org.br\/rest\/wp\/v2\/categories?post=863"},{"taxonomy":"post_tag","embeddable":true,"href":"https:\/\/psol50.org.br\/rest\/wp\/v2\/tags?post=863"}],"curies":[{"name":"wp","href":"https:\/\/api.w.org\/{rel}","templated":true}]}}