{"id":869,"date":"2011-08-12T00:00:00","date_gmt":"2011-08-12T00:00:00","guid":{"rendered":"http:\/\/psol50.org.br\/arquivo\/2011\/08\/12\/belem-intensifica-mobilizacao-para-o-ato-mundial-contra-belo-monte\/"},"modified":"2011-08-12T00:00:00","modified_gmt":"2011-08-12T00:00:00","slug":"belem-intensifica-mobilizacao-para-o-ato-mundial-contra-belo-monte","status":"publish","type":"post","link":"https:\/\/psol50.org.br\/belem-intensifica-mobilizacao-para-o-ato-mundial-contra-belo-monte\/","title":{"rendered":"Bel\u00e9m intensifica mobiliza\u00e7\u00e3o para o ato mundial contra Belo Monte"},"content":{"rendered":"<p><a rel=\"attachment wp-att-9996\" href=\"http:\/\/psol50.org.br\/blog\/2011\/08\/12\/belem-intensifica-mobilizacao-para-o-ato-mundial-contra-belo-monte\/pare-belo-monte-2\/\"><img loading=\"lazy\" decoding=\"async\" class=\"aligncenter size-full wp-image-9996\" src=\"http:\/\/psol50.org.br\/files\/2011\/08\/Pare-belo-monte1.jpg\" alt=\"\" width=\"400\" height=\"253\" \/><\/a>O Comit\u00ea Metropolitano do Movimento Xingu Vivo anunciou no in\u00edcio da  noite (11.08) a sua programa\u00e7\u00e3o local para o ato mundial contra Belo  Monte, que ocorrer\u00e1 em v\u00e1rios estados brasileiros.<\/p>\n<p>O ato do dia 20 de agosto ter\u00e1 in\u00edcio \u00e0s 8 da manh\u00e3, na Pra\u00e7a da  Rep\u00fablica, em frente ao Teatro da Paz e seguir\u00e1 at\u00e9 o Ver-o-Peso,  considerada a maior feira livre da Am\u00e9rica Latina, \u00e0s margens da ba\u00eda do  Guajar\u00e1.<\/p>\n<p>O Comit\u00ea anunciou tamb\u00e9m a participa\u00e7\u00e3o da Coluna Xingu Vivo na  Jornada Nacional de Lutas, que ter\u00e1 in\u00edcio no pr\u00f3ximo dia 17 de agosto e  que ser\u00e1 marcada por uma s\u00e9rie de atos de protestos contra o governo  brasileiro.<\/p>\n<p>V\u00e1rias a\u00e7\u00f5es mobilizadoras para a semana que antecede o ato est\u00e3o  sendo preparadas. Para isso, ser\u00e3o usadas as rede sociais na internet,  colagem de cartazes e panfletagens em pra\u00e7as, locais de trabalho e de  estudos.<\/p>\n<p>O ato, segundo seus organizadores, ser\u00e1 uma demonstra\u00e7\u00e3o p\u00fablica de  rep\u00fadio em escala mundial \u00e0 constru\u00e7\u00e3o da usina de Belo Monte, na Volta  Grande do rio Xingu, sudoeste paraense. Um rep\u00fadio contra a decis\u00e3o do  governo de Dilma  Rousseff de construir a usina sem considerar os apelos  da comunidade cient\u00edfica e das popula\u00e7\u00f5es locais. Mas ser\u00e1 sobretudo um  grito mundial em defesa dos povos, da floresta e dos rios da Amaz\u00f4nia,  afirmam.<\/p>\n<p><strong>Outras cidades paraenses far\u00e3o protesto.<\/strong><br \/>\n<a href=\"http:\/\/uesantarem.blogspot.com\/2011\/08\/ato-mundial-contra-belo-monte.html\">Informe da UES<\/a> \u2013 Em Santar\u00e9m ocorrer\u00e1 tamb\u00e9m um ato p\u00fablico contra a constru\u00e7\u00e3o da  usina de Belo Monte e das hidrel\u00e9tricas no rio Tapaj\u00f3s. A manifesta\u00e7\u00e3o  est\u00e1 sendo articulada pela Uni\u00e3o dos Estudantes de Ensino Superior de  Santar\u00e9m (UES) e pela Frente em Defesa da Amaz\u00f4nia (FDA). E contar\u00e1 com a  participa\u00e7\u00e3o dos movimentos sociais da regi\u00e3o que se op\u00f5em ao modelo de  desenvolvimento econ\u00f4mico predat\u00f3rio imposto pelo governo federal na  Amaz\u00f4nia.<br \/>\nA concentra\u00e7\u00e3o para o ato ser\u00e1 \u00e0s 18h do S\u00e1bado (20),  na Pra\u00e7a da  Matriz, com caminhada pela orla da cidade at\u00e9 o \u2018Mascotinho\u2019, local onde  os manifestantes debater\u00e3o com a sociedade santarena sobre os reais  interesses por tr\u00e1s de projetos como Belo Monte.<\/p>\n<p><strong>Pelo Brasil e pelo mundo<\/strong><br \/>\n<a href=\"http:\/\/frentedeacaopro-xingu.blogspot.com\/\">Informe da Frente de A\u00e7\u00e3o Pr\u00f3-Xingu<\/a>&#8211;  Os estados brasileiros que j\u00e1 confirmaram participa\u00e7\u00e3o no ato s\u00e3o:  Acre, S\u00e3o Paulo, Rio de Janeiro, Pernambuco, Amazonas, Rio Grande do  Norte, Rio Grande do Sul, Bahia, Brasilia, Belo Horizonte, Maranh\u00e3o,  Mato Grosso, mato Grosso do Sul, Par\u00e1, Amazonas, Paran\u00e1, Minas Gerais e  Brasilia.<\/p>\n<p>Pa\u00edses: Fran\u00e7a, Equador, Peru, M\u00e9xico, Estados Unidos, Canad\u00e1, Argentina, Chile, Reino Unido, Espanha e Portugal.<\/p>\n<p><strong>Anote na agenda:<\/strong><br \/>\nEm S\u00e3o Paulo-SP o evento se realizar\u00e1 na Av. Paulista, em frente ao MASP (Museu de Arte de S\u00e3o Paulo) as 13:00min hs<\/p>\n<p>No Rio de Janeiro-RJ, posto 4 na Av. Atl\u00e2ntica em Copacabana, as 14:00 hs<\/p>\n<p>Em Salvador-BA, Pra\u00e7a Campo Grande, at\u00e9 a Pra\u00e7a Municipal, as 14:00 hs<\/p>\n<p>Em Fortaleza-CE, pra\u00e7a Jos\u00e9 de Alencar, centro, as 13:00 hs<\/p>\n<p>Em Recife-PE, Pra\u00e7a do Derby, as 14:00 hs<\/p>\n<p>Em Bras\u00edlia-DF, em frente ao congresso nacional, as 14:00 hs<\/p>\n<p>Em Jo\u00e3o Pessoa-PB, feirinha de Tamba\u00fa, as 14:00<\/p>\n<p>Em Bel\u00e9m-PA, Pra\u00e7a da Rep\u00fablica, em frente ao Teatro da Paz rumo ao Ver o Peso, as 08:30<\/p>\n<p>Na Fran\u00e7a, Parvis des droits de l\u2019Homme, place du Trocad\u00e9ro, Paris, 15:00h<\/p>\n<p>Em Portugal, \u2026<br \/>\nPORTO, Consulado Brasileiro, Av Fran\u00e7a n\u00b0 20, as 13:00 hs<br \/>\nLISBOA, Consulado Brasileiro, Pra\u00e7a Luis de Cam\u00f5es , CHIADO<\/p>\n<p>Em San Francisco, 300 Montgomery street, Suite 900, San Francisco, CA 94104, day 22, Monday, in Brazilian Consulate.<\/p>\n<p style=\"text-align: center\"><strong>Convocat\u00f3ria<\/strong><br \/>\n<a href=\"http:\/\/pontodepauta.files.wordpress.com\/2011\/08\/o-mundo-contra-belo-monte_cm_xvps21.jpg\"><img loading=\"lazy\" decoding=\"async\" class=\"aligncenter\" src=\"http:\/\/pontodepauta.files.wordpress.com\/2011\/08\/o-mundo-contra-belo-monte_cm_xvps21.jpg?w=234&amp;h=300\" alt=\"\" width=\"234\" height=\"300\" \/><\/a><strong><\/strong><\/p>\n<p><strong>WORLD ACTION AGAINST BELO MONTE<br \/>\nAugust 20, 2011<br \/>\nIN EVERY CITY, IN EVERY COUNTRY<\/strong><br \/>\nThe struggle against Belo Monte and the development model of consumption  and of the market, exterminators of dreams and lives reaches a decisive  stage.<br \/>\nThe monsters of weapons has arrived in the Xingu. Machines that devour  trees and coldly annihilate birds and small animals. Cries and wailing  echo in the forest.<br \/>\nCorrupt governments and politicians, businessmen and miners, capital,  want to kill the Xingu  river to generate energy for industries that  pollute, overheat and destroy the planet. Against the project of death,  thousands, millions of women and men are already organized. Defending  life, will give, without hesitation, their own lives.<br \/>\nIN DEFENSE OF THE PEOPLES, OF THE FOREST AND OF THE RIVERS OF AMAZONIA!<br \/>\nWORLD ACTION AGAINST BELO MONTE<br \/>\nIN EVERY CITY, IN EVERY COUNTRY<br \/>\n_____________<br \/>\n<strong>ATO MUNDIAL CONTRA BELO MONTE<br \/>\n20 DE AGOSTO DE 2011<br \/>\nEM CADA CIDADE, EM CADA PA\u00cdS<\/strong><br \/>\nA luta contra Belo Monte e o modelo de desenvolvimento do consumo e do  mercado, exterminadores de sonhos e vidas, chega a uma etapa decisiva.<br \/>\nOs monstros de ferro j\u00e1 chegaram ao Xingu. M\u00e1quinas que devoram \u00e1rvores e  aniquilam friamente p\u00e1ssaros e pequenos animais. Gritos e gemidos ecoam  na floresta.<br \/>\nGovernos e pol\u00edticos corruptos, empreiteiras e mineradoras, o capital,  querem matar o rio Xingu para gerar energia para ind\u00fastrias que poluem,  superaquecem e destroem o planeta.<br \/>\nContra este projeto de morte, milhares, milh\u00f5es de mulheres e homens j\u00e1  est\u00e3o organizados. Defendendo a vida, dar\u00e3o, sem hesitar, suas pr\u00f3prias  vidas.<br \/>\nEM DEFESA DOS POVOS, DA FLORESTA E DOS RIOS DA AMAZ\u00d4NIA!<br \/>\nATO MUNDIAL CONTRA BELO MONTE \u2013 20 DE AGOSTO DE 2011<br \/>\nEM CADA CIDADE, EM CADA PA\u00cdS<\/p>\n<p><strong>Para maiores informa\u00e7\u00f5es:<\/strong><br \/>\nxinguvivoparasempre@gmail.com<br \/>\nwww.twitter.com\/xinguvivo<\/p>\n<p><a href=\"http:\/\/pontodepauta.wordpress.com\/2011\/08\/12\/belem-intensifica-mobilizacao-para-o-ato-mundial-contra-belo-monte\/\"><em><strong>*Fonte: Ponto de Pauta (PA)<\/strong><\/em><\/a><\/p>\n","protected":false},"excerpt":{"rendered":"<p>O Comit\u00ea Metropolitano do Movimento Xingu Vivo anunciou no in\u00edcio da noite (11.08) a sua programa\u00e7\u00e3o local para o ato mundial contra Belo Monte, que ocorrer\u00e1 em v\u00e1rios estados brasileiros. O ato do dia 20 de agosto ter\u00e1 in\u00edcio \u00e0s 8 da manh\u00e3, na Pra\u00e7a da Rep\u00fablica, em frente ao Teatro da Paz e seguir\u00e1 [&hellip;]<\/p>\n","protected":false},"author":2,"featured_media":0,"comment_status":"open","ping_status":"open","sticky":false,"template":"","format":"standard","meta":{"_acf_changed":false,"footnotes":""},"categories":[4766],"tags":[],"class_list":{"0":"post-869","1":"post","2":"type-post","3":"status-publish","4":"format-standard","6":"category-arquivo"},"acf":[],"yoast_head":"<!-- This site is optimized with the Yoast SEO plugin v26.5 - https:\/\/yoast.com\/wordpress\/plugins\/seo\/ -->\n<title>Bel\u00e9m intensifica mobiliza\u00e7\u00e3o para o ato mundial contra Belo Monte - PSOL 50<\/title>\n<meta name=\"robots\" content=\"index, follow, max-snippet:-1, max-image-preview:large, max-video-preview:-1\" \/>\n<link rel=\"canonical\" href=\"https:\/\/psol50.org.br\/belem-intensifica-mobilizacao-para-o-ato-mundial-contra-belo-monte\/\" \/>\n<meta property=\"og:locale\" content=\"pt_BR\" \/>\n<meta property=\"og:type\" content=\"article\" \/>\n<meta property=\"og:title\" content=\"Bel\u00e9m intensifica mobiliza\u00e7\u00e3o para o ato mundial contra Belo Monte - PSOL 50\" \/>\n<meta property=\"og:description\" content=\"O Comit\u00ea Metropolitano do Movimento Xingu Vivo anunciou no in\u00edcio da noite (11.08) a sua programa\u00e7\u00e3o local para o ato mundial contra Belo Monte, que ocorrer\u00e1 em v\u00e1rios estados brasileiros. O ato do dia 20 de agosto ter\u00e1 in\u00edcio \u00e0s 8 da manh\u00e3, na Pra\u00e7a da Rep\u00fablica, em frente ao Teatro da Paz e seguir\u00e1 [&hellip;]\" \/>\n<meta property=\"og:url\" content=\"https:\/\/psol50.org.br\/belem-intensifica-mobilizacao-para-o-ato-mundial-contra-belo-monte\/\" \/>\n<meta property=\"og:site_name\" content=\"PSOL 50\" \/>\n<meta property=\"article:publisher\" content=\"https:\/\/www.facebook.com\/psol50\" \/>\n<meta property=\"article:published_time\" content=\"2011-08-12T00:00:00+00:00\" \/>\n<meta property=\"og:image\" content=\"http:\/\/psol50.org.br\/files\/2011\/08\/Pare-belo-monte1.jpg\" \/>\n<meta name=\"author\" content=\"Comunica\u00e7\u00e3o PSOL\" \/>\n<meta name=\"twitter:card\" content=\"summary_large_image\" \/>\n<meta name=\"twitter:creator\" content=\"@psol50\" \/>\n<meta name=\"twitter:site\" content=\"@psol50\" \/>\n<meta name=\"twitter:label1\" content=\"Escrito por\" \/>\n\t<meta name=\"twitter:data1\" content=\"Comunica\u00e7\u00e3o PSOL\" \/>\n\t<meta name=\"twitter:label2\" content=\"Est. tempo de leitura\" \/>\n\t<meta name=\"twitter:data2\" content=\"5 minutos\" \/>\n<script type=\"application\/ld+json\" class=\"yoast-schema-graph\">{\"@context\":\"https:\/\/schema.org\",\"@graph\":[{\"@type\":\"Article\",\"@id\":\"https:\/\/psol50.org.br\/belem-intensifica-mobilizacao-para-o-ato-mundial-contra-belo-monte\/#article\",\"isPartOf\":{\"@id\":\"https:\/\/psol50.org.br\/belem-intensifica-mobilizacao-para-o-ato-mundial-contra-belo-monte\/\"},\"author\":{\"name\":\"Comunica\u00e7\u00e3o PSOL\",\"@id\":\"https:\/\/psol50.org.br\/#\/schema\/person\/475dfa57d0b815993c714c2e96491fcd\"},\"headline\":\"Bel\u00e9m intensifica mobiliza\u00e7\u00e3o para o ato mundial contra Belo Monte\",\"datePublished\":\"2011-08-12T00:00:00+00:00\",\"mainEntityOfPage\":{\"@id\":\"https:\/\/psol50.org.br\/belem-intensifica-mobilizacao-para-o-ato-mundial-contra-belo-monte\/\"},\"wordCount\":937,\"commentCount\":0,\"publisher\":{\"@id\":\"https:\/\/psol50.org.br\/#organization\"},\"image\":{\"@id\":\"https:\/\/psol50.org.br\/belem-intensifica-mobilizacao-para-o-ato-mundial-contra-belo-monte\/#primaryimage\"},\"thumbnailUrl\":\"http:\/\/psol50.org.br\/files\/2011\/08\/Pare-belo-monte1.jpg\",\"articleSection\":[\"Arquivo\"],\"inLanguage\":\"pt-BR\",\"potentialAction\":[{\"@type\":\"CommentAction\",\"name\":\"Comment\",\"target\":[\"https:\/\/psol50.org.br\/belem-intensifica-mobilizacao-para-o-ato-mundial-contra-belo-monte\/#respond\"]}]},{\"@type\":\"WebPage\",\"@id\":\"https:\/\/psol50.org.br\/belem-intensifica-mobilizacao-para-o-ato-mundial-contra-belo-monte\/\",\"url\":\"https:\/\/psol50.org.br\/belem-intensifica-mobilizacao-para-o-ato-mundial-contra-belo-monte\/\",\"name\":\"Bel\u00e9m intensifica mobiliza\u00e7\u00e3o para o ato mundial contra Belo Monte - PSOL 50\",\"isPartOf\":{\"@id\":\"https:\/\/psol50.org.br\/#website\"},\"primaryImageOfPage\":{\"@id\":\"https:\/\/psol50.org.br\/belem-intensifica-mobilizacao-para-o-ato-mundial-contra-belo-monte\/#primaryimage\"},\"image\":{\"@id\":\"https:\/\/psol50.org.br\/belem-intensifica-mobilizacao-para-o-ato-mundial-contra-belo-monte\/#primaryimage\"},\"thumbnailUrl\":\"http:\/\/psol50.org.br\/files\/2011\/08\/Pare-belo-monte1.jpg\",\"datePublished\":\"2011-08-12T00:00:00+00:00\",\"breadcrumb\":{\"@id\":\"https:\/\/psol50.org.br\/belem-intensifica-mobilizacao-para-o-ato-mundial-contra-belo-monte\/#breadcrumb\"},\"inLanguage\":\"pt-BR\",\"potentialAction\":[{\"@type\":\"ReadAction\",\"target\":[\"https:\/\/psol50.org.br\/belem-intensifica-mobilizacao-para-o-ato-mundial-contra-belo-monte\/\"]}]},{\"@type\":\"ImageObject\",\"inLanguage\":\"pt-BR\",\"@id\":\"https:\/\/psol50.org.br\/belem-intensifica-mobilizacao-para-o-ato-mundial-contra-belo-monte\/#primaryimage\",\"url\":\"http:\/\/psol50.org.br\/files\/2011\/08\/Pare-belo-monte1.jpg\",\"contentUrl\":\"http:\/\/psol50.org.br\/files\/2011\/08\/Pare-belo-monte1.jpg\"},{\"@type\":\"BreadcrumbList\",\"@id\":\"https:\/\/psol50.org.br\/belem-intensifica-mobilizacao-para-o-ato-mundial-contra-belo-monte\/#breadcrumb\",\"itemListElement\":[{\"@type\":\"ListItem\",\"position\":1,\"name\":\"In\u00edcio\",\"item\":\"https:\/\/psol50.org.br\/\"},{\"@type\":\"ListItem\",\"position\":2,\"name\":\"Bel\u00e9m intensifica mobiliza\u00e7\u00e3o para o ato mundial contra Belo Monte\"}]},{\"@type\":\"WebSite\",\"@id\":\"https:\/\/psol50.org.br\/#website\",\"url\":\"https:\/\/psol50.org.br\/\",\"name\":\"PSOL 50\",\"description\":\"Site oficial do Partido Socialismo e Liberdade\",\"publisher\":{\"@id\":\"https:\/\/psol50.org.br\/#organization\"},\"alternateName\":\"PSOL50\",\"potentialAction\":[{\"@type\":\"SearchAction\",\"target\":{\"@type\":\"EntryPoint\",\"urlTemplate\":\"https:\/\/psol50.org.br\/?s={search_term_string}\"},\"query-input\":{\"@type\":\"PropertyValueSpecification\",\"valueRequired\":true,\"valueName\":\"search_term_string\"}}],\"inLanguage\":\"pt-BR\"},{\"@type\":\"Organization\",\"@id\":\"https:\/\/psol50.org.br\/#organization\",\"name\":\"PSOL 50\",\"alternateName\":\"PSOL 50\",\"url\":\"https:\/\/psol50.org.br\/\",\"logo\":{\"@type\":\"ImageObject\",\"inLanguage\":\"pt-BR\",\"@id\":\"https:\/\/psol50.org.br\/#\/schema\/logo\/image\/\",\"url\":\"https:\/\/psol50.org.br\/inc\/uploads\/2018\/07\/capa.png\",\"contentUrl\":\"https:\/\/psol50.org.br\/inc\/uploads\/2018\/07\/capa.png\",\"width\":1350,\"height\":900,\"caption\":\"PSOL 50\"},\"image\":{\"@id\":\"https:\/\/psol50.org.br\/#\/schema\/logo\/image\/\"},\"sameAs\":[\"https:\/\/www.facebook.com\/psol50\",\"https:\/\/x.com\/psol50\",\"https:\/\/www.instagram.com\/psol50\/\",\"https:\/\/www.youtube.com\/channel\/UC7SnJS5o1os7a6CaiNabzcg\"]},{\"@type\":\"Person\",\"@id\":\"https:\/\/psol50.org.br\/#\/schema\/person\/475dfa57d0b815993c714c2e96491fcd\",\"name\":\"Comunica\u00e7\u00e3o PSOL\",\"image\":{\"@type\":\"ImageObject\",\"inLanguage\":\"pt-BR\",\"@id\":\"https:\/\/psol50.org.br\/#\/schema\/person\/image\/\",\"url\":\"https:\/\/secure.gravatar.com\/avatar\/b34fc4f4e468a4e51785917065a3db57b841f5c95dba6ad8c73aaf8f66f8f9bf?s=96&d=mm&r=g\",\"contentUrl\":\"https:\/\/secure.gravatar.com\/avatar\/b34fc4f4e468a4e51785917065a3db57b841f5c95dba6ad8c73aaf8f66f8f9bf?s=96&d=mm&r=g\",\"caption\":\"Comunica\u00e7\u00e3o PSOL\"}}]}<\/script>\n<!-- \/ Yoast SEO plugin. -->","yoast_head_json":{"title":"Bel\u00e9m intensifica mobiliza\u00e7\u00e3o para o ato mundial contra Belo Monte - PSOL 50","robots":{"index":"index","follow":"follow","max-snippet":"max-snippet:-1","max-image-preview":"max-image-preview:large","max-video-preview":"max-video-preview:-1"},"canonical":"https:\/\/psol50.org.br\/belem-intensifica-mobilizacao-para-o-ato-mundial-contra-belo-monte\/","og_locale":"pt_BR","og_type":"article","og_title":"Bel\u00e9m intensifica mobiliza\u00e7\u00e3o para o ato mundial contra Belo Monte - PSOL 50","og_description":"O Comit\u00ea Metropolitano do Movimento Xingu Vivo anunciou no in\u00edcio da noite (11.08) a sua programa\u00e7\u00e3o local para o ato mundial contra Belo Monte, que ocorrer\u00e1 em v\u00e1rios estados brasileiros. O ato do dia 20 de agosto ter\u00e1 in\u00edcio \u00e0s 8 da manh\u00e3, na Pra\u00e7a da Rep\u00fablica, em frente ao Teatro da Paz e seguir\u00e1 [&hellip;]","og_url":"https:\/\/psol50.org.br\/belem-intensifica-mobilizacao-para-o-ato-mundial-contra-belo-monte\/","og_site_name":"PSOL 50","article_publisher":"https:\/\/www.facebook.com\/psol50","article_published_time":"2011-08-12T00:00:00+00:00","og_image":[{"url":"http:\/\/psol50.org.br\/files\/2011\/08\/Pare-belo-monte1.jpg","type":"","width":"","height":""}],"author":"Comunica\u00e7\u00e3o PSOL","twitter_card":"summary_large_image","twitter_creator":"@psol50","twitter_site":"@psol50","twitter_misc":{"Escrito por":"Comunica\u00e7\u00e3o PSOL","Est. tempo de leitura":"5 minutos"},"schema":{"@context":"https:\/\/schema.org","@graph":[{"@type":"Article","@id":"https:\/\/psol50.org.br\/belem-intensifica-mobilizacao-para-o-ato-mundial-contra-belo-monte\/#article","isPartOf":{"@id":"https:\/\/psol50.org.br\/belem-intensifica-mobilizacao-para-o-ato-mundial-contra-belo-monte\/"},"author":{"name":"Comunica\u00e7\u00e3o PSOL","@id":"https:\/\/psol50.org.br\/#\/schema\/person\/475dfa57d0b815993c714c2e96491fcd"},"headline":"Bel\u00e9m intensifica mobiliza\u00e7\u00e3o para o ato mundial contra Belo Monte","datePublished":"2011-08-12T00:00:00+00:00","mainEntityOfPage":{"@id":"https:\/\/psol50.org.br\/belem-intensifica-mobilizacao-para-o-ato-mundial-contra-belo-monte\/"},"wordCount":937,"commentCount":0,"publisher":{"@id":"https:\/\/psol50.org.br\/#organization"},"image":{"@id":"https:\/\/psol50.org.br\/belem-intensifica-mobilizacao-para-o-ato-mundial-contra-belo-monte\/#primaryimage"},"thumbnailUrl":"http:\/\/psol50.org.br\/files\/2011\/08\/Pare-belo-monte1.jpg","articleSection":["Arquivo"],"inLanguage":"pt-BR","potentialAction":[{"@type":"CommentAction","name":"Comment","target":["https:\/\/psol50.org.br\/belem-intensifica-mobilizacao-para-o-ato-mundial-contra-belo-monte\/#respond"]}]},{"@type":"WebPage","@id":"https:\/\/psol50.org.br\/belem-intensifica-mobilizacao-para-o-ato-mundial-contra-belo-monte\/","url":"https:\/\/psol50.org.br\/belem-intensifica-mobilizacao-para-o-ato-mundial-contra-belo-monte\/","name":"Bel\u00e9m intensifica mobiliza\u00e7\u00e3o para o ato mundial contra Belo Monte - PSOL 50","isPartOf":{"@id":"https:\/\/psol50.org.br\/#website"},"primaryImageOfPage":{"@id":"https:\/\/psol50.org.br\/belem-intensifica-mobilizacao-para-o-ato-mundial-contra-belo-monte\/#primaryimage"},"image":{"@id":"https:\/\/psol50.org.br\/belem-intensifica-mobilizacao-para-o-ato-mundial-contra-belo-monte\/#primaryimage"},"thumbnailUrl":"http:\/\/psol50.org.br\/files\/2011\/08\/Pare-belo-monte1.jpg","datePublished":"2011-08-12T00:00:00+00:00","breadcrumb":{"@id":"https:\/\/psol50.org.br\/belem-intensifica-mobilizacao-para-o-ato-mundial-contra-belo-monte\/#breadcrumb"},"inLanguage":"pt-BR","potentialAction":[{"@type":"ReadAction","target":["https:\/\/psol50.org.br\/belem-intensifica-mobilizacao-para-o-ato-mundial-contra-belo-monte\/"]}]},{"@type":"ImageObject","inLanguage":"pt-BR","@id":"https:\/\/psol50.org.br\/belem-intensifica-mobilizacao-para-o-ato-mundial-contra-belo-monte\/#primaryimage","url":"http:\/\/psol50.org.br\/files\/2011\/08\/Pare-belo-monte1.jpg","contentUrl":"http:\/\/psol50.org.br\/files\/2011\/08\/Pare-belo-monte1.jpg"},{"@type":"BreadcrumbList","@id":"https:\/\/psol50.org.br\/belem-intensifica-mobilizacao-para-o-ato-mundial-contra-belo-monte\/#breadcrumb","itemListElement":[{"@type":"ListItem","position":1,"name":"In\u00edcio","item":"https:\/\/psol50.org.br\/"},{"@type":"ListItem","position":2,"name":"Bel\u00e9m intensifica mobiliza\u00e7\u00e3o para o ato mundial contra Belo Monte"}]},{"@type":"WebSite","@id":"https:\/\/psol50.org.br\/#website","url":"https:\/\/psol50.org.br\/","name":"PSOL 50","description":"Site oficial do Partido Socialismo e Liberdade","publisher":{"@id":"https:\/\/psol50.org.br\/#organization"},"alternateName":"PSOL50","potentialAction":[{"@type":"SearchAction","target":{"@type":"EntryPoint","urlTemplate":"https:\/\/psol50.org.br\/?s={search_term_string}"},"query-input":{"@type":"PropertyValueSpecification","valueRequired":true,"valueName":"search_term_string"}}],"inLanguage":"pt-BR"},{"@type":"Organization","@id":"https:\/\/psol50.org.br\/#organization","name":"PSOL 50","alternateName":"PSOL 50","url":"https:\/\/psol50.org.br\/","logo":{"@type":"ImageObject","inLanguage":"pt-BR","@id":"https:\/\/psol50.org.br\/#\/schema\/logo\/image\/","url":"https:\/\/psol50.org.br\/inc\/uploads\/2018\/07\/capa.png","contentUrl":"https:\/\/psol50.org.br\/inc\/uploads\/2018\/07\/capa.png","width":1350,"height":900,"caption":"PSOL 50"},"image":{"@id":"https:\/\/psol50.org.br\/#\/schema\/logo\/image\/"},"sameAs":["https:\/\/www.facebook.com\/psol50","https:\/\/x.com\/psol50","https:\/\/www.instagram.com\/psol50\/","https:\/\/www.youtube.com\/channel\/UC7SnJS5o1os7a6CaiNabzcg"]},{"@type":"Person","@id":"https:\/\/psol50.org.br\/#\/schema\/person\/475dfa57d0b815993c714c2e96491fcd","name":"Comunica\u00e7\u00e3o PSOL","image":{"@type":"ImageObject","inLanguage":"pt-BR","@id":"https:\/\/psol50.org.br\/#\/schema\/person\/image\/","url":"https:\/\/secure.gravatar.com\/avatar\/b34fc4f4e468a4e51785917065a3db57b841f5c95dba6ad8c73aaf8f66f8f9bf?s=96&d=mm&r=g","contentUrl":"https:\/\/secure.gravatar.com\/avatar\/b34fc4f4e468a4e51785917065a3db57b841f5c95dba6ad8c73aaf8f66f8f9bf?s=96&d=mm&r=g","caption":"Comunica\u00e7\u00e3o PSOL"}}]}},"_links":{"self":[{"href":"https:\/\/psol50.org.br\/rest\/wp\/v2\/posts\/869","targetHints":{"allow":["GET"]}}],"collection":[{"href":"https:\/\/psol50.org.br\/rest\/wp\/v2\/posts"}],"about":[{"href":"https:\/\/psol50.org.br\/rest\/wp\/v2\/types\/post"}],"author":[{"embeddable":true,"href":"https:\/\/psol50.org.br\/rest\/wp\/v2\/users\/2"}],"replies":[{"embeddable":true,"href":"https:\/\/psol50.org.br\/rest\/wp\/v2\/comments?post=869"}],"version-history":[{"count":0,"href":"https:\/\/psol50.org.br\/rest\/wp\/v2\/posts\/869\/revisions"}],"wp:attachment":[{"href":"https:\/\/psol50.org.br\/rest\/wp\/v2\/media?parent=869"}],"wp:term":[{"taxonomy":"category","embeddable":true,"href":"https:\/\/psol50.org.br\/rest\/wp\/v2\/categories?post=869"},{"taxonomy":"post_tag","embeddable":true,"href":"https:\/\/psol50.org.br\/rest\/wp\/v2\/tags?post=869"}],"curies":[{"name":"wp","href":"https:\/\/api.w.org\/{rel}","templated":true}]}}