{"id":872,"date":"2011-08-18T00:00:00","date_gmt":"2011-08-18T00:00:00","guid":{"rendered":"http:\/\/psol50.org.br\/arquivo\/2011\/08\/18\/ato-em-defesa-da-saude-do-trabalhador-em-santos-sp\/"},"modified":"2011-08-18T00:00:00","modified_gmt":"2011-08-18T00:00:00","slug":"ato-em-defesa-da-saude-do-trabalhador-em-santos-sp","status":"publish","type":"post","link":"https:\/\/psol50.org.br\/ato-em-defesa-da-saude-do-trabalhador-em-santos-sp\/","title":{"rendered":"Ato em defesa da sa\u00fade do trabalhador em Santos (SP)"},"content":{"rendered":"<p><a rel=\"attachment wp-att-10072\" href=\"http:\/\/psol50.org.br\/blog\/2011\/08\/18\/ato-em-defesa-da-saude-do-trabalhador-em-santos-sp\/atosantos1\/\"><img loading=\"lazy\" decoding=\"async\" class=\"alignleft size-full wp-image-10072\" src=\"http:\/\/psol50.org.br\/files\/2011\/08\/AtoSantos1.jpg\" alt=\"\" width=\"290\" height=\"190\" \/><\/a>Capitaneados pelo Sindicato dos Banc\u00e1rios de Santos e Regi\u00e3o, diversos sindicatos ligados a Intersindical e a centrais sindicais, al\u00e9m de movimentos sociais, PSOL e PSTU, formaram o \u201cComit\u00ea de Luta pela Sa\u00fade do Trabalhador\u201d. Um dos primeiros atos foi a realiza\u00e7\u00e3o de manifesta\u00e7\u00e3o, quinta-feira, 18, em frente ao INSS, Av. Epit\u00e1cio Pessoa, 437, na Aparecida, em Santos, contra os ataques dos governos municipais, estadual e federal a sa\u00fade do trabalhador e o sucateamento dos hospitais e servi\u00e7os p\u00fablicos de sa\u00fade, mantidos pelo SUS, com o objetivo de privatiz\u00e1-los.<\/p>\n<p>\u201cEnquanto trabalhamos diariamente para sobreviver e pagamos muitos impostos, os governos Federal, estaduais e municipais est\u00e3o promovendo grandes ataques contra a sa\u00fade da popula\u00e7\u00e3o trabalhadora. Entre esses ataques est\u00e3o a Alta Programada e a Privatiza\u00e7\u00e3o do Sistema Publico de Sa\u00fade, o SUS\u201d, explica Ricardo Saraiva Big, presidente do Sindicato dos Banc\u00e1rios de Santos e Regi\u00e3o.<br \/>\n<strong><br \/>\nAlta Programada<\/strong><\/p>\n<p>O governo federal implantou no INSS um sistema conhecido como \u201cAlta Programada\u201d. Por meio deste mecanismo, quando o trabalhador consegue obter o aux\u00edlio-doen\u00e7a, tamb\u00e9m recebe um prazo para retornar ao trabalho, independente de estar curado. Quando este prazo se encerra, a alta \u00e9 autom\u00e1tica e o pagamento do aux\u00edlio-doen\u00e7a \u00e9 suspenso. Para continuar afastado o segurado tem que passar por outra per\u00edcia, correndo o risco de ficar sem sal\u00e1rio e ser demitido.<\/p>\n<p>As per\u00edcias est\u00e3o com prazos de mais de 30 dias e, para piorar, nos casos em que a cessa\u00e7\u00e3o do benef\u00edcio \u00e9 mantida pelo perito do INSS, nem o \u00f3rg\u00e3o segurador nem o empregador assumem o pagamento, e quem sofre \u00e9 o trabalhador e sua fam\u00edlia.<br \/>\n<strong><br \/>\n<a rel=\"attachment wp-att-10073\" href=\"http:\/\/psol50.org.br\/blog\/2011\/08\/18\/ato-em-defesa-da-saude-do-trabalhador-em-santos-sp\/atosantos2\/\"><img loading=\"lazy\" decoding=\"async\" class=\"alignleft size-full wp-image-10073\" src=\"http:\/\/psol50.org.br\/files\/2011\/08\/AtoSantos2.jpg\" alt=\"\" width=\"290\" height=\"190\" \/><\/a>Privatiza\u00e7\u00e3o SUS e corrup\u00e7\u00e3o nos governos<\/strong><\/p>\n<p>O Sistema \u00danico de Sa\u00fade-SUS, custeado pelos impostos que pagamos, est\u00e1 sendo entregue para empresas que s\u00f3 tem como meta desviar dinheiro p\u00fablico, encher seus cofres e aumentar o caixa dois para servir a corrup\u00e7\u00e3o eleitoral.<\/p>\n<p>Para disfar\u00e7ar o esquema de privatiza\u00e7\u00e3o em andamento, essas empresas se apresentam com nomes bonitos tais como Organiza\u00e7\u00f5es Sociais \u2013 OS, Funda\u00e7\u00f5es e Organiza\u00e7\u00f5es Sociais de Interesse Publico &#8211; OSIP.<\/p>\n<p>O que os governos e seus novos s\u00f3cios n\u00e3o confessam \u00e9 que esses \u201cs\u00f3cios\u201d triplicam o custo dos servi\u00e7os de sa\u00fade e que, alem disso, seus gerentes n\u00e3o prestam contas para a popula\u00e7\u00e3o do dinheiro que embolsam.<\/p>\n<p>Aqui em nossa regi\u00e3o est\u00e3o abocanhando grandes unidades de sa\u00fade, tudo orquestrado pelo governo do estado e pelos prefeitos. O resultado previs\u00edvel desse processo \u00e9 grandes lucros para empres\u00e1rios, gordas propinas para pol\u00edticos e destrui\u00e7\u00e3o da sa\u00fade p\u00fablica utilizada pela popula\u00e7\u00e3o.<br \/>\n<a href=\"http:\/\/www.santosbancarios.com.br\/noticias_banco_imagem\/noticias_det.php?id=1066\"><em><strong><br \/>\n*Fonte: Sindicato dos Banc\u00e1rios de Santos e Regi\u00e3o <\/strong><\/em><\/a><\/p>\n","protected":false},"excerpt":{"rendered":"<p>Capitaneados pelo Sindicato dos Banc\u00e1rios de Santos e Regi\u00e3o, diversos sindicatos ligados a Intersindical e a centrais sindicais, al\u00e9m de movimentos sociais, PSOL e PSTU, formaram o \u201cComit\u00ea de Luta pela Sa\u00fade do Trabalhador\u201d. Um dos primeiros atos foi a realiza\u00e7\u00e3o de manifesta\u00e7\u00e3o, quinta-feira, 18, em frente ao INSS, Av. Epit\u00e1cio Pessoa, 437, na Aparecida, [&hellip;]<\/p>\n","protected":false},"author":2,"featured_media":0,"comment_status":"open","ping_status":"open","sticky":false,"template":"","format":"standard","meta":{"_acf_changed":false,"footnotes":""},"categories":[4766,1104],"tags":[],"class_list":{"0":"post-872","1":"post","2":"type-post","3":"status-publish","4":"format-standard","6":"category-arquivo","7":"category-movimento"},"acf":[],"yoast_head":"<!-- This site is optimized with the Yoast SEO plugin v26.5 - https:\/\/yoast.com\/wordpress\/plugins\/seo\/ -->\n<title>Ato em defesa da sa\u00fade do trabalhador em Santos (SP) - PSOL 50<\/title>\n<meta name=\"robots\" content=\"index, follow, max-snippet:-1, max-image-preview:large, max-video-preview:-1\" \/>\n<link rel=\"canonical\" href=\"https:\/\/psol50.org.br\/ato-em-defesa-da-saude-do-trabalhador-em-santos-sp\/\" \/>\n<meta property=\"og:locale\" content=\"pt_BR\" \/>\n<meta property=\"og:type\" content=\"article\" \/>\n<meta property=\"og:title\" content=\"Ato em defesa da sa\u00fade do trabalhador em Santos (SP) - PSOL 50\" \/>\n<meta property=\"og:description\" content=\"Capitaneados pelo Sindicato dos Banc\u00e1rios de Santos e Regi\u00e3o, diversos sindicatos ligados a Intersindical e a centrais sindicais, al\u00e9m de movimentos sociais, PSOL e PSTU, formaram o \u201cComit\u00ea de Luta pela Sa\u00fade do Trabalhador\u201d. Um dos primeiros atos foi a realiza\u00e7\u00e3o de manifesta\u00e7\u00e3o, quinta-feira, 18, em frente ao INSS, Av. Epit\u00e1cio Pessoa, 437, na Aparecida, [&hellip;]\" \/>\n<meta property=\"og:url\" content=\"https:\/\/psol50.org.br\/ato-em-defesa-da-saude-do-trabalhador-em-santos-sp\/\" \/>\n<meta property=\"og:site_name\" content=\"PSOL 50\" \/>\n<meta property=\"article:publisher\" content=\"https:\/\/www.facebook.com\/psol50\" \/>\n<meta property=\"article:published_time\" content=\"2011-08-18T00:00:00+00:00\" \/>\n<meta property=\"og:image\" content=\"http:\/\/psol50.org.br\/files\/2011\/08\/AtoSantos1.jpg\" \/>\n<meta name=\"author\" content=\"Comunica\u00e7\u00e3o PSOL\" \/>\n<meta name=\"twitter:card\" content=\"summary_large_image\" \/>\n<meta name=\"twitter:creator\" content=\"@psol50\" \/>\n<meta name=\"twitter:site\" content=\"@psol50\" \/>\n<meta name=\"twitter:label1\" content=\"Escrito por\" \/>\n\t<meta name=\"twitter:data1\" content=\"Comunica\u00e7\u00e3o PSOL\" \/>\n\t<meta name=\"twitter:label2\" content=\"Est. tempo de leitura\" \/>\n\t<meta name=\"twitter:data2\" content=\"2 minutos\" \/>\n<script type=\"application\/ld+json\" class=\"yoast-schema-graph\">{\"@context\":\"https:\/\/schema.org\",\"@graph\":[{\"@type\":\"Article\",\"@id\":\"https:\/\/psol50.org.br\/ato-em-defesa-da-saude-do-trabalhador-em-santos-sp\/#article\",\"isPartOf\":{\"@id\":\"https:\/\/psol50.org.br\/ato-em-defesa-da-saude-do-trabalhador-em-santos-sp\/\"},\"author\":{\"name\":\"Comunica\u00e7\u00e3o PSOL\",\"@id\":\"https:\/\/psol50.org.br\/#\/schema\/person\/475dfa57d0b815993c714c2e96491fcd\"},\"headline\":\"Ato em defesa da sa\u00fade do trabalhador em Santos (SP)\",\"datePublished\":\"2011-08-18T00:00:00+00:00\",\"mainEntityOfPage\":{\"@id\":\"https:\/\/psol50.org.br\/ato-em-defesa-da-saude-do-trabalhador-em-santos-sp\/\"},\"wordCount\":485,\"commentCount\":0,\"publisher\":{\"@id\":\"https:\/\/psol50.org.br\/#organization\"},\"image\":{\"@id\":\"https:\/\/psol50.org.br\/ato-em-defesa-da-saude-do-trabalhador-em-santos-sp\/#primaryimage\"},\"thumbnailUrl\":\"http:\/\/psol50.org.br\/files\/2011\/08\/AtoSantos1.jpg\",\"articleSection\":[\"Arquivo\",\"Movimento\"],\"inLanguage\":\"pt-BR\",\"potentialAction\":[{\"@type\":\"CommentAction\",\"name\":\"Comment\",\"target\":[\"https:\/\/psol50.org.br\/ato-em-defesa-da-saude-do-trabalhador-em-santos-sp\/#respond\"]}]},{\"@type\":\"WebPage\",\"@id\":\"https:\/\/psol50.org.br\/ato-em-defesa-da-saude-do-trabalhador-em-santos-sp\/\",\"url\":\"https:\/\/psol50.org.br\/ato-em-defesa-da-saude-do-trabalhador-em-santos-sp\/\",\"name\":\"Ato em defesa da sa\u00fade do trabalhador em Santos (SP) - PSOL 50\",\"isPartOf\":{\"@id\":\"https:\/\/psol50.org.br\/#website\"},\"primaryImageOfPage\":{\"@id\":\"https:\/\/psol50.org.br\/ato-em-defesa-da-saude-do-trabalhador-em-santos-sp\/#primaryimage\"},\"image\":{\"@id\":\"https:\/\/psol50.org.br\/ato-em-defesa-da-saude-do-trabalhador-em-santos-sp\/#primaryimage\"},\"thumbnailUrl\":\"http:\/\/psol50.org.br\/files\/2011\/08\/AtoSantos1.jpg\",\"datePublished\":\"2011-08-18T00:00:00+00:00\",\"breadcrumb\":{\"@id\":\"https:\/\/psol50.org.br\/ato-em-defesa-da-saude-do-trabalhador-em-santos-sp\/#breadcrumb\"},\"inLanguage\":\"pt-BR\",\"potentialAction\":[{\"@type\":\"ReadAction\",\"target\":[\"https:\/\/psol50.org.br\/ato-em-defesa-da-saude-do-trabalhador-em-santos-sp\/\"]}]},{\"@type\":\"ImageObject\",\"inLanguage\":\"pt-BR\",\"@id\":\"https:\/\/psol50.org.br\/ato-em-defesa-da-saude-do-trabalhador-em-santos-sp\/#primaryimage\",\"url\":\"http:\/\/psol50.org.br\/files\/2011\/08\/AtoSantos1.jpg\",\"contentUrl\":\"http:\/\/psol50.org.br\/files\/2011\/08\/AtoSantos1.jpg\"},{\"@type\":\"BreadcrumbList\",\"@id\":\"https:\/\/psol50.org.br\/ato-em-defesa-da-saude-do-trabalhador-em-santos-sp\/#breadcrumb\",\"itemListElement\":[{\"@type\":\"ListItem\",\"position\":1,\"name\":\"In\u00edcio\",\"item\":\"https:\/\/psol50.org.br\/\"},{\"@type\":\"ListItem\",\"position\":2,\"name\":\"Ato em defesa da sa\u00fade do trabalhador em Santos (SP)\"}]},{\"@type\":\"WebSite\",\"@id\":\"https:\/\/psol50.org.br\/#website\",\"url\":\"https:\/\/psol50.org.br\/\",\"name\":\"PSOL 50\",\"description\":\"Site oficial do Partido Socialismo e Liberdade\",\"publisher\":{\"@id\":\"https:\/\/psol50.org.br\/#organization\"},\"alternateName\":\"PSOL50\",\"potentialAction\":[{\"@type\":\"SearchAction\",\"target\":{\"@type\":\"EntryPoint\",\"urlTemplate\":\"https:\/\/psol50.org.br\/?s={search_term_string}\"},\"query-input\":{\"@type\":\"PropertyValueSpecification\",\"valueRequired\":true,\"valueName\":\"search_term_string\"}}],\"inLanguage\":\"pt-BR\"},{\"@type\":\"Organization\",\"@id\":\"https:\/\/psol50.org.br\/#organization\",\"name\":\"PSOL 50\",\"alternateName\":\"PSOL 50\",\"url\":\"https:\/\/psol50.org.br\/\",\"logo\":{\"@type\":\"ImageObject\",\"inLanguage\":\"pt-BR\",\"@id\":\"https:\/\/psol50.org.br\/#\/schema\/logo\/image\/\",\"url\":\"https:\/\/psol50.org.br\/inc\/uploads\/2018\/07\/capa.png\",\"contentUrl\":\"https:\/\/psol50.org.br\/inc\/uploads\/2018\/07\/capa.png\",\"width\":1350,\"height\":900,\"caption\":\"PSOL 50\"},\"image\":{\"@id\":\"https:\/\/psol50.org.br\/#\/schema\/logo\/image\/\"},\"sameAs\":[\"https:\/\/www.facebook.com\/psol50\",\"https:\/\/x.com\/psol50\",\"https:\/\/www.instagram.com\/psol50\/\",\"https:\/\/www.youtube.com\/channel\/UC7SnJS5o1os7a6CaiNabzcg\"]},{\"@type\":\"Person\",\"@id\":\"https:\/\/psol50.org.br\/#\/schema\/person\/475dfa57d0b815993c714c2e96491fcd\",\"name\":\"Comunica\u00e7\u00e3o PSOL\",\"image\":{\"@type\":\"ImageObject\",\"inLanguage\":\"pt-BR\",\"@id\":\"https:\/\/psol50.org.br\/#\/schema\/person\/image\/\",\"url\":\"https:\/\/secure.gravatar.com\/avatar\/b34fc4f4e468a4e51785917065a3db57b841f5c95dba6ad8c73aaf8f66f8f9bf?s=96&d=mm&r=g\",\"contentUrl\":\"https:\/\/secure.gravatar.com\/avatar\/b34fc4f4e468a4e51785917065a3db57b841f5c95dba6ad8c73aaf8f66f8f9bf?s=96&d=mm&r=g\",\"caption\":\"Comunica\u00e7\u00e3o PSOL\"}}]}<\/script>\n<!-- \/ Yoast SEO plugin. -->","yoast_head_json":{"title":"Ato em defesa da sa\u00fade do trabalhador em Santos (SP) - PSOL 50","robots":{"index":"index","follow":"follow","max-snippet":"max-snippet:-1","max-image-preview":"max-image-preview:large","max-video-preview":"max-video-preview:-1"},"canonical":"https:\/\/psol50.org.br\/ato-em-defesa-da-saude-do-trabalhador-em-santos-sp\/","og_locale":"pt_BR","og_type":"article","og_title":"Ato em defesa da sa\u00fade do trabalhador em Santos (SP) - PSOL 50","og_description":"Capitaneados pelo Sindicato dos Banc\u00e1rios de Santos e Regi\u00e3o, diversos sindicatos ligados a Intersindical e a centrais sindicais, al\u00e9m de movimentos sociais, PSOL e PSTU, formaram o \u201cComit\u00ea de Luta pela Sa\u00fade do Trabalhador\u201d. Um dos primeiros atos foi a realiza\u00e7\u00e3o de manifesta\u00e7\u00e3o, quinta-feira, 18, em frente ao INSS, Av. Epit\u00e1cio Pessoa, 437, na Aparecida, [&hellip;]","og_url":"https:\/\/psol50.org.br\/ato-em-defesa-da-saude-do-trabalhador-em-santos-sp\/","og_site_name":"PSOL 50","article_publisher":"https:\/\/www.facebook.com\/psol50","article_published_time":"2011-08-18T00:00:00+00:00","og_image":[{"url":"http:\/\/psol50.org.br\/files\/2011\/08\/AtoSantos1.jpg","type":"","width":"","height":""}],"author":"Comunica\u00e7\u00e3o PSOL","twitter_card":"summary_large_image","twitter_creator":"@psol50","twitter_site":"@psol50","twitter_misc":{"Escrito por":"Comunica\u00e7\u00e3o PSOL","Est. tempo de leitura":"2 minutos"},"schema":{"@context":"https:\/\/schema.org","@graph":[{"@type":"Article","@id":"https:\/\/psol50.org.br\/ato-em-defesa-da-saude-do-trabalhador-em-santos-sp\/#article","isPartOf":{"@id":"https:\/\/psol50.org.br\/ato-em-defesa-da-saude-do-trabalhador-em-santos-sp\/"},"author":{"name":"Comunica\u00e7\u00e3o PSOL","@id":"https:\/\/psol50.org.br\/#\/schema\/person\/475dfa57d0b815993c714c2e96491fcd"},"headline":"Ato em defesa da sa\u00fade do trabalhador em Santos (SP)","datePublished":"2011-08-18T00:00:00+00:00","mainEntityOfPage":{"@id":"https:\/\/psol50.org.br\/ato-em-defesa-da-saude-do-trabalhador-em-santos-sp\/"},"wordCount":485,"commentCount":0,"publisher":{"@id":"https:\/\/psol50.org.br\/#organization"},"image":{"@id":"https:\/\/psol50.org.br\/ato-em-defesa-da-saude-do-trabalhador-em-santos-sp\/#primaryimage"},"thumbnailUrl":"http:\/\/psol50.org.br\/files\/2011\/08\/AtoSantos1.jpg","articleSection":["Arquivo","Movimento"],"inLanguage":"pt-BR","potentialAction":[{"@type":"CommentAction","name":"Comment","target":["https:\/\/psol50.org.br\/ato-em-defesa-da-saude-do-trabalhador-em-santos-sp\/#respond"]}]},{"@type":"WebPage","@id":"https:\/\/psol50.org.br\/ato-em-defesa-da-saude-do-trabalhador-em-santos-sp\/","url":"https:\/\/psol50.org.br\/ato-em-defesa-da-saude-do-trabalhador-em-santos-sp\/","name":"Ato em defesa da sa\u00fade do trabalhador em Santos (SP) - PSOL 50","isPartOf":{"@id":"https:\/\/psol50.org.br\/#website"},"primaryImageOfPage":{"@id":"https:\/\/psol50.org.br\/ato-em-defesa-da-saude-do-trabalhador-em-santos-sp\/#primaryimage"},"image":{"@id":"https:\/\/psol50.org.br\/ato-em-defesa-da-saude-do-trabalhador-em-santos-sp\/#primaryimage"},"thumbnailUrl":"http:\/\/psol50.org.br\/files\/2011\/08\/AtoSantos1.jpg","datePublished":"2011-08-18T00:00:00+00:00","breadcrumb":{"@id":"https:\/\/psol50.org.br\/ato-em-defesa-da-saude-do-trabalhador-em-santos-sp\/#breadcrumb"},"inLanguage":"pt-BR","potentialAction":[{"@type":"ReadAction","target":["https:\/\/psol50.org.br\/ato-em-defesa-da-saude-do-trabalhador-em-santos-sp\/"]}]},{"@type":"ImageObject","inLanguage":"pt-BR","@id":"https:\/\/psol50.org.br\/ato-em-defesa-da-saude-do-trabalhador-em-santos-sp\/#primaryimage","url":"http:\/\/psol50.org.br\/files\/2011\/08\/AtoSantos1.jpg","contentUrl":"http:\/\/psol50.org.br\/files\/2011\/08\/AtoSantos1.jpg"},{"@type":"BreadcrumbList","@id":"https:\/\/psol50.org.br\/ato-em-defesa-da-saude-do-trabalhador-em-santos-sp\/#breadcrumb","itemListElement":[{"@type":"ListItem","position":1,"name":"In\u00edcio","item":"https:\/\/psol50.org.br\/"},{"@type":"ListItem","position":2,"name":"Ato em defesa da sa\u00fade do trabalhador em Santos (SP)"}]},{"@type":"WebSite","@id":"https:\/\/psol50.org.br\/#website","url":"https:\/\/psol50.org.br\/","name":"PSOL 50","description":"Site oficial do Partido Socialismo e Liberdade","publisher":{"@id":"https:\/\/psol50.org.br\/#organization"},"alternateName":"PSOL50","potentialAction":[{"@type":"SearchAction","target":{"@type":"EntryPoint","urlTemplate":"https:\/\/psol50.org.br\/?s={search_term_string}"},"query-input":{"@type":"PropertyValueSpecification","valueRequired":true,"valueName":"search_term_string"}}],"inLanguage":"pt-BR"},{"@type":"Organization","@id":"https:\/\/psol50.org.br\/#organization","name":"PSOL 50","alternateName":"PSOL 50","url":"https:\/\/psol50.org.br\/","logo":{"@type":"ImageObject","inLanguage":"pt-BR","@id":"https:\/\/psol50.org.br\/#\/schema\/logo\/image\/","url":"https:\/\/psol50.org.br\/inc\/uploads\/2018\/07\/capa.png","contentUrl":"https:\/\/psol50.org.br\/inc\/uploads\/2018\/07\/capa.png","width":1350,"height":900,"caption":"PSOL 50"},"image":{"@id":"https:\/\/psol50.org.br\/#\/schema\/logo\/image\/"},"sameAs":["https:\/\/www.facebook.com\/psol50","https:\/\/x.com\/psol50","https:\/\/www.instagram.com\/psol50\/","https:\/\/www.youtube.com\/channel\/UC7SnJS5o1os7a6CaiNabzcg"]},{"@type":"Person","@id":"https:\/\/psol50.org.br\/#\/schema\/person\/475dfa57d0b815993c714c2e96491fcd","name":"Comunica\u00e7\u00e3o PSOL","image":{"@type":"ImageObject","inLanguage":"pt-BR","@id":"https:\/\/psol50.org.br\/#\/schema\/person\/image\/","url":"https:\/\/secure.gravatar.com\/avatar\/b34fc4f4e468a4e51785917065a3db57b841f5c95dba6ad8c73aaf8f66f8f9bf?s=96&d=mm&r=g","contentUrl":"https:\/\/secure.gravatar.com\/avatar\/b34fc4f4e468a4e51785917065a3db57b841f5c95dba6ad8c73aaf8f66f8f9bf?s=96&d=mm&r=g","caption":"Comunica\u00e7\u00e3o PSOL"}}]}},"_links":{"self":[{"href":"https:\/\/psol50.org.br\/rest\/wp\/v2\/posts\/872","targetHints":{"allow":["GET"]}}],"collection":[{"href":"https:\/\/psol50.org.br\/rest\/wp\/v2\/posts"}],"about":[{"href":"https:\/\/psol50.org.br\/rest\/wp\/v2\/types\/post"}],"author":[{"embeddable":true,"href":"https:\/\/psol50.org.br\/rest\/wp\/v2\/users\/2"}],"replies":[{"embeddable":true,"href":"https:\/\/psol50.org.br\/rest\/wp\/v2\/comments?post=872"}],"version-history":[{"count":0,"href":"https:\/\/psol50.org.br\/rest\/wp\/v2\/posts\/872\/revisions"}],"wp:attachment":[{"href":"https:\/\/psol50.org.br\/rest\/wp\/v2\/media?parent=872"}],"wp:term":[{"taxonomy":"category","embeddable":true,"href":"https:\/\/psol50.org.br\/rest\/wp\/v2\/categories?post=872"},{"taxonomy":"post_tag","embeddable":true,"href":"https:\/\/psol50.org.br\/rest\/wp\/v2\/tags?post=872"}],"curies":[{"name":"wp","href":"https:\/\/api.w.org\/{rel}","templated":true}]}}