{"id":879,"date":"2011-08-25T00:00:00","date_gmt":"2011-08-25T00:00:00","guid":{"rendered":"http:\/\/psol50.org.br\/arquivo\/2011\/08\/25\/xingu-vivo-ameacas-de-miriam-belchior-que-deveriam-abalar-o-pais\/"},"modified":"2011-08-25T00:00:00","modified_gmt":"2011-08-25T00:00:00","slug":"xingu-vivo-ameacas-de-miriam-belchior-que-deveriam-abalar-o-pais","status":"publish","type":"post","link":"https:\/\/psol50.org.br\/xingu-vivo-ameacas-de-miriam-belchior-que-deveriam-abalar-o-pais\/","title":{"rendered":"Xingu Vivo: Amea\u00e7as de Miriam Belchior que deveriam abalar o pa\u00eds"},"content":{"rendered":"<p><a href=\"http:\/\/www.xinguvivo.org.br\/2011\/08\/23\/nota-ameacas-de-miriam-belchior-que-deveriam-abalar-o-pais\/\"><a rel=\"attachment wp-att-10309\" href=\"http:\/\/psol50.org.br\/blog\/2011\/08\/25\/xingu-vivo-ameacas-de-miriam-belchior-que-deveriam-abalar-o-pais\/pare-belo-monte-4\/\"><img loading=\"lazy\" decoding=\"async\" class=\"alignleft size-medium wp-image-10309\" src=\"http:\/\/psol50.org.br\/files\/2011\/08\/Pare-belo-monte3-300x189.jpg\" alt=\"\" width=\"300\" height=\"189\" \/><\/a>Xingu Vivo<\/a><\/p>\n<p>Em evento promovido pela revista Carta Capital nesta segunda, 22, a  ministra do Planejamento, Miriam Belchior, desqualificou os oponentes de  Belo Monte como ignorantes. Miriam, que participou do semin\u00e1rio  \u201cHidrel\u00e9tricas: as necessidades do pa\u00eds e o respeito \u00e0  sustentabilidade\u201d, alegou que os que consideram os aspectos t\u00e9cnicos do  empreendimento se convencer\u00e3o da sustentabilidade do projeto.<\/p>\n<p>A ministra, que tem mestrado em administra\u00e7\u00e3o mas nenhuma  especializa\u00e7\u00e3o em hidrel\u00e9tricas, nem em Amaz\u00f4nia, nem em meio ambiente,  nem em popula\u00e7\u00f5es tradicionais, do alto de seu desconhecimento,  ingenuidade ou emp\u00e1fia, desqualificou n\u00e3o apenas os 37 pesquisadores e  acad\u00eamicos que comp\u00f5em o Painel de Especialistas \u2013 que redigiu um  extenso, minucioso e t\u00e9cnico documento sobre a inviabilidade social e  ambiental de Belo Monte -, como outras institui\u00e7\u00f5es de pesquisa e  representa\u00e7\u00e3o acad\u00eamica que criticam a usina, \u00e0 frente a Sociedade  Brasileira para o Progresso da Ci\u00eancia (SBPC).<\/p>\n<p>Miriam, que, segundo a imprensa, afirmou que  \u201cBelo Monte para n\u00f3s  ser\u00e1 o nosso grande par\u00e2metro de inovar; n\u00e3o s\u00f3 de inovar na obra de  infraestrutura, mas na forma de implanta\u00e7\u00e3o desse novo investimento\u201d,  proferiu com isso uma tenebrosa amea\u00e7a contra a Na\u00e7\u00e3o: se Belo Monte \u00e9  refer\u00eancia dos projetos governamentais, com suas 12 a\u00e7\u00f5es na justi\u00e7a por  ilegalidades, questionamentos de \u00f3rg\u00e3os multilaterais e entidades  internacionais de Direitos Humanos, recordes absolutos de desmatamentos  na regi\u00e3o, espancamentos e despejos de sem-teto expulsos de suas casas  em Altamira, e viola\u00e7\u00f5es de direitos ind\u00edgenas, faz-se necess\u00e1rio um  questionamento urgente, sob aspectos legais, \u00e9ticos e dos direitos  humanos, da concep\u00e7\u00e3o de Estado Democr\u00e1tico de Direito do governo.<\/p>\n<p>Faz-se necess\u00e1rio tamb\u00e9m avaliar, em conjunto com a Comunidade  Internacional, quais as credenciais do Brasil, que discute flexibilizar a  legisla\u00e7\u00e3o e perdoar criminosos ambientais nos debates sobre altera\u00e7\u00f5es  do C\u00f3digo Florestal, que permite assassinatos e amea\u00e7as de morte a  lideran\u00e7as sociais que lutam pela prote\u00e7\u00e3o das matas e que diminui  Unidades de Conserva\u00e7\u00e3o para construir grandes usinas, de hospedar um  evento internacional da envergadura da Rio + 20, um dos principais  f\u00f3runs de discuss\u00e3o sobre meio ambiente das Na\u00e7\u00f5es Unidas, a se realizar  em 2012.<\/p>\n<p><a href=\"http:\/\/www.xinguvivo.org.br\/2011\/08\/23\/nota-ameacas-de-miriam-belchior-que-deveriam-abalar-o-pais\/\"><strong>*Fonte: Movimento Xingu Vivo para Sempre<\/strong><\/a><\/p>\n","protected":false},"excerpt":{"rendered":"<p>Xingu Vivo Em evento promovido pela revista Carta Capital nesta segunda, 22, a ministra do Planejamento, Miriam Belchior, desqualificou os oponentes de Belo Monte como ignorantes. Miriam, que participou do semin\u00e1rio \u201cHidrel\u00e9tricas: as necessidades do pa\u00eds e o respeito \u00e0 sustentabilidade\u201d, alegou que os que consideram os aspectos t\u00e9cnicos do empreendimento se convencer\u00e3o da sustentabilidade [&hellip;]<\/p>\n","protected":false},"author":2,"featured_media":0,"comment_status":"open","ping_status":"open","sticky":false,"template":"","format":"standard","meta":{"_acf_changed":false,"footnotes":""},"categories":[4766],"tags":[],"class_list":{"0":"post-879","1":"post","2":"type-post","3":"status-publish","4":"format-standard","6":"category-arquivo"},"acf":[],"yoast_head":"<!-- This site is optimized with the Yoast SEO plugin v26.5 - https:\/\/yoast.com\/wordpress\/plugins\/seo\/ -->\n<title>Xingu Vivo: Amea\u00e7as de Miriam Belchior que deveriam abalar o pa\u00eds - PSOL 50<\/title>\n<meta name=\"robots\" content=\"index, follow, max-snippet:-1, max-image-preview:large, max-video-preview:-1\" \/>\n<link rel=\"canonical\" href=\"https:\/\/psol50.org.br\/xingu-vivo-ameacas-de-miriam-belchior-que-deveriam-abalar-o-pais\/\" \/>\n<meta property=\"og:locale\" content=\"pt_BR\" \/>\n<meta property=\"og:type\" content=\"article\" \/>\n<meta property=\"og:title\" content=\"Xingu Vivo: Amea\u00e7as de Miriam Belchior que deveriam abalar o pa\u00eds - PSOL 50\" \/>\n<meta property=\"og:description\" content=\"Xingu Vivo Em evento promovido pela revista Carta Capital nesta segunda, 22, a ministra do Planejamento, Miriam Belchior, desqualificou os oponentes de Belo Monte como ignorantes. Miriam, que participou do semin\u00e1rio \u201cHidrel\u00e9tricas: as necessidades do pa\u00eds e o respeito \u00e0 sustentabilidade\u201d, alegou que os que consideram os aspectos t\u00e9cnicos do empreendimento se convencer\u00e3o da sustentabilidade [&hellip;]\" \/>\n<meta property=\"og:url\" content=\"https:\/\/psol50.org.br\/xingu-vivo-ameacas-de-miriam-belchior-que-deveriam-abalar-o-pais\/\" \/>\n<meta property=\"og:site_name\" content=\"PSOL 50\" \/>\n<meta property=\"article:publisher\" content=\"https:\/\/www.facebook.com\/psol50\" \/>\n<meta property=\"article:published_time\" content=\"2011-08-25T00:00:00+00:00\" \/>\n<meta property=\"og:image\" content=\"http:\/\/psol50.org.br\/files\/2011\/08\/Pare-belo-monte3-300x189.jpg\" \/>\n<meta name=\"author\" content=\"Comunica\u00e7\u00e3o PSOL\" \/>\n<meta name=\"twitter:card\" content=\"summary_large_image\" \/>\n<meta name=\"twitter:creator\" content=\"@psol50\" \/>\n<meta name=\"twitter:site\" content=\"@psol50\" \/>\n<meta name=\"twitter:label1\" content=\"Escrito por\" \/>\n\t<meta name=\"twitter:data1\" content=\"Comunica\u00e7\u00e3o PSOL\" \/>\n\t<meta name=\"twitter:label2\" content=\"Est. tempo de leitura\" \/>\n\t<meta name=\"twitter:data2\" content=\"2 minutos\" \/>\n<script type=\"application\/ld+json\" class=\"yoast-schema-graph\">{\"@context\":\"https:\/\/schema.org\",\"@graph\":[{\"@type\":\"Article\",\"@id\":\"https:\/\/psol50.org.br\/xingu-vivo-ameacas-de-miriam-belchior-que-deveriam-abalar-o-pais\/#article\",\"isPartOf\":{\"@id\":\"https:\/\/psol50.org.br\/xingu-vivo-ameacas-de-miriam-belchior-que-deveriam-abalar-o-pais\/\"},\"author\":{\"name\":\"Comunica\u00e7\u00e3o PSOL\",\"@id\":\"https:\/\/psol50.org.br\/#\/schema\/person\/475dfa57d0b815993c714c2e96491fcd\"},\"headline\":\"Xingu Vivo: Amea\u00e7as de Miriam Belchior que deveriam abalar o pa\u00eds\",\"datePublished\":\"2011-08-25T00:00:00+00:00\",\"mainEntityOfPage\":{\"@id\":\"https:\/\/psol50.org.br\/xingu-vivo-ameacas-de-miriam-belchior-que-deveriam-abalar-o-pais\/\"},\"wordCount\":398,\"commentCount\":0,\"publisher\":{\"@id\":\"https:\/\/psol50.org.br\/#organization\"},\"image\":{\"@id\":\"https:\/\/psol50.org.br\/xingu-vivo-ameacas-de-miriam-belchior-que-deveriam-abalar-o-pais\/#primaryimage\"},\"thumbnailUrl\":\"http:\/\/psol50.org.br\/files\/2011\/08\/Pare-belo-monte3-300x189.jpg\",\"articleSection\":[\"Arquivo\"],\"inLanguage\":\"pt-BR\",\"potentialAction\":[{\"@type\":\"CommentAction\",\"name\":\"Comment\",\"target\":[\"https:\/\/psol50.org.br\/xingu-vivo-ameacas-de-miriam-belchior-que-deveriam-abalar-o-pais\/#respond\"]}]},{\"@type\":\"WebPage\",\"@id\":\"https:\/\/psol50.org.br\/xingu-vivo-ameacas-de-miriam-belchior-que-deveriam-abalar-o-pais\/\",\"url\":\"https:\/\/psol50.org.br\/xingu-vivo-ameacas-de-miriam-belchior-que-deveriam-abalar-o-pais\/\",\"name\":\"Xingu Vivo: Amea\u00e7as de Miriam Belchior que deveriam abalar o pa\u00eds - PSOL 50\",\"isPartOf\":{\"@id\":\"https:\/\/psol50.org.br\/#website\"},\"primaryImageOfPage\":{\"@id\":\"https:\/\/psol50.org.br\/xingu-vivo-ameacas-de-miriam-belchior-que-deveriam-abalar-o-pais\/#primaryimage\"},\"image\":{\"@id\":\"https:\/\/psol50.org.br\/xingu-vivo-ameacas-de-miriam-belchior-que-deveriam-abalar-o-pais\/#primaryimage\"},\"thumbnailUrl\":\"http:\/\/psol50.org.br\/files\/2011\/08\/Pare-belo-monte3-300x189.jpg\",\"datePublished\":\"2011-08-25T00:00:00+00:00\",\"breadcrumb\":{\"@id\":\"https:\/\/psol50.org.br\/xingu-vivo-ameacas-de-miriam-belchior-que-deveriam-abalar-o-pais\/#breadcrumb\"},\"inLanguage\":\"pt-BR\",\"potentialAction\":[{\"@type\":\"ReadAction\",\"target\":[\"https:\/\/psol50.org.br\/xingu-vivo-ameacas-de-miriam-belchior-que-deveriam-abalar-o-pais\/\"]}]},{\"@type\":\"ImageObject\",\"inLanguage\":\"pt-BR\",\"@id\":\"https:\/\/psol50.org.br\/xingu-vivo-ameacas-de-miriam-belchior-que-deveriam-abalar-o-pais\/#primaryimage\",\"url\":\"http:\/\/psol50.org.br\/files\/2011\/08\/Pare-belo-monte3-300x189.jpg\",\"contentUrl\":\"http:\/\/psol50.org.br\/files\/2011\/08\/Pare-belo-monte3-300x189.jpg\"},{\"@type\":\"BreadcrumbList\",\"@id\":\"https:\/\/psol50.org.br\/xingu-vivo-ameacas-de-miriam-belchior-que-deveriam-abalar-o-pais\/#breadcrumb\",\"itemListElement\":[{\"@type\":\"ListItem\",\"position\":1,\"name\":\"In\u00edcio\",\"item\":\"https:\/\/psol50.org.br\/\"},{\"@type\":\"ListItem\",\"position\":2,\"name\":\"Xingu Vivo: Amea\u00e7as de Miriam Belchior que deveriam abalar o pa\u00eds\"}]},{\"@type\":\"WebSite\",\"@id\":\"https:\/\/psol50.org.br\/#website\",\"url\":\"https:\/\/psol50.org.br\/\",\"name\":\"PSOL 50\",\"description\":\"Site oficial do Partido Socialismo e Liberdade\",\"publisher\":{\"@id\":\"https:\/\/psol50.org.br\/#organization\"},\"alternateName\":\"PSOL50\",\"potentialAction\":[{\"@type\":\"SearchAction\",\"target\":{\"@type\":\"EntryPoint\",\"urlTemplate\":\"https:\/\/psol50.org.br\/?s={search_term_string}\"},\"query-input\":{\"@type\":\"PropertyValueSpecification\",\"valueRequired\":true,\"valueName\":\"search_term_string\"}}],\"inLanguage\":\"pt-BR\"},{\"@type\":\"Organization\",\"@id\":\"https:\/\/psol50.org.br\/#organization\",\"name\":\"PSOL 50\",\"alternateName\":\"PSOL 50\",\"url\":\"https:\/\/psol50.org.br\/\",\"logo\":{\"@type\":\"ImageObject\",\"inLanguage\":\"pt-BR\",\"@id\":\"https:\/\/psol50.org.br\/#\/schema\/logo\/image\/\",\"url\":\"https:\/\/psol50.org.br\/inc\/uploads\/2018\/07\/capa.png\",\"contentUrl\":\"https:\/\/psol50.org.br\/inc\/uploads\/2018\/07\/capa.png\",\"width\":1350,\"height\":900,\"caption\":\"PSOL 50\"},\"image\":{\"@id\":\"https:\/\/psol50.org.br\/#\/schema\/logo\/image\/\"},\"sameAs\":[\"https:\/\/www.facebook.com\/psol50\",\"https:\/\/x.com\/psol50\",\"https:\/\/www.instagram.com\/psol50\/\",\"https:\/\/www.youtube.com\/channel\/UC7SnJS5o1os7a6CaiNabzcg\"]},{\"@type\":\"Person\",\"@id\":\"https:\/\/psol50.org.br\/#\/schema\/person\/475dfa57d0b815993c714c2e96491fcd\",\"name\":\"Comunica\u00e7\u00e3o PSOL\",\"image\":{\"@type\":\"ImageObject\",\"inLanguage\":\"pt-BR\",\"@id\":\"https:\/\/psol50.org.br\/#\/schema\/person\/image\/\",\"url\":\"https:\/\/secure.gravatar.com\/avatar\/b34fc4f4e468a4e51785917065a3db57b841f5c95dba6ad8c73aaf8f66f8f9bf?s=96&d=mm&r=g\",\"contentUrl\":\"https:\/\/secure.gravatar.com\/avatar\/b34fc4f4e468a4e51785917065a3db57b841f5c95dba6ad8c73aaf8f66f8f9bf?s=96&d=mm&r=g\",\"caption\":\"Comunica\u00e7\u00e3o PSOL\"}}]}<\/script>\n<!-- \/ Yoast SEO plugin. -->","yoast_head_json":{"title":"Xingu Vivo: Amea\u00e7as de Miriam Belchior que deveriam abalar o pa\u00eds - PSOL 50","robots":{"index":"index","follow":"follow","max-snippet":"max-snippet:-1","max-image-preview":"max-image-preview:large","max-video-preview":"max-video-preview:-1"},"canonical":"https:\/\/psol50.org.br\/xingu-vivo-ameacas-de-miriam-belchior-que-deveriam-abalar-o-pais\/","og_locale":"pt_BR","og_type":"article","og_title":"Xingu Vivo: Amea\u00e7as de Miriam Belchior que deveriam abalar o pa\u00eds - PSOL 50","og_description":"Xingu Vivo Em evento promovido pela revista Carta Capital nesta segunda, 22, a ministra do Planejamento, Miriam Belchior, desqualificou os oponentes de Belo Monte como ignorantes. Miriam, que participou do semin\u00e1rio \u201cHidrel\u00e9tricas: as necessidades do pa\u00eds e o respeito \u00e0 sustentabilidade\u201d, alegou que os que consideram os aspectos t\u00e9cnicos do empreendimento se convencer\u00e3o da sustentabilidade [&hellip;]","og_url":"https:\/\/psol50.org.br\/xingu-vivo-ameacas-de-miriam-belchior-que-deveriam-abalar-o-pais\/","og_site_name":"PSOL 50","article_publisher":"https:\/\/www.facebook.com\/psol50","article_published_time":"2011-08-25T00:00:00+00:00","og_image":[{"url":"http:\/\/psol50.org.br\/files\/2011\/08\/Pare-belo-monte3-300x189.jpg","type":"","width":"","height":""}],"author":"Comunica\u00e7\u00e3o PSOL","twitter_card":"summary_large_image","twitter_creator":"@psol50","twitter_site":"@psol50","twitter_misc":{"Escrito por":"Comunica\u00e7\u00e3o PSOL","Est. tempo de leitura":"2 minutos"},"schema":{"@context":"https:\/\/schema.org","@graph":[{"@type":"Article","@id":"https:\/\/psol50.org.br\/xingu-vivo-ameacas-de-miriam-belchior-que-deveriam-abalar-o-pais\/#article","isPartOf":{"@id":"https:\/\/psol50.org.br\/xingu-vivo-ameacas-de-miriam-belchior-que-deveriam-abalar-o-pais\/"},"author":{"name":"Comunica\u00e7\u00e3o PSOL","@id":"https:\/\/psol50.org.br\/#\/schema\/person\/475dfa57d0b815993c714c2e96491fcd"},"headline":"Xingu Vivo: Amea\u00e7as de Miriam Belchior que deveriam abalar o pa\u00eds","datePublished":"2011-08-25T00:00:00+00:00","mainEntityOfPage":{"@id":"https:\/\/psol50.org.br\/xingu-vivo-ameacas-de-miriam-belchior-que-deveriam-abalar-o-pais\/"},"wordCount":398,"commentCount":0,"publisher":{"@id":"https:\/\/psol50.org.br\/#organization"},"image":{"@id":"https:\/\/psol50.org.br\/xingu-vivo-ameacas-de-miriam-belchior-que-deveriam-abalar-o-pais\/#primaryimage"},"thumbnailUrl":"http:\/\/psol50.org.br\/files\/2011\/08\/Pare-belo-monte3-300x189.jpg","articleSection":["Arquivo"],"inLanguage":"pt-BR","potentialAction":[{"@type":"CommentAction","name":"Comment","target":["https:\/\/psol50.org.br\/xingu-vivo-ameacas-de-miriam-belchior-que-deveriam-abalar-o-pais\/#respond"]}]},{"@type":"WebPage","@id":"https:\/\/psol50.org.br\/xingu-vivo-ameacas-de-miriam-belchior-que-deveriam-abalar-o-pais\/","url":"https:\/\/psol50.org.br\/xingu-vivo-ameacas-de-miriam-belchior-que-deveriam-abalar-o-pais\/","name":"Xingu Vivo: Amea\u00e7as de Miriam Belchior que deveriam abalar o pa\u00eds - PSOL 50","isPartOf":{"@id":"https:\/\/psol50.org.br\/#website"},"primaryImageOfPage":{"@id":"https:\/\/psol50.org.br\/xingu-vivo-ameacas-de-miriam-belchior-que-deveriam-abalar-o-pais\/#primaryimage"},"image":{"@id":"https:\/\/psol50.org.br\/xingu-vivo-ameacas-de-miriam-belchior-que-deveriam-abalar-o-pais\/#primaryimage"},"thumbnailUrl":"http:\/\/psol50.org.br\/files\/2011\/08\/Pare-belo-monte3-300x189.jpg","datePublished":"2011-08-25T00:00:00+00:00","breadcrumb":{"@id":"https:\/\/psol50.org.br\/xingu-vivo-ameacas-de-miriam-belchior-que-deveriam-abalar-o-pais\/#breadcrumb"},"inLanguage":"pt-BR","potentialAction":[{"@type":"ReadAction","target":["https:\/\/psol50.org.br\/xingu-vivo-ameacas-de-miriam-belchior-que-deveriam-abalar-o-pais\/"]}]},{"@type":"ImageObject","inLanguage":"pt-BR","@id":"https:\/\/psol50.org.br\/xingu-vivo-ameacas-de-miriam-belchior-que-deveriam-abalar-o-pais\/#primaryimage","url":"http:\/\/psol50.org.br\/files\/2011\/08\/Pare-belo-monte3-300x189.jpg","contentUrl":"http:\/\/psol50.org.br\/files\/2011\/08\/Pare-belo-monte3-300x189.jpg"},{"@type":"BreadcrumbList","@id":"https:\/\/psol50.org.br\/xingu-vivo-ameacas-de-miriam-belchior-que-deveriam-abalar-o-pais\/#breadcrumb","itemListElement":[{"@type":"ListItem","position":1,"name":"In\u00edcio","item":"https:\/\/psol50.org.br\/"},{"@type":"ListItem","position":2,"name":"Xingu Vivo: Amea\u00e7as de Miriam Belchior que deveriam abalar o pa\u00eds"}]},{"@type":"WebSite","@id":"https:\/\/psol50.org.br\/#website","url":"https:\/\/psol50.org.br\/","name":"PSOL 50","description":"Site oficial do Partido Socialismo e Liberdade","publisher":{"@id":"https:\/\/psol50.org.br\/#organization"},"alternateName":"PSOL50","potentialAction":[{"@type":"SearchAction","target":{"@type":"EntryPoint","urlTemplate":"https:\/\/psol50.org.br\/?s={search_term_string}"},"query-input":{"@type":"PropertyValueSpecification","valueRequired":true,"valueName":"search_term_string"}}],"inLanguage":"pt-BR"},{"@type":"Organization","@id":"https:\/\/psol50.org.br\/#organization","name":"PSOL 50","alternateName":"PSOL 50","url":"https:\/\/psol50.org.br\/","logo":{"@type":"ImageObject","inLanguage":"pt-BR","@id":"https:\/\/psol50.org.br\/#\/schema\/logo\/image\/","url":"https:\/\/psol50.org.br\/inc\/uploads\/2018\/07\/capa.png","contentUrl":"https:\/\/psol50.org.br\/inc\/uploads\/2018\/07\/capa.png","width":1350,"height":900,"caption":"PSOL 50"},"image":{"@id":"https:\/\/psol50.org.br\/#\/schema\/logo\/image\/"},"sameAs":["https:\/\/www.facebook.com\/psol50","https:\/\/x.com\/psol50","https:\/\/www.instagram.com\/psol50\/","https:\/\/www.youtube.com\/channel\/UC7SnJS5o1os7a6CaiNabzcg"]},{"@type":"Person","@id":"https:\/\/psol50.org.br\/#\/schema\/person\/475dfa57d0b815993c714c2e96491fcd","name":"Comunica\u00e7\u00e3o PSOL","image":{"@type":"ImageObject","inLanguage":"pt-BR","@id":"https:\/\/psol50.org.br\/#\/schema\/person\/image\/","url":"https:\/\/secure.gravatar.com\/avatar\/b34fc4f4e468a4e51785917065a3db57b841f5c95dba6ad8c73aaf8f66f8f9bf?s=96&d=mm&r=g","contentUrl":"https:\/\/secure.gravatar.com\/avatar\/b34fc4f4e468a4e51785917065a3db57b841f5c95dba6ad8c73aaf8f66f8f9bf?s=96&d=mm&r=g","caption":"Comunica\u00e7\u00e3o PSOL"}}]}},"_links":{"self":[{"href":"https:\/\/psol50.org.br\/rest\/wp\/v2\/posts\/879","targetHints":{"allow":["GET"]}}],"collection":[{"href":"https:\/\/psol50.org.br\/rest\/wp\/v2\/posts"}],"about":[{"href":"https:\/\/psol50.org.br\/rest\/wp\/v2\/types\/post"}],"author":[{"embeddable":true,"href":"https:\/\/psol50.org.br\/rest\/wp\/v2\/users\/2"}],"replies":[{"embeddable":true,"href":"https:\/\/psol50.org.br\/rest\/wp\/v2\/comments?post=879"}],"version-history":[{"count":0,"href":"https:\/\/psol50.org.br\/rest\/wp\/v2\/posts\/879\/revisions"}],"wp:attachment":[{"href":"https:\/\/psol50.org.br\/rest\/wp\/v2\/media?parent=879"}],"wp:term":[{"taxonomy":"category","embeddable":true,"href":"https:\/\/psol50.org.br\/rest\/wp\/v2\/categories?post=879"},{"taxonomy":"post_tag","embeddable":true,"href":"https:\/\/psol50.org.br\/rest\/wp\/v2\/tags?post=879"}],"curies":[{"name":"wp","href":"https:\/\/api.w.org\/{rel}","templated":true}]}}