{"id":884,"date":"2011-09-01T00:00:00","date_gmt":"2011-09-01T00:00:00","guid":{"rendered":"http:\/\/psol50.org.br\/arquivo\/2011\/09\/01\/9-mil-professores-de-minas-gerais-votam-pela-continuidade-da-greve\/"},"modified":"2011-09-01T00:00:00","modified_gmt":"2011-09-01T00:00:00","slug":"9-mil-professores-de-minas-gerais-votam-pela-continuidade-da-greve","status":"publish","type":"post","link":"https:\/\/psol50.org.br\/9-mil-professores-de-minas-gerais-votam-pela-continuidade-da-greve\/","title":{"rendered":"9 mil professores de Minas Gerais votam pela continuidade da greve"},"content":{"rendered":"<p><a rel=\"attachment wp-att-10520\" href=\"http:\/\/psol50.org.br\/blog\/2011\/09\/01\/9-mil-professores-de-minas-gerais-votam-pela-continuidade-da-greve\/professores_mg2\/\"><img loading=\"lazy\" decoding=\"async\" class=\"aligncenter size-full wp-image-10520\" src=\"http:\/\/psol50.org.br\/files\/2011\/09\/Professores_MG2.jpg\" alt=\"\" width=\"400\" height=\"268\" \/><\/a>Mais de nove mil professores mobilizados na capital Belo Horizonte avaliaram de modo un\u00e2nime como insuficiente a proposta do governo de reajustar o vencimento b\u00e1sico da categoria para R$ 712 a partir de janeiro de 2012.<\/p>\n<p>Reunidos na Pra\u00e7a da Assembleia Legislativa de Minas Gerais, os professores votaram contra a proposta do governo por n\u00e3o atender \u00e0 reivindica\u00e7\u00e3o do movimento grevista. A categoria est\u00e1 protagonizando uma das maiores mobiliza\u00e7\u00f5es da hist\u00f3ria mineira. Os professores caminharam pela capital mineira em dire\u00e7\u00e3o \u00e0 antiga sede do Governo do Estado, o Pal\u00e1cio da Liberdade, localizado em frente \u00e0 Pra\u00e7a da Liberdade na regi\u00e3o centro-sul, dando uma verdadeira aula de luta aos trabalhadores e trabalhadoras do estado.<\/p>\n<p>Na oferta, o Estado nivela professores de n\u00edvel m\u00e9dio, superior e at\u00e9 aqueles com p\u00f3s-gradua\u00e7\u00e3o e com tempo de servi\u00e7o distintos no mesmo patamar com remunera\u00e7\u00e3o m\u00ednima de R$ 712,20, al\u00e9m do pagamento dos benef\u00edcios. A reivindica\u00e7\u00e3o dos professores \u00e9 o cumprimento da Lei Federal, reconhecida no \u00faltimo dia 24 de agosto pelo Supremo Tribunal Federal.<\/p>\n<p>&#8220;O Estado est\u00e1 jogando a nossa carreira no lixo. Mais uma vez, o governo ignorou a Lei 15.293\/2004 que define o nosso plano de carreira. Quem tem dez anos de servi\u00e7o ou p\u00f3s-gradua\u00e7\u00e3o receberia o mesmo valor de quem t\u00e1 come\u00e7ando agora&#8221;, explicou Beatriz Cerqueira, coordenadora do Sindicato \u00fanico dos Trabalhadores em Educa\u00e7\u00e3o (Sind-UTE).<\/p>\n<p>A cr\u00edtica da categoria \u00e9 que a proposta do governo vale apenas para os professores e n\u00e3o inclui os demais servidores da educa\u00e7\u00e3o. At\u00e9 ent\u00e3o, o governo do Estado propunha o regime de subs\u00eddio (sal\u00e1rio incorporado aos benef\u00edcios) com remunera\u00e7\u00e3o m\u00ednima de R$ 1.122 para profissionais de n\u00edvel m\u00e9dio e de R$ 1.320 para os com forma\u00e7\u00e3o superior.<\/p>\n<p>O pacote de propostas do governo foi apresentado numa reuni\u00e3o, pela manh\u00e3, intermediada pelo procurador-geral do Minist\u00e9rio P\u00fablico Estadual (MPE), Alceu Torres Marques, com a presen\u00e7a das secret\u00e1rias Ana L\u00facia Gazzola, da Educa\u00e7\u00e3o, Renata Vilhena, do Planejamento. Os representantes do sindicato, no entanto, deixaram o encontro dispostos a n\u00e3o aceitar a oferta e se comprometeram a apresent\u00e1-la aos professores para que avaliassem e votassem em assembleia.<\/p>\n<p>O procurador do MPE disse que, com a oferta, o governo do Estado passou a cumprir a lei 11.738, que criou o piso nacional do magist\u00e9rio. Numa n\u00edtida ades\u00e3o \u00e0 ilegalidade promovida pelo Governo de Minas Gerais, o procurador Alceu Marques reconheceu que a proposta n\u00e3o \u00e9 a melhor para a categoria. &#8220;A decis\u00e3o do governo realmente desvaloriza a carreira dos professores, mas a greve est\u00e1 prejudicando os alunos&#8221;, afirmou.<\/p>\n<p>A greve ser\u00e1 mantida pelo menos at\u00e9 a pr\u00f3xima assembleia no dia 8 de setembro, data em que os professores do estado completam tr\u00eas meses de movimento grevista por melhores sal\u00e1rios. No dia 7, feriado nacional, os docentes participam das atividades do Grito dos Exclu\u00eddos em diversos munic\u00edpios.<\/p>\n<p>Os professores reivindicam que o governo pague o piso nacional garantido pela Lei Federal 11.738 no valor de R$1.187 para uma jornada de 40 horas semanais. De acordo com o Sind-UTE, o governo de Minas paga R$ 389 para docentes com o n\u00edvel m\u00e9dio.<\/p>\n<p><strong>Ministro da Educa\u00e7\u00e3o do PT, Fernando Haddad faz coro com Anastasia e ataca professores<\/strong><\/p>\n<p>Ainda na quarta-feira, o governador de Minas Gerais, Antonio Augusto Anastasia, reuniu-se em Bras\u00edlia com o ministro da Educa\u00e7\u00e3o, Fernando Haddad (PT), para discutir a greve dos professores, alegando falta de recursos para pagar o piso salarial nacional e preocupa\u00e7\u00e3o com a Lei de Responsabilidade Fiscal.<\/p>\n<p>\u201cN\u00f3s temos os limites do nosso or\u00e7amento. Nada nos levar\u00e1 a tomar atitudes que sejam irrespons\u00e1veis sob o ponto de vista fiscal e que leve o Estado a uma situa\u00e7\u00e3o de paralisia das suas a\u00e7\u00f5es\u201d, disse o governador mineiro em entrevista coletiva.<\/p>\n<p>O governo argumenta que o sal\u00e1rio inicial de R$ 712, previsto uma jornada de 24 horas, atende \u00e0 Lei Federal, que prev\u00ea proporcionalidade entre sal\u00e1rio e horas de trabalho para a aplica\u00e7\u00e3o do piso, e pede que os professores encerrem a paralisa\u00e7\u00e3o.<\/p>\n<p>O ministro Haddad apoiou o governo tucano na contrata\u00e7\u00e3o de professores para substituir os grevistas, justificando a necessidade de preparo dos alunos para o Exame Nacional do Ensino M\u00e9dio (Enem). \u201cO governador est\u00e1 tomando provid\u00eancias para dar atendimento aos estudantes com a contrata\u00e7\u00e3o dos tempor\u00e1rios. \u00c9 uma situa\u00e7\u00e3o emergencial e \u00e9 preciso, nesse momento, dar suporte aos estudantes que est\u00e3o concluindo o ensino m\u00e9dio. \u00c9 preciso mobilizar o que estiver \u00e0 disposi\u00e7\u00e3o\u201d, afirmou.<\/p>\n<p>Sobre essa quest\u00e3o, a dire\u00e7\u00e3o estadual do Sind-UTE afirmou que o ministro deveria estar preocupado em cobrar dos estados o cumprimento do piso nacional, considerado como constitucional e obrigat\u00f3rio pelo Supremo Tribunal Federal no \u00faltimo dia 24.<\/p>\n<p><strong>Imprensa mineira ataca os trabalhadores<\/strong><\/p>\n<p>A imprensa de Minas Gerais, especialmente o jornal Estado de Minas, a TV Alterosa (SBT) e a r\u00e1dio Itatiaia, continuam atacando os professores. Mat\u00e9rias mostrando um professor bebendo cerveja durante a mobiliza\u00e7\u00e3o est\u00e1 sendo difundida para deslegitimar o movimento e utilizar do moralismo para atacar a mobiliza\u00e7\u00e3o. O jornal, por sua vez, n\u00e3o informa que o n\u00e3o cumprimento do Piso Salarial Profissional Nacional \u2013 PSPN \u2013 por parte de Anastasia \u00e9 ilegal e faz reportagens tendenciosas, favor\u00e1veis ao governo tucano. A Itatiaia, tradicional r\u00e1dio mineira, tamb\u00e9m tem feito reportagens que atacam e desmoralizam as mobiliza\u00e7\u00f5es dos professores.<\/p>\n<p>A imprensa mineira \u00e9 historicamente aliada do PSDB, partido do senador e pr\u00e9-candidato a presidente A\u00e9cio Neves, e atacam sistematicamente toda e qualquer mobiliza\u00e7\u00e3o dos trabalhadores, seja com reportagens antijornal\u00edsticas ou simplesmente censurando toda e qualquer cr\u00edtica ao governo estadual.<\/p>\n<p><strong>Ades\u00f5es e apoios<\/strong><\/p>\n<p>O movimento grevista conta com apoio de diversos partidos, movimentos sociais e categorias. MST, Via Campesina, Movimento dos Atingidos por Barragens \u2013 MAB, Sindicato dos Correios, Constru\u00e7\u00e3o Civil, professores e estudantes da UFMG, partidos da esquerda como o PSTU, PSOL e PCR.<\/p>\n<p><a href=\"http:\/\/diarioliberdade.org\/index.php?option=com_content&amp;view=article&amp;id=19099:9-mil-professores-de-minas-gerais-votam-pela-continuidade-da-greve-&amp;catid=237:laboraleconomia&amp;Itemid=156\"><em><strong>Com informa\u00e7\u00f5es de Brasil De Fato e O Tempo<\/p>\n<p>*Fonte: Di\u00e1rio Liberdade<\/strong><\/em><\/a><\/p>\n","protected":false},"excerpt":{"rendered":"<p>Mais de nove mil professores mobilizados na capital Belo Horizonte avaliaram de modo un\u00e2nime como insuficiente a proposta do governo de reajustar o vencimento b\u00e1sico da categoria para R$ 712 a partir de janeiro de 2012. Reunidos na Pra\u00e7a da Assembleia Legislativa de Minas Gerais, os professores votaram contra a proposta do governo por n\u00e3o [&hellip;]<\/p>\n","protected":false},"author":2,"featured_media":0,"comment_status":"open","ping_status":"open","sticky":false,"template":"","format":"standard","meta":{"_acf_changed":false,"footnotes":""},"categories":[4766],"tags":[],"class_list":{"0":"post-884","1":"post","2":"type-post","3":"status-publish","4":"format-standard","6":"category-arquivo"},"acf":[],"yoast_head":"<!-- This site is optimized with the Yoast SEO plugin v26.5 - https:\/\/yoast.com\/wordpress\/plugins\/seo\/ -->\n<title>9 mil professores de Minas Gerais votam pela continuidade da greve - PSOL 50<\/title>\n<meta name=\"robots\" content=\"index, follow, max-snippet:-1, max-image-preview:large, max-video-preview:-1\" \/>\n<link rel=\"canonical\" href=\"https:\/\/psol50.org.br\/9-mil-professores-de-minas-gerais-votam-pela-continuidade-da-greve\/\" \/>\n<meta property=\"og:locale\" content=\"pt_BR\" \/>\n<meta property=\"og:type\" content=\"article\" \/>\n<meta property=\"og:title\" content=\"9 mil professores de Minas Gerais votam pela continuidade da greve - PSOL 50\" \/>\n<meta property=\"og:description\" content=\"Mais de nove mil professores mobilizados na capital Belo Horizonte avaliaram de modo un\u00e2nime como insuficiente a proposta do governo de reajustar o vencimento b\u00e1sico da categoria para R$ 712 a partir de janeiro de 2012. Reunidos na Pra\u00e7a da Assembleia Legislativa de Minas Gerais, os professores votaram contra a proposta do governo por n\u00e3o [&hellip;]\" \/>\n<meta property=\"og:url\" content=\"https:\/\/psol50.org.br\/9-mil-professores-de-minas-gerais-votam-pela-continuidade-da-greve\/\" \/>\n<meta property=\"og:site_name\" content=\"PSOL 50\" \/>\n<meta property=\"article:publisher\" content=\"https:\/\/www.facebook.com\/psol50\" \/>\n<meta property=\"article:published_time\" content=\"2011-09-01T00:00:00+00:00\" \/>\n<meta property=\"og:image\" content=\"http:\/\/psol50.org.br\/files\/2011\/09\/Professores_MG2.jpg\" \/>\n<meta name=\"author\" content=\"Comunica\u00e7\u00e3o PSOL\" \/>\n<meta name=\"twitter:card\" content=\"summary_large_image\" \/>\n<meta name=\"twitter:creator\" content=\"@psol50\" \/>\n<meta name=\"twitter:site\" content=\"@psol50\" \/>\n<meta name=\"twitter:label1\" content=\"Escrito por\" \/>\n\t<meta name=\"twitter:data1\" content=\"Comunica\u00e7\u00e3o PSOL\" \/>\n\t<meta name=\"twitter:label2\" content=\"Est. tempo de leitura\" \/>\n\t<meta name=\"twitter:data2\" content=\"5 minutos\" \/>\n<script type=\"application\/ld+json\" class=\"yoast-schema-graph\">{\"@context\":\"https:\/\/schema.org\",\"@graph\":[{\"@type\":\"Article\",\"@id\":\"https:\/\/psol50.org.br\/9-mil-professores-de-minas-gerais-votam-pela-continuidade-da-greve\/#article\",\"isPartOf\":{\"@id\":\"https:\/\/psol50.org.br\/9-mil-professores-de-minas-gerais-votam-pela-continuidade-da-greve\/\"},\"author\":{\"name\":\"Comunica\u00e7\u00e3o PSOL\",\"@id\":\"https:\/\/psol50.org.br\/#\/schema\/person\/475dfa57d0b815993c714c2e96491fcd\"},\"headline\":\"9 mil professores de Minas Gerais votam pela continuidade da greve\",\"datePublished\":\"2011-09-01T00:00:00+00:00\",\"mainEntityOfPage\":{\"@id\":\"https:\/\/psol50.org.br\/9-mil-professores-de-minas-gerais-votam-pela-continuidade-da-greve\/\"},\"wordCount\":1042,\"commentCount\":0,\"publisher\":{\"@id\":\"https:\/\/psol50.org.br\/#organization\"},\"image\":{\"@id\":\"https:\/\/psol50.org.br\/9-mil-professores-de-minas-gerais-votam-pela-continuidade-da-greve\/#primaryimage\"},\"thumbnailUrl\":\"http:\/\/psol50.org.br\/files\/2011\/09\/Professores_MG2.jpg\",\"articleSection\":[\"Arquivo\"],\"inLanguage\":\"pt-BR\",\"potentialAction\":[{\"@type\":\"CommentAction\",\"name\":\"Comment\",\"target\":[\"https:\/\/psol50.org.br\/9-mil-professores-de-minas-gerais-votam-pela-continuidade-da-greve\/#respond\"]}]},{\"@type\":\"WebPage\",\"@id\":\"https:\/\/psol50.org.br\/9-mil-professores-de-minas-gerais-votam-pela-continuidade-da-greve\/\",\"url\":\"https:\/\/psol50.org.br\/9-mil-professores-de-minas-gerais-votam-pela-continuidade-da-greve\/\",\"name\":\"9 mil professores de Minas Gerais votam pela continuidade da greve - PSOL 50\",\"isPartOf\":{\"@id\":\"https:\/\/psol50.org.br\/#website\"},\"primaryImageOfPage\":{\"@id\":\"https:\/\/psol50.org.br\/9-mil-professores-de-minas-gerais-votam-pela-continuidade-da-greve\/#primaryimage\"},\"image\":{\"@id\":\"https:\/\/psol50.org.br\/9-mil-professores-de-minas-gerais-votam-pela-continuidade-da-greve\/#primaryimage\"},\"thumbnailUrl\":\"http:\/\/psol50.org.br\/files\/2011\/09\/Professores_MG2.jpg\",\"datePublished\":\"2011-09-01T00:00:00+00:00\",\"breadcrumb\":{\"@id\":\"https:\/\/psol50.org.br\/9-mil-professores-de-minas-gerais-votam-pela-continuidade-da-greve\/#breadcrumb\"},\"inLanguage\":\"pt-BR\",\"potentialAction\":[{\"@type\":\"ReadAction\",\"target\":[\"https:\/\/psol50.org.br\/9-mil-professores-de-minas-gerais-votam-pela-continuidade-da-greve\/\"]}]},{\"@type\":\"ImageObject\",\"inLanguage\":\"pt-BR\",\"@id\":\"https:\/\/psol50.org.br\/9-mil-professores-de-minas-gerais-votam-pela-continuidade-da-greve\/#primaryimage\",\"url\":\"http:\/\/psol50.org.br\/files\/2011\/09\/Professores_MG2.jpg\",\"contentUrl\":\"http:\/\/psol50.org.br\/files\/2011\/09\/Professores_MG2.jpg\"},{\"@type\":\"BreadcrumbList\",\"@id\":\"https:\/\/psol50.org.br\/9-mil-professores-de-minas-gerais-votam-pela-continuidade-da-greve\/#breadcrumb\",\"itemListElement\":[{\"@type\":\"ListItem\",\"position\":1,\"name\":\"In\u00edcio\",\"item\":\"https:\/\/psol50.org.br\/\"},{\"@type\":\"ListItem\",\"position\":2,\"name\":\"9 mil professores de Minas Gerais votam pela continuidade da greve\"}]},{\"@type\":\"WebSite\",\"@id\":\"https:\/\/psol50.org.br\/#website\",\"url\":\"https:\/\/psol50.org.br\/\",\"name\":\"PSOL 50\",\"description\":\"Site oficial do Partido Socialismo e Liberdade\",\"publisher\":{\"@id\":\"https:\/\/psol50.org.br\/#organization\"},\"alternateName\":\"PSOL50\",\"potentialAction\":[{\"@type\":\"SearchAction\",\"target\":{\"@type\":\"EntryPoint\",\"urlTemplate\":\"https:\/\/psol50.org.br\/?s={search_term_string}\"},\"query-input\":{\"@type\":\"PropertyValueSpecification\",\"valueRequired\":true,\"valueName\":\"search_term_string\"}}],\"inLanguage\":\"pt-BR\"},{\"@type\":\"Organization\",\"@id\":\"https:\/\/psol50.org.br\/#organization\",\"name\":\"PSOL 50\",\"alternateName\":\"PSOL 50\",\"url\":\"https:\/\/psol50.org.br\/\",\"logo\":{\"@type\":\"ImageObject\",\"inLanguage\":\"pt-BR\",\"@id\":\"https:\/\/psol50.org.br\/#\/schema\/logo\/image\/\",\"url\":\"https:\/\/psol50.org.br\/inc\/uploads\/2018\/07\/capa.png\",\"contentUrl\":\"https:\/\/psol50.org.br\/inc\/uploads\/2018\/07\/capa.png\",\"width\":1350,\"height\":900,\"caption\":\"PSOL 50\"},\"image\":{\"@id\":\"https:\/\/psol50.org.br\/#\/schema\/logo\/image\/\"},\"sameAs\":[\"https:\/\/www.facebook.com\/psol50\",\"https:\/\/x.com\/psol50\",\"https:\/\/www.instagram.com\/psol50\/\",\"https:\/\/www.youtube.com\/channel\/UC7SnJS5o1os7a6CaiNabzcg\"]},{\"@type\":\"Person\",\"@id\":\"https:\/\/psol50.org.br\/#\/schema\/person\/475dfa57d0b815993c714c2e96491fcd\",\"name\":\"Comunica\u00e7\u00e3o PSOL\",\"image\":{\"@type\":\"ImageObject\",\"inLanguage\":\"pt-BR\",\"@id\":\"https:\/\/psol50.org.br\/#\/schema\/person\/image\/\",\"url\":\"https:\/\/secure.gravatar.com\/avatar\/b34fc4f4e468a4e51785917065a3db57b841f5c95dba6ad8c73aaf8f66f8f9bf?s=96&d=mm&r=g\",\"contentUrl\":\"https:\/\/secure.gravatar.com\/avatar\/b34fc4f4e468a4e51785917065a3db57b841f5c95dba6ad8c73aaf8f66f8f9bf?s=96&d=mm&r=g\",\"caption\":\"Comunica\u00e7\u00e3o PSOL\"}}]}<\/script>\n<!-- \/ Yoast SEO plugin. -->","yoast_head_json":{"title":"9 mil professores de Minas Gerais votam pela continuidade da greve - PSOL 50","robots":{"index":"index","follow":"follow","max-snippet":"max-snippet:-1","max-image-preview":"max-image-preview:large","max-video-preview":"max-video-preview:-1"},"canonical":"https:\/\/psol50.org.br\/9-mil-professores-de-minas-gerais-votam-pela-continuidade-da-greve\/","og_locale":"pt_BR","og_type":"article","og_title":"9 mil professores de Minas Gerais votam pela continuidade da greve - PSOL 50","og_description":"Mais de nove mil professores mobilizados na capital Belo Horizonte avaliaram de modo un\u00e2nime como insuficiente a proposta do governo de reajustar o vencimento b\u00e1sico da categoria para R$ 712 a partir de janeiro de 2012. Reunidos na Pra\u00e7a da Assembleia Legislativa de Minas Gerais, os professores votaram contra a proposta do governo por n\u00e3o [&hellip;]","og_url":"https:\/\/psol50.org.br\/9-mil-professores-de-minas-gerais-votam-pela-continuidade-da-greve\/","og_site_name":"PSOL 50","article_publisher":"https:\/\/www.facebook.com\/psol50","article_published_time":"2011-09-01T00:00:00+00:00","og_image":[{"url":"http:\/\/psol50.org.br\/files\/2011\/09\/Professores_MG2.jpg","type":"","width":"","height":""}],"author":"Comunica\u00e7\u00e3o PSOL","twitter_card":"summary_large_image","twitter_creator":"@psol50","twitter_site":"@psol50","twitter_misc":{"Escrito por":"Comunica\u00e7\u00e3o PSOL","Est. tempo de leitura":"5 minutos"},"schema":{"@context":"https:\/\/schema.org","@graph":[{"@type":"Article","@id":"https:\/\/psol50.org.br\/9-mil-professores-de-minas-gerais-votam-pela-continuidade-da-greve\/#article","isPartOf":{"@id":"https:\/\/psol50.org.br\/9-mil-professores-de-minas-gerais-votam-pela-continuidade-da-greve\/"},"author":{"name":"Comunica\u00e7\u00e3o PSOL","@id":"https:\/\/psol50.org.br\/#\/schema\/person\/475dfa57d0b815993c714c2e96491fcd"},"headline":"9 mil professores de Minas Gerais votam pela continuidade da greve","datePublished":"2011-09-01T00:00:00+00:00","mainEntityOfPage":{"@id":"https:\/\/psol50.org.br\/9-mil-professores-de-minas-gerais-votam-pela-continuidade-da-greve\/"},"wordCount":1042,"commentCount":0,"publisher":{"@id":"https:\/\/psol50.org.br\/#organization"},"image":{"@id":"https:\/\/psol50.org.br\/9-mil-professores-de-minas-gerais-votam-pela-continuidade-da-greve\/#primaryimage"},"thumbnailUrl":"http:\/\/psol50.org.br\/files\/2011\/09\/Professores_MG2.jpg","articleSection":["Arquivo"],"inLanguage":"pt-BR","potentialAction":[{"@type":"CommentAction","name":"Comment","target":["https:\/\/psol50.org.br\/9-mil-professores-de-minas-gerais-votam-pela-continuidade-da-greve\/#respond"]}]},{"@type":"WebPage","@id":"https:\/\/psol50.org.br\/9-mil-professores-de-minas-gerais-votam-pela-continuidade-da-greve\/","url":"https:\/\/psol50.org.br\/9-mil-professores-de-minas-gerais-votam-pela-continuidade-da-greve\/","name":"9 mil professores de Minas Gerais votam pela continuidade da greve - PSOL 50","isPartOf":{"@id":"https:\/\/psol50.org.br\/#website"},"primaryImageOfPage":{"@id":"https:\/\/psol50.org.br\/9-mil-professores-de-minas-gerais-votam-pela-continuidade-da-greve\/#primaryimage"},"image":{"@id":"https:\/\/psol50.org.br\/9-mil-professores-de-minas-gerais-votam-pela-continuidade-da-greve\/#primaryimage"},"thumbnailUrl":"http:\/\/psol50.org.br\/files\/2011\/09\/Professores_MG2.jpg","datePublished":"2011-09-01T00:00:00+00:00","breadcrumb":{"@id":"https:\/\/psol50.org.br\/9-mil-professores-de-minas-gerais-votam-pela-continuidade-da-greve\/#breadcrumb"},"inLanguage":"pt-BR","potentialAction":[{"@type":"ReadAction","target":["https:\/\/psol50.org.br\/9-mil-professores-de-minas-gerais-votam-pela-continuidade-da-greve\/"]}]},{"@type":"ImageObject","inLanguage":"pt-BR","@id":"https:\/\/psol50.org.br\/9-mil-professores-de-minas-gerais-votam-pela-continuidade-da-greve\/#primaryimage","url":"http:\/\/psol50.org.br\/files\/2011\/09\/Professores_MG2.jpg","contentUrl":"http:\/\/psol50.org.br\/files\/2011\/09\/Professores_MG2.jpg"},{"@type":"BreadcrumbList","@id":"https:\/\/psol50.org.br\/9-mil-professores-de-minas-gerais-votam-pela-continuidade-da-greve\/#breadcrumb","itemListElement":[{"@type":"ListItem","position":1,"name":"In\u00edcio","item":"https:\/\/psol50.org.br\/"},{"@type":"ListItem","position":2,"name":"9 mil professores de Minas Gerais votam pela continuidade da greve"}]},{"@type":"WebSite","@id":"https:\/\/psol50.org.br\/#website","url":"https:\/\/psol50.org.br\/","name":"PSOL 50","description":"Site oficial do Partido Socialismo e Liberdade","publisher":{"@id":"https:\/\/psol50.org.br\/#organization"},"alternateName":"PSOL50","potentialAction":[{"@type":"SearchAction","target":{"@type":"EntryPoint","urlTemplate":"https:\/\/psol50.org.br\/?s={search_term_string}"},"query-input":{"@type":"PropertyValueSpecification","valueRequired":true,"valueName":"search_term_string"}}],"inLanguage":"pt-BR"},{"@type":"Organization","@id":"https:\/\/psol50.org.br\/#organization","name":"PSOL 50","alternateName":"PSOL 50","url":"https:\/\/psol50.org.br\/","logo":{"@type":"ImageObject","inLanguage":"pt-BR","@id":"https:\/\/psol50.org.br\/#\/schema\/logo\/image\/","url":"https:\/\/psol50.org.br\/inc\/uploads\/2018\/07\/capa.png","contentUrl":"https:\/\/psol50.org.br\/inc\/uploads\/2018\/07\/capa.png","width":1350,"height":900,"caption":"PSOL 50"},"image":{"@id":"https:\/\/psol50.org.br\/#\/schema\/logo\/image\/"},"sameAs":["https:\/\/www.facebook.com\/psol50","https:\/\/x.com\/psol50","https:\/\/www.instagram.com\/psol50\/","https:\/\/www.youtube.com\/channel\/UC7SnJS5o1os7a6CaiNabzcg"]},{"@type":"Person","@id":"https:\/\/psol50.org.br\/#\/schema\/person\/475dfa57d0b815993c714c2e96491fcd","name":"Comunica\u00e7\u00e3o PSOL","image":{"@type":"ImageObject","inLanguage":"pt-BR","@id":"https:\/\/psol50.org.br\/#\/schema\/person\/image\/","url":"https:\/\/secure.gravatar.com\/avatar\/b34fc4f4e468a4e51785917065a3db57b841f5c95dba6ad8c73aaf8f66f8f9bf?s=96&d=mm&r=g","contentUrl":"https:\/\/secure.gravatar.com\/avatar\/b34fc4f4e468a4e51785917065a3db57b841f5c95dba6ad8c73aaf8f66f8f9bf?s=96&d=mm&r=g","caption":"Comunica\u00e7\u00e3o PSOL"}}]}},"_links":{"self":[{"href":"https:\/\/psol50.org.br\/rest\/wp\/v2\/posts\/884","targetHints":{"allow":["GET"]}}],"collection":[{"href":"https:\/\/psol50.org.br\/rest\/wp\/v2\/posts"}],"about":[{"href":"https:\/\/psol50.org.br\/rest\/wp\/v2\/types\/post"}],"author":[{"embeddable":true,"href":"https:\/\/psol50.org.br\/rest\/wp\/v2\/users\/2"}],"replies":[{"embeddable":true,"href":"https:\/\/psol50.org.br\/rest\/wp\/v2\/comments?post=884"}],"version-history":[{"count":0,"href":"https:\/\/psol50.org.br\/rest\/wp\/v2\/posts\/884\/revisions"}],"wp:attachment":[{"href":"https:\/\/psol50.org.br\/rest\/wp\/v2\/media?parent=884"}],"wp:term":[{"taxonomy":"category","embeddable":true,"href":"https:\/\/psol50.org.br\/rest\/wp\/v2\/categories?post=884"},{"taxonomy":"post_tag","embeddable":true,"href":"https:\/\/psol50.org.br\/rest\/wp\/v2\/tags?post=884"}],"curies":[{"name":"wp","href":"https:\/\/api.w.org\/{rel}","templated":true}]}}