{"id":887,"date":"2011-09-01T00:00:00","date_gmt":"2011-09-01T00:00:00","guid":{"rendered":"http:\/\/psol50.org.br\/arquivo\/2011\/09\/01\/ocupacao-vitoriosa-na-ufsc\/"},"modified":"2011-09-01T00:00:00","modified_gmt":"2011-09-01T00:00:00","slug":"ocupacao-vitoriosa-na-ufsc","status":"publish","type":"post","link":"https:\/\/psol50.org.br\/ocupacao-vitoriosa-na-ufsc\/","title":{"rendered":"Ocupa\u00e7\u00e3o vitoriosa na UFSC"},"content":{"rendered":"<p><a rel=\"attachment wp-att-10532\" href=\"http:\/\/psol50.org.br\/blog\/2011\/09\/01\/ocupacao-vitoriosa-na-ufsc\/ocupacaoufsc\/\"><img loading=\"lazy\" decoding=\"async\" class=\"aligncenter size-full wp-image-10532\" src=\"http:\/\/psol50.org.br\/files\/2011\/09\/OcupacaoUFSC.jpg\" alt=\"\" width=\"430\" height=\"221\" \/><\/a>Na \u00faltima quinta-feira estudantes da  UFSC decidiram em Assembleia Geral ocupar a reitoria por considerar  insuficientes as medidas tomada pela reitoria desde o in\u00edcio do  semestre, desde quando houve v\u00e1rios atos e uma semana de vig\u00edlia. Ap\u00f3s o  reitor ter garantido o n\u00e3o corte de vagas no curso de economia e ter se  posicionado pela abertura de di\u00e1logo por parte do governo federal em  rela\u00e7\u00e3o \u00e0s reivindica\u00e7\u00f5es dos servidores t\u00e9cnico-administrativos, prop\u00f4s  na Assembleia aumentar o valor da Bolsa Perman\u00eancia para R$ 420,00  reais (que n\u00e3o cobria o reajuste da infla\u00e7\u00e3o do per\u00edodo), no entanto,  com o corte de 150 novas bolsas.<\/p>\n<p>Ap\u00f3s um dia de ocupa\u00e7\u00e3o o movimento  cresceu e os estudantes chamaram o reitor para uma mesa de negocia\u00e7\u00e3o,  demonstrando disposi\u00e7\u00e3o ao di\u00e1logo. Nesse momento, a administra\u00e7\u00e3o  central se mostrou irredut\u00edvel, fechando qualquer canal de negocia\u00e7\u00e3o,  dizendo que n\u00e3o negociaria com os estudantes at\u00e9 que desocup\u00e1ssemos a  reitoria. Debatemos nossas propostas logo ap\u00f3s a primeira reuni\u00e3o de  negocia\u00e7\u00e3o e determinamos que n\u00e3o sair\u00edamos da reitoria sem tentar  novamente uma abertura de di\u00e1logo e uma futura conquista. No terceiro  dia de ocupa\u00e7\u00e3o buscamos novamente o di\u00e1logo com o reitor e a segunda  reuni\u00e3o mostrou que nossas expectativas com a futura negocia\u00e7\u00e3o estavam  corretas, pois o reitor ao fim da reuni\u00e3o ventilou uma proposta.  Manteria o aumento da Bolsa Perman\u00eancia de R$ 420 sem o corte das 150  novas bolsas. Compreendemos que era ainda muito insuficiente, al\u00e9m de  n\u00e3o haver nenhuma garantia formal assinada pelo reitor.<\/p>\n<p>Discutimos mais uma vez na ocupa\u00e7\u00e3o e  decidimos resistir, chamando mais uma reuni\u00e3o de negocia\u00e7\u00e3o no quarto  dia de ocupa\u00e7\u00e3o. Como antes, as reuni\u00f5es da ocupa\u00e7\u00e3o s\u00f3 cresciam,  contando em v\u00e1rios momentos com mais de uma centena de estudantes. A  reivindica\u00e7\u00e3o do aumento estava pautada na infla\u00e7\u00e3o de 2008 a 2011  segundo dados do IBGE, valor calculado em R$ 441,04, o m\u00ednimo sem o qual  n\u00e3o desocupar\u00edamos a reitoria. Al\u00e9m disso, reivindicamos a cria\u00e7\u00e3o de  uma comiss\u00e3o parit\u00e1ria e permanente que discutiria o reajuste anual da  bolsa perman\u00eancia, uma audi\u00eancia p\u00fablica que avaliaria as propostas da  referida comiss\u00e3o, a manuten\u00e7\u00e3o das 150 novas bolsas cortadas, garantia  de todas as conquistas do movimento (manuten\u00e7\u00e3o do posicionamento contra  o corte de vagas, calend\u00e1rio da conclus\u00e3o das obras e o reconhecimento  das reivindica\u00e7\u00f5es dos servidores e pela abertura de di\u00e1logo por parte  do governo), al\u00e9m da garantia de n\u00e3o criminaliza\u00e7\u00e3o dos estudantes e\/ou  suas entidades que participaram da ocupa\u00e7\u00e3o. Esta terceira reuni\u00e3o foi,  na verdade, a \u00fanica que realmente garantiu a negocia\u00e7\u00e3o por parte da  reitoria. Sa\u00edmos dela com todas reivindica\u00e7\u00f5es assinadas, com exce\u00e7\u00e3o do  aumento para R$ 441,04.<\/p>\n<p>Ap\u00f3s avaliarmos a proposta por escrito  do reitor, a assembleia da ocupa\u00e7\u00e3o decidiu fazer mais uma  contra-proposta, demonstrando real abertura ao di\u00e1logo por parte do  movimento. Nossa proposta era que o reajuste de 2012 da Bolsa  Perman\u00eancia partisse do m\u00ednimo de R$ 441,04. Fizemos a \u00faltima conversa  de negocia\u00e7\u00e3o com o reitor por telefone e sa\u00edmos vitoriosos!<\/p>\n<p>Nossas vit\u00f3rias:<\/p>\n<p>1)      Reajuste imediato da Bolsa Perman\u00eancia para R$ 420,00;<\/p>\n<p>2)      Manuten\u00e7\u00e3o do edital que lan\u00e7a 150 novas Bolsas Perman\u00eancia;<\/p>\n<p>3)      Cria\u00e7\u00e3o de uma Comiss\u00e3o  Parit\u00e1ria Permanente para o reajuste anual da bolsa, com o m\u00ednimo de 5%  (R$ 441) para in\u00edcio de 2012;<\/p>\n<p>4)      Audi\u00eancia P\u00fablica sobre os trabalhos da comiss\u00e3o;<\/p>\n<p>5)      Garantia das conquistas do  movimento estudantil acordadas previamente \u00e0 ocupa\u00e7\u00e3o da reitoria  (posicionamento contra o corte de vagas, calend\u00e1rio de conclus\u00e3o das  obras);<\/p>\n<p>6)      Reconhecimento das  reivindica\u00e7\u00f5es dos servidores t\u00e9cnico-administrativos e pela abertura de  negocia\u00e7\u00e3o pelo governo federal;<\/p>\n<p>7)      N\u00e3o criminaliza\u00e7\u00e3o dos estudantes e\/ou das entidades estudantis que realizaram a ocupa\u00e7\u00e3o.<\/p>\n<p>Esta luta \u00e9 um exemplo e demonstra a  for\u00e7a do movimento estudantil organizado. A ocupa\u00e7\u00e3o \u00e9 um instrumento de  luta leg\u00edtimo e muitas vezes necess\u00e1rio. A decis\u00e3o que os estudantes  tomaram em assembl\u00e9ia resultou em avan\u00e7o nas conquistas e no  fortalecimento do movimento estudantil.<\/p>\n<p>Chamamos todos estudantes a seguir na luta, pois unidos teremos ainda mais vit\u00f3rias.<\/p>\n<p><a href=\"http:\/\/ocupacaoreitoriaufsc.wordpress.com\/2011\/08\/29\/ocupacao-vitoriosa\/\"><em><strong>*Fonte: Blog Ocupa\u00e7\u00e3o Vitoriosa UFSC<\/strong><\/em><\/a><\/p>\n","protected":false},"excerpt":{"rendered":"<p>Na \u00faltima quinta-feira estudantes da UFSC decidiram em Assembleia Geral ocupar a reitoria por considerar insuficientes as medidas tomada pela reitoria desde o in\u00edcio do semestre, desde quando houve v\u00e1rios atos e uma semana de vig\u00edlia. Ap\u00f3s o reitor ter garantido o n\u00e3o corte de vagas no curso de economia e ter se posicionado pela [&hellip;]<\/p>\n","protected":false},"author":2,"featured_media":0,"comment_status":"open","ping_status":"open","sticky":false,"template":"","format":"standard","meta":{"_acf_changed":false,"footnotes":""},"categories":[4766],"tags":[],"class_list":{"0":"post-887","1":"post","2":"type-post","3":"status-publish","4":"format-standard","6":"category-arquivo"},"acf":[],"yoast_head":"<!-- This site is optimized with the Yoast SEO plugin v26.5 - https:\/\/yoast.com\/wordpress\/plugins\/seo\/ -->\n<title>Ocupa\u00e7\u00e3o vitoriosa na UFSC - PSOL 50<\/title>\n<meta name=\"robots\" content=\"index, follow, max-snippet:-1, max-image-preview:large, max-video-preview:-1\" \/>\n<link rel=\"canonical\" href=\"https:\/\/psol50.org.br\/ocupacao-vitoriosa-na-ufsc\/\" \/>\n<meta property=\"og:locale\" content=\"pt_BR\" \/>\n<meta property=\"og:type\" content=\"article\" \/>\n<meta property=\"og:title\" content=\"Ocupa\u00e7\u00e3o vitoriosa na UFSC - PSOL 50\" \/>\n<meta property=\"og:description\" content=\"Na \u00faltima quinta-feira estudantes da UFSC decidiram em Assembleia Geral ocupar a reitoria por considerar insuficientes as medidas tomada pela reitoria desde o in\u00edcio do semestre, desde quando houve v\u00e1rios atos e uma semana de vig\u00edlia. Ap\u00f3s o reitor ter garantido o n\u00e3o corte de vagas no curso de economia e ter se posicionado pela [&hellip;]\" \/>\n<meta property=\"og:url\" content=\"https:\/\/psol50.org.br\/ocupacao-vitoriosa-na-ufsc\/\" \/>\n<meta property=\"og:site_name\" content=\"PSOL 50\" \/>\n<meta property=\"article:publisher\" content=\"https:\/\/www.facebook.com\/psol50\" \/>\n<meta property=\"article:published_time\" content=\"2011-09-01T00:00:00+00:00\" \/>\n<meta property=\"og:image\" content=\"http:\/\/psol50.org.br\/files\/2011\/09\/OcupacaoUFSC.jpg\" \/>\n<meta name=\"author\" content=\"Comunica\u00e7\u00e3o PSOL\" \/>\n<meta name=\"twitter:card\" content=\"summary_large_image\" \/>\n<meta name=\"twitter:creator\" content=\"@psol50\" \/>\n<meta name=\"twitter:site\" content=\"@psol50\" \/>\n<meta name=\"twitter:label1\" content=\"Escrito por\" \/>\n\t<meta name=\"twitter:data1\" content=\"Comunica\u00e7\u00e3o PSOL\" \/>\n\t<meta name=\"twitter:label2\" content=\"Est. tempo de leitura\" \/>\n\t<meta name=\"twitter:data2\" content=\"4 minutos\" \/>\n<script type=\"application\/ld+json\" class=\"yoast-schema-graph\">{\"@context\":\"https:\/\/schema.org\",\"@graph\":[{\"@type\":\"Article\",\"@id\":\"https:\/\/psol50.org.br\/ocupacao-vitoriosa-na-ufsc\/#article\",\"isPartOf\":{\"@id\":\"https:\/\/psol50.org.br\/ocupacao-vitoriosa-na-ufsc\/\"},\"author\":{\"name\":\"Comunica\u00e7\u00e3o PSOL\",\"@id\":\"https:\/\/psol50.org.br\/#\/schema\/person\/475dfa57d0b815993c714c2e96491fcd\"},\"headline\":\"Ocupa\u00e7\u00e3o vitoriosa na UFSC\",\"datePublished\":\"2011-09-01T00:00:00+00:00\",\"mainEntityOfPage\":{\"@id\":\"https:\/\/psol50.org.br\/ocupacao-vitoriosa-na-ufsc\/\"},\"wordCount\":747,\"commentCount\":0,\"publisher\":{\"@id\":\"https:\/\/psol50.org.br\/#organization\"},\"image\":{\"@id\":\"https:\/\/psol50.org.br\/ocupacao-vitoriosa-na-ufsc\/#primaryimage\"},\"thumbnailUrl\":\"http:\/\/psol50.org.br\/files\/2011\/09\/OcupacaoUFSC.jpg\",\"articleSection\":[\"Arquivo\"],\"inLanguage\":\"pt-BR\",\"potentialAction\":[{\"@type\":\"CommentAction\",\"name\":\"Comment\",\"target\":[\"https:\/\/psol50.org.br\/ocupacao-vitoriosa-na-ufsc\/#respond\"]}]},{\"@type\":\"WebPage\",\"@id\":\"https:\/\/psol50.org.br\/ocupacao-vitoriosa-na-ufsc\/\",\"url\":\"https:\/\/psol50.org.br\/ocupacao-vitoriosa-na-ufsc\/\",\"name\":\"Ocupa\u00e7\u00e3o vitoriosa na UFSC - PSOL 50\",\"isPartOf\":{\"@id\":\"https:\/\/psol50.org.br\/#website\"},\"primaryImageOfPage\":{\"@id\":\"https:\/\/psol50.org.br\/ocupacao-vitoriosa-na-ufsc\/#primaryimage\"},\"image\":{\"@id\":\"https:\/\/psol50.org.br\/ocupacao-vitoriosa-na-ufsc\/#primaryimage\"},\"thumbnailUrl\":\"http:\/\/psol50.org.br\/files\/2011\/09\/OcupacaoUFSC.jpg\",\"datePublished\":\"2011-09-01T00:00:00+00:00\",\"breadcrumb\":{\"@id\":\"https:\/\/psol50.org.br\/ocupacao-vitoriosa-na-ufsc\/#breadcrumb\"},\"inLanguage\":\"pt-BR\",\"potentialAction\":[{\"@type\":\"ReadAction\",\"target\":[\"https:\/\/psol50.org.br\/ocupacao-vitoriosa-na-ufsc\/\"]}]},{\"@type\":\"ImageObject\",\"inLanguage\":\"pt-BR\",\"@id\":\"https:\/\/psol50.org.br\/ocupacao-vitoriosa-na-ufsc\/#primaryimage\",\"url\":\"http:\/\/psol50.org.br\/files\/2011\/09\/OcupacaoUFSC.jpg\",\"contentUrl\":\"http:\/\/psol50.org.br\/files\/2011\/09\/OcupacaoUFSC.jpg\"},{\"@type\":\"BreadcrumbList\",\"@id\":\"https:\/\/psol50.org.br\/ocupacao-vitoriosa-na-ufsc\/#breadcrumb\",\"itemListElement\":[{\"@type\":\"ListItem\",\"position\":1,\"name\":\"In\u00edcio\",\"item\":\"https:\/\/psol50.org.br\/\"},{\"@type\":\"ListItem\",\"position\":2,\"name\":\"Ocupa\u00e7\u00e3o vitoriosa na UFSC\"}]},{\"@type\":\"WebSite\",\"@id\":\"https:\/\/psol50.org.br\/#website\",\"url\":\"https:\/\/psol50.org.br\/\",\"name\":\"PSOL 50\",\"description\":\"Site oficial do Partido Socialismo e Liberdade\",\"publisher\":{\"@id\":\"https:\/\/psol50.org.br\/#organization\"},\"alternateName\":\"PSOL50\",\"potentialAction\":[{\"@type\":\"SearchAction\",\"target\":{\"@type\":\"EntryPoint\",\"urlTemplate\":\"https:\/\/psol50.org.br\/?s={search_term_string}\"},\"query-input\":{\"@type\":\"PropertyValueSpecification\",\"valueRequired\":true,\"valueName\":\"search_term_string\"}}],\"inLanguage\":\"pt-BR\"},{\"@type\":\"Organization\",\"@id\":\"https:\/\/psol50.org.br\/#organization\",\"name\":\"PSOL 50\",\"alternateName\":\"PSOL 50\",\"url\":\"https:\/\/psol50.org.br\/\",\"logo\":{\"@type\":\"ImageObject\",\"inLanguage\":\"pt-BR\",\"@id\":\"https:\/\/psol50.org.br\/#\/schema\/logo\/image\/\",\"url\":\"https:\/\/psol50.org.br\/inc\/uploads\/2018\/07\/capa.png\",\"contentUrl\":\"https:\/\/psol50.org.br\/inc\/uploads\/2018\/07\/capa.png\",\"width\":1350,\"height\":900,\"caption\":\"PSOL 50\"},\"image\":{\"@id\":\"https:\/\/psol50.org.br\/#\/schema\/logo\/image\/\"},\"sameAs\":[\"https:\/\/www.facebook.com\/psol50\",\"https:\/\/x.com\/psol50\",\"https:\/\/www.instagram.com\/psol50\/\",\"https:\/\/www.youtube.com\/channel\/UC7SnJS5o1os7a6CaiNabzcg\"]},{\"@type\":\"Person\",\"@id\":\"https:\/\/psol50.org.br\/#\/schema\/person\/475dfa57d0b815993c714c2e96491fcd\",\"name\":\"Comunica\u00e7\u00e3o PSOL\",\"image\":{\"@type\":\"ImageObject\",\"inLanguage\":\"pt-BR\",\"@id\":\"https:\/\/psol50.org.br\/#\/schema\/person\/image\/\",\"url\":\"https:\/\/secure.gravatar.com\/avatar\/b34fc4f4e468a4e51785917065a3db57b841f5c95dba6ad8c73aaf8f66f8f9bf?s=96&d=mm&r=g\",\"contentUrl\":\"https:\/\/secure.gravatar.com\/avatar\/b34fc4f4e468a4e51785917065a3db57b841f5c95dba6ad8c73aaf8f66f8f9bf?s=96&d=mm&r=g\",\"caption\":\"Comunica\u00e7\u00e3o PSOL\"}}]}<\/script>\n<!-- \/ Yoast SEO plugin. -->","yoast_head_json":{"title":"Ocupa\u00e7\u00e3o vitoriosa na UFSC - PSOL 50","robots":{"index":"index","follow":"follow","max-snippet":"max-snippet:-1","max-image-preview":"max-image-preview:large","max-video-preview":"max-video-preview:-1"},"canonical":"https:\/\/psol50.org.br\/ocupacao-vitoriosa-na-ufsc\/","og_locale":"pt_BR","og_type":"article","og_title":"Ocupa\u00e7\u00e3o vitoriosa na UFSC - PSOL 50","og_description":"Na \u00faltima quinta-feira estudantes da UFSC decidiram em Assembleia Geral ocupar a reitoria por considerar insuficientes as medidas tomada pela reitoria desde o in\u00edcio do semestre, desde quando houve v\u00e1rios atos e uma semana de vig\u00edlia. Ap\u00f3s o reitor ter garantido o n\u00e3o corte de vagas no curso de economia e ter se posicionado pela [&hellip;]","og_url":"https:\/\/psol50.org.br\/ocupacao-vitoriosa-na-ufsc\/","og_site_name":"PSOL 50","article_publisher":"https:\/\/www.facebook.com\/psol50","article_published_time":"2011-09-01T00:00:00+00:00","og_image":[{"url":"http:\/\/psol50.org.br\/files\/2011\/09\/OcupacaoUFSC.jpg","type":"","width":"","height":""}],"author":"Comunica\u00e7\u00e3o PSOL","twitter_card":"summary_large_image","twitter_creator":"@psol50","twitter_site":"@psol50","twitter_misc":{"Escrito por":"Comunica\u00e7\u00e3o PSOL","Est. tempo de leitura":"4 minutos"},"schema":{"@context":"https:\/\/schema.org","@graph":[{"@type":"Article","@id":"https:\/\/psol50.org.br\/ocupacao-vitoriosa-na-ufsc\/#article","isPartOf":{"@id":"https:\/\/psol50.org.br\/ocupacao-vitoriosa-na-ufsc\/"},"author":{"name":"Comunica\u00e7\u00e3o PSOL","@id":"https:\/\/psol50.org.br\/#\/schema\/person\/475dfa57d0b815993c714c2e96491fcd"},"headline":"Ocupa\u00e7\u00e3o vitoriosa na UFSC","datePublished":"2011-09-01T00:00:00+00:00","mainEntityOfPage":{"@id":"https:\/\/psol50.org.br\/ocupacao-vitoriosa-na-ufsc\/"},"wordCount":747,"commentCount":0,"publisher":{"@id":"https:\/\/psol50.org.br\/#organization"},"image":{"@id":"https:\/\/psol50.org.br\/ocupacao-vitoriosa-na-ufsc\/#primaryimage"},"thumbnailUrl":"http:\/\/psol50.org.br\/files\/2011\/09\/OcupacaoUFSC.jpg","articleSection":["Arquivo"],"inLanguage":"pt-BR","potentialAction":[{"@type":"CommentAction","name":"Comment","target":["https:\/\/psol50.org.br\/ocupacao-vitoriosa-na-ufsc\/#respond"]}]},{"@type":"WebPage","@id":"https:\/\/psol50.org.br\/ocupacao-vitoriosa-na-ufsc\/","url":"https:\/\/psol50.org.br\/ocupacao-vitoriosa-na-ufsc\/","name":"Ocupa\u00e7\u00e3o vitoriosa na UFSC - PSOL 50","isPartOf":{"@id":"https:\/\/psol50.org.br\/#website"},"primaryImageOfPage":{"@id":"https:\/\/psol50.org.br\/ocupacao-vitoriosa-na-ufsc\/#primaryimage"},"image":{"@id":"https:\/\/psol50.org.br\/ocupacao-vitoriosa-na-ufsc\/#primaryimage"},"thumbnailUrl":"http:\/\/psol50.org.br\/files\/2011\/09\/OcupacaoUFSC.jpg","datePublished":"2011-09-01T00:00:00+00:00","breadcrumb":{"@id":"https:\/\/psol50.org.br\/ocupacao-vitoriosa-na-ufsc\/#breadcrumb"},"inLanguage":"pt-BR","potentialAction":[{"@type":"ReadAction","target":["https:\/\/psol50.org.br\/ocupacao-vitoriosa-na-ufsc\/"]}]},{"@type":"ImageObject","inLanguage":"pt-BR","@id":"https:\/\/psol50.org.br\/ocupacao-vitoriosa-na-ufsc\/#primaryimage","url":"http:\/\/psol50.org.br\/files\/2011\/09\/OcupacaoUFSC.jpg","contentUrl":"http:\/\/psol50.org.br\/files\/2011\/09\/OcupacaoUFSC.jpg"},{"@type":"BreadcrumbList","@id":"https:\/\/psol50.org.br\/ocupacao-vitoriosa-na-ufsc\/#breadcrumb","itemListElement":[{"@type":"ListItem","position":1,"name":"In\u00edcio","item":"https:\/\/psol50.org.br\/"},{"@type":"ListItem","position":2,"name":"Ocupa\u00e7\u00e3o vitoriosa na UFSC"}]},{"@type":"WebSite","@id":"https:\/\/psol50.org.br\/#website","url":"https:\/\/psol50.org.br\/","name":"PSOL 50","description":"Site oficial do Partido Socialismo e Liberdade","publisher":{"@id":"https:\/\/psol50.org.br\/#organization"},"alternateName":"PSOL50","potentialAction":[{"@type":"SearchAction","target":{"@type":"EntryPoint","urlTemplate":"https:\/\/psol50.org.br\/?s={search_term_string}"},"query-input":{"@type":"PropertyValueSpecification","valueRequired":true,"valueName":"search_term_string"}}],"inLanguage":"pt-BR"},{"@type":"Organization","@id":"https:\/\/psol50.org.br\/#organization","name":"PSOL 50","alternateName":"PSOL 50","url":"https:\/\/psol50.org.br\/","logo":{"@type":"ImageObject","inLanguage":"pt-BR","@id":"https:\/\/psol50.org.br\/#\/schema\/logo\/image\/","url":"https:\/\/psol50.org.br\/inc\/uploads\/2018\/07\/capa.png","contentUrl":"https:\/\/psol50.org.br\/inc\/uploads\/2018\/07\/capa.png","width":1350,"height":900,"caption":"PSOL 50"},"image":{"@id":"https:\/\/psol50.org.br\/#\/schema\/logo\/image\/"},"sameAs":["https:\/\/www.facebook.com\/psol50","https:\/\/x.com\/psol50","https:\/\/www.instagram.com\/psol50\/","https:\/\/www.youtube.com\/channel\/UC7SnJS5o1os7a6CaiNabzcg"]},{"@type":"Person","@id":"https:\/\/psol50.org.br\/#\/schema\/person\/475dfa57d0b815993c714c2e96491fcd","name":"Comunica\u00e7\u00e3o PSOL","image":{"@type":"ImageObject","inLanguage":"pt-BR","@id":"https:\/\/psol50.org.br\/#\/schema\/person\/image\/","url":"https:\/\/secure.gravatar.com\/avatar\/b34fc4f4e468a4e51785917065a3db57b841f5c95dba6ad8c73aaf8f66f8f9bf?s=96&d=mm&r=g","contentUrl":"https:\/\/secure.gravatar.com\/avatar\/b34fc4f4e468a4e51785917065a3db57b841f5c95dba6ad8c73aaf8f66f8f9bf?s=96&d=mm&r=g","caption":"Comunica\u00e7\u00e3o PSOL"}}]}},"_links":{"self":[{"href":"https:\/\/psol50.org.br\/rest\/wp\/v2\/posts\/887","targetHints":{"allow":["GET"]}}],"collection":[{"href":"https:\/\/psol50.org.br\/rest\/wp\/v2\/posts"}],"about":[{"href":"https:\/\/psol50.org.br\/rest\/wp\/v2\/types\/post"}],"author":[{"embeddable":true,"href":"https:\/\/psol50.org.br\/rest\/wp\/v2\/users\/2"}],"replies":[{"embeddable":true,"href":"https:\/\/psol50.org.br\/rest\/wp\/v2\/comments?post=887"}],"version-history":[{"count":0,"href":"https:\/\/psol50.org.br\/rest\/wp\/v2\/posts\/887\/revisions"}],"wp:attachment":[{"href":"https:\/\/psol50.org.br\/rest\/wp\/v2\/media?parent=887"}],"wp:term":[{"taxonomy":"category","embeddable":true,"href":"https:\/\/psol50.org.br\/rest\/wp\/v2\/categories?post=887"},{"taxonomy":"post_tag","embeddable":true,"href":"https:\/\/psol50.org.br\/rest\/wp\/v2\/tags?post=887"}],"curies":[{"name":"wp","href":"https:\/\/api.w.org\/{rel}","templated":true}]}}