{"id":893,"date":"2011-09-06T00:00:00","date_gmt":"2011-09-06T00:00:00","guid":{"rendered":"http:\/\/psol50.org.br\/arquivo\/2011\/09\/06\/mst-bloqueia-br-116-norte-em-feira-de-santana-ba\/"},"modified":"2011-09-06T00:00:00","modified_gmt":"2011-09-06T00:00:00","slug":"mst-bloqueia-br-116-norte-em-feira-de-santana-ba","status":"publish","type":"post","link":"https:\/\/psol50.org.br\/mst-bloqueia-br-116-norte-em-feira-de-santana-ba\/","title":{"rendered":"MST bloqueia BR-116 Norte, em Feira de Santana (BA)"},"content":{"rendered":"<p style=\"text-align: justify\"><a rel=\"attachment wp-att-10665\" href=\"http:\/\/psol50.org.br\/blog\/2011\/09\/06\/mst-bloqueia-br-116-norte-em-feira-de-santana-ba\/mstb_feirasantana\/\"><img loading=\"lazy\" decoding=\"async\" class=\"alignright size-full wp-image-10665\" src=\"http:\/\/psol50.org.br\/files\/2011\/09\/MSTB_FeiraSantana.jpg\" alt=\"\" width=\"350\" height=\"228\" \/><\/a>Integrantes do Movimento Sem Teto (MST), pertencentes ao Quilombo Lucas da Feira, em Feira de Santana (BA), fecharam as duas vias da BR-116 Norte, nas imedia\u00e7\u00f5es da Universidade Estadual de Feira de Santana (UEFS), durante protestos na manh\u00e3 desta segunda-feira (5).<\/p>\n<p>O grupo iniciou a manifesta\u00e7\u00e3o por volta das 7h, queimando sof\u00e1s, colch\u00f5es e pneus\u00a0 pr\u00f3ximo \u00e0 antiga f\u00e1brica da Alimba, onde est\u00e3o assentadas 87 fam\u00edlias desde o dia 23 de abril deste ano. O objetivo \u00e9 pressionar o governo municipal a adiantar o processo de desapropria\u00e7\u00e3o da \u00e1rea. Por conta do protesto, que durou duas horas, o congestionamento na via chegou a 3 km.<\/p>\n<p>Durante a manifesta\u00e7ao, houve um momento de tens\u00e3o, quando um policial civil, n\u00e3o identificado, desceu um ve\u00edculo Fiat Pailo prata com uma arma em punho e amea\u00e7ou atirar contra os manifestantes, caso n\u00e3o o deixasse passar. O policial chegou a descer com o carro at\u00e9 o bloqueio, mas foi contido por agentes da Pol\u00edcia Rodovi\u00e1ria Federal (PRF-BA), que o fez retornar e aguardar o fim do protesto.<\/p>\n<p>De acordo com Joquielson Batista, coordenador da ocupa\u00e7\u00e3o, a Secretaria de Desenvolvimento Urbano do Estado (Sedur) fez uma visita t\u00e9cnica ao terreno e se comprometeu a construir habita\u00e7\u00f5es por meio da Conder, mas necessita antes que a prefeitura providencie a desapropria\u00e7\u00e3o.<\/p>\n<p>&#8220;Pedimos servi\u00e7os essenciais, como coleta de lixo, vigil\u00e2ncia sanit\u00e1ria e escola para as mais de 300 crian\u00e7as. At\u00e9 agora, s\u00f3 conseguimos a coleta de lixo&#8221;, disse Batista.<\/p>\n<p>Ainda conforme o coordenador, a \u00faltima reuni\u00e3o com a prefeitura aconteceu em maio. Outra deveria ser marcada ap\u00f3s 30 dias, mas foi cancelada sem novo agendamento. Batista explica que os propriet\u00e1rios do terreno j\u00e1 foram notificados atrav\u00e9s de edital, mas n\u00e3o responderam.<\/p>\n<p>O secret\u00e1rio municipal de Habita\u00e7\u00e3o, Gilberto Ruy, esteve no local e afirmou que uma nova reuni\u00e3o com a prefeitura dever\u00e1 acontecer na pr\u00f3xima quinta (8) ou sexta-feira (9). Atrav\u00e9s de sua assessoria de comunica\u00e7\u00e3o, a Prefeitura Municipal de Feira de Santana explicou que o edital foi publicado no dia 10 de agosto e que j\u00e1 foi iniciada a negocia\u00e7\u00e3o para desapropria\u00e7\u00e3o do terreno. Sobre os servi\u00e7os essenciais, a administra\u00e7\u00e3o do munic\u00edpio explicou que todas as demandas foram repassadas \u00e0s secretarias respons\u00e1veis e que os problemas devem ser resolvidos &#8220;o mais breve poss\u00edvel&#8221;.<\/p>\n<p><a href=\"http:\/\/www.ojornalimpacto.net\/v1\/2011\/09\/05\/mst-bloqueia-br-116-norte-em-feira-de-santana\/\"><em><strong>*Fonte: Jornal Impacto <\/strong><\/em><\/a><\/p>\n","protected":false},"excerpt":{"rendered":"<p>Integrantes do Movimento Sem Teto (MST), pertencentes ao Quilombo Lucas da Feira, em Feira de Santana (BA), fecharam as duas vias da BR-116 Norte, nas imedia\u00e7\u00f5es da Universidade Estadual de Feira de Santana (UEFS), durante protestos na manh\u00e3 desta segunda-feira (5). O grupo iniciou a manifesta\u00e7\u00e3o por volta das 7h, queimando sof\u00e1s, colch\u00f5es e pneus\u00a0 [&hellip;]<\/p>\n","protected":false},"author":2,"featured_media":0,"comment_status":"open","ping_status":"open","sticky":false,"template":"","format":"standard","meta":{"_acf_changed":false,"footnotes":""},"categories":[4766],"tags":[],"class_list":{"0":"post-893","1":"post","2":"type-post","3":"status-publish","4":"format-standard","6":"category-arquivo"},"acf":[],"yoast_head":"<!-- This site is optimized with the Yoast SEO plugin v26.5 - https:\/\/yoast.com\/wordpress\/plugins\/seo\/ -->\n<title>MST bloqueia BR-116 Norte, em Feira de Santana (BA) - PSOL 50<\/title>\n<meta name=\"robots\" content=\"index, follow, max-snippet:-1, max-image-preview:large, max-video-preview:-1\" \/>\n<link rel=\"canonical\" href=\"https:\/\/psol50.org.br\/mst-bloqueia-br-116-norte-em-feira-de-santana-ba\/\" \/>\n<meta property=\"og:locale\" content=\"pt_BR\" \/>\n<meta property=\"og:type\" content=\"article\" \/>\n<meta property=\"og:title\" content=\"MST bloqueia BR-116 Norte, em Feira de Santana (BA) - PSOL 50\" \/>\n<meta property=\"og:description\" content=\"Integrantes do Movimento Sem Teto (MST), pertencentes ao Quilombo Lucas da Feira, em Feira de Santana (BA), fecharam as duas vias da BR-116 Norte, nas imedia\u00e7\u00f5es da Universidade Estadual de Feira de Santana (UEFS), durante protestos na manh\u00e3 desta segunda-feira (5). O grupo iniciou a manifesta\u00e7\u00e3o por volta das 7h, queimando sof\u00e1s, colch\u00f5es e pneus\u00a0 [&hellip;]\" \/>\n<meta property=\"og:url\" content=\"https:\/\/psol50.org.br\/mst-bloqueia-br-116-norte-em-feira-de-santana-ba\/\" \/>\n<meta property=\"og:site_name\" content=\"PSOL 50\" \/>\n<meta property=\"article:publisher\" content=\"https:\/\/www.facebook.com\/psol50\" \/>\n<meta property=\"article:published_time\" content=\"2011-09-06T00:00:00+00:00\" \/>\n<meta property=\"og:image\" content=\"http:\/\/psol50.org.br\/files\/2011\/09\/MSTB_FeiraSantana.jpg\" \/>\n<meta name=\"author\" content=\"Comunica\u00e7\u00e3o PSOL\" \/>\n<meta name=\"twitter:card\" content=\"summary_large_image\" \/>\n<meta name=\"twitter:creator\" content=\"@psol50\" \/>\n<meta name=\"twitter:site\" content=\"@psol50\" \/>\n<meta name=\"twitter:label1\" content=\"Escrito por\" \/>\n\t<meta name=\"twitter:data1\" content=\"Comunica\u00e7\u00e3o PSOL\" \/>\n\t<meta name=\"twitter:label2\" content=\"Est. tempo de leitura\" \/>\n\t<meta name=\"twitter:data2\" content=\"2 minutos\" \/>\n<script type=\"application\/ld+json\" class=\"yoast-schema-graph\">{\"@context\":\"https:\/\/schema.org\",\"@graph\":[{\"@type\":\"Article\",\"@id\":\"https:\/\/psol50.org.br\/mst-bloqueia-br-116-norte-em-feira-de-santana-ba\/#article\",\"isPartOf\":{\"@id\":\"https:\/\/psol50.org.br\/mst-bloqueia-br-116-norte-em-feira-de-santana-ba\/\"},\"author\":{\"name\":\"Comunica\u00e7\u00e3o PSOL\",\"@id\":\"https:\/\/psol50.org.br\/#\/schema\/person\/475dfa57d0b815993c714c2e96491fcd\"},\"headline\":\"MST bloqueia BR-116 Norte, em Feira de Santana (BA)\",\"datePublished\":\"2011-09-06T00:00:00+00:00\",\"mainEntityOfPage\":{\"@id\":\"https:\/\/psol50.org.br\/mst-bloqueia-br-116-norte-em-feira-de-santana-ba\/\"},\"wordCount\":418,\"commentCount\":0,\"publisher\":{\"@id\":\"https:\/\/psol50.org.br\/#organization\"},\"image\":{\"@id\":\"https:\/\/psol50.org.br\/mst-bloqueia-br-116-norte-em-feira-de-santana-ba\/#primaryimage\"},\"thumbnailUrl\":\"http:\/\/psol50.org.br\/files\/2011\/09\/MSTB_FeiraSantana.jpg\",\"articleSection\":[\"Arquivo\"],\"inLanguage\":\"pt-BR\",\"potentialAction\":[{\"@type\":\"CommentAction\",\"name\":\"Comment\",\"target\":[\"https:\/\/psol50.org.br\/mst-bloqueia-br-116-norte-em-feira-de-santana-ba\/#respond\"]}]},{\"@type\":\"WebPage\",\"@id\":\"https:\/\/psol50.org.br\/mst-bloqueia-br-116-norte-em-feira-de-santana-ba\/\",\"url\":\"https:\/\/psol50.org.br\/mst-bloqueia-br-116-norte-em-feira-de-santana-ba\/\",\"name\":\"MST bloqueia BR-116 Norte, em Feira de Santana (BA) - PSOL 50\",\"isPartOf\":{\"@id\":\"https:\/\/psol50.org.br\/#website\"},\"primaryImageOfPage\":{\"@id\":\"https:\/\/psol50.org.br\/mst-bloqueia-br-116-norte-em-feira-de-santana-ba\/#primaryimage\"},\"image\":{\"@id\":\"https:\/\/psol50.org.br\/mst-bloqueia-br-116-norte-em-feira-de-santana-ba\/#primaryimage\"},\"thumbnailUrl\":\"http:\/\/psol50.org.br\/files\/2011\/09\/MSTB_FeiraSantana.jpg\",\"datePublished\":\"2011-09-06T00:00:00+00:00\",\"breadcrumb\":{\"@id\":\"https:\/\/psol50.org.br\/mst-bloqueia-br-116-norte-em-feira-de-santana-ba\/#breadcrumb\"},\"inLanguage\":\"pt-BR\",\"potentialAction\":[{\"@type\":\"ReadAction\",\"target\":[\"https:\/\/psol50.org.br\/mst-bloqueia-br-116-norte-em-feira-de-santana-ba\/\"]}]},{\"@type\":\"ImageObject\",\"inLanguage\":\"pt-BR\",\"@id\":\"https:\/\/psol50.org.br\/mst-bloqueia-br-116-norte-em-feira-de-santana-ba\/#primaryimage\",\"url\":\"http:\/\/psol50.org.br\/files\/2011\/09\/MSTB_FeiraSantana.jpg\",\"contentUrl\":\"http:\/\/psol50.org.br\/files\/2011\/09\/MSTB_FeiraSantana.jpg\"},{\"@type\":\"BreadcrumbList\",\"@id\":\"https:\/\/psol50.org.br\/mst-bloqueia-br-116-norte-em-feira-de-santana-ba\/#breadcrumb\",\"itemListElement\":[{\"@type\":\"ListItem\",\"position\":1,\"name\":\"In\u00edcio\",\"item\":\"https:\/\/psol50.org.br\/\"},{\"@type\":\"ListItem\",\"position\":2,\"name\":\"MST bloqueia BR-116 Norte, em Feira de Santana (BA)\"}]},{\"@type\":\"WebSite\",\"@id\":\"https:\/\/psol50.org.br\/#website\",\"url\":\"https:\/\/psol50.org.br\/\",\"name\":\"PSOL 50\",\"description\":\"Site oficial do Partido Socialismo e Liberdade\",\"publisher\":{\"@id\":\"https:\/\/psol50.org.br\/#organization\"},\"alternateName\":\"PSOL50\",\"potentialAction\":[{\"@type\":\"SearchAction\",\"target\":{\"@type\":\"EntryPoint\",\"urlTemplate\":\"https:\/\/psol50.org.br\/?s={search_term_string}\"},\"query-input\":{\"@type\":\"PropertyValueSpecification\",\"valueRequired\":true,\"valueName\":\"search_term_string\"}}],\"inLanguage\":\"pt-BR\"},{\"@type\":\"Organization\",\"@id\":\"https:\/\/psol50.org.br\/#organization\",\"name\":\"PSOL 50\",\"alternateName\":\"PSOL 50\",\"url\":\"https:\/\/psol50.org.br\/\",\"logo\":{\"@type\":\"ImageObject\",\"inLanguage\":\"pt-BR\",\"@id\":\"https:\/\/psol50.org.br\/#\/schema\/logo\/image\/\",\"url\":\"https:\/\/psol50.org.br\/inc\/uploads\/2018\/07\/capa.png\",\"contentUrl\":\"https:\/\/psol50.org.br\/inc\/uploads\/2018\/07\/capa.png\",\"width\":1350,\"height\":900,\"caption\":\"PSOL 50\"},\"image\":{\"@id\":\"https:\/\/psol50.org.br\/#\/schema\/logo\/image\/\"},\"sameAs\":[\"https:\/\/www.facebook.com\/psol50\",\"https:\/\/x.com\/psol50\",\"https:\/\/www.instagram.com\/psol50\/\",\"https:\/\/www.youtube.com\/channel\/UC7SnJS5o1os7a6CaiNabzcg\"]},{\"@type\":\"Person\",\"@id\":\"https:\/\/psol50.org.br\/#\/schema\/person\/475dfa57d0b815993c714c2e96491fcd\",\"name\":\"Comunica\u00e7\u00e3o PSOL\",\"image\":{\"@type\":\"ImageObject\",\"inLanguage\":\"pt-BR\",\"@id\":\"https:\/\/psol50.org.br\/#\/schema\/person\/image\/\",\"url\":\"https:\/\/secure.gravatar.com\/avatar\/b34fc4f4e468a4e51785917065a3db57b841f5c95dba6ad8c73aaf8f66f8f9bf?s=96&d=mm&r=g\",\"contentUrl\":\"https:\/\/secure.gravatar.com\/avatar\/b34fc4f4e468a4e51785917065a3db57b841f5c95dba6ad8c73aaf8f66f8f9bf?s=96&d=mm&r=g\",\"caption\":\"Comunica\u00e7\u00e3o PSOL\"}}]}<\/script>\n<!-- \/ Yoast SEO plugin. -->","yoast_head_json":{"title":"MST bloqueia BR-116 Norte, em Feira de Santana (BA) - PSOL 50","robots":{"index":"index","follow":"follow","max-snippet":"max-snippet:-1","max-image-preview":"max-image-preview:large","max-video-preview":"max-video-preview:-1"},"canonical":"https:\/\/psol50.org.br\/mst-bloqueia-br-116-norte-em-feira-de-santana-ba\/","og_locale":"pt_BR","og_type":"article","og_title":"MST bloqueia BR-116 Norte, em Feira de Santana (BA) - PSOL 50","og_description":"Integrantes do Movimento Sem Teto (MST), pertencentes ao Quilombo Lucas da Feira, em Feira de Santana (BA), fecharam as duas vias da BR-116 Norte, nas imedia\u00e7\u00f5es da Universidade Estadual de Feira de Santana (UEFS), durante protestos na manh\u00e3 desta segunda-feira (5). O grupo iniciou a manifesta\u00e7\u00e3o por volta das 7h, queimando sof\u00e1s, colch\u00f5es e pneus\u00a0 [&hellip;]","og_url":"https:\/\/psol50.org.br\/mst-bloqueia-br-116-norte-em-feira-de-santana-ba\/","og_site_name":"PSOL 50","article_publisher":"https:\/\/www.facebook.com\/psol50","article_published_time":"2011-09-06T00:00:00+00:00","og_image":[{"url":"http:\/\/psol50.org.br\/files\/2011\/09\/MSTB_FeiraSantana.jpg","type":"","width":"","height":""}],"author":"Comunica\u00e7\u00e3o PSOL","twitter_card":"summary_large_image","twitter_creator":"@psol50","twitter_site":"@psol50","twitter_misc":{"Escrito por":"Comunica\u00e7\u00e3o PSOL","Est. tempo de leitura":"2 minutos"},"schema":{"@context":"https:\/\/schema.org","@graph":[{"@type":"Article","@id":"https:\/\/psol50.org.br\/mst-bloqueia-br-116-norte-em-feira-de-santana-ba\/#article","isPartOf":{"@id":"https:\/\/psol50.org.br\/mst-bloqueia-br-116-norte-em-feira-de-santana-ba\/"},"author":{"name":"Comunica\u00e7\u00e3o PSOL","@id":"https:\/\/psol50.org.br\/#\/schema\/person\/475dfa57d0b815993c714c2e96491fcd"},"headline":"MST bloqueia BR-116 Norte, em Feira de Santana (BA)","datePublished":"2011-09-06T00:00:00+00:00","mainEntityOfPage":{"@id":"https:\/\/psol50.org.br\/mst-bloqueia-br-116-norte-em-feira-de-santana-ba\/"},"wordCount":418,"commentCount":0,"publisher":{"@id":"https:\/\/psol50.org.br\/#organization"},"image":{"@id":"https:\/\/psol50.org.br\/mst-bloqueia-br-116-norte-em-feira-de-santana-ba\/#primaryimage"},"thumbnailUrl":"http:\/\/psol50.org.br\/files\/2011\/09\/MSTB_FeiraSantana.jpg","articleSection":["Arquivo"],"inLanguage":"pt-BR","potentialAction":[{"@type":"CommentAction","name":"Comment","target":["https:\/\/psol50.org.br\/mst-bloqueia-br-116-norte-em-feira-de-santana-ba\/#respond"]}]},{"@type":"WebPage","@id":"https:\/\/psol50.org.br\/mst-bloqueia-br-116-norte-em-feira-de-santana-ba\/","url":"https:\/\/psol50.org.br\/mst-bloqueia-br-116-norte-em-feira-de-santana-ba\/","name":"MST bloqueia BR-116 Norte, em Feira de Santana (BA) - PSOL 50","isPartOf":{"@id":"https:\/\/psol50.org.br\/#website"},"primaryImageOfPage":{"@id":"https:\/\/psol50.org.br\/mst-bloqueia-br-116-norte-em-feira-de-santana-ba\/#primaryimage"},"image":{"@id":"https:\/\/psol50.org.br\/mst-bloqueia-br-116-norte-em-feira-de-santana-ba\/#primaryimage"},"thumbnailUrl":"http:\/\/psol50.org.br\/files\/2011\/09\/MSTB_FeiraSantana.jpg","datePublished":"2011-09-06T00:00:00+00:00","breadcrumb":{"@id":"https:\/\/psol50.org.br\/mst-bloqueia-br-116-norte-em-feira-de-santana-ba\/#breadcrumb"},"inLanguage":"pt-BR","potentialAction":[{"@type":"ReadAction","target":["https:\/\/psol50.org.br\/mst-bloqueia-br-116-norte-em-feira-de-santana-ba\/"]}]},{"@type":"ImageObject","inLanguage":"pt-BR","@id":"https:\/\/psol50.org.br\/mst-bloqueia-br-116-norte-em-feira-de-santana-ba\/#primaryimage","url":"http:\/\/psol50.org.br\/files\/2011\/09\/MSTB_FeiraSantana.jpg","contentUrl":"http:\/\/psol50.org.br\/files\/2011\/09\/MSTB_FeiraSantana.jpg"},{"@type":"BreadcrumbList","@id":"https:\/\/psol50.org.br\/mst-bloqueia-br-116-norte-em-feira-de-santana-ba\/#breadcrumb","itemListElement":[{"@type":"ListItem","position":1,"name":"In\u00edcio","item":"https:\/\/psol50.org.br\/"},{"@type":"ListItem","position":2,"name":"MST bloqueia BR-116 Norte, em Feira de Santana (BA)"}]},{"@type":"WebSite","@id":"https:\/\/psol50.org.br\/#website","url":"https:\/\/psol50.org.br\/","name":"PSOL 50","description":"Site oficial do Partido Socialismo e Liberdade","publisher":{"@id":"https:\/\/psol50.org.br\/#organization"},"alternateName":"PSOL50","potentialAction":[{"@type":"SearchAction","target":{"@type":"EntryPoint","urlTemplate":"https:\/\/psol50.org.br\/?s={search_term_string}"},"query-input":{"@type":"PropertyValueSpecification","valueRequired":true,"valueName":"search_term_string"}}],"inLanguage":"pt-BR"},{"@type":"Organization","@id":"https:\/\/psol50.org.br\/#organization","name":"PSOL 50","alternateName":"PSOL 50","url":"https:\/\/psol50.org.br\/","logo":{"@type":"ImageObject","inLanguage":"pt-BR","@id":"https:\/\/psol50.org.br\/#\/schema\/logo\/image\/","url":"https:\/\/psol50.org.br\/inc\/uploads\/2018\/07\/capa.png","contentUrl":"https:\/\/psol50.org.br\/inc\/uploads\/2018\/07\/capa.png","width":1350,"height":900,"caption":"PSOL 50"},"image":{"@id":"https:\/\/psol50.org.br\/#\/schema\/logo\/image\/"},"sameAs":["https:\/\/www.facebook.com\/psol50","https:\/\/x.com\/psol50","https:\/\/www.instagram.com\/psol50\/","https:\/\/www.youtube.com\/channel\/UC7SnJS5o1os7a6CaiNabzcg"]},{"@type":"Person","@id":"https:\/\/psol50.org.br\/#\/schema\/person\/475dfa57d0b815993c714c2e96491fcd","name":"Comunica\u00e7\u00e3o PSOL","image":{"@type":"ImageObject","inLanguage":"pt-BR","@id":"https:\/\/psol50.org.br\/#\/schema\/person\/image\/","url":"https:\/\/secure.gravatar.com\/avatar\/b34fc4f4e468a4e51785917065a3db57b841f5c95dba6ad8c73aaf8f66f8f9bf?s=96&d=mm&r=g","contentUrl":"https:\/\/secure.gravatar.com\/avatar\/b34fc4f4e468a4e51785917065a3db57b841f5c95dba6ad8c73aaf8f66f8f9bf?s=96&d=mm&r=g","caption":"Comunica\u00e7\u00e3o PSOL"}}]}},"_links":{"self":[{"href":"https:\/\/psol50.org.br\/rest\/wp\/v2\/posts\/893","targetHints":{"allow":["GET"]}}],"collection":[{"href":"https:\/\/psol50.org.br\/rest\/wp\/v2\/posts"}],"about":[{"href":"https:\/\/psol50.org.br\/rest\/wp\/v2\/types\/post"}],"author":[{"embeddable":true,"href":"https:\/\/psol50.org.br\/rest\/wp\/v2\/users\/2"}],"replies":[{"embeddable":true,"href":"https:\/\/psol50.org.br\/rest\/wp\/v2\/comments?post=893"}],"version-history":[{"count":0,"href":"https:\/\/psol50.org.br\/rest\/wp\/v2\/posts\/893\/revisions"}],"wp:attachment":[{"href":"https:\/\/psol50.org.br\/rest\/wp\/v2\/media?parent=893"}],"wp:term":[{"taxonomy":"category","embeddable":true,"href":"https:\/\/psol50.org.br\/rest\/wp\/v2\/categories?post=893"},{"taxonomy":"post_tag","embeddable":true,"href":"https:\/\/psol50.org.br\/rest\/wp\/v2\/tags?post=893"}],"curies":[{"name":"wp","href":"https:\/\/api.w.org\/{rel}","templated":true}]}}