{"id":895,"date":"2011-09-09T00:00:00","date_gmt":"2011-09-09T00:00:00","guid":{"rendered":"http:\/\/psol50.org.br\/arquivo\/2011\/09\/09\/manifestacao-historica-dos-operarios-da-construcao-civil-em-belem\/"},"modified":"2011-09-09T00:00:00","modified_gmt":"2011-09-09T00:00:00","slug":"manifestacao-historica-dos-operarios-da-construcao-civil-em-belem","status":"publish","type":"post","link":"https:\/\/psol50.org.br\/manifestacao-historica-dos-operarios-da-construcao-civil-em-belem\/","title":{"rendered":"Manifesta\u00e7\u00e3o hist\u00f3rica dos oper\u00e1rios da constru\u00e7\u00e3o civil em Bel\u00e9m"},"content":{"rendered":"<p style=\"text-align: center\"><em><strong><a rel=\"attachment wp-att-10715\" href=\"http:\/\/psol50.org.br\/blog\/2011\/09\/09\/manifestacao-historica-dos-operarios-da-construcao-civil-em-belem\/constcivilpa\/\"><img loading=\"lazy\" decoding=\"async\" class=\"aligncenter size-full wp-image-10715\" src=\"http:\/\/psol50.org.br\/files\/2011\/09\/ConstCivilPA.jpg\" alt=\"\" width=\"400\" height=\"239\" \/><\/a>&#8220;Esta foi uma manifesta\u00e7\u00e3o hist\u00f3rica dos\u00a0 trabalhadores e traballhadoras da constru\u00e7\u00e3o civil em Bel\u00e9m, uma li\u00e7\u00e3o de for\u00e7a, disposi\u00e7\u00e3o e unidade para lutar pelos seus direitos. Para essa gente de bem e incans\u00e1vel, o nosso apre\u00e7o e apoio&#8221;<\/strong><\/em><\/p>\n<p style=\"text-align: center\"><em><strong>Marinor Brito, senadora do PSOL-PA<\/strong><\/em><\/p>\n<p style=\"text-align: justify\"><span style=\"text-decoration: underline\"><em><strong>Cerca de 10 mil oper\u00e1rios marcham no primeiro dia de greve da\u00a0 constru\u00e7\u00e3o civil de Bel\u00e9m (PA)<br \/>\n<\/strong><\/em><\/span><br \/>\nCome\u00e7ou forte o primeiro dia de greve dos trabalhadores da constru\u00e7\u00e3o civil de Bel\u00e9m (PA) nesse dia 5 de setembro. A paralisa\u00e7\u00e3o havia sido deliberada na assembleia realizada no \u00faltimo dia 25 e que reuniu 2 mil oper\u00e1rios, e ratificada no dia 1\u00ba, prazo dado \u00e0 patronal. \u201cNossa greve come\u00e7ou muito forte, os trabalhadores est\u00e3o indignados com os baixos sal\u00e1rios e as condi\u00e7\u00f5es de servi\u00e7o e est\u00e3o demonstrando muita disposi\u00e7\u00e3o de luta\u201d, afirma Cleber Rabelo, dirigente do Sindicato da Constru\u00e7\u00e3o Civil de Bel\u00e9m (PA). Ap\u00f3s paralisarem os canteiros, cerca de 10 mil trabalhadores marcharam pelas principais ruas da cidade.<\/p>\n<p>Em algumas obras do governo, como a da Santa Casa, a pol\u00edcia reprimiu com bombas de g\u00e1s e spray pimenta. Dois oper\u00e1rios tamb\u00e9m acabaram detidos. \u201cOs trabalhadores questionaram essa atitude vergonhosa do governo, porque aqui n\u00e3o tem bandidos, somos todos pais e m\u00e3es de fam\u00edlia lutando por um sal\u00e1rio justo\u201d, indigna-se Cleber.<br \/>\n<em><strong><br \/>\nReivindica\u00e7\u00f5es<\/strong><\/em><br \/>\nNo in\u00edcio das negocia\u00e7\u00f5es da campanha salarial, a patronal ofereceu apenas o equivalente a 1% de reajuste real, uma provoca\u00e7\u00e3o que indignou os oper\u00e1rios. Ap\u00f3s v\u00e1rias mobiliza\u00e7\u00f5es e press\u00e3o, o Sinduscon-PA, sindicato patronal, acenou com reajuste real de 3%, ainda bem abaixo dos lucros do setor no \u00faltimo per\u00edodo e das necessidades dos oper\u00e1rios. A reivindica\u00e7\u00e3o dos trabalhadores \u00e9 de sal\u00e1rio de R$ 680 aos serventes, R$ 770 aos meio-oficiais, R$ 1000 para os profissionais; al\u00e9m de cesta b\u00e1sica de R$ 150, plano de sa\u00fade, qualifica\u00e7\u00e3o e 10% de vagas para as mulheres. A incorpora\u00e7\u00e3o das reivindica\u00e7\u00f5es das mulheres e a participa\u00e7\u00e3o feminina est\u00e3o sendo destaque nessa campanha.<\/p>\n<p>Al\u00e9m da pauta salarial, Cleber destaca ainda o conjunto de reivindica\u00e7\u00f5es pol\u00edticas que est\u00e3o sendo levantadas nas mobiliza\u00e7\u00f5es. \u201cNossa luta tamb\u00e9m \u00e9 contra a corrup\u00e7\u00e3o que impera nesse estado, exigindo a pris\u00e3o dos corruptos, contra a divis\u00e3o do Par\u00e1 e contra a usina de Belo Monte\u201d, afirma.<\/p>\n<p style=\"text-align: justify\"><em><strong>Fonte: <a href=\"http:\/\/pstu.org.br\/movimento_materia.asp?id=13311&amp;ida=0\">Movimento\/PSTU<\/a><\/strong><\/em><\/p>\n","protected":false},"excerpt":{"rendered":"<p>&#8220;Esta foi uma manifesta\u00e7\u00e3o hist\u00f3rica dos\u00a0 trabalhadores e traballhadoras da constru\u00e7\u00e3o civil em Bel\u00e9m, uma li\u00e7\u00e3o de for\u00e7a, disposi\u00e7\u00e3o e unidade para lutar pelos seus direitos. Para essa gente de bem e incans\u00e1vel, o nosso apre\u00e7o e apoio&#8221; Marinor Brito, senadora do PSOL-PA Cerca de 10 mil oper\u00e1rios marcham no primeiro dia de greve da\u00a0 [&hellip;]<\/p>\n","protected":false},"author":2,"featured_media":0,"comment_status":"open","ping_status":"open","sticky":false,"template":"","format":"standard","meta":{"_acf_changed":false,"footnotes":""},"categories":[4766],"tags":[],"class_list":{"0":"post-895","1":"post","2":"type-post","3":"status-publish","4":"format-standard","6":"category-arquivo"},"acf":[],"yoast_head":"<!-- This site is optimized with the Yoast SEO plugin v26.5 - https:\/\/yoast.com\/wordpress\/plugins\/seo\/ -->\n<title>Manifesta\u00e7\u00e3o hist\u00f3rica dos oper\u00e1rios da constru\u00e7\u00e3o civil em Bel\u00e9m - PSOL 50<\/title>\n<meta name=\"robots\" content=\"index, follow, max-snippet:-1, max-image-preview:large, max-video-preview:-1\" \/>\n<link rel=\"canonical\" href=\"https:\/\/psol50.org.br\/manifestacao-historica-dos-operarios-da-construcao-civil-em-belem\/\" \/>\n<meta property=\"og:locale\" content=\"pt_BR\" \/>\n<meta property=\"og:type\" content=\"article\" \/>\n<meta property=\"og:title\" content=\"Manifesta\u00e7\u00e3o hist\u00f3rica dos oper\u00e1rios da constru\u00e7\u00e3o civil em Bel\u00e9m - PSOL 50\" \/>\n<meta property=\"og:description\" content=\"&#8220;Esta foi uma manifesta\u00e7\u00e3o hist\u00f3rica dos\u00a0 trabalhadores e traballhadoras da constru\u00e7\u00e3o civil em Bel\u00e9m, uma li\u00e7\u00e3o de for\u00e7a, disposi\u00e7\u00e3o e unidade para lutar pelos seus direitos. Para essa gente de bem e incans\u00e1vel, o nosso apre\u00e7o e apoio&#8221; Marinor Brito, senadora do PSOL-PA Cerca de 10 mil oper\u00e1rios marcham no primeiro dia de greve da\u00a0 [&hellip;]\" \/>\n<meta property=\"og:url\" content=\"https:\/\/psol50.org.br\/manifestacao-historica-dos-operarios-da-construcao-civil-em-belem\/\" \/>\n<meta property=\"og:site_name\" content=\"PSOL 50\" \/>\n<meta property=\"article:publisher\" content=\"https:\/\/www.facebook.com\/psol50\" \/>\n<meta property=\"article:published_time\" content=\"2011-09-09T00:00:00+00:00\" \/>\n<meta property=\"og:image\" content=\"http:\/\/psol50.org.br\/files\/2011\/09\/ConstCivilPA.jpg\" \/>\n<meta name=\"author\" content=\"Comunica\u00e7\u00e3o PSOL\" \/>\n<meta name=\"twitter:card\" content=\"summary_large_image\" \/>\n<meta name=\"twitter:creator\" content=\"@psol50\" \/>\n<meta name=\"twitter:site\" content=\"@psol50\" \/>\n<meta name=\"twitter:label1\" content=\"Escrito por\" \/>\n\t<meta name=\"twitter:data1\" content=\"Comunica\u00e7\u00e3o PSOL\" \/>\n\t<meta name=\"twitter:label2\" content=\"Est. tempo de leitura\" \/>\n\t<meta name=\"twitter:data2\" content=\"2 minutos\" \/>\n<script type=\"application\/ld+json\" class=\"yoast-schema-graph\">{\"@context\":\"https:\/\/schema.org\",\"@graph\":[{\"@type\":\"Article\",\"@id\":\"https:\/\/psol50.org.br\/manifestacao-historica-dos-operarios-da-construcao-civil-em-belem\/#article\",\"isPartOf\":{\"@id\":\"https:\/\/psol50.org.br\/manifestacao-historica-dos-operarios-da-construcao-civil-em-belem\/\"},\"author\":{\"name\":\"Comunica\u00e7\u00e3o PSOL\",\"@id\":\"https:\/\/psol50.org.br\/#\/schema\/person\/475dfa57d0b815993c714c2e96491fcd\"},\"headline\":\"Manifesta\u00e7\u00e3o hist\u00f3rica dos oper\u00e1rios da constru\u00e7\u00e3o civil em Bel\u00e9m\",\"datePublished\":\"2011-09-09T00:00:00+00:00\",\"mainEntityOfPage\":{\"@id\":\"https:\/\/psol50.org.br\/manifestacao-historica-dos-operarios-da-construcao-civil-em-belem\/\"},\"wordCount\":433,\"commentCount\":0,\"publisher\":{\"@id\":\"https:\/\/psol50.org.br\/#organization\"},\"image\":{\"@id\":\"https:\/\/psol50.org.br\/manifestacao-historica-dos-operarios-da-construcao-civil-em-belem\/#primaryimage\"},\"thumbnailUrl\":\"http:\/\/psol50.org.br\/files\/2011\/09\/ConstCivilPA.jpg\",\"articleSection\":[\"Arquivo\"],\"inLanguage\":\"pt-BR\",\"potentialAction\":[{\"@type\":\"CommentAction\",\"name\":\"Comment\",\"target\":[\"https:\/\/psol50.org.br\/manifestacao-historica-dos-operarios-da-construcao-civil-em-belem\/#respond\"]}]},{\"@type\":\"WebPage\",\"@id\":\"https:\/\/psol50.org.br\/manifestacao-historica-dos-operarios-da-construcao-civil-em-belem\/\",\"url\":\"https:\/\/psol50.org.br\/manifestacao-historica-dos-operarios-da-construcao-civil-em-belem\/\",\"name\":\"Manifesta\u00e7\u00e3o hist\u00f3rica dos oper\u00e1rios da constru\u00e7\u00e3o civil em Bel\u00e9m - PSOL 50\",\"isPartOf\":{\"@id\":\"https:\/\/psol50.org.br\/#website\"},\"primaryImageOfPage\":{\"@id\":\"https:\/\/psol50.org.br\/manifestacao-historica-dos-operarios-da-construcao-civil-em-belem\/#primaryimage\"},\"image\":{\"@id\":\"https:\/\/psol50.org.br\/manifestacao-historica-dos-operarios-da-construcao-civil-em-belem\/#primaryimage\"},\"thumbnailUrl\":\"http:\/\/psol50.org.br\/files\/2011\/09\/ConstCivilPA.jpg\",\"datePublished\":\"2011-09-09T00:00:00+00:00\",\"breadcrumb\":{\"@id\":\"https:\/\/psol50.org.br\/manifestacao-historica-dos-operarios-da-construcao-civil-em-belem\/#breadcrumb\"},\"inLanguage\":\"pt-BR\",\"potentialAction\":[{\"@type\":\"ReadAction\",\"target\":[\"https:\/\/psol50.org.br\/manifestacao-historica-dos-operarios-da-construcao-civil-em-belem\/\"]}]},{\"@type\":\"ImageObject\",\"inLanguage\":\"pt-BR\",\"@id\":\"https:\/\/psol50.org.br\/manifestacao-historica-dos-operarios-da-construcao-civil-em-belem\/#primaryimage\",\"url\":\"http:\/\/psol50.org.br\/files\/2011\/09\/ConstCivilPA.jpg\",\"contentUrl\":\"http:\/\/psol50.org.br\/files\/2011\/09\/ConstCivilPA.jpg\"},{\"@type\":\"BreadcrumbList\",\"@id\":\"https:\/\/psol50.org.br\/manifestacao-historica-dos-operarios-da-construcao-civil-em-belem\/#breadcrumb\",\"itemListElement\":[{\"@type\":\"ListItem\",\"position\":1,\"name\":\"In\u00edcio\",\"item\":\"https:\/\/psol50.org.br\/\"},{\"@type\":\"ListItem\",\"position\":2,\"name\":\"Manifesta\u00e7\u00e3o hist\u00f3rica dos oper\u00e1rios da constru\u00e7\u00e3o civil em Bel\u00e9m\"}]},{\"@type\":\"WebSite\",\"@id\":\"https:\/\/psol50.org.br\/#website\",\"url\":\"https:\/\/psol50.org.br\/\",\"name\":\"PSOL 50\",\"description\":\"Site oficial do Partido Socialismo e Liberdade\",\"publisher\":{\"@id\":\"https:\/\/psol50.org.br\/#organization\"},\"alternateName\":\"PSOL50\",\"potentialAction\":[{\"@type\":\"SearchAction\",\"target\":{\"@type\":\"EntryPoint\",\"urlTemplate\":\"https:\/\/psol50.org.br\/?s={search_term_string}\"},\"query-input\":{\"@type\":\"PropertyValueSpecification\",\"valueRequired\":true,\"valueName\":\"search_term_string\"}}],\"inLanguage\":\"pt-BR\"},{\"@type\":\"Organization\",\"@id\":\"https:\/\/psol50.org.br\/#organization\",\"name\":\"PSOL 50\",\"alternateName\":\"PSOL 50\",\"url\":\"https:\/\/psol50.org.br\/\",\"logo\":{\"@type\":\"ImageObject\",\"inLanguage\":\"pt-BR\",\"@id\":\"https:\/\/psol50.org.br\/#\/schema\/logo\/image\/\",\"url\":\"https:\/\/psol50.org.br\/inc\/uploads\/2018\/07\/capa.png\",\"contentUrl\":\"https:\/\/psol50.org.br\/inc\/uploads\/2018\/07\/capa.png\",\"width\":1350,\"height\":900,\"caption\":\"PSOL 50\"},\"image\":{\"@id\":\"https:\/\/psol50.org.br\/#\/schema\/logo\/image\/\"},\"sameAs\":[\"https:\/\/www.facebook.com\/psol50\",\"https:\/\/x.com\/psol50\",\"https:\/\/www.instagram.com\/psol50\/\",\"https:\/\/www.youtube.com\/channel\/UC7SnJS5o1os7a6CaiNabzcg\"]},{\"@type\":\"Person\",\"@id\":\"https:\/\/psol50.org.br\/#\/schema\/person\/475dfa57d0b815993c714c2e96491fcd\",\"name\":\"Comunica\u00e7\u00e3o PSOL\",\"image\":{\"@type\":\"ImageObject\",\"inLanguage\":\"pt-BR\",\"@id\":\"https:\/\/psol50.org.br\/#\/schema\/person\/image\/\",\"url\":\"https:\/\/secure.gravatar.com\/avatar\/b34fc4f4e468a4e51785917065a3db57b841f5c95dba6ad8c73aaf8f66f8f9bf?s=96&d=mm&r=g\",\"contentUrl\":\"https:\/\/secure.gravatar.com\/avatar\/b34fc4f4e468a4e51785917065a3db57b841f5c95dba6ad8c73aaf8f66f8f9bf?s=96&d=mm&r=g\",\"caption\":\"Comunica\u00e7\u00e3o PSOL\"}}]}<\/script>\n<!-- \/ Yoast SEO plugin. -->","yoast_head_json":{"title":"Manifesta\u00e7\u00e3o hist\u00f3rica dos oper\u00e1rios da constru\u00e7\u00e3o civil em Bel\u00e9m - PSOL 50","robots":{"index":"index","follow":"follow","max-snippet":"max-snippet:-1","max-image-preview":"max-image-preview:large","max-video-preview":"max-video-preview:-1"},"canonical":"https:\/\/psol50.org.br\/manifestacao-historica-dos-operarios-da-construcao-civil-em-belem\/","og_locale":"pt_BR","og_type":"article","og_title":"Manifesta\u00e7\u00e3o hist\u00f3rica dos oper\u00e1rios da constru\u00e7\u00e3o civil em Bel\u00e9m - PSOL 50","og_description":"&#8220;Esta foi uma manifesta\u00e7\u00e3o hist\u00f3rica dos\u00a0 trabalhadores e traballhadoras da constru\u00e7\u00e3o civil em Bel\u00e9m, uma li\u00e7\u00e3o de for\u00e7a, disposi\u00e7\u00e3o e unidade para lutar pelos seus direitos. Para essa gente de bem e incans\u00e1vel, o nosso apre\u00e7o e apoio&#8221; Marinor Brito, senadora do PSOL-PA Cerca de 10 mil oper\u00e1rios marcham no primeiro dia de greve da\u00a0 [&hellip;]","og_url":"https:\/\/psol50.org.br\/manifestacao-historica-dos-operarios-da-construcao-civil-em-belem\/","og_site_name":"PSOL 50","article_publisher":"https:\/\/www.facebook.com\/psol50","article_published_time":"2011-09-09T00:00:00+00:00","og_image":[{"url":"http:\/\/psol50.org.br\/files\/2011\/09\/ConstCivilPA.jpg","type":"","width":"","height":""}],"author":"Comunica\u00e7\u00e3o PSOL","twitter_card":"summary_large_image","twitter_creator":"@psol50","twitter_site":"@psol50","twitter_misc":{"Escrito por":"Comunica\u00e7\u00e3o PSOL","Est. tempo de leitura":"2 minutos"},"schema":{"@context":"https:\/\/schema.org","@graph":[{"@type":"Article","@id":"https:\/\/psol50.org.br\/manifestacao-historica-dos-operarios-da-construcao-civil-em-belem\/#article","isPartOf":{"@id":"https:\/\/psol50.org.br\/manifestacao-historica-dos-operarios-da-construcao-civil-em-belem\/"},"author":{"name":"Comunica\u00e7\u00e3o PSOL","@id":"https:\/\/psol50.org.br\/#\/schema\/person\/475dfa57d0b815993c714c2e96491fcd"},"headline":"Manifesta\u00e7\u00e3o hist\u00f3rica dos oper\u00e1rios da constru\u00e7\u00e3o civil em Bel\u00e9m","datePublished":"2011-09-09T00:00:00+00:00","mainEntityOfPage":{"@id":"https:\/\/psol50.org.br\/manifestacao-historica-dos-operarios-da-construcao-civil-em-belem\/"},"wordCount":433,"commentCount":0,"publisher":{"@id":"https:\/\/psol50.org.br\/#organization"},"image":{"@id":"https:\/\/psol50.org.br\/manifestacao-historica-dos-operarios-da-construcao-civil-em-belem\/#primaryimage"},"thumbnailUrl":"http:\/\/psol50.org.br\/files\/2011\/09\/ConstCivilPA.jpg","articleSection":["Arquivo"],"inLanguage":"pt-BR","potentialAction":[{"@type":"CommentAction","name":"Comment","target":["https:\/\/psol50.org.br\/manifestacao-historica-dos-operarios-da-construcao-civil-em-belem\/#respond"]}]},{"@type":"WebPage","@id":"https:\/\/psol50.org.br\/manifestacao-historica-dos-operarios-da-construcao-civil-em-belem\/","url":"https:\/\/psol50.org.br\/manifestacao-historica-dos-operarios-da-construcao-civil-em-belem\/","name":"Manifesta\u00e7\u00e3o hist\u00f3rica dos oper\u00e1rios da constru\u00e7\u00e3o civil em Bel\u00e9m - PSOL 50","isPartOf":{"@id":"https:\/\/psol50.org.br\/#website"},"primaryImageOfPage":{"@id":"https:\/\/psol50.org.br\/manifestacao-historica-dos-operarios-da-construcao-civil-em-belem\/#primaryimage"},"image":{"@id":"https:\/\/psol50.org.br\/manifestacao-historica-dos-operarios-da-construcao-civil-em-belem\/#primaryimage"},"thumbnailUrl":"http:\/\/psol50.org.br\/files\/2011\/09\/ConstCivilPA.jpg","datePublished":"2011-09-09T00:00:00+00:00","breadcrumb":{"@id":"https:\/\/psol50.org.br\/manifestacao-historica-dos-operarios-da-construcao-civil-em-belem\/#breadcrumb"},"inLanguage":"pt-BR","potentialAction":[{"@type":"ReadAction","target":["https:\/\/psol50.org.br\/manifestacao-historica-dos-operarios-da-construcao-civil-em-belem\/"]}]},{"@type":"ImageObject","inLanguage":"pt-BR","@id":"https:\/\/psol50.org.br\/manifestacao-historica-dos-operarios-da-construcao-civil-em-belem\/#primaryimage","url":"http:\/\/psol50.org.br\/files\/2011\/09\/ConstCivilPA.jpg","contentUrl":"http:\/\/psol50.org.br\/files\/2011\/09\/ConstCivilPA.jpg"},{"@type":"BreadcrumbList","@id":"https:\/\/psol50.org.br\/manifestacao-historica-dos-operarios-da-construcao-civil-em-belem\/#breadcrumb","itemListElement":[{"@type":"ListItem","position":1,"name":"In\u00edcio","item":"https:\/\/psol50.org.br\/"},{"@type":"ListItem","position":2,"name":"Manifesta\u00e7\u00e3o hist\u00f3rica dos oper\u00e1rios da constru\u00e7\u00e3o civil em Bel\u00e9m"}]},{"@type":"WebSite","@id":"https:\/\/psol50.org.br\/#website","url":"https:\/\/psol50.org.br\/","name":"PSOL 50","description":"Site oficial do Partido Socialismo e Liberdade","publisher":{"@id":"https:\/\/psol50.org.br\/#organization"},"alternateName":"PSOL50","potentialAction":[{"@type":"SearchAction","target":{"@type":"EntryPoint","urlTemplate":"https:\/\/psol50.org.br\/?s={search_term_string}"},"query-input":{"@type":"PropertyValueSpecification","valueRequired":true,"valueName":"search_term_string"}}],"inLanguage":"pt-BR"},{"@type":"Organization","@id":"https:\/\/psol50.org.br\/#organization","name":"PSOL 50","alternateName":"PSOL 50","url":"https:\/\/psol50.org.br\/","logo":{"@type":"ImageObject","inLanguage":"pt-BR","@id":"https:\/\/psol50.org.br\/#\/schema\/logo\/image\/","url":"https:\/\/psol50.org.br\/inc\/uploads\/2018\/07\/capa.png","contentUrl":"https:\/\/psol50.org.br\/inc\/uploads\/2018\/07\/capa.png","width":1350,"height":900,"caption":"PSOL 50"},"image":{"@id":"https:\/\/psol50.org.br\/#\/schema\/logo\/image\/"},"sameAs":["https:\/\/www.facebook.com\/psol50","https:\/\/x.com\/psol50","https:\/\/www.instagram.com\/psol50\/","https:\/\/www.youtube.com\/channel\/UC7SnJS5o1os7a6CaiNabzcg"]},{"@type":"Person","@id":"https:\/\/psol50.org.br\/#\/schema\/person\/475dfa57d0b815993c714c2e96491fcd","name":"Comunica\u00e7\u00e3o PSOL","image":{"@type":"ImageObject","inLanguage":"pt-BR","@id":"https:\/\/psol50.org.br\/#\/schema\/person\/image\/","url":"https:\/\/secure.gravatar.com\/avatar\/b34fc4f4e468a4e51785917065a3db57b841f5c95dba6ad8c73aaf8f66f8f9bf?s=96&d=mm&r=g","contentUrl":"https:\/\/secure.gravatar.com\/avatar\/b34fc4f4e468a4e51785917065a3db57b841f5c95dba6ad8c73aaf8f66f8f9bf?s=96&d=mm&r=g","caption":"Comunica\u00e7\u00e3o PSOL"}}]}},"_links":{"self":[{"href":"https:\/\/psol50.org.br\/rest\/wp\/v2\/posts\/895","targetHints":{"allow":["GET"]}}],"collection":[{"href":"https:\/\/psol50.org.br\/rest\/wp\/v2\/posts"}],"about":[{"href":"https:\/\/psol50.org.br\/rest\/wp\/v2\/types\/post"}],"author":[{"embeddable":true,"href":"https:\/\/psol50.org.br\/rest\/wp\/v2\/users\/2"}],"replies":[{"embeddable":true,"href":"https:\/\/psol50.org.br\/rest\/wp\/v2\/comments?post=895"}],"version-history":[{"count":0,"href":"https:\/\/psol50.org.br\/rest\/wp\/v2\/posts\/895\/revisions"}],"wp:attachment":[{"href":"https:\/\/psol50.org.br\/rest\/wp\/v2\/media?parent=895"}],"wp:term":[{"taxonomy":"category","embeddable":true,"href":"https:\/\/psol50.org.br\/rest\/wp\/v2\/categories?post=895"},{"taxonomy":"post_tag","embeddable":true,"href":"https:\/\/psol50.org.br\/rest\/wp\/v2\/tags?post=895"}],"curies":[{"name":"wp","href":"https:\/\/api.w.org\/{rel}","templated":true}]}}