{"id":907,"date":"2011-09-22T00:00:00","date_gmt":"2011-09-22T00:00:00","guid":{"rendered":"http:\/\/psol50.org.br\/arquivo\/2011\/09\/22\/perdemos-primeira-batalha-luta-continua-para-salvar-hospitais-universitarios-da-privatizacao\/"},"modified":"2011-09-22T00:00:00","modified_gmt":"2011-09-22T00:00:00","slug":"perdemos-primeira-batalha-luta-continua-para-salvar-hospitais-universitarios-da-privatizacao","status":"publish","type":"post","link":"https:\/\/psol50.org.br\/perdemos-primeira-batalha-luta-continua-para-salvar-hospitais-universitarios-da-privatizacao\/","title":{"rendered":"Perdemos primeira batalha. Luta continua para salvar Hospitais Universit\u00e1rios da privatiza\u00e7\u00e3o"},"content":{"rendered":"<p><strong><em><a rel=\"attachment wp-att-11026\" href=\"http:\/\/psol50.org.br\/blog\/2011\/09\/22\/perdemos-primeira-batalha-luta-continua-para-salvar-hospitais-universitarios-da-privatizacao\/fasubra_hus\/\"><img loading=\"lazy\" decoding=\"async\" class=\"alignleft size-full wp-image-11026\" src=\"http:\/\/psol50.org.br\/files\/2011\/09\/Fasubra_HUs.jpg\" alt=\"\" width=\"380\" height=\"253\" \/><\/a>Mesmo diante de todos os protestos, mobiliza\u00e7\u00f5es em todos os estados que possuem HU\u00b4s, interven\u00e7\u00e3o de deputados, atos p\u00fablicos, e nem mesmo apelar para o bom senso e compromisso social de deputados federais foram suficientes para barrar o PL 1749\/2011 na C\u00e2mara dos Deputados na noite do dia 20 de setembro.<br \/>\n<\/em><\/strong><br \/>\nDepois de mais de oito meses de luta contra a privatiza\u00e7\u00e3o dos HUs, as manobras do Governo Federal junto aos deputados surtiram o efeito que os t\u00e9cnico-administrativos em educa\u00e7\u00e3o tanto combateram e, por 240 votos a favor e 112 contra, a C\u00e2mara aprovou o substitutivo do Deputado Danilo Forte ao PL 1749\/2001, que cria a Empresa Brasileira de Servi\u00e7os Hospitalares \u2013 EBSERH.<\/p>\n<p>O processo de vota\u00e7\u00e3o come\u00e7ou na Comiss\u00e3o Especial que avaliou o relat\u00f3rio sob intensas cr\u00edticas e manifesta\u00e7\u00f5es de integrantes da categoria que foram impedidos pela seguran\u00e7a daquela casa, de adentrar ao plen\u00e1rio da comiss\u00e3o.<\/p>\n<p>A categoria ficou fora do Plen\u00e1rio 9, no corredor que d\u00e1 acesso \u00e0s comiss\u00f5es, cercada por seguran\u00e7as da Pol\u00edcia Legislativa que tinha a miss\u00e3o de evitar a obstru\u00e7\u00e3o da vota\u00e7\u00e3o pela categoria, como ocorreu na semana passada, e no dia 31 de agosto quando a dire\u00e7\u00e3o FASUBRA e membros do Comando Nacional de Greve inviabilizaram as reuni\u00f5es da comiss\u00e3o, for\u00e7ando o adiamento da vota\u00e7\u00e3o.<\/p>\n<p>Do lado de fora da C\u00e2mara, mais manifestantes tentavam burlar a seguran\u00e7a para entrar naquela Casa Legislativa, sem, no entanto, obter resultado. A ordem era de impedir qualquer protesto que prejudicasse a vota\u00e7\u00e3o tanto na Comiss\u00e3o, quanto no Plen\u00e1rio da C\u00e2mara onde a mat\u00e9ria estava na ordem do dia. A estrat\u00e9gia utilizada pelo presidente da Comiss\u00e3o Especial, deputado Rog\u00e9rio Carvalho, deu certo, e \u00e0s 16h17, foi aprovado o relat\u00f3rio na Comiss\u00e3o, que posteriormente o enviou ao Plen\u00e1rio, ou seja, a ordem do governo era votar a mat\u00e9ria e criar a empresa a qualquer custo.<\/p>\n<p>Nem assim a categoria se deu por vencida e permaneceu na C\u00e2mara, at\u00e9 o in\u00edcio da sess\u00e3o ordin\u00e1ria onde o pleno votaria a mat\u00e9ria, em mais uma tentativa de convencer os deputados federais de que os HU\u2019s s\u00e3o patrim\u00f4nio da sociedade e fundamental para que o elo entre ensino\/pesquisa\/extens\u00e3o, autonomia universit\u00e1ria e assist\u00eancia \u00e0 sa\u00fade fosse mantido.<\/p>\n<p>Alternativa \u2013 Agora a op\u00e7\u00e3o que resta aos trabalhadores (as) \u00e9 direcionar a press\u00e3o aos senadores da Rep\u00fablica, que v\u00e3o atuar na revis\u00e3o do PL, como estabelece o regimento do Congresso Nacional, sem esquecer de fazer amplas den\u00fancias em todo o Brasil dos deputados que entregaram HUs \u00e0 iniciativa privada.<\/p>\n<p>MP e PL \u2013 A iniciativa de cria\u00e7\u00e3o da EBSERH surgiu com o presidente Lula atrav\u00e9s da MP 520\/2010, mas felizmente n\u00e3o surtiu efeito pr\u00e1tico. Depois veio o PL 1749\/2011, ambas a\u00e7\u00f5es do Governo Federal tentaram se ajustar \u00e0s recomenda\u00e7\u00f5es do Tribunal de Contas da Uni\u00e3o feitas em 2008, \u00e0 \u00e9poca o TCU exigiu do governo a regulariza\u00e7\u00e3o da situa\u00e7\u00e3o trabalhista de mais de 26 mil trabalhadores que atuam nas funda\u00e7\u00f5es de apoio das universidades, ou seja, o governo encontrou o atalho mais f\u00e1cil, desvincular os HUs das universidades e se desobrigar dos investimentos \u00e0 educa\u00e7\u00e3o e a sa\u00fade p\u00fablicas, sob pena de severos preju\u00edzos \u00e0 popula\u00e7\u00e3o usu\u00e1ria dessas unidades hospitalares.<\/p>\n<p>Um dos piores v\u00e9rtices da EBSERH, que inaugura o processo de privatiza\u00e7\u00e3o nos HUs, \u00e9 a possibilidade de contrata\u00e7\u00e3o de pessoal celetista, portanto fora do regime jur\u00eddico \u00fanico dos servidores p\u00fablicos, fato que a FASUBRA vem combatendo por defender concurso p\u00fablico nos moldes do regime jur\u00eddico.<\/p>\n<p>Segundo o PL, os atuais 53 mil trabalhadores t\u00e9cnico-administrativos que atuam nos hospitais universit\u00e1rios dever\u00e3o ser cedidos \u00e0 EBSERH, preservando, em princ\u00edpio os direitos e vantagens que ora possuem. J\u00e1 o pessoal contratado irregularmente poder\u00e1 ser recontratado pela EBSERH temporariamente e por um prazo m\u00e1ximo de 5 anos, per\u00edodo em que dever\u00e3o ser realizados concursos p\u00fablicos de provas e t\u00edtulos para contrata\u00e7\u00e3o de novos empregados p\u00fablicos, em regime celetista.<\/p>\n<p><em><strong>A sociedade brasileira perdeu duramente a primeira batalha, mas no que depender da FASUBRA Sindical e de todos os sindicatos filiados, continuaremos lutando na perspectiva de conseguirmos salvar os HUs das garras da privatiza\u00e7\u00e3o.<\/strong><\/em><\/p>\n<p><a href=\"http:\/\/www.fasubra.org.br\/index.php?option=com_content&amp;view=article&amp;id=2247:sob-intensos-protestos-da-fasubra-ebserh-passa-na-camara&amp;catid=18:slideshow&amp;Itemid=19\"><em><strong>*Fonte: Fasubra <\/strong><\/em><\/a><\/p>\n","protected":false},"excerpt":{"rendered":"<p>Mesmo diante de todos os protestos, mobiliza\u00e7\u00f5es em todos os estados que possuem HU\u00b4s, interven\u00e7\u00e3o de deputados, atos p\u00fablicos, e nem mesmo apelar para o bom senso e compromisso social de deputados federais foram suficientes para barrar o PL 1749\/2011 na C\u00e2mara dos Deputados na noite do dia 20 de setembro. Depois de mais de [&hellip;]<\/p>\n","protected":false},"author":2,"featured_media":0,"comment_status":"open","ping_status":"open","sticky":false,"template":"","format":"standard","meta":{"_acf_changed":false,"footnotes":""},"categories":[4766],"tags":[],"class_list":{"0":"post-907","1":"post","2":"type-post","3":"status-publish","4":"format-standard","6":"category-arquivo"},"acf":[],"yoast_head":"<!-- This site is optimized with the Yoast SEO plugin v26.5 - https:\/\/yoast.com\/wordpress\/plugins\/seo\/ -->\n<title>Perdemos primeira batalha. Luta continua para salvar Hospitais Universit\u00e1rios da privatiza\u00e7\u00e3o - PSOL 50<\/title>\n<meta name=\"robots\" content=\"index, follow, max-snippet:-1, max-image-preview:large, max-video-preview:-1\" \/>\n<link rel=\"canonical\" href=\"https:\/\/psol50.org.br\/perdemos-primeira-batalha-luta-continua-para-salvar-hospitais-universitarios-da-privatizacao\/\" \/>\n<meta property=\"og:locale\" content=\"pt_BR\" \/>\n<meta property=\"og:type\" content=\"article\" \/>\n<meta property=\"og:title\" content=\"Perdemos primeira batalha. Luta continua para salvar Hospitais Universit\u00e1rios da privatiza\u00e7\u00e3o - PSOL 50\" \/>\n<meta property=\"og:description\" content=\"Mesmo diante de todos os protestos, mobiliza\u00e7\u00f5es em todos os estados que possuem HU\u00b4s, interven\u00e7\u00e3o de deputados, atos p\u00fablicos, e nem mesmo apelar para o bom senso e compromisso social de deputados federais foram suficientes para barrar o PL 1749\/2011 na C\u00e2mara dos Deputados na noite do dia 20 de setembro. Depois de mais de [&hellip;]\" \/>\n<meta property=\"og:url\" content=\"https:\/\/psol50.org.br\/perdemos-primeira-batalha-luta-continua-para-salvar-hospitais-universitarios-da-privatizacao\/\" \/>\n<meta property=\"og:site_name\" content=\"PSOL 50\" \/>\n<meta property=\"article:publisher\" content=\"https:\/\/www.facebook.com\/psol50\" \/>\n<meta property=\"article:published_time\" content=\"2011-09-22T00:00:00+00:00\" \/>\n<meta property=\"og:image\" content=\"http:\/\/psol50.org.br\/files\/2011\/09\/Fasubra_HUs.jpg\" \/>\n<meta name=\"author\" content=\"Comunica\u00e7\u00e3o PSOL\" \/>\n<meta name=\"twitter:card\" content=\"summary_large_image\" \/>\n<meta name=\"twitter:creator\" content=\"@psol50\" \/>\n<meta name=\"twitter:site\" content=\"@psol50\" \/>\n<meta name=\"twitter:label1\" content=\"Escrito por\" \/>\n\t<meta name=\"twitter:data1\" content=\"Comunica\u00e7\u00e3o PSOL\" \/>\n\t<meta name=\"twitter:label2\" content=\"Est. tempo de leitura\" \/>\n\t<meta name=\"twitter:data2\" content=\"4 minutos\" \/>\n<script type=\"application\/ld+json\" class=\"yoast-schema-graph\">{\"@context\":\"https:\/\/schema.org\",\"@graph\":[{\"@type\":\"Article\",\"@id\":\"https:\/\/psol50.org.br\/perdemos-primeira-batalha-luta-continua-para-salvar-hospitais-universitarios-da-privatizacao\/#article\",\"isPartOf\":{\"@id\":\"https:\/\/psol50.org.br\/perdemos-primeira-batalha-luta-continua-para-salvar-hospitais-universitarios-da-privatizacao\/\"},\"author\":{\"name\":\"Comunica\u00e7\u00e3o PSOL\",\"@id\":\"https:\/\/psol50.org.br\/#\/schema\/person\/475dfa57d0b815993c714c2e96491fcd\"},\"headline\":\"Perdemos primeira batalha. Luta continua para salvar Hospitais Universit\u00e1rios da privatiza\u00e7\u00e3o\",\"datePublished\":\"2011-09-22T00:00:00+00:00\",\"mainEntityOfPage\":{\"@id\":\"https:\/\/psol50.org.br\/perdemos-primeira-batalha-luta-continua-para-salvar-hospitais-universitarios-da-privatizacao\/\"},\"wordCount\":764,\"commentCount\":0,\"publisher\":{\"@id\":\"https:\/\/psol50.org.br\/#organization\"},\"image\":{\"@id\":\"https:\/\/psol50.org.br\/perdemos-primeira-batalha-luta-continua-para-salvar-hospitais-universitarios-da-privatizacao\/#primaryimage\"},\"thumbnailUrl\":\"http:\/\/psol50.org.br\/files\/2011\/09\/Fasubra_HUs.jpg\",\"articleSection\":[\"Arquivo\"],\"inLanguage\":\"pt-BR\",\"potentialAction\":[{\"@type\":\"CommentAction\",\"name\":\"Comment\",\"target\":[\"https:\/\/psol50.org.br\/perdemos-primeira-batalha-luta-continua-para-salvar-hospitais-universitarios-da-privatizacao\/#respond\"]}]},{\"@type\":\"WebPage\",\"@id\":\"https:\/\/psol50.org.br\/perdemos-primeira-batalha-luta-continua-para-salvar-hospitais-universitarios-da-privatizacao\/\",\"url\":\"https:\/\/psol50.org.br\/perdemos-primeira-batalha-luta-continua-para-salvar-hospitais-universitarios-da-privatizacao\/\",\"name\":\"Perdemos primeira batalha. Luta continua para salvar Hospitais Universit\u00e1rios da privatiza\u00e7\u00e3o - PSOL 50\",\"isPartOf\":{\"@id\":\"https:\/\/psol50.org.br\/#website\"},\"primaryImageOfPage\":{\"@id\":\"https:\/\/psol50.org.br\/perdemos-primeira-batalha-luta-continua-para-salvar-hospitais-universitarios-da-privatizacao\/#primaryimage\"},\"image\":{\"@id\":\"https:\/\/psol50.org.br\/perdemos-primeira-batalha-luta-continua-para-salvar-hospitais-universitarios-da-privatizacao\/#primaryimage\"},\"thumbnailUrl\":\"http:\/\/psol50.org.br\/files\/2011\/09\/Fasubra_HUs.jpg\",\"datePublished\":\"2011-09-22T00:00:00+00:00\",\"breadcrumb\":{\"@id\":\"https:\/\/psol50.org.br\/perdemos-primeira-batalha-luta-continua-para-salvar-hospitais-universitarios-da-privatizacao\/#breadcrumb\"},\"inLanguage\":\"pt-BR\",\"potentialAction\":[{\"@type\":\"ReadAction\",\"target\":[\"https:\/\/psol50.org.br\/perdemos-primeira-batalha-luta-continua-para-salvar-hospitais-universitarios-da-privatizacao\/\"]}]},{\"@type\":\"ImageObject\",\"inLanguage\":\"pt-BR\",\"@id\":\"https:\/\/psol50.org.br\/perdemos-primeira-batalha-luta-continua-para-salvar-hospitais-universitarios-da-privatizacao\/#primaryimage\",\"url\":\"http:\/\/psol50.org.br\/files\/2011\/09\/Fasubra_HUs.jpg\",\"contentUrl\":\"http:\/\/psol50.org.br\/files\/2011\/09\/Fasubra_HUs.jpg\"},{\"@type\":\"BreadcrumbList\",\"@id\":\"https:\/\/psol50.org.br\/perdemos-primeira-batalha-luta-continua-para-salvar-hospitais-universitarios-da-privatizacao\/#breadcrumb\",\"itemListElement\":[{\"@type\":\"ListItem\",\"position\":1,\"name\":\"In\u00edcio\",\"item\":\"https:\/\/psol50.org.br\/\"},{\"@type\":\"ListItem\",\"position\":2,\"name\":\"Perdemos primeira batalha. Luta continua para salvar Hospitais Universit\u00e1rios da privatiza\u00e7\u00e3o\"}]},{\"@type\":\"WebSite\",\"@id\":\"https:\/\/psol50.org.br\/#website\",\"url\":\"https:\/\/psol50.org.br\/\",\"name\":\"PSOL 50\",\"description\":\"Site oficial do Partido Socialismo e Liberdade\",\"publisher\":{\"@id\":\"https:\/\/psol50.org.br\/#organization\"},\"alternateName\":\"PSOL50\",\"potentialAction\":[{\"@type\":\"SearchAction\",\"target\":{\"@type\":\"EntryPoint\",\"urlTemplate\":\"https:\/\/psol50.org.br\/?s={search_term_string}\"},\"query-input\":{\"@type\":\"PropertyValueSpecification\",\"valueRequired\":true,\"valueName\":\"search_term_string\"}}],\"inLanguage\":\"pt-BR\"},{\"@type\":\"Organization\",\"@id\":\"https:\/\/psol50.org.br\/#organization\",\"name\":\"PSOL 50\",\"alternateName\":\"PSOL 50\",\"url\":\"https:\/\/psol50.org.br\/\",\"logo\":{\"@type\":\"ImageObject\",\"inLanguage\":\"pt-BR\",\"@id\":\"https:\/\/psol50.org.br\/#\/schema\/logo\/image\/\",\"url\":\"https:\/\/psol50.org.br\/inc\/uploads\/2018\/07\/capa.png\",\"contentUrl\":\"https:\/\/psol50.org.br\/inc\/uploads\/2018\/07\/capa.png\",\"width\":1350,\"height\":900,\"caption\":\"PSOL 50\"},\"image\":{\"@id\":\"https:\/\/psol50.org.br\/#\/schema\/logo\/image\/\"},\"sameAs\":[\"https:\/\/www.facebook.com\/psol50\",\"https:\/\/x.com\/psol50\",\"https:\/\/www.instagram.com\/psol50\/\",\"https:\/\/www.youtube.com\/channel\/UC7SnJS5o1os7a6CaiNabzcg\"]},{\"@type\":\"Person\",\"@id\":\"https:\/\/psol50.org.br\/#\/schema\/person\/475dfa57d0b815993c714c2e96491fcd\",\"name\":\"Comunica\u00e7\u00e3o PSOL\",\"image\":{\"@type\":\"ImageObject\",\"inLanguage\":\"pt-BR\",\"@id\":\"https:\/\/psol50.org.br\/#\/schema\/person\/image\/\",\"url\":\"https:\/\/secure.gravatar.com\/avatar\/b34fc4f4e468a4e51785917065a3db57b841f5c95dba6ad8c73aaf8f66f8f9bf?s=96&d=mm&r=g\",\"contentUrl\":\"https:\/\/secure.gravatar.com\/avatar\/b34fc4f4e468a4e51785917065a3db57b841f5c95dba6ad8c73aaf8f66f8f9bf?s=96&d=mm&r=g\",\"caption\":\"Comunica\u00e7\u00e3o PSOL\"}}]}<\/script>\n<!-- \/ Yoast SEO plugin. -->","yoast_head_json":{"title":"Perdemos primeira batalha. Luta continua para salvar Hospitais Universit\u00e1rios da privatiza\u00e7\u00e3o - PSOL 50","robots":{"index":"index","follow":"follow","max-snippet":"max-snippet:-1","max-image-preview":"max-image-preview:large","max-video-preview":"max-video-preview:-1"},"canonical":"https:\/\/psol50.org.br\/perdemos-primeira-batalha-luta-continua-para-salvar-hospitais-universitarios-da-privatizacao\/","og_locale":"pt_BR","og_type":"article","og_title":"Perdemos primeira batalha. Luta continua para salvar Hospitais Universit\u00e1rios da privatiza\u00e7\u00e3o - PSOL 50","og_description":"Mesmo diante de todos os protestos, mobiliza\u00e7\u00f5es em todos os estados que possuem HU\u00b4s, interven\u00e7\u00e3o de deputados, atos p\u00fablicos, e nem mesmo apelar para o bom senso e compromisso social de deputados federais foram suficientes para barrar o PL 1749\/2011 na C\u00e2mara dos Deputados na noite do dia 20 de setembro. Depois de mais de [&hellip;]","og_url":"https:\/\/psol50.org.br\/perdemos-primeira-batalha-luta-continua-para-salvar-hospitais-universitarios-da-privatizacao\/","og_site_name":"PSOL 50","article_publisher":"https:\/\/www.facebook.com\/psol50","article_published_time":"2011-09-22T00:00:00+00:00","og_image":[{"url":"http:\/\/psol50.org.br\/files\/2011\/09\/Fasubra_HUs.jpg","type":"","width":"","height":""}],"author":"Comunica\u00e7\u00e3o PSOL","twitter_card":"summary_large_image","twitter_creator":"@psol50","twitter_site":"@psol50","twitter_misc":{"Escrito por":"Comunica\u00e7\u00e3o PSOL","Est. tempo de leitura":"4 minutos"},"schema":{"@context":"https:\/\/schema.org","@graph":[{"@type":"Article","@id":"https:\/\/psol50.org.br\/perdemos-primeira-batalha-luta-continua-para-salvar-hospitais-universitarios-da-privatizacao\/#article","isPartOf":{"@id":"https:\/\/psol50.org.br\/perdemos-primeira-batalha-luta-continua-para-salvar-hospitais-universitarios-da-privatizacao\/"},"author":{"name":"Comunica\u00e7\u00e3o PSOL","@id":"https:\/\/psol50.org.br\/#\/schema\/person\/475dfa57d0b815993c714c2e96491fcd"},"headline":"Perdemos primeira batalha. Luta continua para salvar Hospitais Universit\u00e1rios da privatiza\u00e7\u00e3o","datePublished":"2011-09-22T00:00:00+00:00","mainEntityOfPage":{"@id":"https:\/\/psol50.org.br\/perdemos-primeira-batalha-luta-continua-para-salvar-hospitais-universitarios-da-privatizacao\/"},"wordCount":764,"commentCount":0,"publisher":{"@id":"https:\/\/psol50.org.br\/#organization"},"image":{"@id":"https:\/\/psol50.org.br\/perdemos-primeira-batalha-luta-continua-para-salvar-hospitais-universitarios-da-privatizacao\/#primaryimage"},"thumbnailUrl":"http:\/\/psol50.org.br\/files\/2011\/09\/Fasubra_HUs.jpg","articleSection":["Arquivo"],"inLanguage":"pt-BR","potentialAction":[{"@type":"CommentAction","name":"Comment","target":["https:\/\/psol50.org.br\/perdemos-primeira-batalha-luta-continua-para-salvar-hospitais-universitarios-da-privatizacao\/#respond"]}]},{"@type":"WebPage","@id":"https:\/\/psol50.org.br\/perdemos-primeira-batalha-luta-continua-para-salvar-hospitais-universitarios-da-privatizacao\/","url":"https:\/\/psol50.org.br\/perdemos-primeira-batalha-luta-continua-para-salvar-hospitais-universitarios-da-privatizacao\/","name":"Perdemos primeira batalha. Luta continua para salvar Hospitais Universit\u00e1rios da privatiza\u00e7\u00e3o - PSOL 50","isPartOf":{"@id":"https:\/\/psol50.org.br\/#website"},"primaryImageOfPage":{"@id":"https:\/\/psol50.org.br\/perdemos-primeira-batalha-luta-continua-para-salvar-hospitais-universitarios-da-privatizacao\/#primaryimage"},"image":{"@id":"https:\/\/psol50.org.br\/perdemos-primeira-batalha-luta-continua-para-salvar-hospitais-universitarios-da-privatizacao\/#primaryimage"},"thumbnailUrl":"http:\/\/psol50.org.br\/files\/2011\/09\/Fasubra_HUs.jpg","datePublished":"2011-09-22T00:00:00+00:00","breadcrumb":{"@id":"https:\/\/psol50.org.br\/perdemos-primeira-batalha-luta-continua-para-salvar-hospitais-universitarios-da-privatizacao\/#breadcrumb"},"inLanguage":"pt-BR","potentialAction":[{"@type":"ReadAction","target":["https:\/\/psol50.org.br\/perdemos-primeira-batalha-luta-continua-para-salvar-hospitais-universitarios-da-privatizacao\/"]}]},{"@type":"ImageObject","inLanguage":"pt-BR","@id":"https:\/\/psol50.org.br\/perdemos-primeira-batalha-luta-continua-para-salvar-hospitais-universitarios-da-privatizacao\/#primaryimage","url":"http:\/\/psol50.org.br\/files\/2011\/09\/Fasubra_HUs.jpg","contentUrl":"http:\/\/psol50.org.br\/files\/2011\/09\/Fasubra_HUs.jpg"},{"@type":"BreadcrumbList","@id":"https:\/\/psol50.org.br\/perdemos-primeira-batalha-luta-continua-para-salvar-hospitais-universitarios-da-privatizacao\/#breadcrumb","itemListElement":[{"@type":"ListItem","position":1,"name":"In\u00edcio","item":"https:\/\/psol50.org.br\/"},{"@type":"ListItem","position":2,"name":"Perdemos primeira batalha. Luta continua para salvar Hospitais Universit\u00e1rios da privatiza\u00e7\u00e3o"}]},{"@type":"WebSite","@id":"https:\/\/psol50.org.br\/#website","url":"https:\/\/psol50.org.br\/","name":"PSOL 50","description":"Site oficial do Partido Socialismo e Liberdade","publisher":{"@id":"https:\/\/psol50.org.br\/#organization"},"alternateName":"PSOL50","potentialAction":[{"@type":"SearchAction","target":{"@type":"EntryPoint","urlTemplate":"https:\/\/psol50.org.br\/?s={search_term_string}"},"query-input":{"@type":"PropertyValueSpecification","valueRequired":true,"valueName":"search_term_string"}}],"inLanguage":"pt-BR"},{"@type":"Organization","@id":"https:\/\/psol50.org.br\/#organization","name":"PSOL 50","alternateName":"PSOL 50","url":"https:\/\/psol50.org.br\/","logo":{"@type":"ImageObject","inLanguage":"pt-BR","@id":"https:\/\/psol50.org.br\/#\/schema\/logo\/image\/","url":"https:\/\/psol50.org.br\/inc\/uploads\/2018\/07\/capa.png","contentUrl":"https:\/\/psol50.org.br\/inc\/uploads\/2018\/07\/capa.png","width":1350,"height":900,"caption":"PSOL 50"},"image":{"@id":"https:\/\/psol50.org.br\/#\/schema\/logo\/image\/"},"sameAs":["https:\/\/www.facebook.com\/psol50","https:\/\/x.com\/psol50","https:\/\/www.instagram.com\/psol50\/","https:\/\/www.youtube.com\/channel\/UC7SnJS5o1os7a6CaiNabzcg"]},{"@type":"Person","@id":"https:\/\/psol50.org.br\/#\/schema\/person\/475dfa57d0b815993c714c2e96491fcd","name":"Comunica\u00e7\u00e3o PSOL","image":{"@type":"ImageObject","inLanguage":"pt-BR","@id":"https:\/\/psol50.org.br\/#\/schema\/person\/image\/","url":"https:\/\/secure.gravatar.com\/avatar\/b34fc4f4e468a4e51785917065a3db57b841f5c95dba6ad8c73aaf8f66f8f9bf?s=96&d=mm&r=g","contentUrl":"https:\/\/secure.gravatar.com\/avatar\/b34fc4f4e468a4e51785917065a3db57b841f5c95dba6ad8c73aaf8f66f8f9bf?s=96&d=mm&r=g","caption":"Comunica\u00e7\u00e3o PSOL"}}]}},"_links":{"self":[{"href":"https:\/\/psol50.org.br\/rest\/wp\/v2\/posts\/907","targetHints":{"allow":["GET"]}}],"collection":[{"href":"https:\/\/psol50.org.br\/rest\/wp\/v2\/posts"}],"about":[{"href":"https:\/\/psol50.org.br\/rest\/wp\/v2\/types\/post"}],"author":[{"embeddable":true,"href":"https:\/\/psol50.org.br\/rest\/wp\/v2\/users\/2"}],"replies":[{"embeddable":true,"href":"https:\/\/psol50.org.br\/rest\/wp\/v2\/comments?post=907"}],"version-history":[{"count":0,"href":"https:\/\/psol50.org.br\/rest\/wp\/v2\/posts\/907\/revisions"}],"wp:attachment":[{"href":"https:\/\/psol50.org.br\/rest\/wp\/v2\/media?parent=907"}],"wp:term":[{"taxonomy":"category","embeddable":true,"href":"https:\/\/psol50.org.br\/rest\/wp\/v2\/categories?post=907"},{"taxonomy":"post_tag","embeddable":true,"href":"https:\/\/psol50.org.br\/rest\/wp\/v2\/tags?post=907"}],"curies":[{"name":"wp","href":"https:\/\/api.w.org\/{rel}","templated":true}]}}