{"id":909,"date":"2011-09-22T00:00:00","date_gmt":"2011-09-22T00:00:00","guid":{"rendered":"http:\/\/psol50.org.br\/arquivo\/2011\/09\/22\/trabalhadores-da-cutrale-encontrados-em-situacao-precaria-voltarao-para-casa\/"},"modified":"2011-09-22T00:00:00","modified_gmt":"2011-09-22T00:00:00","slug":"trabalhadores-da-cutrale-encontrados-em-situacao-precaria-voltarao-para-casa","status":"publish","type":"post","link":"https:\/\/psol50.org.br\/trabalhadores-da-cutrale-encontrados-em-situacao-precaria-voltarao-para-casa\/","title":{"rendered":"Trabalhadores da Cutrale encontrados em situa\u00e7\u00e3o prec\u00e1ria voltar\u00e3o para casa"},"content":{"rendered":"<div>\n<p><a rel=\"attachment wp-att-11046\" href=\"http:\/\/psol50.org.br\/blog\/2011\/09\/22\/trabalhadores-da-cutrale-encontrados-em-situacao-precaria-voltarao-para-casa\/cutrale-2\/\"><img loading=\"lazy\" decoding=\"async\" class=\"alignleft size-full wp-image-11046\" src=\"http:\/\/psol50.org.br\/files\/2011\/09\/Cutrale1.jpg\" alt=\"\" width=\"276\" height=\"183\" \/><\/a>Na manh\u00e3 do dia 14 de setembro,  trinta e dois trabalhadores da Sucoc\u00edtrico Cutrale, uma das maiores  produtoras de suco de laranja do mundo, foram flagrados em condi\u00e7\u00f5es  prec\u00e1rias em alojamentos no munic\u00edpio de Itatinga (SP). Ap\u00f3s o  flagrante, representantes da empresa se comprometeram perante  procuradores do Minist\u00e9rio P\u00fablico do Trabalho (MPT) em Bauru a  indenizar os colhedores de laranja e a providenciar o seu retorno para  seu local de origem.<\/p>\n<p>Arregimentados por um \u201cgato\u201d da regi\u00e3o de  Imperatriz, no estado do Maranh\u00e3o, os migrantes vieram a S\u00e3o Paulo sob  falsas promessas de boas condi\u00e7\u00f5es de trabalho e moradia.<\/p>\n<p>\u201cEles  habitavam em uma \u00fanica resid\u00eancia, em p\u00e9ssimas condi\u00e7\u00f5es de higiene e  conforto, sem exist\u00eancia de arm\u00e1rios, vesti\u00e1rios, despensa, cozinha,  ventila\u00e7\u00e3o e ilumina\u00e7\u00e3o adequadas\u201d, conta o procurador Luis Henrique  Rafael.<\/p>\n<p>No Maranh\u00e3o, o empreiteiro lhes prometeu sal\u00e1rios em  torno de R$ 1.200, al\u00e9m de transporte, moradia digna e alimenta\u00e7\u00e3o.  Contudo, essas condi\u00e7\u00f5es n\u00e3o se materializaram no momento da chegada ao  interior paulista. \u201cComo constatado pela equipe investigat\u00f3ria do MPT,  os trabalhadores chegaram a Itatinga no in\u00edcio de setembro j\u00e1  endividados pelas despesas de transporte e alimenta\u00e7\u00e3o, assim como  tiveram a not\u00edcia de que teriam que arcar com o aluguel da resid\u00eancia e  despesas de alimenta\u00e7\u00e3o, no valor de R$ 12 por refei\u00e7\u00e3o\u201d, explica o  procurador Marcus Vin\u00edcius Gon\u00e7alves, que tamb\u00e9m participou da opera\u00e7\u00e3o.<\/p>\n<p>Indignados,  os colhedores de laranja negaram-se a continuar trabalhando e  denunciaram a situa\u00e7\u00e3o \u00e0 fiscaliza\u00e7\u00e3o do trabalho. Nessa ter\u00e7a-feira,  auditores fiscais estiveram no local e constataram a situa\u00e7\u00e3o. Diante da  gravidade dos fatos, o MPT foi acionado e, ap\u00f3s realizar a dilig\u00eancia  no alojamento, foi conduzida audi\u00eancia improvisada na varanda do im\u00f3vel.  Representantes da Cutrale concordaram em resolver a situa\u00e7\u00e3o de forma  imediata.<\/p>\n<p>Eles retornar\u00e3o ao Maranh\u00e3o com transporte custeado  pela Cutrale e receber\u00e3o as verbas decorrentes da rescis\u00e3o do contrato  de trabalho, dentre elas: saldo de sal\u00e1rio, aviso pr\u00e9vio indenizado no  importe de um sal\u00e1rio base do trabalhador rural, f\u00e9rias e 13\u00ba  proporcionais, al\u00e9m de uma verba individual a t\u00edtulo de ajuda de custo  alimenta\u00e7\u00e3o para a viagem com dura\u00e7\u00e3o de tr\u00eas dias.<\/p>\n<p>\u201cA solu\u00e7\u00e3o  apresentada pela empresa Sucoc\u00edtrico Cutrale foi favor\u00e1vel aos  trabalhadores e evitou o ajuizamento de v\u00e1rias a\u00e7\u00f5es individuais na  Justi\u00e7a do Trabalho\u201d, esclareceu Luis Henrique.<\/p>\n<p>Outro alojamento  de trabalhadores provenientes do Sergipe apresentou problemas, mas n\u00e3o  foi necess\u00e1ria a interven\u00e7\u00e3o do MPT, haja vista que a Cutrale apresentou  a mesma solu\u00e7\u00e3o que foi dada aos maranhenses, e aplicou-a aos  trabalhadores sergipanos, que dever\u00e3o retornar ao seu estado de origem  na pr\u00f3xima quinta-feira.<\/p>\n<p><a href=\"http:\/\/www.mst.org.br\/Trabalhadores-da-Cutrale-encontrados-em-situacao-precaria-voltarao-para-casa\"><strong>*Fonte: MST<\/strong><\/a><\/p>\n<\/div>\n","protected":false},"excerpt":{"rendered":"<p>Na manh\u00e3 do dia 14 de setembro, trinta e dois trabalhadores da Sucoc\u00edtrico Cutrale, uma das maiores produtoras de suco de laranja do mundo, foram flagrados em condi\u00e7\u00f5es prec\u00e1rias em alojamentos no munic\u00edpio de Itatinga (SP). Ap\u00f3s o flagrante, representantes da empresa se comprometeram perante procuradores do Minist\u00e9rio P\u00fablico do Trabalho (MPT) em Bauru a [&hellip;]<\/p>\n","protected":false},"author":2,"featured_media":0,"comment_status":"open","ping_status":"open","sticky":false,"template":"","format":"standard","meta":{"_acf_changed":false,"footnotes":""},"categories":[4766],"tags":[],"class_list":{"0":"post-909","1":"post","2":"type-post","3":"status-publish","4":"format-standard","6":"category-arquivo"},"acf":[],"yoast_head":"<!-- This site is optimized with the Yoast SEO plugin v26.5 - https:\/\/yoast.com\/wordpress\/plugins\/seo\/ -->\n<title>Trabalhadores da Cutrale encontrados em situa\u00e7\u00e3o prec\u00e1ria voltar\u00e3o para casa - PSOL 50<\/title>\n<meta name=\"robots\" content=\"index, follow, max-snippet:-1, max-image-preview:large, max-video-preview:-1\" \/>\n<link rel=\"canonical\" href=\"https:\/\/psol50.org.br\/trabalhadores-da-cutrale-encontrados-em-situacao-precaria-voltarao-para-casa\/\" \/>\n<meta property=\"og:locale\" content=\"pt_BR\" \/>\n<meta property=\"og:type\" content=\"article\" \/>\n<meta property=\"og:title\" content=\"Trabalhadores da Cutrale encontrados em situa\u00e7\u00e3o prec\u00e1ria voltar\u00e3o para casa - PSOL 50\" \/>\n<meta property=\"og:description\" content=\"Na manh\u00e3 do dia 14 de setembro, trinta e dois trabalhadores da Sucoc\u00edtrico Cutrale, uma das maiores produtoras de suco de laranja do mundo, foram flagrados em condi\u00e7\u00f5es prec\u00e1rias em alojamentos no munic\u00edpio de Itatinga (SP). Ap\u00f3s o flagrante, representantes da empresa se comprometeram perante procuradores do Minist\u00e9rio P\u00fablico do Trabalho (MPT) em Bauru a [&hellip;]\" \/>\n<meta property=\"og:url\" content=\"https:\/\/psol50.org.br\/trabalhadores-da-cutrale-encontrados-em-situacao-precaria-voltarao-para-casa\/\" \/>\n<meta property=\"og:site_name\" content=\"PSOL 50\" \/>\n<meta property=\"article:publisher\" content=\"https:\/\/www.facebook.com\/psol50\" \/>\n<meta property=\"article:published_time\" content=\"2011-09-22T00:00:00+00:00\" \/>\n<meta property=\"og:image\" content=\"http:\/\/psol50.org.br\/files\/2011\/09\/Cutrale1.jpg\" \/>\n<meta name=\"author\" content=\"Comunica\u00e7\u00e3o PSOL\" \/>\n<meta name=\"twitter:card\" content=\"summary_large_image\" \/>\n<meta name=\"twitter:creator\" content=\"@psol50\" \/>\n<meta name=\"twitter:site\" content=\"@psol50\" \/>\n<meta name=\"twitter:label1\" content=\"Escrito por\" \/>\n\t<meta name=\"twitter:data1\" content=\"Comunica\u00e7\u00e3o PSOL\" \/>\n\t<meta name=\"twitter:label2\" content=\"Est. tempo de leitura\" \/>\n\t<meta name=\"twitter:data2\" content=\"2 minutos\" \/>\n<script type=\"application\/ld+json\" class=\"yoast-schema-graph\">{\"@context\":\"https:\/\/schema.org\",\"@graph\":[{\"@type\":\"Article\",\"@id\":\"https:\/\/psol50.org.br\/trabalhadores-da-cutrale-encontrados-em-situacao-precaria-voltarao-para-casa\/#article\",\"isPartOf\":{\"@id\":\"https:\/\/psol50.org.br\/trabalhadores-da-cutrale-encontrados-em-situacao-precaria-voltarao-para-casa\/\"},\"author\":{\"name\":\"Comunica\u00e7\u00e3o PSOL\",\"@id\":\"https:\/\/psol50.org.br\/#\/schema\/person\/475dfa57d0b815993c714c2e96491fcd\"},\"headline\":\"Trabalhadores da Cutrale encontrados em situa\u00e7\u00e3o prec\u00e1ria voltar\u00e3o para casa\",\"datePublished\":\"2011-09-22T00:00:00+00:00\",\"mainEntityOfPage\":{\"@id\":\"https:\/\/psol50.org.br\/trabalhadores-da-cutrale-encontrados-em-situacao-precaria-voltarao-para-casa\/\"},\"wordCount\":499,\"commentCount\":0,\"publisher\":{\"@id\":\"https:\/\/psol50.org.br\/#organization\"},\"image\":{\"@id\":\"https:\/\/psol50.org.br\/trabalhadores-da-cutrale-encontrados-em-situacao-precaria-voltarao-para-casa\/#primaryimage\"},\"thumbnailUrl\":\"http:\/\/psol50.org.br\/files\/2011\/09\/Cutrale1.jpg\",\"articleSection\":[\"Arquivo\"],\"inLanguage\":\"pt-BR\",\"potentialAction\":[{\"@type\":\"CommentAction\",\"name\":\"Comment\",\"target\":[\"https:\/\/psol50.org.br\/trabalhadores-da-cutrale-encontrados-em-situacao-precaria-voltarao-para-casa\/#respond\"]}]},{\"@type\":\"WebPage\",\"@id\":\"https:\/\/psol50.org.br\/trabalhadores-da-cutrale-encontrados-em-situacao-precaria-voltarao-para-casa\/\",\"url\":\"https:\/\/psol50.org.br\/trabalhadores-da-cutrale-encontrados-em-situacao-precaria-voltarao-para-casa\/\",\"name\":\"Trabalhadores da Cutrale encontrados em situa\u00e7\u00e3o prec\u00e1ria voltar\u00e3o para casa - PSOL 50\",\"isPartOf\":{\"@id\":\"https:\/\/psol50.org.br\/#website\"},\"primaryImageOfPage\":{\"@id\":\"https:\/\/psol50.org.br\/trabalhadores-da-cutrale-encontrados-em-situacao-precaria-voltarao-para-casa\/#primaryimage\"},\"image\":{\"@id\":\"https:\/\/psol50.org.br\/trabalhadores-da-cutrale-encontrados-em-situacao-precaria-voltarao-para-casa\/#primaryimage\"},\"thumbnailUrl\":\"http:\/\/psol50.org.br\/files\/2011\/09\/Cutrale1.jpg\",\"datePublished\":\"2011-09-22T00:00:00+00:00\",\"breadcrumb\":{\"@id\":\"https:\/\/psol50.org.br\/trabalhadores-da-cutrale-encontrados-em-situacao-precaria-voltarao-para-casa\/#breadcrumb\"},\"inLanguage\":\"pt-BR\",\"potentialAction\":[{\"@type\":\"ReadAction\",\"target\":[\"https:\/\/psol50.org.br\/trabalhadores-da-cutrale-encontrados-em-situacao-precaria-voltarao-para-casa\/\"]}]},{\"@type\":\"ImageObject\",\"inLanguage\":\"pt-BR\",\"@id\":\"https:\/\/psol50.org.br\/trabalhadores-da-cutrale-encontrados-em-situacao-precaria-voltarao-para-casa\/#primaryimage\",\"url\":\"http:\/\/psol50.org.br\/files\/2011\/09\/Cutrale1.jpg\",\"contentUrl\":\"http:\/\/psol50.org.br\/files\/2011\/09\/Cutrale1.jpg\"},{\"@type\":\"BreadcrumbList\",\"@id\":\"https:\/\/psol50.org.br\/trabalhadores-da-cutrale-encontrados-em-situacao-precaria-voltarao-para-casa\/#breadcrumb\",\"itemListElement\":[{\"@type\":\"ListItem\",\"position\":1,\"name\":\"In\u00edcio\",\"item\":\"https:\/\/psol50.org.br\/\"},{\"@type\":\"ListItem\",\"position\":2,\"name\":\"Trabalhadores da Cutrale encontrados em situa\u00e7\u00e3o prec\u00e1ria voltar\u00e3o para casa\"}]},{\"@type\":\"WebSite\",\"@id\":\"https:\/\/psol50.org.br\/#website\",\"url\":\"https:\/\/psol50.org.br\/\",\"name\":\"PSOL 50\",\"description\":\"Site oficial do Partido Socialismo e Liberdade\",\"publisher\":{\"@id\":\"https:\/\/psol50.org.br\/#organization\"},\"alternateName\":\"PSOL50\",\"potentialAction\":[{\"@type\":\"SearchAction\",\"target\":{\"@type\":\"EntryPoint\",\"urlTemplate\":\"https:\/\/psol50.org.br\/?s={search_term_string}\"},\"query-input\":{\"@type\":\"PropertyValueSpecification\",\"valueRequired\":true,\"valueName\":\"search_term_string\"}}],\"inLanguage\":\"pt-BR\"},{\"@type\":\"Organization\",\"@id\":\"https:\/\/psol50.org.br\/#organization\",\"name\":\"PSOL 50\",\"alternateName\":\"PSOL 50\",\"url\":\"https:\/\/psol50.org.br\/\",\"logo\":{\"@type\":\"ImageObject\",\"inLanguage\":\"pt-BR\",\"@id\":\"https:\/\/psol50.org.br\/#\/schema\/logo\/image\/\",\"url\":\"https:\/\/psol50.org.br\/inc\/uploads\/2018\/07\/capa.png\",\"contentUrl\":\"https:\/\/psol50.org.br\/inc\/uploads\/2018\/07\/capa.png\",\"width\":1350,\"height\":900,\"caption\":\"PSOL 50\"},\"image\":{\"@id\":\"https:\/\/psol50.org.br\/#\/schema\/logo\/image\/\"},\"sameAs\":[\"https:\/\/www.facebook.com\/psol50\",\"https:\/\/x.com\/psol50\",\"https:\/\/www.instagram.com\/psol50\/\",\"https:\/\/www.youtube.com\/channel\/UC7SnJS5o1os7a6CaiNabzcg\"]},{\"@type\":\"Person\",\"@id\":\"https:\/\/psol50.org.br\/#\/schema\/person\/475dfa57d0b815993c714c2e96491fcd\",\"name\":\"Comunica\u00e7\u00e3o PSOL\",\"image\":{\"@type\":\"ImageObject\",\"inLanguage\":\"pt-BR\",\"@id\":\"https:\/\/psol50.org.br\/#\/schema\/person\/image\/\",\"url\":\"https:\/\/secure.gravatar.com\/avatar\/b34fc4f4e468a4e51785917065a3db57b841f5c95dba6ad8c73aaf8f66f8f9bf?s=96&d=mm&r=g\",\"contentUrl\":\"https:\/\/secure.gravatar.com\/avatar\/b34fc4f4e468a4e51785917065a3db57b841f5c95dba6ad8c73aaf8f66f8f9bf?s=96&d=mm&r=g\",\"caption\":\"Comunica\u00e7\u00e3o PSOL\"}}]}<\/script>\n<!-- \/ Yoast SEO plugin. -->","yoast_head_json":{"title":"Trabalhadores da Cutrale encontrados em situa\u00e7\u00e3o prec\u00e1ria voltar\u00e3o para casa - PSOL 50","robots":{"index":"index","follow":"follow","max-snippet":"max-snippet:-1","max-image-preview":"max-image-preview:large","max-video-preview":"max-video-preview:-1"},"canonical":"https:\/\/psol50.org.br\/trabalhadores-da-cutrale-encontrados-em-situacao-precaria-voltarao-para-casa\/","og_locale":"pt_BR","og_type":"article","og_title":"Trabalhadores da Cutrale encontrados em situa\u00e7\u00e3o prec\u00e1ria voltar\u00e3o para casa - PSOL 50","og_description":"Na manh\u00e3 do dia 14 de setembro, trinta e dois trabalhadores da Sucoc\u00edtrico Cutrale, uma das maiores produtoras de suco de laranja do mundo, foram flagrados em condi\u00e7\u00f5es prec\u00e1rias em alojamentos no munic\u00edpio de Itatinga (SP). Ap\u00f3s o flagrante, representantes da empresa se comprometeram perante procuradores do Minist\u00e9rio P\u00fablico do Trabalho (MPT) em Bauru a [&hellip;]","og_url":"https:\/\/psol50.org.br\/trabalhadores-da-cutrale-encontrados-em-situacao-precaria-voltarao-para-casa\/","og_site_name":"PSOL 50","article_publisher":"https:\/\/www.facebook.com\/psol50","article_published_time":"2011-09-22T00:00:00+00:00","og_image":[{"url":"http:\/\/psol50.org.br\/files\/2011\/09\/Cutrale1.jpg","type":"","width":"","height":""}],"author":"Comunica\u00e7\u00e3o PSOL","twitter_card":"summary_large_image","twitter_creator":"@psol50","twitter_site":"@psol50","twitter_misc":{"Escrito por":"Comunica\u00e7\u00e3o PSOL","Est. tempo de leitura":"2 minutos"},"schema":{"@context":"https:\/\/schema.org","@graph":[{"@type":"Article","@id":"https:\/\/psol50.org.br\/trabalhadores-da-cutrale-encontrados-em-situacao-precaria-voltarao-para-casa\/#article","isPartOf":{"@id":"https:\/\/psol50.org.br\/trabalhadores-da-cutrale-encontrados-em-situacao-precaria-voltarao-para-casa\/"},"author":{"name":"Comunica\u00e7\u00e3o PSOL","@id":"https:\/\/psol50.org.br\/#\/schema\/person\/475dfa57d0b815993c714c2e96491fcd"},"headline":"Trabalhadores da Cutrale encontrados em situa\u00e7\u00e3o prec\u00e1ria voltar\u00e3o para casa","datePublished":"2011-09-22T00:00:00+00:00","mainEntityOfPage":{"@id":"https:\/\/psol50.org.br\/trabalhadores-da-cutrale-encontrados-em-situacao-precaria-voltarao-para-casa\/"},"wordCount":499,"commentCount":0,"publisher":{"@id":"https:\/\/psol50.org.br\/#organization"},"image":{"@id":"https:\/\/psol50.org.br\/trabalhadores-da-cutrale-encontrados-em-situacao-precaria-voltarao-para-casa\/#primaryimage"},"thumbnailUrl":"http:\/\/psol50.org.br\/files\/2011\/09\/Cutrale1.jpg","articleSection":["Arquivo"],"inLanguage":"pt-BR","potentialAction":[{"@type":"CommentAction","name":"Comment","target":["https:\/\/psol50.org.br\/trabalhadores-da-cutrale-encontrados-em-situacao-precaria-voltarao-para-casa\/#respond"]}]},{"@type":"WebPage","@id":"https:\/\/psol50.org.br\/trabalhadores-da-cutrale-encontrados-em-situacao-precaria-voltarao-para-casa\/","url":"https:\/\/psol50.org.br\/trabalhadores-da-cutrale-encontrados-em-situacao-precaria-voltarao-para-casa\/","name":"Trabalhadores da Cutrale encontrados em situa\u00e7\u00e3o prec\u00e1ria voltar\u00e3o para casa - PSOL 50","isPartOf":{"@id":"https:\/\/psol50.org.br\/#website"},"primaryImageOfPage":{"@id":"https:\/\/psol50.org.br\/trabalhadores-da-cutrale-encontrados-em-situacao-precaria-voltarao-para-casa\/#primaryimage"},"image":{"@id":"https:\/\/psol50.org.br\/trabalhadores-da-cutrale-encontrados-em-situacao-precaria-voltarao-para-casa\/#primaryimage"},"thumbnailUrl":"http:\/\/psol50.org.br\/files\/2011\/09\/Cutrale1.jpg","datePublished":"2011-09-22T00:00:00+00:00","breadcrumb":{"@id":"https:\/\/psol50.org.br\/trabalhadores-da-cutrale-encontrados-em-situacao-precaria-voltarao-para-casa\/#breadcrumb"},"inLanguage":"pt-BR","potentialAction":[{"@type":"ReadAction","target":["https:\/\/psol50.org.br\/trabalhadores-da-cutrale-encontrados-em-situacao-precaria-voltarao-para-casa\/"]}]},{"@type":"ImageObject","inLanguage":"pt-BR","@id":"https:\/\/psol50.org.br\/trabalhadores-da-cutrale-encontrados-em-situacao-precaria-voltarao-para-casa\/#primaryimage","url":"http:\/\/psol50.org.br\/files\/2011\/09\/Cutrale1.jpg","contentUrl":"http:\/\/psol50.org.br\/files\/2011\/09\/Cutrale1.jpg"},{"@type":"BreadcrumbList","@id":"https:\/\/psol50.org.br\/trabalhadores-da-cutrale-encontrados-em-situacao-precaria-voltarao-para-casa\/#breadcrumb","itemListElement":[{"@type":"ListItem","position":1,"name":"In\u00edcio","item":"https:\/\/psol50.org.br\/"},{"@type":"ListItem","position":2,"name":"Trabalhadores da Cutrale encontrados em situa\u00e7\u00e3o prec\u00e1ria voltar\u00e3o para casa"}]},{"@type":"WebSite","@id":"https:\/\/psol50.org.br\/#website","url":"https:\/\/psol50.org.br\/","name":"PSOL 50","description":"Site oficial do Partido Socialismo e Liberdade","publisher":{"@id":"https:\/\/psol50.org.br\/#organization"},"alternateName":"PSOL50","potentialAction":[{"@type":"SearchAction","target":{"@type":"EntryPoint","urlTemplate":"https:\/\/psol50.org.br\/?s={search_term_string}"},"query-input":{"@type":"PropertyValueSpecification","valueRequired":true,"valueName":"search_term_string"}}],"inLanguage":"pt-BR"},{"@type":"Organization","@id":"https:\/\/psol50.org.br\/#organization","name":"PSOL 50","alternateName":"PSOL 50","url":"https:\/\/psol50.org.br\/","logo":{"@type":"ImageObject","inLanguage":"pt-BR","@id":"https:\/\/psol50.org.br\/#\/schema\/logo\/image\/","url":"https:\/\/psol50.org.br\/inc\/uploads\/2018\/07\/capa.png","contentUrl":"https:\/\/psol50.org.br\/inc\/uploads\/2018\/07\/capa.png","width":1350,"height":900,"caption":"PSOL 50"},"image":{"@id":"https:\/\/psol50.org.br\/#\/schema\/logo\/image\/"},"sameAs":["https:\/\/www.facebook.com\/psol50","https:\/\/x.com\/psol50","https:\/\/www.instagram.com\/psol50\/","https:\/\/www.youtube.com\/channel\/UC7SnJS5o1os7a6CaiNabzcg"]},{"@type":"Person","@id":"https:\/\/psol50.org.br\/#\/schema\/person\/475dfa57d0b815993c714c2e96491fcd","name":"Comunica\u00e7\u00e3o PSOL","image":{"@type":"ImageObject","inLanguage":"pt-BR","@id":"https:\/\/psol50.org.br\/#\/schema\/person\/image\/","url":"https:\/\/secure.gravatar.com\/avatar\/b34fc4f4e468a4e51785917065a3db57b841f5c95dba6ad8c73aaf8f66f8f9bf?s=96&d=mm&r=g","contentUrl":"https:\/\/secure.gravatar.com\/avatar\/b34fc4f4e468a4e51785917065a3db57b841f5c95dba6ad8c73aaf8f66f8f9bf?s=96&d=mm&r=g","caption":"Comunica\u00e7\u00e3o PSOL"}}]}},"_links":{"self":[{"href":"https:\/\/psol50.org.br\/rest\/wp\/v2\/posts\/909","targetHints":{"allow":["GET"]}}],"collection":[{"href":"https:\/\/psol50.org.br\/rest\/wp\/v2\/posts"}],"about":[{"href":"https:\/\/psol50.org.br\/rest\/wp\/v2\/types\/post"}],"author":[{"embeddable":true,"href":"https:\/\/psol50.org.br\/rest\/wp\/v2\/users\/2"}],"replies":[{"embeddable":true,"href":"https:\/\/psol50.org.br\/rest\/wp\/v2\/comments?post=909"}],"version-history":[{"count":0,"href":"https:\/\/psol50.org.br\/rest\/wp\/v2\/posts\/909\/revisions"}],"wp:attachment":[{"href":"https:\/\/psol50.org.br\/rest\/wp\/v2\/media?parent=909"}],"wp:term":[{"taxonomy":"category","embeddable":true,"href":"https:\/\/psol50.org.br\/rest\/wp\/v2\/categories?post=909"},{"taxonomy":"post_tag","embeddable":true,"href":"https:\/\/psol50.org.br\/rest\/wp\/v2\/tags?post=909"}],"curies":[{"name":"wp","href":"https:\/\/api.w.org\/{rel}","templated":true}]}}