{"id":910,"date":"2011-09-27T00:00:00","date_gmt":"2011-09-27T00:00:00","guid":{"rendered":"http:\/\/psol50.org.br\/arquivo\/2011\/09\/27\/no-para-trabalhadores-em-educacao-iniciam-greve-por-tempo-indeterminado\/"},"modified":"2011-09-27T00:00:00","modified_gmt":"2011-09-27T00:00:00","slug":"no-para-trabalhadores-em-educacao-iniciam-greve-por-tempo-indeterminado","status":"publish","type":"post","link":"https:\/\/psol50.org.br\/no-para-trabalhadores-em-educacao-iniciam-greve-por-tempo-indeterminado\/","title":{"rendered":"No Par\u00e1, trabalhadores em educa\u00e7\u00e3o iniciam greve por tempo indeterminado"},"content":{"rendered":"<p>O SINTEPP (Sindicato dos Trabalhadores da Educa\u00e7\u00e3o P\u00fablica do Par\u00e1) deflagrou nesta segunda-feira (26), greve por tempo indeterminado na rede de ensino estadual em todo o Par\u00e1.<\/p>\n<p>Uma caminhada com com cerca de dois mil trabalhadores e trabalhadoras em educa\u00e7\u00e3o aconteceu na manh\u00e3 de hoje, com sa\u00edda do Centro Arquitet\u00f4nico de Nazar\u00e9 (CAN) at\u00e9 o Centro Integrado de Governo (CIG), marcando o in\u00edcio da greve contra o reajuste dado pelo Governo do Estado, que \u00e9 abaixo do piso salarial nacional celebrado em ac\u00f3rd\u00e3o pelo STF (Supremo Tribunal Federal).<\/p>\n<p><em><strong>Concentra\u00e7\u00e3o:<\/strong><\/em><\/p>\n<p>Logo cedo, os trabalhadores da educa\u00e7\u00e3o p\u00fablica do Par\u00e1 se concentraram no CAN e partiram em caminhada at\u00e9 o CIG para tentar reunir com representantes do governo e negociar o reajuste do piso salarial, al\u00e9m modificar o PCCR (Plano de Carreira, Cargo e Sal\u00e1rio), onde deveriam ser inclu\u00eddos todos os funcion\u00e1rios que trabalham nas escolas.<\/p>\n<p>O coordenador do SINTEPP, Br\u00e1ulio Uchoa, afirmou que 70% das escolas est\u00e3o fechadas hoje e que, a partir de quarta-feira (28), a paralisa\u00e7\u00e3o ser\u00e1 total.<\/p>\n<p>&#8211; Tem algumas escolas que ainda est\u00e3o funcionando por estarem em per\u00edodo de avalia\u00e7\u00e3o, por\u00e9m, ap\u00f3s o t\u00e9rmino das provas, elas tamb\u00e9m estar\u00e3o fechadas, disse Uchoa.<\/p>\n<p>Segundo Uchoa, caso o Governo do Estado n\u00e3o eleve o piso salarial para R$ 1.187,97, cerca de 800 mil alunos continuar\u00e3o sem aula.<\/p>\n<p>&#8211; A nossa greve n\u00e3o tem tempo determinado para terminar. A greve \u00e9 legal, \u00e9 de direito, quem est\u00e1 infligindo a lei \u00e9 o governo estadual, que n\u00e3o cumpre a decis\u00e3o do Supremo, disse o coordenador.<\/p>\n<p>Uma comiss\u00e3o formada por dez integrantes da categoria foi recebida por integrantes do governo estadual. Na reuni\u00e3o, os representates do do governo n\u00e3o apresentaram nenhuma proposta aos trabalhadores em educa\u00e7\u00e3o. Essa atitude, de descaso com a educa\u00e7\u00e3o, refor\u00e7ou a categoria entrar em greve e aprovar um calend\u00e1rio intenso de mobiliza\u00e7\u00e3o para esta semana.<\/p>\n<p><em><strong>Calend\u00e1rio:<\/strong><\/em><\/p>\n<p>Na pr\u00f3xima quarta feira (28) os trabalhadores em educa\u00e7\u00e3o voltam \u00e0s ruas, onde far\u00e3o um ato em frente ao Est\u00e1dio Ol\u00edmpico do Par\u00e1 (Mangueir\u00e3o), a partir das 15 horas, para denunciar o descaso do governador Sim\u00e3o Jatene (PSDB) com a educa\u00e7\u00e3o no Par\u00e1. E na quinta-feira (29), a categoria realiza \u00e0s 9 horas, Assembl\u00e9ia Geral, na Pra\u00e7a do Oper\u00e1rio, para dar novos rumos para a greve.<\/p>\n<p><a href=\"http:\/\/pontodepauta.wordpress.com\/2011\/09\/27\/no-para-trabalhadores-em-educacao-iniciam-greve-por-tempo-indeterminado\/\"><em><strong>*Fonte: Ponto de Pauta<\/strong><\/em><\/a><\/p>\n","protected":false},"excerpt":{"rendered":"<p>O SINTEPP (Sindicato dos Trabalhadores da Educa\u00e7\u00e3o P\u00fablica do Par\u00e1) deflagrou nesta segunda-feira (26), greve por tempo indeterminado na rede de ensino estadual em todo o Par\u00e1. Uma caminhada com com cerca de dois mil trabalhadores e trabalhadoras em educa\u00e7\u00e3o aconteceu na manh\u00e3 de hoje, com sa\u00edda do Centro Arquitet\u00f4nico de Nazar\u00e9 (CAN) at\u00e9 o [&hellip;]<\/p>\n","protected":false},"author":2,"featured_media":0,"comment_status":"open","ping_status":"open","sticky":false,"template":"","format":"standard","meta":{"_acf_changed":false,"footnotes":""},"categories":[4766],"tags":[],"class_list":{"0":"post-910","1":"post","2":"type-post","3":"status-publish","4":"format-standard","6":"category-arquivo"},"acf":[],"yoast_head":"<!-- This site is optimized with the Yoast SEO plugin v26.5 - https:\/\/yoast.com\/wordpress\/plugins\/seo\/ -->\n<title>No Par\u00e1, trabalhadores em educa\u00e7\u00e3o iniciam greve por tempo indeterminado - PSOL 50<\/title>\n<meta name=\"robots\" content=\"index, follow, max-snippet:-1, max-image-preview:large, max-video-preview:-1\" \/>\n<link rel=\"canonical\" href=\"https:\/\/psol50.org.br\/no-para-trabalhadores-em-educacao-iniciam-greve-por-tempo-indeterminado\/\" \/>\n<meta property=\"og:locale\" content=\"pt_BR\" \/>\n<meta property=\"og:type\" content=\"article\" \/>\n<meta property=\"og:title\" content=\"No Par\u00e1, trabalhadores em educa\u00e7\u00e3o iniciam greve por tempo indeterminado - PSOL 50\" \/>\n<meta property=\"og:description\" content=\"O SINTEPP (Sindicato dos Trabalhadores da Educa\u00e7\u00e3o P\u00fablica do Par\u00e1) deflagrou nesta segunda-feira (26), greve por tempo indeterminado na rede de ensino estadual em todo o Par\u00e1. Uma caminhada com com cerca de dois mil trabalhadores e trabalhadoras em educa\u00e7\u00e3o aconteceu na manh\u00e3 de hoje, com sa\u00edda do Centro Arquitet\u00f4nico de Nazar\u00e9 (CAN) at\u00e9 o [&hellip;]\" \/>\n<meta property=\"og:url\" content=\"https:\/\/psol50.org.br\/no-para-trabalhadores-em-educacao-iniciam-greve-por-tempo-indeterminado\/\" \/>\n<meta property=\"og:site_name\" content=\"PSOL 50\" \/>\n<meta property=\"article:publisher\" content=\"https:\/\/www.facebook.com\/psol50\" \/>\n<meta property=\"article:published_time\" content=\"2011-09-27T00:00:00+00:00\" \/>\n<meta property=\"og:image\" content=\"https:\/\/psol50.org.br\/inc\/uploads\/2018\/07\/capa.png\" \/>\n\t<meta property=\"og:image:width\" content=\"1350\" \/>\n\t<meta property=\"og:image:height\" content=\"900\" \/>\n\t<meta property=\"og:image:type\" content=\"image\/png\" \/>\n<meta name=\"author\" content=\"Comunica\u00e7\u00e3o PSOL\" \/>\n<meta name=\"twitter:card\" content=\"summary_large_image\" \/>\n<meta name=\"twitter:creator\" content=\"@psol50\" \/>\n<meta name=\"twitter:site\" content=\"@psol50\" \/>\n<meta name=\"twitter:label1\" content=\"Escrito por\" \/>\n\t<meta name=\"twitter:data1\" content=\"Comunica\u00e7\u00e3o PSOL\" \/>\n\t<meta name=\"twitter:label2\" content=\"Est. tempo de leitura\" \/>\n\t<meta name=\"twitter:data2\" content=\"2 minutos\" \/>\n<script type=\"application\/ld+json\" class=\"yoast-schema-graph\">{\"@context\":\"https:\/\/schema.org\",\"@graph\":[{\"@type\":\"Article\",\"@id\":\"https:\/\/psol50.org.br\/no-para-trabalhadores-em-educacao-iniciam-greve-por-tempo-indeterminado\/#article\",\"isPartOf\":{\"@id\":\"https:\/\/psol50.org.br\/no-para-trabalhadores-em-educacao-iniciam-greve-por-tempo-indeterminado\/\"},\"author\":{\"name\":\"Comunica\u00e7\u00e3o PSOL\",\"@id\":\"https:\/\/psol50.org.br\/#\/schema\/person\/475dfa57d0b815993c714c2e96491fcd\"},\"headline\":\"No Par\u00e1, trabalhadores em educa\u00e7\u00e3o iniciam greve por tempo indeterminado\",\"datePublished\":\"2011-09-27T00:00:00+00:00\",\"mainEntityOfPage\":{\"@id\":\"https:\/\/psol50.org.br\/no-para-trabalhadores-em-educacao-iniciam-greve-por-tempo-indeterminado\/\"},\"wordCount\":427,\"commentCount\":0,\"publisher\":{\"@id\":\"https:\/\/psol50.org.br\/#organization\"},\"articleSection\":[\"Arquivo\"],\"inLanguage\":\"pt-BR\",\"potentialAction\":[{\"@type\":\"CommentAction\",\"name\":\"Comment\",\"target\":[\"https:\/\/psol50.org.br\/no-para-trabalhadores-em-educacao-iniciam-greve-por-tempo-indeterminado\/#respond\"]}]},{\"@type\":\"WebPage\",\"@id\":\"https:\/\/psol50.org.br\/no-para-trabalhadores-em-educacao-iniciam-greve-por-tempo-indeterminado\/\",\"url\":\"https:\/\/psol50.org.br\/no-para-trabalhadores-em-educacao-iniciam-greve-por-tempo-indeterminado\/\",\"name\":\"No Par\u00e1, trabalhadores em educa\u00e7\u00e3o iniciam greve por tempo indeterminado - PSOL 50\",\"isPartOf\":{\"@id\":\"https:\/\/psol50.org.br\/#website\"},\"datePublished\":\"2011-09-27T00:00:00+00:00\",\"breadcrumb\":{\"@id\":\"https:\/\/psol50.org.br\/no-para-trabalhadores-em-educacao-iniciam-greve-por-tempo-indeterminado\/#breadcrumb\"},\"inLanguage\":\"pt-BR\",\"potentialAction\":[{\"@type\":\"ReadAction\",\"target\":[\"https:\/\/psol50.org.br\/no-para-trabalhadores-em-educacao-iniciam-greve-por-tempo-indeterminado\/\"]}]},{\"@type\":\"BreadcrumbList\",\"@id\":\"https:\/\/psol50.org.br\/no-para-trabalhadores-em-educacao-iniciam-greve-por-tempo-indeterminado\/#breadcrumb\",\"itemListElement\":[{\"@type\":\"ListItem\",\"position\":1,\"name\":\"In\u00edcio\",\"item\":\"https:\/\/psol50.org.br\/\"},{\"@type\":\"ListItem\",\"position\":2,\"name\":\"No Par\u00e1, trabalhadores em educa\u00e7\u00e3o iniciam greve por tempo indeterminado\"}]},{\"@type\":\"WebSite\",\"@id\":\"https:\/\/psol50.org.br\/#website\",\"url\":\"https:\/\/psol50.org.br\/\",\"name\":\"PSOL 50\",\"description\":\"Site oficial do Partido Socialismo e Liberdade\",\"publisher\":{\"@id\":\"https:\/\/psol50.org.br\/#organization\"},\"alternateName\":\"PSOL50\",\"potentialAction\":[{\"@type\":\"SearchAction\",\"target\":{\"@type\":\"EntryPoint\",\"urlTemplate\":\"https:\/\/psol50.org.br\/?s={search_term_string}\"},\"query-input\":{\"@type\":\"PropertyValueSpecification\",\"valueRequired\":true,\"valueName\":\"search_term_string\"}}],\"inLanguage\":\"pt-BR\"},{\"@type\":\"Organization\",\"@id\":\"https:\/\/psol50.org.br\/#organization\",\"name\":\"PSOL 50\",\"alternateName\":\"PSOL 50\",\"url\":\"https:\/\/psol50.org.br\/\",\"logo\":{\"@type\":\"ImageObject\",\"inLanguage\":\"pt-BR\",\"@id\":\"https:\/\/psol50.org.br\/#\/schema\/logo\/image\/\",\"url\":\"https:\/\/psol50.org.br\/inc\/uploads\/2018\/07\/capa.png\",\"contentUrl\":\"https:\/\/psol50.org.br\/inc\/uploads\/2018\/07\/capa.png\",\"width\":1350,\"height\":900,\"caption\":\"PSOL 50\"},\"image\":{\"@id\":\"https:\/\/psol50.org.br\/#\/schema\/logo\/image\/\"},\"sameAs\":[\"https:\/\/www.facebook.com\/psol50\",\"https:\/\/x.com\/psol50\",\"https:\/\/www.instagram.com\/psol50\/\",\"https:\/\/www.youtube.com\/channel\/UC7SnJS5o1os7a6CaiNabzcg\"]},{\"@type\":\"Person\",\"@id\":\"https:\/\/psol50.org.br\/#\/schema\/person\/475dfa57d0b815993c714c2e96491fcd\",\"name\":\"Comunica\u00e7\u00e3o PSOL\",\"image\":{\"@type\":\"ImageObject\",\"inLanguage\":\"pt-BR\",\"@id\":\"https:\/\/psol50.org.br\/#\/schema\/person\/image\/\",\"url\":\"https:\/\/secure.gravatar.com\/avatar\/b34fc4f4e468a4e51785917065a3db57b841f5c95dba6ad8c73aaf8f66f8f9bf?s=96&d=mm&r=g\",\"contentUrl\":\"https:\/\/secure.gravatar.com\/avatar\/b34fc4f4e468a4e51785917065a3db57b841f5c95dba6ad8c73aaf8f66f8f9bf?s=96&d=mm&r=g\",\"caption\":\"Comunica\u00e7\u00e3o PSOL\"}}]}<\/script>\n<!-- \/ Yoast SEO plugin. -->","yoast_head_json":{"title":"No Par\u00e1, trabalhadores em educa\u00e7\u00e3o iniciam greve por tempo indeterminado - PSOL 50","robots":{"index":"index","follow":"follow","max-snippet":"max-snippet:-1","max-image-preview":"max-image-preview:large","max-video-preview":"max-video-preview:-1"},"canonical":"https:\/\/psol50.org.br\/no-para-trabalhadores-em-educacao-iniciam-greve-por-tempo-indeterminado\/","og_locale":"pt_BR","og_type":"article","og_title":"No Par\u00e1, trabalhadores em educa\u00e7\u00e3o iniciam greve por tempo indeterminado - PSOL 50","og_description":"O SINTEPP (Sindicato dos Trabalhadores da Educa\u00e7\u00e3o P\u00fablica do Par\u00e1) deflagrou nesta segunda-feira (26), greve por tempo indeterminado na rede de ensino estadual em todo o Par\u00e1. Uma caminhada com com cerca de dois mil trabalhadores e trabalhadoras em educa\u00e7\u00e3o aconteceu na manh\u00e3 de hoje, com sa\u00edda do Centro Arquitet\u00f4nico de Nazar\u00e9 (CAN) at\u00e9 o [&hellip;]","og_url":"https:\/\/psol50.org.br\/no-para-trabalhadores-em-educacao-iniciam-greve-por-tempo-indeterminado\/","og_site_name":"PSOL 50","article_publisher":"https:\/\/www.facebook.com\/psol50","article_published_time":"2011-09-27T00:00:00+00:00","og_image":[{"width":1350,"height":900,"url":"https:\/\/psol50.org.br\/inc\/uploads\/2018\/07\/capa.png","type":"image\/png"}],"author":"Comunica\u00e7\u00e3o PSOL","twitter_card":"summary_large_image","twitter_creator":"@psol50","twitter_site":"@psol50","twitter_misc":{"Escrito por":"Comunica\u00e7\u00e3o PSOL","Est. tempo de leitura":"2 minutos"},"schema":{"@context":"https:\/\/schema.org","@graph":[{"@type":"Article","@id":"https:\/\/psol50.org.br\/no-para-trabalhadores-em-educacao-iniciam-greve-por-tempo-indeterminado\/#article","isPartOf":{"@id":"https:\/\/psol50.org.br\/no-para-trabalhadores-em-educacao-iniciam-greve-por-tempo-indeterminado\/"},"author":{"name":"Comunica\u00e7\u00e3o PSOL","@id":"https:\/\/psol50.org.br\/#\/schema\/person\/475dfa57d0b815993c714c2e96491fcd"},"headline":"No Par\u00e1, trabalhadores em educa\u00e7\u00e3o iniciam greve por tempo indeterminado","datePublished":"2011-09-27T00:00:00+00:00","mainEntityOfPage":{"@id":"https:\/\/psol50.org.br\/no-para-trabalhadores-em-educacao-iniciam-greve-por-tempo-indeterminado\/"},"wordCount":427,"commentCount":0,"publisher":{"@id":"https:\/\/psol50.org.br\/#organization"},"articleSection":["Arquivo"],"inLanguage":"pt-BR","potentialAction":[{"@type":"CommentAction","name":"Comment","target":["https:\/\/psol50.org.br\/no-para-trabalhadores-em-educacao-iniciam-greve-por-tempo-indeterminado\/#respond"]}]},{"@type":"WebPage","@id":"https:\/\/psol50.org.br\/no-para-trabalhadores-em-educacao-iniciam-greve-por-tempo-indeterminado\/","url":"https:\/\/psol50.org.br\/no-para-trabalhadores-em-educacao-iniciam-greve-por-tempo-indeterminado\/","name":"No Par\u00e1, trabalhadores em educa\u00e7\u00e3o iniciam greve por tempo indeterminado - PSOL 50","isPartOf":{"@id":"https:\/\/psol50.org.br\/#website"},"datePublished":"2011-09-27T00:00:00+00:00","breadcrumb":{"@id":"https:\/\/psol50.org.br\/no-para-trabalhadores-em-educacao-iniciam-greve-por-tempo-indeterminado\/#breadcrumb"},"inLanguage":"pt-BR","potentialAction":[{"@type":"ReadAction","target":["https:\/\/psol50.org.br\/no-para-trabalhadores-em-educacao-iniciam-greve-por-tempo-indeterminado\/"]}]},{"@type":"BreadcrumbList","@id":"https:\/\/psol50.org.br\/no-para-trabalhadores-em-educacao-iniciam-greve-por-tempo-indeterminado\/#breadcrumb","itemListElement":[{"@type":"ListItem","position":1,"name":"In\u00edcio","item":"https:\/\/psol50.org.br\/"},{"@type":"ListItem","position":2,"name":"No Par\u00e1, trabalhadores em educa\u00e7\u00e3o iniciam greve por tempo indeterminado"}]},{"@type":"WebSite","@id":"https:\/\/psol50.org.br\/#website","url":"https:\/\/psol50.org.br\/","name":"PSOL 50","description":"Site oficial do Partido Socialismo e Liberdade","publisher":{"@id":"https:\/\/psol50.org.br\/#organization"},"alternateName":"PSOL50","potentialAction":[{"@type":"SearchAction","target":{"@type":"EntryPoint","urlTemplate":"https:\/\/psol50.org.br\/?s={search_term_string}"},"query-input":{"@type":"PropertyValueSpecification","valueRequired":true,"valueName":"search_term_string"}}],"inLanguage":"pt-BR"},{"@type":"Organization","@id":"https:\/\/psol50.org.br\/#organization","name":"PSOL 50","alternateName":"PSOL 50","url":"https:\/\/psol50.org.br\/","logo":{"@type":"ImageObject","inLanguage":"pt-BR","@id":"https:\/\/psol50.org.br\/#\/schema\/logo\/image\/","url":"https:\/\/psol50.org.br\/inc\/uploads\/2018\/07\/capa.png","contentUrl":"https:\/\/psol50.org.br\/inc\/uploads\/2018\/07\/capa.png","width":1350,"height":900,"caption":"PSOL 50"},"image":{"@id":"https:\/\/psol50.org.br\/#\/schema\/logo\/image\/"},"sameAs":["https:\/\/www.facebook.com\/psol50","https:\/\/x.com\/psol50","https:\/\/www.instagram.com\/psol50\/","https:\/\/www.youtube.com\/channel\/UC7SnJS5o1os7a6CaiNabzcg"]},{"@type":"Person","@id":"https:\/\/psol50.org.br\/#\/schema\/person\/475dfa57d0b815993c714c2e96491fcd","name":"Comunica\u00e7\u00e3o PSOL","image":{"@type":"ImageObject","inLanguage":"pt-BR","@id":"https:\/\/psol50.org.br\/#\/schema\/person\/image\/","url":"https:\/\/secure.gravatar.com\/avatar\/b34fc4f4e468a4e51785917065a3db57b841f5c95dba6ad8c73aaf8f66f8f9bf?s=96&d=mm&r=g","contentUrl":"https:\/\/secure.gravatar.com\/avatar\/b34fc4f4e468a4e51785917065a3db57b841f5c95dba6ad8c73aaf8f66f8f9bf?s=96&d=mm&r=g","caption":"Comunica\u00e7\u00e3o PSOL"}}]}},"_links":{"self":[{"href":"https:\/\/psol50.org.br\/rest\/wp\/v2\/posts\/910","targetHints":{"allow":["GET"]}}],"collection":[{"href":"https:\/\/psol50.org.br\/rest\/wp\/v2\/posts"}],"about":[{"href":"https:\/\/psol50.org.br\/rest\/wp\/v2\/types\/post"}],"author":[{"embeddable":true,"href":"https:\/\/psol50.org.br\/rest\/wp\/v2\/users\/2"}],"replies":[{"embeddable":true,"href":"https:\/\/psol50.org.br\/rest\/wp\/v2\/comments?post=910"}],"version-history":[{"count":0,"href":"https:\/\/psol50.org.br\/rest\/wp\/v2\/posts\/910\/revisions"}],"wp:attachment":[{"href":"https:\/\/psol50.org.br\/rest\/wp\/v2\/media?parent=910"}],"wp:term":[{"taxonomy":"category","embeddable":true,"href":"https:\/\/psol50.org.br\/rest\/wp\/v2\/categories?post=910"},{"taxonomy":"post_tag","embeddable":true,"href":"https:\/\/psol50.org.br\/rest\/wp\/v2\/tags?post=910"}],"curies":[{"name":"wp","href":"https:\/\/api.w.org\/{rel}","templated":true}]}}