{"id":914,"date":"2011-10-06T00:00:00","date_gmt":"2011-10-06T00:00:00","guid":{"rendered":"http:\/\/psol50.org.br\/arquivo\/2011\/10\/06\/lancada-a-frente-contra-a-energia-suja-em-pernambuco\/"},"modified":"2011-10-06T00:00:00","modified_gmt":"2011-10-06T00:00:00","slug":"lancada-a-frente-contra-a-energia-suja-em-pernambuco","status":"publish","type":"post","link":"https:\/\/psol50.org.br\/lancada-a-frente-contra-a-energia-suja-em-pernambuco\/","title":{"rendered":"Lan\u00e7ada a Frente contra a Energia Suja em Pernambuco"},"content":{"rendered":"<div>\n<p><a href=\"http:\/\/psol50.org.br\/blog\/2011\/10\/06\/lancada-a-frente-contra-a-energia-suja-em-pernambuco\/frente_pe\/\" rel=\"attachment wp-att-11292\"><img loading=\"lazy\" decoding=\"async\" class=\"alignright size-full wp-image-11292\" src=\"http:\/\/psol50.org.br\/files\/2011\/10\/Frente_PE.jpg\" alt=\"\" width=\"330\" height=\"244\" \/><\/a>Foi realizado na noite desta segunda-feira, 3 de outubro, no Sindicato dos M\u00e9dicos de Pernambuco\/SIMEPE o ato de lan\u00e7amento da Frente Contra a Energia Suja em Pernambuco.<\/p>\n<p>Estiveram presentes o deputado federal Raul Henry, <em><strong>o presidente estadual do PSOL, Edilson Silva<\/strong><\/em>, representantes dos deputados estaduais Betinho Gomes e Daniel Coellho, do presidente estadual do PPS, Raul Jugmann, do F\u00f3rum Estadual de Reforma Urbana, do Movimento Eco Vida do Cabo de Santo Agostinho e da ONG Ame a Terra, membros do Movimento Ecossocialista de Pernambuco e um grupo de estudantes.<\/p>\n<p>Inicialmente, o deputado Raul Henry falou sobre a representa\u00e7\u00e3o que havia protocolado horas antes junto ao Procurador da Rep\u00fablica de defesa das Tutelas Coletivas, para que ocorra uma apura\u00e7\u00e3o do cometimento de grav\u00edssimo crime ambiental, caso seja instalada em Pernambuco a Termel\u00e9trica Suape III.<\/p>\n<p>O professor Heitor Scalambrini Costa, da Universidade Federal de Pernambuco, analisou os impactos da termoel\u00e9trica a \u00f3leo combust\u00edvel prevista para ser instalada em Pernambuco. Em sua apresenta\u00e7\u00e3o ele enfatizou &#8220;Pernambuco nao precisa desta usina, e uma decisao no minimo equivocada. A energia gerada e cara, agride o meio ambiente e provoca emissoes danosa a saude das pessoas&#8221;.<\/p>\n<p>Logo em seguida a palavra franqueada \u00e0s pessoas presentes que propuseram v\u00e1rios encaminhamentos. A pr\u00f3xima reuni\u00e3o da Frente Contra a Energia Suja em Pernambuco ser\u00e1 realizada no dia 17 de outubro (segunda-feira), as 19h:30m, no SIMEPE. Foram sugeridos e criados alguns grupos de trabalho para a mobiliza\u00e7\u00e3o at\u00e9 a pr\u00f3xima reuni\u00e3o, dentre eles o de mobiliza\u00e7\u00e3o parlamentar, mobiliza\u00e7\u00e3o sindical, mobiliza\u00e7\u00e3o do movimento ambientalista, mobiliza\u00e7\u00e3o empresarial (do setor tur\u00edstico) e mobiliza\u00e7\u00e3o da imprensa.<\/p>\n<p>Outra decis\u00e3o tomada na reuni\u00e3o foi a de agendar audi\u00eancias da Frente com Dom Fernando Saburido, arcebispo de Olinda e Recife (nascido no Cabo de Santo Agostinho) e com o presidente da Fiepe. Tamb\u00e9m foi recomendada a cria\u00e7\u00e3o de um evento no facebook para a reuni\u00e3o do dia 17\/10.<\/p>\n<p>Os presentes foram convidados a participar do Ato P\u00fablico de Protesto contra a Termel\u00e9trica a ser realizado no dia 07 de outubro (sexta-feira), \u00e0s 9 horas, na Pra\u00e7a da Esta\u00e7\u00e3o Ferrovi\u00e1ria do Cabo de Santo Agostinho, que est\u00e1 sendo organizado pelo F\u00f3rum das Entidades do Cabo e o Movimento Eco Vida.<\/p>\n<p><a href=\"http:\/\/www.diarioliberdade.org\/index.php?option=com_content&amp;view=article&amp;id=20241:lancada-a-frente-contra-a-energia-suja-em-pernambuco&amp;catid=64:consumo-e-meio-natural&amp;Itemid=79\"><strong>*Fonte: Di\u00e1rio Liberdade<\/strong><\/a><\/p>\n<\/div>\n","protected":false},"excerpt":{"rendered":"<p>Foi realizado na noite desta segunda-feira, 3 de outubro, no Sindicato dos M\u00e9dicos de Pernambuco\/SIMEPE o ato de lan\u00e7amento da Frente Contra a Energia Suja em Pernambuco. Estiveram presentes o deputado federal Raul Henry, o presidente estadual do PSOL, Edilson Silva, representantes dos deputados estaduais Betinho Gomes e Daniel Coellho, do presidente estadual do PPS, [&hellip;]<\/p>\n","protected":false},"author":2,"featured_media":0,"comment_status":"open","ping_status":"open","sticky":false,"template":"","format":"standard","meta":{"_acf_changed":false,"footnotes":""},"categories":[4766],"tags":[],"class_list":{"0":"post-914","1":"post","2":"type-post","3":"status-publish","4":"format-standard","6":"category-arquivo"},"acf":[],"yoast_head":"<!-- This site is optimized with the Yoast SEO plugin v26.5 - https:\/\/yoast.com\/wordpress\/plugins\/seo\/ -->\n<title>Lan\u00e7ada a Frente contra a Energia Suja em Pernambuco - PSOL 50<\/title>\n<meta name=\"robots\" content=\"index, follow, max-snippet:-1, max-image-preview:large, max-video-preview:-1\" \/>\n<link rel=\"canonical\" href=\"https:\/\/psol50.org.br\/lancada-a-frente-contra-a-energia-suja-em-pernambuco\/\" \/>\n<meta property=\"og:locale\" content=\"pt_BR\" \/>\n<meta property=\"og:type\" content=\"article\" \/>\n<meta property=\"og:title\" content=\"Lan\u00e7ada a Frente contra a Energia Suja em Pernambuco - PSOL 50\" \/>\n<meta property=\"og:description\" content=\"Foi realizado na noite desta segunda-feira, 3 de outubro, no Sindicato dos M\u00e9dicos de Pernambuco\/SIMEPE o ato de lan\u00e7amento da Frente Contra a Energia Suja em Pernambuco. Estiveram presentes o deputado federal Raul Henry, o presidente estadual do PSOL, Edilson Silva, representantes dos deputados estaduais Betinho Gomes e Daniel Coellho, do presidente estadual do PPS, [&hellip;]\" \/>\n<meta property=\"og:url\" content=\"https:\/\/psol50.org.br\/lancada-a-frente-contra-a-energia-suja-em-pernambuco\/\" \/>\n<meta property=\"og:site_name\" content=\"PSOL 50\" \/>\n<meta property=\"article:publisher\" content=\"https:\/\/www.facebook.com\/psol50\" \/>\n<meta property=\"article:published_time\" content=\"2011-10-06T00:00:00+00:00\" \/>\n<meta property=\"og:image\" content=\"http:\/\/psol50.org.br\/files\/2011\/10\/Frente_PE.jpg\" \/>\n<meta name=\"author\" content=\"Comunica\u00e7\u00e3o PSOL\" \/>\n<meta name=\"twitter:card\" content=\"summary_large_image\" \/>\n<meta name=\"twitter:creator\" content=\"@psol50\" \/>\n<meta name=\"twitter:site\" content=\"@psol50\" \/>\n<meta name=\"twitter:label1\" content=\"Escrito por\" \/>\n\t<meta name=\"twitter:data1\" content=\"Comunica\u00e7\u00e3o PSOL\" \/>\n\t<meta name=\"twitter:label2\" content=\"Est. tempo de leitura\" \/>\n\t<meta name=\"twitter:data2\" content=\"2 minutos\" \/>\n<script type=\"application\/ld+json\" class=\"yoast-schema-graph\">{\"@context\":\"https:\/\/schema.org\",\"@graph\":[{\"@type\":\"Article\",\"@id\":\"https:\/\/psol50.org.br\/lancada-a-frente-contra-a-energia-suja-em-pernambuco\/#article\",\"isPartOf\":{\"@id\":\"https:\/\/psol50.org.br\/lancada-a-frente-contra-a-energia-suja-em-pernambuco\/\"},\"author\":{\"name\":\"Comunica\u00e7\u00e3o PSOL\",\"@id\":\"https:\/\/psol50.org.br\/#\/schema\/person\/475dfa57d0b815993c714c2e96491fcd\"},\"headline\":\"Lan\u00e7ada a Frente contra a Energia Suja em Pernambuco\",\"datePublished\":\"2011-10-06T00:00:00+00:00\",\"mainEntityOfPage\":{\"@id\":\"https:\/\/psol50.org.br\/lancada-a-frente-contra-a-energia-suja-em-pernambuco\/\"},\"wordCount\":408,\"commentCount\":0,\"publisher\":{\"@id\":\"https:\/\/psol50.org.br\/#organization\"},\"image\":{\"@id\":\"https:\/\/psol50.org.br\/lancada-a-frente-contra-a-energia-suja-em-pernambuco\/#primaryimage\"},\"thumbnailUrl\":\"http:\/\/psol50.org.br\/files\/2011\/10\/Frente_PE.jpg\",\"articleSection\":[\"Arquivo\"],\"inLanguage\":\"pt-BR\",\"potentialAction\":[{\"@type\":\"CommentAction\",\"name\":\"Comment\",\"target\":[\"https:\/\/psol50.org.br\/lancada-a-frente-contra-a-energia-suja-em-pernambuco\/#respond\"]}]},{\"@type\":\"WebPage\",\"@id\":\"https:\/\/psol50.org.br\/lancada-a-frente-contra-a-energia-suja-em-pernambuco\/\",\"url\":\"https:\/\/psol50.org.br\/lancada-a-frente-contra-a-energia-suja-em-pernambuco\/\",\"name\":\"Lan\u00e7ada a Frente contra a Energia Suja em Pernambuco - PSOL 50\",\"isPartOf\":{\"@id\":\"https:\/\/psol50.org.br\/#website\"},\"primaryImageOfPage\":{\"@id\":\"https:\/\/psol50.org.br\/lancada-a-frente-contra-a-energia-suja-em-pernambuco\/#primaryimage\"},\"image\":{\"@id\":\"https:\/\/psol50.org.br\/lancada-a-frente-contra-a-energia-suja-em-pernambuco\/#primaryimage\"},\"thumbnailUrl\":\"http:\/\/psol50.org.br\/files\/2011\/10\/Frente_PE.jpg\",\"datePublished\":\"2011-10-06T00:00:00+00:00\",\"breadcrumb\":{\"@id\":\"https:\/\/psol50.org.br\/lancada-a-frente-contra-a-energia-suja-em-pernambuco\/#breadcrumb\"},\"inLanguage\":\"pt-BR\",\"potentialAction\":[{\"@type\":\"ReadAction\",\"target\":[\"https:\/\/psol50.org.br\/lancada-a-frente-contra-a-energia-suja-em-pernambuco\/\"]}]},{\"@type\":\"ImageObject\",\"inLanguage\":\"pt-BR\",\"@id\":\"https:\/\/psol50.org.br\/lancada-a-frente-contra-a-energia-suja-em-pernambuco\/#primaryimage\",\"url\":\"http:\/\/psol50.org.br\/files\/2011\/10\/Frente_PE.jpg\",\"contentUrl\":\"http:\/\/psol50.org.br\/files\/2011\/10\/Frente_PE.jpg\"},{\"@type\":\"BreadcrumbList\",\"@id\":\"https:\/\/psol50.org.br\/lancada-a-frente-contra-a-energia-suja-em-pernambuco\/#breadcrumb\",\"itemListElement\":[{\"@type\":\"ListItem\",\"position\":1,\"name\":\"In\u00edcio\",\"item\":\"https:\/\/psol50.org.br\/\"},{\"@type\":\"ListItem\",\"position\":2,\"name\":\"Lan\u00e7ada a Frente contra a Energia Suja em Pernambuco\"}]},{\"@type\":\"WebSite\",\"@id\":\"https:\/\/psol50.org.br\/#website\",\"url\":\"https:\/\/psol50.org.br\/\",\"name\":\"PSOL 50\",\"description\":\"Site oficial do Partido Socialismo e Liberdade\",\"publisher\":{\"@id\":\"https:\/\/psol50.org.br\/#organization\"},\"alternateName\":\"PSOL50\",\"potentialAction\":[{\"@type\":\"SearchAction\",\"target\":{\"@type\":\"EntryPoint\",\"urlTemplate\":\"https:\/\/psol50.org.br\/?s={search_term_string}\"},\"query-input\":{\"@type\":\"PropertyValueSpecification\",\"valueRequired\":true,\"valueName\":\"search_term_string\"}}],\"inLanguage\":\"pt-BR\"},{\"@type\":\"Organization\",\"@id\":\"https:\/\/psol50.org.br\/#organization\",\"name\":\"PSOL 50\",\"alternateName\":\"PSOL 50\",\"url\":\"https:\/\/psol50.org.br\/\",\"logo\":{\"@type\":\"ImageObject\",\"inLanguage\":\"pt-BR\",\"@id\":\"https:\/\/psol50.org.br\/#\/schema\/logo\/image\/\",\"url\":\"https:\/\/psol50.org.br\/inc\/uploads\/2018\/07\/capa.png\",\"contentUrl\":\"https:\/\/psol50.org.br\/inc\/uploads\/2018\/07\/capa.png\",\"width\":1350,\"height\":900,\"caption\":\"PSOL 50\"},\"image\":{\"@id\":\"https:\/\/psol50.org.br\/#\/schema\/logo\/image\/\"},\"sameAs\":[\"https:\/\/www.facebook.com\/psol50\",\"https:\/\/x.com\/psol50\",\"https:\/\/www.instagram.com\/psol50\/\",\"https:\/\/www.youtube.com\/channel\/UC7SnJS5o1os7a6CaiNabzcg\"]},{\"@type\":\"Person\",\"@id\":\"https:\/\/psol50.org.br\/#\/schema\/person\/475dfa57d0b815993c714c2e96491fcd\",\"name\":\"Comunica\u00e7\u00e3o PSOL\",\"image\":{\"@type\":\"ImageObject\",\"inLanguage\":\"pt-BR\",\"@id\":\"https:\/\/psol50.org.br\/#\/schema\/person\/image\/\",\"url\":\"https:\/\/secure.gravatar.com\/avatar\/b34fc4f4e468a4e51785917065a3db57b841f5c95dba6ad8c73aaf8f66f8f9bf?s=96&d=mm&r=g\",\"contentUrl\":\"https:\/\/secure.gravatar.com\/avatar\/b34fc4f4e468a4e51785917065a3db57b841f5c95dba6ad8c73aaf8f66f8f9bf?s=96&d=mm&r=g\",\"caption\":\"Comunica\u00e7\u00e3o PSOL\"}}]}<\/script>\n<!-- \/ Yoast SEO plugin. -->","yoast_head_json":{"title":"Lan\u00e7ada a Frente contra a Energia Suja em Pernambuco - PSOL 50","robots":{"index":"index","follow":"follow","max-snippet":"max-snippet:-1","max-image-preview":"max-image-preview:large","max-video-preview":"max-video-preview:-1"},"canonical":"https:\/\/psol50.org.br\/lancada-a-frente-contra-a-energia-suja-em-pernambuco\/","og_locale":"pt_BR","og_type":"article","og_title":"Lan\u00e7ada a Frente contra a Energia Suja em Pernambuco - PSOL 50","og_description":"Foi realizado na noite desta segunda-feira, 3 de outubro, no Sindicato dos M\u00e9dicos de Pernambuco\/SIMEPE o ato de lan\u00e7amento da Frente Contra a Energia Suja em Pernambuco. Estiveram presentes o deputado federal Raul Henry, o presidente estadual do PSOL, Edilson Silva, representantes dos deputados estaduais Betinho Gomes e Daniel Coellho, do presidente estadual do PPS, [&hellip;]","og_url":"https:\/\/psol50.org.br\/lancada-a-frente-contra-a-energia-suja-em-pernambuco\/","og_site_name":"PSOL 50","article_publisher":"https:\/\/www.facebook.com\/psol50","article_published_time":"2011-10-06T00:00:00+00:00","og_image":[{"url":"http:\/\/psol50.org.br\/files\/2011\/10\/Frente_PE.jpg","type":"","width":"","height":""}],"author":"Comunica\u00e7\u00e3o PSOL","twitter_card":"summary_large_image","twitter_creator":"@psol50","twitter_site":"@psol50","twitter_misc":{"Escrito por":"Comunica\u00e7\u00e3o PSOL","Est. tempo de leitura":"2 minutos"},"schema":{"@context":"https:\/\/schema.org","@graph":[{"@type":"Article","@id":"https:\/\/psol50.org.br\/lancada-a-frente-contra-a-energia-suja-em-pernambuco\/#article","isPartOf":{"@id":"https:\/\/psol50.org.br\/lancada-a-frente-contra-a-energia-suja-em-pernambuco\/"},"author":{"name":"Comunica\u00e7\u00e3o PSOL","@id":"https:\/\/psol50.org.br\/#\/schema\/person\/475dfa57d0b815993c714c2e96491fcd"},"headline":"Lan\u00e7ada a Frente contra a Energia Suja em Pernambuco","datePublished":"2011-10-06T00:00:00+00:00","mainEntityOfPage":{"@id":"https:\/\/psol50.org.br\/lancada-a-frente-contra-a-energia-suja-em-pernambuco\/"},"wordCount":408,"commentCount":0,"publisher":{"@id":"https:\/\/psol50.org.br\/#organization"},"image":{"@id":"https:\/\/psol50.org.br\/lancada-a-frente-contra-a-energia-suja-em-pernambuco\/#primaryimage"},"thumbnailUrl":"http:\/\/psol50.org.br\/files\/2011\/10\/Frente_PE.jpg","articleSection":["Arquivo"],"inLanguage":"pt-BR","potentialAction":[{"@type":"CommentAction","name":"Comment","target":["https:\/\/psol50.org.br\/lancada-a-frente-contra-a-energia-suja-em-pernambuco\/#respond"]}]},{"@type":"WebPage","@id":"https:\/\/psol50.org.br\/lancada-a-frente-contra-a-energia-suja-em-pernambuco\/","url":"https:\/\/psol50.org.br\/lancada-a-frente-contra-a-energia-suja-em-pernambuco\/","name":"Lan\u00e7ada a Frente contra a Energia Suja em Pernambuco - PSOL 50","isPartOf":{"@id":"https:\/\/psol50.org.br\/#website"},"primaryImageOfPage":{"@id":"https:\/\/psol50.org.br\/lancada-a-frente-contra-a-energia-suja-em-pernambuco\/#primaryimage"},"image":{"@id":"https:\/\/psol50.org.br\/lancada-a-frente-contra-a-energia-suja-em-pernambuco\/#primaryimage"},"thumbnailUrl":"http:\/\/psol50.org.br\/files\/2011\/10\/Frente_PE.jpg","datePublished":"2011-10-06T00:00:00+00:00","breadcrumb":{"@id":"https:\/\/psol50.org.br\/lancada-a-frente-contra-a-energia-suja-em-pernambuco\/#breadcrumb"},"inLanguage":"pt-BR","potentialAction":[{"@type":"ReadAction","target":["https:\/\/psol50.org.br\/lancada-a-frente-contra-a-energia-suja-em-pernambuco\/"]}]},{"@type":"ImageObject","inLanguage":"pt-BR","@id":"https:\/\/psol50.org.br\/lancada-a-frente-contra-a-energia-suja-em-pernambuco\/#primaryimage","url":"http:\/\/psol50.org.br\/files\/2011\/10\/Frente_PE.jpg","contentUrl":"http:\/\/psol50.org.br\/files\/2011\/10\/Frente_PE.jpg"},{"@type":"BreadcrumbList","@id":"https:\/\/psol50.org.br\/lancada-a-frente-contra-a-energia-suja-em-pernambuco\/#breadcrumb","itemListElement":[{"@type":"ListItem","position":1,"name":"In\u00edcio","item":"https:\/\/psol50.org.br\/"},{"@type":"ListItem","position":2,"name":"Lan\u00e7ada a Frente contra a Energia Suja em Pernambuco"}]},{"@type":"WebSite","@id":"https:\/\/psol50.org.br\/#website","url":"https:\/\/psol50.org.br\/","name":"PSOL 50","description":"Site oficial do Partido Socialismo e Liberdade","publisher":{"@id":"https:\/\/psol50.org.br\/#organization"},"alternateName":"PSOL50","potentialAction":[{"@type":"SearchAction","target":{"@type":"EntryPoint","urlTemplate":"https:\/\/psol50.org.br\/?s={search_term_string}"},"query-input":{"@type":"PropertyValueSpecification","valueRequired":true,"valueName":"search_term_string"}}],"inLanguage":"pt-BR"},{"@type":"Organization","@id":"https:\/\/psol50.org.br\/#organization","name":"PSOL 50","alternateName":"PSOL 50","url":"https:\/\/psol50.org.br\/","logo":{"@type":"ImageObject","inLanguage":"pt-BR","@id":"https:\/\/psol50.org.br\/#\/schema\/logo\/image\/","url":"https:\/\/psol50.org.br\/inc\/uploads\/2018\/07\/capa.png","contentUrl":"https:\/\/psol50.org.br\/inc\/uploads\/2018\/07\/capa.png","width":1350,"height":900,"caption":"PSOL 50"},"image":{"@id":"https:\/\/psol50.org.br\/#\/schema\/logo\/image\/"},"sameAs":["https:\/\/www.facebook.com\/psol50","https:\/\/x.com\/psol50","https:\/\/www.instagram.com\/psol50\/","https:\/\/www.youtube.com\/channel\/UC7SnJS5o1os7a6CaiNabzcg"]},{"@type":"Person","@id":"https:\/\/psol50.org.br\/#\/schema\/person\/475dfa57d0b815993c714c2e96491fcd","name":"Comunica\u00e7\u00e3o PSOL","image":{"@type":"ImageObject","inLanguage":"pt-BR","@id":"https:\/\/psol50.org.br\/#\/schema\/person\/image\/","url":"https:\/\/secure.gravatar.com\/avatar\/b34fc4f4e468a4e51785917065a3db57b841f5c95dba6ad8c73aaf8f66f8f9bf?s=96&d=mm&r=g","contentUrl":"https:\/\/secure.gravatar.com\/avatar\/b34fc4f4e468a4e51785917065a3db57b841f5c95dba6ad8c73aaf8f66f8f9bf?s=96&d=mm&r=g","caption":"Comunica\u00e7\u00e3o PSOL"}}]}},"_links":{"self":[{"href":"https:\/\/psol50.org.br\/rest\/wp\/v2\/posts\/914","targetHints":{"allow":["GET"]}}],"collection":[{"href":"https:\/\/psol50.org.br\/rest\/wp\/v2\/posts"}],"about":[{"href":"https:\/\/psol50.org.br\/rest\/wp\/v2\/types\/post"}],"author":[{"embeddable":true,"href":"https:\/\/psol50.org.br\/rest\/wp\/v2\/users\/2"}],"replies":[{"embeddable":true,"href":"https:\/\/psol50.org.br\/rest\/wp\/v2\/comments?post=914"}],"version-history":[{"count":0,"href":"https:\/\/psol50.org.br\/rest\/wp\/v2\/posts\/914\/revisions"}],"wp:attachment":[{"href":"https:\/\/psol50.org.br\/rest\/wp\/v2\/media?parent=914"}],"wp:term":[{"taxonomy":"category","embeddable":true,"href":"https:\/\/psol50.org.br\/rest\/wp\/v2\/categories?post=914"},{"taxonomy":"post_tag","embeddable":true,"href":"https:\/\/psol50.org.br\/rest\/wp\/v2\/tags?post=914"}],"curies":[{"name":"wp","href":"https:\/\/api.w.org\/{rel}","templated":true}]}}