{"id":915,"date":"2011-10-06T00:00:00","date_gmt":"2011-10-06T00:00:00","guid":{"rendered":"http:\/\/psol50.org.br\/arquivo\/2011\/10\/06\/nota-do-comando-de-greve-dos-docentes-da-unir-ro\/"},"modified":"2011-10-06T00:00:00","modified_gmt":"2011-10-06T00:00:00","slug":"nota-do-comando-de-greve-dos-docentes-da-unir-ro","status":"publish","type":"post","link":"https:\/\/psol50.org.br\/nota-do-comando-de-greve-dos-docentes-da-unir-ro\/","title":{"rendered":"Nota do Comando de Greve dos docentes da Unir (RO)"},"content":{"rendered":"<p><em><strong><a href=\"http:\/\/psol50.org.br\/blog\/2011\/10\/06\/nota-do-comando-de-greve-dos-docentes-da-unir-ro\/unir_ro\/\" rel=\"attachment wp-att-11329\"><img loading=\"lazy\" decoding=\"async\" class=\"aligncenter size-full wp-image-11329\" src=\"http:\/\/psol50.org.br\/files\/2011\/10\/UNIR_RO.jpg\" alt=\"\" width=\"400\" height=\"266\" \/><\/a>Hoje, 5, juntos com os estudantes que ocupam a REITORIA, identificamos mais uma A\u00e7\u00e3o autorit\u00e1ria desta administra\u00e7\u00e3o irrespons\u00e1vel e inconseq\u00fcente.<\/strong><\/em><\/p>\n<p>Na manh\u00e3 desta sexta-feira, 05 de outubro de 2011, estudantes da Universidade Federal de Rond\u00f4nia \u2013 UNIR, ocuparam a UNIR \u2013 Centro, local onde est\u00e1 sediada a Reitoria da UNIR e Pr\u00f3-Reitorias. O movimento quer chamar a aten\u00e7\u00e3o para o caos que se instalou na Universidade, j\u00e1 acompanhado pelos meios de comunica\u00e7\u00e3o e pela sociedade.<\/p>\n<p>A Unir, \u00fanica Universidade P\u00fablica de Rond\u00f4nia encontra-se cada vez mais sucateada por conta da m\u00e1 administra\u00e7\u00e3o do Senhor Jos\u00e9 Janu\u00e1rio de Oliveira Amaral. Este senhor, al\u00e9m de mentir \u00e0 imprensa e \u00e0 popula\u00e7\u00e3o dizendo atender as reivindica\u00e7\u00f5es do movimento, utiliza de intimida\u00e7\u00f5es, ass\u00e9dio moral, uso da m\u00e1quina p\u00fablica de forma indevida para transportar professores e pessoal do \u201calto clero\u201d da UNIR para assembl\u00e9ias e ainda rejeitou uma negocia\u00e7\u00e3o franca e aberta com os docentes e estudantes.<\/p>\n<p>O resultado disso \u00e9 que o movimento de Docentes e Estudantes deliberou por n\u00e3o mais reconhec\u00ea-lo com representante desta IFES e solicitou do ANDES \u2013 Sindicato Nacional dos Docentes e parlamentares a interlocu\u00e7\u00e3o junto ao MEC \u2013 Minist\u00e9rio da Educa\u00e7\u00e3o, para resolver os problemas de nossa Institui\u00e7\u00e3o, apresentados em extensa pauta de reivindica\u00e7\u00e3o. Mais ainda, o movimento identificou que ESTE D\u00c9SPOTA \u00c9 O PRINCIPAL PROBLEMA DE NOSSA UNIVERSIDADE. Todas as Se\u00e7\u00f5es Sindicais do ANDES-SN, espalhadas em todo o Brasil e organiza\u00e7\u00f5es de solidariedade e de classe acompanham atentas e apoiando a justa luta dos estudantes e professores da UNIR.<\/p>\n<p>Hoje, juntos, com os estudantes que ocupam a REITORIA, identificamos mais uma A\u00e7\u00e3o autorit\u00e1ria desta administra\u00e7\u00e3o irrespons\u00e1vel e inconseq\u00fcente: sob a o orienta\u00e7\u00e3o de Janu\u00e1rio Amaral, o pr\u00f3-reitor Francisco Est\u00e1cio Neto, pr\u00f3-reitor da PROINFRA (Pr\u00f3-reitoria de INFRAESTRUTURA que seria a respons\u00e1vel pela garantia de infraestrutura aos campi e cursos, mas que nada apresenta de resultados concretos), de forma fascista e truculenta montou opera\u00e7\u00e3o de guerra para reprimir estudantes. A energia el\u00e9trica do pr\u00e9dio foi cortada, a pol\u00edcia federal acionada e j\u00e1 mobilizam o Comando de Opera\u00e7\u00f5es Especiais da PM, o mesmo que agiu em 1995 com pistoleiros de latifundi\u00e1rios executando camponeses na fazenda Santa Elina, quando \u00e0 \u00e9poca Valdir Raupp (hoje senador) era governador.<\/p>\n<p>Estamos denunciando a a\u00e7\u00e3o conjunta de Janu\u00e1rio Amaral e pr\u00f3-reitores, que apoiados pelo PMDB de Raupp e Conf\u00facio visam reprimir de forma truculenta a justa reivindica\u00e7\u00e3o de estudantes e professores da UNIR. Denunciaremos que qualquer a\u00e7\u00e3o repressora contra a comunidade acad\u00eamica ser\u00e1 denunciada n\u00e3o s\u00f3 na imprensa local e nacional como enviada \u00e0 organiza\u00e7\u00f5es internacionais de direitos humanos que j\u00e1 condenaram o Brasil e o Estado de Rond\u00f4nia pelos crimes cometidos contra camponeses, presidi\u00e1rios e agora, como tudo se encaminha. Responsabilizaremos os senhores JOS\u00c9 JANU\u00c1RIO DE OLIVEIRA AMARAL, FRANCISCO EST\u00c1CIO NETO E CONF\u00daCIO MOURA, GOVERNADOR DE ROND\u00d4NIA, por qualquer incidente grave que envolva estudantes e docentes.<\/p>\n<p><a href=\"http:\/\/www.tudorondonia.com\/noticias\/nota-do-comando-geral-de-greve-dos-docentes-da-unir-,23980.shtml\"><em><strong>*Fonte: tudorondonia.com &#8211; Jornal Eletr\u00f4nico\u00a0<\/strong><\/em><\/a><\/p>\n","protected":false},"excerpt":{"rendered":"<p>Hoje, 5, juntos com os estudantes que ocupam a REITORIA, identificamos mais uma A\u00e7\u00e3o autorit\u00e1ria desta administra\u00e7\u00e3o irrespons\u00e1vel e inconseq\u00fcente. Na manh\u00e3 desta sexta-feira, 05 de outubro de 2011, estudantes da Universidade Federal de Rond\u00f4nia \u2013 UNIR, ocuparam a UNIR \u2013 Centro, local onde est\u00e1 sediada a Reitoria da UNIR e Pr\u00f3-Reitorias. O movimento quer [&hellip;]<\/p>\n","protected":false},"author":2,"featured_media":0,"comment_status":"open","ping_status":"open","sticky":false,"template":"","format":"standard","meta":{"_acf_changed":false,"footnotes":""},"categories":[4766],"tags":[],"class_list":{"0":"post-915","1":"post","2":"type-post","3":"status-publish","4":"format-standard","6":"category-arquivo"},"acf":[],"yoast_head":"<!-- This site is optimized with the Yoast SEO plugin v26.5 - https:\/\/yoast.com\/wordpress\/plugins\/seo\/ -->\n<title>Nota do Comando de Greve dos docentes da Unir (RO) - PSOL 50<\/title>\n<meta name=\"robots\" content=\"index, follow, max-snippet:-1, max-image-preview:large, max-video-preview:-1\" \/>\n<link rel=\"canonical\" href=\"https:\/\/psol50.org.br\/nota-do-comando-de-greve-dos-docentes-da-unir-ro\/\" \/>\n<meta property=\"og:locale\" content=\"pt_BR\" \/>\n<meta property=\"og:type\" content=\"article\" \/>\n<meta property=\"og:title\" content=\"Nota do Comando de Greve dos docentes da Unir (RO) - PSOL 50\" \/>\n<meta property=\"og:description\" content=\"Hoje, 5, juntos com os estudantes que ocupam a REITORIA, identificamos mais uma A\u00e7\u00e3o autorit\u00e1ria desta administra\u00e7\u00e3o irrespons\u00e1vel e inconseq\u00fcente. Na manh\u00e3 desta sexta-feira, 05 de outubro de 2011, estudantes da Universidade Federal de Rond\u00f4nia \u2013 UNIR, ocuparam a UNIR \u2013 Centro, local onde est\u00e1 sediada a Reitoria da UNIR e Pr\u00f3-Reitorias. O movimento quer [&hellip;]\" \/>\n<meta property=\"og:url\" content=\"https:\/\/psol50.org.br\/nota-do-comando-de-greve-dos-docentes-da-unir-ro\/\" \/>\n<meta property=\"og:site_name\" content=\"PSOL 50\" \/>\n<meta property=\"article:publisher\" content=\"https:\/\/www.facebook.com\/psol50\" \/>\n<meta property=\"article:published_time\" content=\"2011-10-06T00:00:00+00:00\" \/>\n<meta property=\"og:image\" content=\"http:\/\/psol50.org.br\/files\/2011\/10\/UNIR_RO.jpg\" \/>\n<meta name=\"author\" content=\"Comunica\u00e7\u00e3o PSOL\" \/>\n<meta name=\"twitter:card\" content=\"summary_large_image\" \/>\n<meta name=\"twitter:creator\" content=\"@psol50\" \/>\n<meta name=\"twitter:site\" content=\"@psol50\" \/>\n<meta name=\"twitter:label1\" content=\"Escrito por\" \/>\n\t<meta name=\"twitter:data1\" content=\"Comunica\u00e7\u00e3o PSOL\" \/>\n\t<meta name=\"twitter:label2\" content=\"Est. tempo de leitura\" \/>\n\t<meta name=\"twitter:data2\" content=\"3 minutos\" \/>\n<script type=\"application\/ld+json\" class=\"yoast-schema-graph\">{\"@context\":\"https:\/\/schema.org\",\"@graph\":[{\"@type\":\"Article\",\"@id\":\"https:\/\/psol50.org.br\/nota-do-comando-de-greve-dos-docentes-da-unir-ro\/#article\",\"isPartOf\":{\"@id\":\"https:\/\/psol50.org.br\/nota-do-comando-de-greve-dos-docentes-da-unir-ro\/\"},\"author\":{\"name\":\"Comunica\u00e7\u00e3o PSOL\",\"@id\":\"https:\/\/psol50.org.br\/#\/schema\/person\/475dfa57d0b815993c714c2e96491fcd\"},\"headline\":\"Nota do Comando de Greve dos docentes da Unir (RO)\",\"datePublished\":\"2011-10-06T00:00:00+00:00\",\"mainEntityOfPage\":{\"@id\":\"https:\/\/psol50.org.br\/nota-do-comando-de-greve-dos-docentes-da-unir-ro\/\"},\"wordCount\":539,\"commentCount\":0,\"publisher\":{\"@id\":\"https:\/\/psol50.org.br\/#organization\"},\"image\":{\"@id\":\"https:\/\/psol50.org.br\/nota-do-comando-de-greve-dos-docentes-da-unir-ro\/#primaryimage\"},\"thumbnailUrl\":\"http:\/\/psol50.org.br\/files\/2011\/10\/UNIR_RO.jpg\",\"articleSection\":[\"Arquivo\"],\"inLanguage\":\"pt-BR\",\"potentialAction\":[{\"@type\":\"CommentAction\",\"name\":\"Comment\",\"target\":[\"https:\/\/psol50.org.br\/nota-do-comando-de-greve-dos-docentes-da-unir-ro\/#respond\"]}]},{\"@type\":\"WebPage\",\"@id\":\"https:\/\/psol50.org.br\/nota-do-comando-de-greve-dos-docentes-da-unir-ro\/\",\"url\":\"https:\/\/psol50.org.br\/nota-do-comando-de-greve-dos-docentes-da-unir-ro\/\",\"name\":\"Nota do Comando de Greve dos docentes da Unir (RO) - PSOL 50\",\"isPartOf\":{\"@id\":\"https:\/\/psol50.org.br\/#website\"},\"primaryImageOfPage\":{\"@id\":\"https:\/\/psol50.org.br\/nota-do-comando-de-greve-dos-docentes-da-unir-ro\/#primaryimage\"},\"image\":{\"@id\":\"https:\/\/psol50.org.br\/nota-do-comando-de-greve-dos-docentes-da-unir-ro\/#primaryimage\"},\"thumbnailUrl\":\"http:\/\/psol50.org.br\/files\/2011\/10\/UNIR_RO.jpg\",\"datePublished\":\"2011-10-06T00:00:00+00:00\",\"breadcrumb\":{\"@id\":\"https:\/\/psol50.org.br\/nota-do-comando-de-greve-dos-docentes-da-unir-ro\/#breadcrumb\"},\"inLanguage\":\"pt-BR\",\"potentialAction\":[{\"@type\":\"ReadAction\",\"target\":[\"https:\/\/psol50.org.br\/nota-do-comando-de-greve-dos-docentes-da-unir-ro\/\"]}]},{\"@type\":\"ImageObject\",\"inLanguage\":\"pt-BR\",\"@id\":\"https:\/\/psol50.org.br\/nota-do-comando-de-greve-dos-docentes-da-unir-ro\/#primaryimage\",\"url\":\"http:\/\/psol50.org.br\/files\/2011\/10\/UNIR_RO.jpg\",\"contentUrl\":\"http:\/\/psol50.org.br\/files\/2011\/10\/UNIR_RO.jpg\"},{\"@type\":\"BreadcrumbList\",\"@id\":\"https:\/\/psol50.org.br\/nota-do-comando-de-greve-dos-docentes-da-unir-ro\/#breadcrumb\",\"itemListElement\":[{\"@type\":\"ListItem\",\"position\":1,\"name\":\"In\u00edcio\",\"item\":\"https:\/\/psol50.org.br\/\"},{\"@type\":\"ListItem\",\"position\":2,\"name\":\"Nota do Comando de Greve dos docentes da Unir (RO)\"}]},{\"@type\":\"WebSite\",\"@id\":\"https:\/\/psol50.org.br\/#website\",\"url\":\"https:\/\/psol50.org.br\/\",\"name\":\"PSOL 50\",\"description\":\"Site oficial do Partido Socialismo e Liberdade\",\"publisher\":{\"@id\":\"https:\/\/psol50.org.br\/#organization\"},\"alternateName\":\"PSOL50\",\"potentialAction\":[{\"@type\":\"SearchAction\",\"target\":{\"@type\":\"EntryPoint\",\"urlTemplate\":\"https:\/\/psol50.org.br\/?s={search_term_string}\"},\"query-input\":{\"@type\":\"PropertyValueSpecification\",\"valueRequired\":true,\"valueName\":\"search_term_string\"}}],\"inLanguage\":\"pt-BR\"},{\"@type\":\"Organization\",\"@id\":\"https:\/\/psol50.org.br\/#organization\",\"name\":\"PSOL 50\",\"alternateName\":\"PSOL 50\",\"url\":\"https:\/\/psol50.org.br\/\",\"logo\":{\"@type\":\"ImageObject\",\"inLanguage\":\"pt-BR\",\"@id\":\"https:\/\/psol50.org.br\/#\/schema\/logo\/image\/\",\"url\":\"https:\/\/psol50.org.br\/inc\/uploads\/2018\/07\/capa.png\",\"contentUrl\":\"https:\/\/psol50.org.br\/inc\/uploads\/2018\/07\/capa.png\",\"width\":1350,\"height\":900,\"caption\":\"PSOL 50\"},\"image\":{\"@id\":\"https:\/\/psol50.org.br\/#\/schema\/logo\/image\/\"},\"sameAs\":[\"https:\/\/www.facebook.com\/psol50\",\"https:\/\/x.com\/psol50\",\"https:\/\/www.instagram.com\/psol50\/\",\"https:\/\/www.youtube.com\/channel\/UC7SnJS5o1os7a6CaiNabzcg\"]},{\"@type\":\"Person\",\"@id\":\"https:\/\/psol50.org.br\/#\/schema\/person\/475dfa57d0b815993c714c2e96491fcd\",\"name\":\"Comunica\u00e7\u00e3o PSOL\",\"image\":{\"@type\":\"ImageObject\",\"inLanguage\":\"pt-BR\",\"@id\":\"https:\/\/psol50.org.br\/#\/schema\/person\/image\/\",\"url\":\"https:\/\/secure.gravatar.com\/avatar\/b34fc4f4e468a4e51785917065a3db57b841f5c95dba6ad8c73aaf8f66f8f9bf?s=96&d=mm&r=g\",\"contentUrl\":\"https:\/\/secure.gravatar.com\/avatar\/b34fc4f4e468a4e51785917065a3db57b841f5c95dba6ad8c73aaf8f66f8f9bf?s=96&d=mm&r=g\",\"caption\":\"Comunica\u00e7\u00e3o PSOL\"}}]}<\/script>\n<!-- \/ Yoast SEO plugin. -->","yoast_head_json":{"title":"Nota do Comando de Greve dos docentes da Unir (RO) - PSOL 50","robots":{"index":"index","follow":"follow","max-snippet":"max-snippet:-1","max-image-preview":"max-image-preview:large","max-video-preview":"max-video-preview:-1"},"canonical":"https:\/\/psol50.org.br\/nota-do-comando-de-greve-dos-docentes-da-unir-ro\/","og_locale":"pt_BR","og_type":"article","og_title":"Nota do Comando de Greve dos docentes da Unir (RO) - PSOL 50","og_description":"Hoje, 5, juntos com os estudantes que ocupam a REITORIA, identificamos mais uma A\u00e7\u00e3o autorit\u00e1ria desta administra\u00e7\u00e3o irrespons\u00e1vel e inconseq\u00fcente. Na manh\u00e3 desta sexta-feira, 05 de outubro de 2011, estudantes da Universidade Federal de Rond\u00f4nia \u2013 UNIR, ocuparam a UNIR \u2013 Centro, local onde est\u00e1 sediada a Reitoria da UNIR e Pr\u00f3-Reitorias. O movimento quer [&hellip;]","og_url":"https:\/\/psol50.org.br\/nota-do-comando-de-greve-dos-docentes-da-unir-ro\/","og_site_name":"PSOL 50","article_publisher":"https:\/\/www.facebook.com\/psol50","article_published_time":"2011-10-06T00:00:00+00:00","og_image":[{"url":"http:\/\/psol50.org.br\/files\/2011\/10\/UNIR_RO.jpg","type":"","width":"","height":""}],"author":"Comunica\u00e7\u00e3o PSOL","twitter_card":"summary_large_image","twitter_creator":"@psol50","twitter_site":"@psol50","twitter_misc":{"Escrito por":"Comunica\u00e7\u00e3o PSOL","Est. tempo de leitura":"3 minutos"},"schema":{"@context":"https:\/\/schema.org","@graph":[{"@type":"Article","@id":"https:\/\/psol50.org.br\/nota-do-comando-de-greve-dos-docentes-da-unir-ro\/#article","isPartOf":{"@id":"https:\/\/psol50.org.br\/nota-do-comando-de-greve-dos-docentes-da-unir-ro\/"},"author":{"name":"Comunica\u00e7\u00e3o PSOL","@id":"https:\/\/psol50.org.br\/#\/schema\/person\/475dfa57d0b815993c714c2e96491fcd"},"headline":"Nota do Comando de Greve dos docentes da Unir (RO)","datePublished":"2011-10-06T00:00:00+00:00","mainEntityOfPage":{"@id":"https:\/\/psol50.org.br\/nota-do-comando-de-greve-dos-docentes-da-unir-ro\/"},"wordCount":539,"commentCount":0,"publisher":{"@id":"https:\/\/psol50.org.br\/#organization"},"image":{"@id":"https:\/\/psol50.org.br\/nota-do-comando-de-greve-dos-docentes-da-unir-ro\/#primaryimage"},"thumbnailUrl":"http:\/\/psol50.org.br\/files\/2011\/10\/UNIR_RO.jpg","articleSection":["Arquivo"],"inLanguage":"pt-BR","potentialAction":[{"@type":"CommentAction","name":"Comment","target":["https:\/\/psol50.org.br\/nota-do-comando-de-greve-dos-docentes-da-unir-ro\/#respond"]}]},{"@type":"WebPage","@id":"https:\/\/psol50.org.br\/nota-do-comando-de-greve-dos-docentes-da-unir-ro\/","url":"https:\/\/psol50.org.br\/nota-do-comando-de-greve-dos-docentes-da-unir-ro\/","name":"Nota do Comando de Greve dos docentes da Unir (RO) - PSOL 50","isPartOf":{"@id":"https:\/\/psol50.org.br\/#website"},"primaryImageOfPage":{"@id":"https:\/\/psol50.org.br\/nota-do-comando-de-greve-dos-docentes-da-unir-ro\/#primaryimage"},"image":{"@id":"https:\/\/psol50.org.br\/nota-do-comando-de-greve-dos-docentes-da-unir-ro\/#primaryimage"},"thumbnailUrl":"http:\/\/psol50.org.br\/files\/2011\/10\/UNIR_RO.jpg","datePublished":"2011-10-06T00:00:00+00:00","breadcrumb":{"@id":"https:\/\/psol50.org.br\/nota-do-comando-de-greve-dos-docentes-da-unir-ro\/#breadcrumb"},"inLanguage":"pt-BR","potentialAction":[{"@type":"ReadAction","target":["https:\/\/psol50.org.br\/nota-do-comando-de-greve-dos-docentes-da-unir-ro\/"]}]},{"@type":"ImageObject","inLanguage":"pt-BR","@id":"https:\/\/psol50.org.br\/nota-do-comando-de-greve-dos-docentes-da-unir-ro\/#primaryimage","url":"http:\/\/psol50.org.br\/files\/2011\/10\/UNIR_RO.jpg","contentUrl":"http:\/\/psol50.org.br\/files\/2011\/10\/UNIR_RO.jpg"},{"@type":"BreadcrumbList","@id":"https:\/\/psol50.org.br\/nota-do-comando-de-greve-dos-docentes-da-unir-ro\/#breadcrumb","itemListElement":[{"@type":"ListItem","position":1,"name":"In\u00edcio","item":"https:\/\/psol50.org.br\/"},{"@type":"ListItem","position":2,"name":"Nota do Comando de Greve dos docentes da Unir (RO)"}]},{"@type":"WebSite","@id":"https:\/\/psol50.org.br\/#website","url":"https:\/\/psol50.org.br\/","name":"PSOL 50","description":"Site oficial do Partido Socialismo e Liberdade","publisher":{"@id":"https:\/\/psol50.org.br\/#organization"},"alternateName":"PSOL50","potentialAction":[{"@type":"SearchAction","target":{"@type":"EntryPoint","urlTemplate":"https:\/\/psol50.org.br\/?s={search_term_string}"},"query-input":{"@type":"PropertyValueSpecification","valueRequired":true,"valueName":"search_term_string"}}],"inLanguage":"pt-BR"},{"@type":"Organization","@id":"https:\/\/psol50.org.br\/#organization","name":"PSOL 50","alternateName":"PSOL 50","url":"https:\/\/psol50.org.br\/","logo":{"@type":"ImageObject","inLanguage":"pt-BR","@id":"https:\/\/psol50.org.br\/#\/schema\/logo\/image\/","url":"https:\/\/psol50.org.br\/inc\/uploads\/2018\/07\/capa.png","contentUrl":"https:\/\/psol50.org.br\/inc\/uploads\/2018\/07\/capa.png","width":1350,"height":900,"caption":"PSOL 50"},"image":{"@id":"https:\/\/psol50.org.br\/#\/schema\/logo\/image\/"},"sameAs":["https:\/\/www.facebook.com\/psol50","https:\/\/x.com\/psol50","https:\/\/www.instagram.com\/psol50\/","https:\/\/www.youtube.com\/channel\/UC7SnJS5o1os7a6CaiNabzcg"]},{"@type":"Person","@id":"https:\/\/psol50.org.br\/#\/schema\/person\/475dfa57d0b815993c714c2e96491fcd","name":"Comunica\u00e7\u00e3o PSOL","image":{"@type":"ImageObject","inLanguage":"pt-BR","@id":"https:\/\/psol50.org.br\/#\/schema\/person\/image\/","url":"https:\/\/secure.gravatar.com\/avatar\/b34fc4f4e468a4e51785917065a3db57b841f5c95dba6ad8c73aaf8f66f8f9bf?s=96&d=mm&r=g","contentUrl":"https:\/\/secure.gravatar.com\/avatar\/b34fc4f4e468a4e51785917065a3db57b841f5c95dba6ad8c73aaf8f66f8f9bf?s=96&d=mm&r=g","caption":"Comunica\u00e7\u00e3o PSOL"}}]}},"_links":{"self":[{"href":"https:\/\/psol50.org.br\/rest\/wp\/v2\/posts\/915","targetHints":{"allow":["GET"]}}],"collection":[{"href":"https:\/\/psol50.org.br\/rest\/wp\/v2\/posts"}],"about":[{"href":"https:\/\/psol50.org.br\/rest\/wp\/v2\/types\/post"}],"author":[{"embeddable":true,"href":"https:\/\/psol50.org.br\/rest\/wp\/v2\/users\/2"}],"replies":[{"embeddable":true,"href":"https:\/\/psol50.org.br\/rest\/wp\/v2\/comments?post=915"}],"version-history":[{"count":0,"href":"https:\/\/psol50.org.br\/rest\/wp\/v2\/posts\/915\/revisions"}],"wp:attachment":[{"href":"https:\/\/psol50.org.br\/rest\/wp\/v2\/media?parent=915"}],"wp:term":[{"taxonomy":"category","embeddable":true,"href":"https:\/\/psol50.org.br\/rest\/wp\/v2\/categories?post=915"},{"taxonomy":"post_tag","embeddable":true,"href":"https:\/\/psol50.org.br\/rest\/wp\/v2\/tags?post=915"}],"curies":[{"name":"wp","href":"https:\/\/api.w.org\/{rel}","templated":true}]}}