{"id":919,"date":"2011-10-11T00:00:00","date_gmt":"2011-10-11T00:00:00","guid":{"rendered":"http:\/\/psol50.org.br\/arquivo\/2011\/10\/11\/sc-ato-em-defesa-do-hospital-florianopolis-e-da-educacao\/"},"modified":"2011-10-11T00:00:00","modified_gmt":"2011-10-11T00:00:00","slug":"sc-ato-em-defesa-do-hospital-florianopolis-e-da-educacao","status":"publish","type":"post","link":"https:\/\/psol50.org.br\/sc-ato-em-defesa-do-hospital-florianopolis-e-da-educacao\/","title":{"rendered":"SC: Ato em defesa do Hospital Florian\u00f3polis e da Educa\u00e7\u00e3o"},"content":{"rendered":"<p style=\"text-align: justify\"><a href=\"http:\/\/psol50.org.br\/blog\/2011\/10\/11\/sc-ato-em-defesa-do-hospital-florianopolis-e-da-educacao\/hosp_flori2\/\" rel=\"attachment wp-att-11445\"><img loading=\"lazy\" decoding=\"async\" class=\"alignleft size-full wp-image-11445\" src=\"http:\/\/psol50.org.br\/files\/2011\/10\/hosp_flori2.jpg\" alt=\"\" width=\"380\" height=\"285\" \/><\/a>O governo Raimundo Colombo \u2013 seguindo Luiz Henrique e Pavan &#8211; quer passar os hospitais p\u00fablicos catarinenses para as Organiza\u00e7\u00f5es Sociais (OS). Isso significa que o governo pega o dinheiro dos impostos que voc\u00ea paga e entrega para uma empresa da \u00e1rea da sa\u00fade lucrar. Na pr\u00e1tica s\u00f3 vai ter atendimento de sa\u00fade quem tiver muito dinheiro para pagar. Organiza\u00e7\u00e3o Social s\u00f3 \u00e9 boa para as empresas que recebem o repasse do governo. A t\u00e1tica do governo \u00e9 sempre a mesma: inventa uma reforma como desculpa; gasta milh\u00f5es (nosso dinheiro) e depois d\u00e1 de bandeja para uma empresa lucrar.<\/p>\n<p>Esse desrespeito tamb\u00e9m acontece com as escolas p\u00fablicas. S\u00e3o in\u00fameras as escolas estaduais fechadas e outras est\u00e3o em frangalhos. Perguntamos a esse governo: Se \u00e9 para o Estado economizar por que n\u00e3o acaba com o excesso de mordomias da classe pol\u00edtica? Por que deixa na mis\u00e9ria a Sa\u00fade, Educa\u00e7\u00e3o e a Seguran\u00e7a?<\/p>\n<p>Lembre-se: a reforma da Assembleia; as aposentadorias ilegais; os supersal\u00e1rios; os incentivos fiscais a grandes grupos econ\u00f4micos; privatiza\u00e7\u00e3o do patrim\u00f4nio p\u00fablico; s\u00e3o pagos com o dinheiro dos nossos impostos.<\/p>\n<p><strong>Ato em defesa do Hospital Florian\u00f3polis e da Educa\u00e7\u00e3o<\/strong><\/p>\n<p style=\"text-align: justify\"><strong>N\u00c3O DEIXE PRIVATIZAR O HF: VOC\u00ca OU ALGU\u00c9M QUE VOC\u00ca GOSTA MUITO PODE MORRER POR CAUSA DISSO!<\/strong>\n<\/p>\n<p style=\"text-align: center\"><em><strong>Quando: Dia 15 de outubro, \u00e0s 9h<\/strong><\/em><br \/>\n<em><strong>Onde: Concentra\u00e7\u00e3o em frente \u00e0 Pra\u00e7a Nossa Senhora de F\u00e1tima,<\/strong><\/em><br \/>\n<em><strong>Estreito<\/strong><\/em>\n<\/p>\n<ul>\n<li><em><strong>\u00b0 em defesa da sa\u00fade p\u00fablica e gratuita para todos!;<\/strong><\/em><\/li>\n<li><em><strong>\u00b0 pela reabertura imediata do Hospital Florian\u00f3polis<\/strong><\/em><\/li>\n<li><em><strong>100% p\u00fablico e gratuito!;<\/strong><\/em><\/li>\n<li><em><strong>\u00b0 contra as Organiza\u00e7\u00f5es Sociais!;<\/strong><\/em><\/li>\n<li><em><strong>\u00b0 pela aprova\u00e7\u00e3o imediata da EC 29 para mais verbas<\/strong><\/em><\/li>\n<li><em><strong>para a sa\u00fade!;<\/strong><\/em><\/li>\n<li><em><strong>\u00b0 pelos 10% do PIB para a educa\u00e7\u00e3o!;<\/strong><\/em><\/li>\n<li><em><strong>\u00b0 contra a privatiza\u00e7\u00e3o dos Hospitais Universit\u00e1rios!;<\/strong><\/em><\/li>\n<li><em><strong>\u00b0 contra a privatiza\u00e7\u00e3o dos correios!<\/strong><\/em><\/li>\n<\/ul>\n<p style=\"text-align: center\">\n","protected":false},"excerpt":{"rendered":"<p>O governo Raimundo Colombo \u2013 seguindo Luiz Henrique e Pavan &#8211; quer passar os hospitais p\u00fablicos catarinenses para as Organiza\u00e7\u00f5es Sociais (OS). Isso significa que o governo pega o dinheiro dos impostos que voc\u00ea paga e entrega para uma empresa da \u00e1rea da sa\u00fade lucrar. Na pr\u00e1tica s\u00f3 vai ter atendimento de sa\u00fade quem tiver [&hellip;]<\/p>\n","protected":false},"author":2,"featured_media":0,"comment_status":"open","ping_status":"open","sticky":false,"template":"","format":"standard","meta":{"_acf_changed":false,"footnotes":""},"categories":[4766],"tags":[],"class_list":{"0":"post-919","1":"post","2":"type-post","3":"status-publish","4":"format-standard","6":"category-arquivo"},"acf":[],"yoast_head":"<!-- This site is optimized with the Yoast SEO plugin v26.5 - https:\/\/yoast.com\/wordpress\/plugins\/seo\/ -->\n<title>SC: Ato em defesa do Hospital Florian\u00f3polis e da Educa\u00e7\u00e3o - PSOL 50<\/title>\n<meta name=\"robots\" content=\"index, follow, max-snippet:-1, max-image-preview:large, max-video-preview:-1\" \/>\n<link rel=\"canonical\" href=\"https:\/\/psol50.org.br\/sc-ato-em-defesa-do-hospital-florianopolis-e-da-educacao\/\" \/>\n<meta property=\"og:locale\" content=\"pt_BR\" \/>\n<meta property=\"og:type\" content=\"article\" \/>\n<meta property=\"og:title\" content=\"SC: Ato em defesa do Hospital Florian\u00f3polis e da Educa\u00e7\u00e3o - PSOL 50\" \/>\n<meta property=\"og:description\" content=\"O governo Raimundo Colombo \u2013 seguindo Luiz Henrique e Pavan &#8211; quer passar os hospitais p\u00fablicos catarinenses para as Organiza\u00e7\u00f5es Sociais (OS). Isso significa que o governo pega o dinheiro dos impostos que voc\u00ea paga e entrega para uma empresa da \u00e1rea da sa\u00fade lucrar. Na pr\u00e1tica s\u00f3 vai ter atendimento de sa\u00fade quem tiver [&hellip;]\" \/>\n<meta property=\"og:url\" content=\"https:\/\/psol50.org.br\/sc-ato-em-defesa-do-hospital-florianopolis-e-da-educacao\/\" \/>\n<meta property=\"og:site_name\" content=\"PSOL 50\" \/>\n<meta property=\"article:publisher\" content=\"https:\/\/www.facebook.com\/psol50\" \/>\n<meta property=\"article:published_time\" content=\"2011-10-11T00:00:00+00:00\" \/>\n<meta property=\"og:image\" content=\"http:\/\/psol50.org.br\/files\/2011\/10\/hosp_flori2.jpg\" \/>\n<meta name=\"author\" content=\"Comunica\u00e7\u00e3o PSOL\" \/>\n<meta name=\"twitter:card\" content=\"summary_large_image\" \/>\n<meta name=\"twitter:creator\" content=\"@psol50\" \/>\n<meta name=\"twitter:site\" content=\"@psol50\" \/>\n<meta name=\"twitter:label1\" content=\"Escrito por\" \/>\n\t<meta name=\"twitter:data1\" content=\"Comunica\u00e7\u00e3o PSOL\" \/>\n\t<meta name=\"twitter:label2\" content=\"Est. tempo de leitura\" \/>\n\t<meta name=\"twitter:data2\" content=\"2 minutos\" \/>\n<script type=\"application\/ld+json\" class=\"yoast-schema-graph\">{\"@context\":\"https:\/\/schema.org\",\"@graph\":[{\"@type\":\"Article\",\"@id\":\"https:\/\/psol50.org.br\/sc-ato-em-defesa-do-hospital-florianopolis-e-da-educacao\/#article\",\"isPartOf\":{\"@id\":\"https:\/\/psol50.org.br\/sc-ato-em-defesa-do-hospital-florianopolis-e-da-educacao\/\"},\"author\":{\"name\":\"Comunica\u00e7\u00e3o PSOL\",\"@id\":\"https:\/\/psol50.org.br\/#\/schema\/person\/475dfa57d0b815993c714c2e96491fcd\"},\"headline\":\"SC: Ato em defesa do Hospital Florian\u00f3polis e da Educa\u00e7\u00e3o\",\"datePublished\":\"2011-10-11T00:00:00+00:00\",\"mainEntityOfPage\":{\"@id\":\"https:\/\/psol50.org.br\/sc-ato-em-defesa-do-hospital-florianopolis-e-da-educacao\/\"},\"wordCount\":323,\"commentCount\":0,\"publisher\":{\"@id\":\"https:\/\/psol50.org.br\/#organization\"},\"image\":{\"@id\":\"https:\/\/psol50.org.br\/sc-ato-em-defesa-do-hospital-florianopolis-e-da-educacao\/#primaryimage\"},\"thumbnailUrl\":\"http:\/\/psol50.org.br\/files\/2011\/10\/hosp_flori2.jpg\",\"articleSection\":[\"Arquivo\"],\"inLanguage\":\"pt-BR\",\"potentialAction\":[{\"@type\":\"CommentAction\",\"name\":\"Comment\",\"target\":[\"https:\/\/psol50.org.br\/sc-ato-em-defesa-do-hospital-florianopolis-e-da-educacao\/#respond\"]}]},{\"@type\":\"WebPage\",\"@id\":\"https:\/\/psol50.org.br\/sc-ato-em-defesa-do-hospital-florianopolis-e-da-educacao\/\",\"url\":\"https:\/\/psol50.org.br\/sc-ato-em-defesa-do-hospital-florianopolis-e-da-educacao\/\",\"name\":\"SC: Ato em defesa do Hospital Florian\u00f3polis e da Educa\u00e7\u00e3o - PSOL 50\",\"isPartOf\":{\"@id\":\"https:\/\/psol50.org.br\/#website\"},\"primaryImageOfPage\":{\"@id\":\"https:\/\/psol50.org.br\/sc-ato-em-defesa-do-hospital-florianopolis-e-da-educacao\/#primaryimage\"},\"image\":{\"@id\":\"https:\/\/psol50.org.br\/sc-ato-em-defesa-do-hospital-florianopolis-e-da-educacao\/#primaryimage\"},\"thumbnailUrl\":\"http:\/\/psol50.org.br\/files\/2011\/10\/hosp_flori2.jpg\",\"datePublished\":\"2011-10-11T00:00:00+00:00\",\"breadcrumb\":{\"@id\":\"https:\/\/psol50.org.br\/sc-ato-em-defesa-do-hospital-florianopolis-e-da-educacao\/#breadcrumb\"},\"inLanguage\":\"pt-BR\",\"potentialAction\":[{\"@type\":\"ReadAction\",\"target\":[\"https:\/\/psol50.org.br\/sc-ato-em-defesa-do-hospital-florianopolis-e-da-educacao\/\"]}]},{\"@type\":\"ImageObject\",\"inLanguage\":\"pt-BR\",\"@id\":\"https:\/\/psol50.org.br\/sc-ato-em-defesa-do-hospital-florianopolis-e-da-educacao\/#primaryimage\",\"url\":\"http:\/\/psol50.org.br\/files\/2011\/10\/hosp_flori2.jpg\",\"contentUrl\":\"http:\/\/psol50.org.br\/files\/2011\/10\/hosp_flori2.jpg\"},{\"@type\":\"BreadcrumbList\",\"@id\":\"https:\/\/psol50.org.br\/sc-ato-em-defesa-do-hospital-florianopolis-e-da-educacao\/#breadcrumb\",\"itemListElement\":[{\"@type\":\"ListItem\",\"position\":1,\"name\":\"In\u00edcio\",\"item\":\"https:\/\/psol50.org.br\/\"},{\"@type\":\"ListItem\",\"position\":2,\"name\":\"SC: Ato em defesa do Hospital Florian\u00f3polis e da Educa\u00e7\u00e3o\"}]},{\"@type\":\"WebSite\",\"@id\":\"https:\/\/psol50.org.br\/#website\",\"url\":\"https:\/\/psol50.org.br\/\",\"name\":\"PSOL 50\",\"description\":\"Site oficial do Partido Socialismo e Liberdade\",\"publisher\":{\"@id\":\"https:\/\/psol50.org.br\/#organization\"},\"alternateName\":\"PSOL50\",\"potentialAction\":[{\"@type\":\"SearchAction\",\"target\":{\"@type\":\"EntryPoint\",\"urlTemplate\":\"https:\/\/psol50.org.br\/?s={search_term_string}\"},\"query-input\":{\"@type\":\"PropertyValueSpecification\",\"valueRequired\":true,\"valueName\":\"search_term_string\"}}],\"inLanguage\":\"pt-BR\"},{\"@type\":\"Organization\",\"@id\":\"https:\/\/psol50.org.br\/#organization\",\"name\":\"PSOL 50\",\"alternateName\":\"PSOL 50\",\"url\":\"https:\/\/psol50.org.br\/\",\"logo\":{\"@type\":\"ImageObject\",\"inLanguage\":\"pt-BR\",\"@id\":\"https:\/\/psol50.org.br\/#\/schema\/logo\/image\/\",\"url\":\"https:\/\/psol50.org.br\/inc\/uploads\/2018\/07\/capa.png\",\"contentUrl\":\"https:\/\/psol50.org.br\/inc\/uploads\/2018\/07\/capa.png\",\"width\":1350,\"height\":900,\"caption\":\"PSOL 50\"},\"image\":{\"@id\":\"https:\/\/psol50.org.br\/#\/schema\/logo\/image\/\"},\"sameAs\":[\"https:\/\/www.facebook.com\/psol50\",\"https:\/\/x.com\/psol50\",\"https:\/\/www.instagram.com\/psol50\/\",\"https:\/\/www.youtube.com\/channel\/UC7SnJS5o1os7a6CaiNabzcg\"]},{\"@type\":\"Person\",\"@id\":\"https:\/\/psol50.org.br\/#\/schema\/person\/475dfa57d0b815993c714c2e96491fcd\",\"name\":\"Comunica\u00e7\u00e3o PSOL\",\"image\":{\"@type\":\"ImageObject\",\"inLanguage\":\"pt-BR\",\"@id\":\"https:\/\/psol50.org.br\/#\/schema\/person\/image\/\",\"url\":\"https:\/\/secure.gravatar.com\/avatar\/b34fc4f4e468a4e51785917065a3db57b841f5c95dba6ad8c73aaf8f66f8f9bf?s=96&d=mm&r=g\",\"contentUrl\":\"https:\/\/secure.gravatar.com\/avatar\/b34fc4f4e468a4e51785917065a3db57b841f5c95dba6ad8c73aaf8f66f8f9bf?s=96&d=mm&r=g\",\"caption\":\"Comunica\u00e7\u00e3o PSOL\"}}]}<\/script>\n<!-- \/ Yoast SEO plugin. -->","yoast_head_json":{"title":"SC: Ato em defesa do Hospital Florian\u00f3polis e da Educa\u00e7\u00e3o - PSOL 50","robots":{"index":"index","follow":"follow","max-snippet":"max-snippet:-1","max-image-preview":"max-image-preview:large","max-video-preview":"max-video-preview:-1"},"canonical":"https:\/\/psol50.org.br\/sc-ato-em-defesa-do-hospital-florianopolis-e-da-educacao\/","og_locale":"pt_BR","og_type":"article","og_title":"SC: Ato em defesa do Hospital Florian\u00f3polis e da Educa\u00e7\u00e3o - PSOL 50","og_description":"O governo Raimundo Colombo \u2013 seguindo Luiz Henrique e Pavan &#8211; quer passar os hospitais p\u00fablicos catarinenses para as Organiza\u00e7\u00f5es Sociais (OS). Isso significa que o governo pega o dinheiro dos impostos que voc\u00ea paga e entrega para uma empresa da \u00e1rea da sa\u00fade lucrar. Na pr\u00e1tica s\u00f3 vai ter atendimento de sa\u00fade quem tiver [&hellip;]","og_url":"https:\/\/psol50.org.br\/sc-ato-em-defesa-do-hospital-florianopolis-e-da-educacao\/","og_site_name":"PSOL 50","article_publisher":"https:\/\/www.facebook.com\/psol50","article_published_time":"2011-10-11T00:00:00+00:00","og_image":[{"url":"http:\/\/psol50.org.br\/files\/2011\/10\/hosp_flori2.jpg","type":"","width":"","height":""}],"author":"Comunica\u00e7\u00e3o PSOL","twitter_card":"summary_large_image","twitter_creator":"@psol50","twitter_site":"@psol50","twitter_misc":{"Escrito por":"Comunica\u00e7\u00e3o PSOL","Est. tempo de leitura":"2 minutos"},"schema":{"@context":"https:\/\/schema.org","@graph":[{"@type":"Article","@id":"https:\/\/psol50.org.br\/sc-ato-em-defesa-do-hospital-florianopolis-e-da-educacao\/#article","isPartOf":{"@id":"https:\/\/psol50.org.br\/sc-ato-em-defesa-do-hospital-florianopolis-e-da-educacao\/"},"author":{"name":"Comunica\u00e7\u00e3o PSOL","@id":"https:\/\/psol50.org.br\/#\/schema\/person\/475dfa57d0b815993c714c2e96491fcd"},"headline":"SC: Ato em defesa do Hospital Florian\u00f3polis e da Educa\u00e7\u00e3o","datePublished":"2011-10-11T00:00:00+00:00","mainEntityOfPage":{"@id":"https:\/\/psol50.org.br\/sc-ato-em-defesa-do-hospital-florianopolis-e-da-educacao\/"},"wordCount":323,"commentCount":0,"publisher":{"@id":"https:\/\/psol50.org.br\/#organization"},"image":{"@id":"https:\/\/psol50.org.br\/sc-ato-em-defesa-do-hospital-florianopolis-e-da-educacao\/#primaryimage"},"thumbnailUrl":"http:\/\/psol50.org.br\/files\/2011\/10\/hosp_flori2.jpg","articleSection":["Arquivo"],"inLanguage":"pt-BR","potentialAction":[{"@type":"CommentAction","name":"Comment","target":["https:\/\/psol50.org.br\/sc-ato-em-defesa-do-hospital-florianopolis-e-da-educacao\/#respond"]}]},{"@type":"WebPage","@id":"https:\/\/psol50.org.br\/sc-ato-em-defesa-do-hospital-florianopolis-e-da-educacao\/","url":"https:\/\/psol50.org.br\/sc-ato-em-defesa-do-hospital-florianopolis-e-da-educacao\/","name":"SC: Ato em defesa do Hospital Florian\u00f3polis e da Educa\u00e7\u00e3o - PSOL 50","isPartOf":{"@id":"https:\/\/psol50.org.br\/#website"},"primaryImageOfPage":{"@id":"https:\/\/psol50.org.br\/sc-ato-em-defesa-do-hospital-florianopolis-e-da-educacao\/#primaryimage"},"image":{"@id":"https:\/\/psol50.org.br\/sc-ato-em-defesa-do-hospital-florianopolis-e-da-educacao\/#primaryimage"},"thumbnailUrl":"http:\/\/psol50.org.br\/files\/2011\/10\/hosp_flori2.jpg","datePublished":"2011-10-11T00:00:00+00:00","breadcrumb":{"@id":"https:\/\/psol50.org.br\/sc-ato-em-defesa-do-hospital-florianopolis-e-da-educacao\/#breadcrumb"},"inLanguage":"pt-BR","potentialAction":[{"@type":"ReadAction","target":["https:\/\/psol50.org.br\/sc-ato-em-defesa-do-hospital-florianopolis-e-da-educacao\/"]}]},{"@type":"ImageObject","inLanguage":"pt-BR","@id":"https:\/\/psol50.org.br\/sc-ato-em-defesa-do-hospital-florianopolis-e-da-educacao\/#primaryimage","url":"http:\/\/psol50.org.br\/files\/2011\/10\/hosp_flori2.jpg","contentUrl":"http:\/\/psol50.org.br\/files\/2011\/10\/hosp_flori2.jpg"},{"@type":"BreadcrumbList","@id":"https:\/\/psol50.org.br\/sc-ato-em-defesa-do-hospital-florianopolis-e-da-educacao\/#breadcrumb","itemListElement":[{"@type":"ListItem","position":1,"name":"In\u00edcio","item":"https:\/\/psol50.org.br\/"},{"@type":"ListItem","position":2,"name":"SC: Ato em defesa do Hospital Florian\u00f3polis e da Educa\u00e7\u00e3o"}]},{"@type":"WebSite","@id":"https:\/\/psol50.org.br\/#website","url":"https:\/\/psol50.org.br\/","name":"PSOL 50","description":"Site oficial do Partido Socialismo e Liberdade","publisher":{"@id":"https:\/\/psol50.org.br\/#organization"},"alternateName":"PSOL50","potentialAction":[{"@type":"SearchAction","target":{"@type":"EntryPoint","urlTemplate":"https:\/\/psol50.org.br\/?s={search_term_string}"},"query-input":{"@type":"PropertyValueSpecification","valueRequired":true,"valueName":"search_term_string"}}],"inLanguage":"pt-BR"},{"@type":"Organization","@id":"https:\/\/psol50.org.br\/#organization","name":"PSOL 50","alternateName":"PSOL 50","url":"https:\/\/psol50.org.br\/","logo":{"@type":"ImageObject","inLanguage":"pt-BR","@id":"https:\/\/psol50.org.br\/#\/schema\/logo\/image\/","url":"https:\/\/psol50.org.br\/inc\/uploads\/2018\/07\/capa.png","contentUrl":"https:\/\/psol50.org.br\/inc\/uploads\/2018\/07\/capa.png","width":1350,"height":900,"caption":"PSOL 50"},"image":{"@id":"https:\/\/psol50.org.br\/#\/schema\/logo\/image\/"},"sameAs":["https:\/\/www.facebook.com\/psol50","https:\/\/x.com\/psol50","https:\/\/www.instagram.com\/psol50\/","https:\/\/www.youtube.com\/channel\/UC7SnJS5o1os7a6CaiNabzcg"]},{"@type":"Person","@id":"https:\/\/psol50.org.br\/#\/schema\/person\/475dfa57d0b815993c714c2e96491fcd","name":"Comunica\u00e7\u00e3o PSOL","image":{"@type":"ImageObject","inLanguage":"pt-BR","@id":"https:\/\/psol50.org.br\/#\/schema\/person\/image\/","url":"https:\/\/secure.gravatar.com\/avatar\/b34fc4f4e468a4e51785917065a3db57b841f5c95dba6ad8c73aaf8f66f8f9bf?s=96&d=mm&r=g","contentUrl":"https:\/\/secure.gravatar.com\/avatar\/b34fc4f4e468a4e51785917065a3db57b841f5c95dba6ad8c73aaf8f66f8f9bf?s=96&d=mm&r=g","caption":"Comunica\u00e7\u00e3o PSOL"}}]}},"_links":{"self":[{"href":"https:\/\/psol50.org.br\/rest\/wp\/v2\/posts\/919","targetHints":{"allow":["GET"]}}],"collection":[{"href":"https:\/\/psol50.org.br\/rest\/wp\/v2\/posts"}],"about":[{"href":"https:\/\/psol50.org.br\/rest\/wp\/v2\/types\/post"}],"author":[{"embeddable":true,"href":"https:\/\/psol50.org.br\/rest\/wp\/v2\/users\/2"}],"replies":[{"embeddable":true,"href":"https:\/\/psol50.org.br\/rest\/wp\/v2\/comments?post=919"}],"version-history":[{"count":0,"href":"https:\/\/psol50.org.br\/rest\/wp\/v2\/posts\/919\/revisions"}],"wp:attachment":[{"href":"https:\/\/psol50.org.br\/rest\/wp\/v2\/media?parent=919"}],"wp:term":[{"taxonomy":"category","embeddable":true,"href":"https:\/\/psol50.org.br\/rest\/wp\/v2\/categories?post=919"},{"taxonomy":"post_tag","embeddable":true,"href":"https:\/\/psol50.org.br\/rest\/wp\/v2\/tags?post=919"}],"curies":[{"name":"wp","href":"https:\/\/api.w.org\/{rel}","templated":true}]}}