{"id":924,"date":"2011-10-20T00:00:00","date_gmt":"2011-10-20T00:00:00","guid":{"rendered":"http:\/\/psol50.org.br\/arquivo\/2011\/10\/20\/sem-terra-ocupam-incra-em-fortaleza-para-pressionar-governo-federal\/"},"modified":"2011-10-20T00:00:00","modified_gmt":"2011-10-20T00:00:00","slug":"sem-terra-ocupam-incra-em-fortaleza-para-pressionar-governo-federal","status":"publish","type":"post","link":"https:\/\/psol50.org.br\/sem-terra-ocupam-incra-em-fortaleza-para-pressionar-governo-federal\/","title":{"rendered":"Sem Terra ocupam Incra em Fortaleza para pressionar governo federal"},"content":{"rendered":"<p><a href=\"http:\/\/psol50.org.br\/blog\/2011\/10\/20\/sem-terra-ocupam-incra-em-fortaleza-para-pressionar-governo-federal\/incra_ceara\/\" rel=\"attachment wp-att-11600\"><img loading=\"lazy\" decoding=\"async\" class=\"alignleft size-medium wp-image-11600\" src=\"http:\/\/psol50.org.br\/files\/2011\/10\/incra_ceara-300x148.jpg\" alt=\"\" width=\"300\" height=\"148\" \/><\/a>A sede do Instituto Nacional de Coloniza\u00e7\u00e3o e Reforma Agr\u00e1ria (Incra), em Fortaleza, virou palco para a cobran\u00e7a p\u00fablica de R$ 400 milh\u00f5es prometidos para o Brasil, h\u00e1 quase dois meses, pela presidente Dilma Rousseff para obten\u00e7\u00e3o de terras e promo\u00e7\u00e3o da reforma agr\u00e1ria.<\/p>\n<p>O recurso n\u00e3o chegou e, para pressionar o governo federal, cerca de 200 integrantes do Movimento dos Trabalhadores Rurais Sem-Terra (MST) armaram redes e espalharam colchonetes nos corredores do \u00f3rg\u00e3o. Prometem s\u00f3 abandonar o local ap\u00f3s a libera\u00e7\u00e3o dos investimentos para beneficiar tr\u00eas mil acampados e outros 300 assentamentos produtivos existentes.<\/p>\n<p>Apesar da m\u00fasica tocada pelo grupo para tentar animar a jornada, o clima era mesmo de descren\u00e7a com o futuro. &#8220;O governo Dilma n\u00e3o prioriza a reforma agr\u00e1ria no Brasil, muito menos no Cear\u00e1. O dinheiro prometido tem que ser logo garantido. Da\u00ed chega logo o fim do ano e n\u00e3o consegue ser aprovado para or\u00e7amento de 2012. Temos, por exemplo, mais de 200 mil trabalhadores rurais que est\u00e3o sem terra s\u00f3 no Cear\u00e1. Um absurdo&#8221;, critica Marcelo Matos, membro da dire\u00e7\u00e3o do MST-CE.<\/p>\n<p>A militante Sheila Rodrigues tamb\u00e9m mostra na fala sua indigna\u00e7\u00e3o. Ela lamenta a situa\u00e7\u00e3o de pen\u00faria que vivem atualmente alguns trabalhadores rurais no estado. Comenta que, n\u00e3o falta dinheiro apenas, mas sim vontade pol\u00edtica dos gestores para execu\u00e7\u00e3o de projetos. &#8220;Ano passado o Incra do Cear\u00e1 teve at\u00e9 que devolver dinheiro por que deixou de cumprir com metas e planos&#8221;, frisou Sheila. Ainda n\u00e3o h\u00e1 data, entretanto, de desocupa\u00e7\u00e3o do Incra.<\/p>\n<p>Ap\u00f3s uma manh\u00e3 de mobiliza\u00e7\u00e3o, o superintendente do Incra no Cear\u00e1, Djalma Pinto, recebeu os integrantes do movimento. &#8220;Tamb\u00e9m estamos esperando por esse recurso de R$ 400 milh\u00f5es, mas tudo depende de uma vota\u00e7\u00e3o de emenda no Congresso. Mas, os trabalhadores rurais n\u00e3o est\u00e3o desassistidos. Temos 22 im\u00f3veis que j\u00e1 est\u00e3o sendo viabilizados para reforma agr\u00e1ria. Ser\u00e3o mais de 800 fam\u00edlias beneficiadas&#8221;, afirma.<\/p>\n<p><a href=\"http:\/\/www.mst.org.br\/node\/12587\"><strong>*Fonte: MST<\/strong><\/a><\/p>\n","protected":false},"excerpt":{"rendered":"<p>A sede do Instituto Nacional de Coloniza\u00e7\u00e3o e Reforma Agr\u00e1ria (Incra), em Fortaleza, virou palco para a cobran\u00e7a p\u00fablica de R$ 400 milh\u00f5es prometidos para o Brasil, h\u00e1 quase dois meses, pela presidente Dilma Rousseff para obten\u00e7\u00e3o de terras e promo\u00e7\u00e3o da reforma agr\u00e1ria. O recurso n\u00e3o chegou e, para pressionar o governo federal, cerca [&hellip;]<\/p>\n","protected":false},"author":2,"featured_media":0,"comment_status":"open","ping_status":"open","sticky":false,"template":"","format":"standard","meta":{"_acf_changed":false,"footnotes":""},"categories":[4766],"tags":[],"class_list":{"0":"post-924","1":"post","2":"type-post","3":"status-publish","4":"format-standard","6":"category-arquivo"},"acf":[],"yoast_head":"<!-- This site is optimized with the Yoast SEO plugin v26.5 - https:\/\/yoast.com\/wordpress\/plugins\/seo\/ -->\n<title>Sem Terra ocupam Incra em Fortaleza para pressionar governo federal - PSOL 50<\/title>\n<meta name=\"robots\" content=\"index, follow, max-snippet:-1, max-image-preview:large, max-video-preview:-1\" \/>\n<link rel=\"canonical\" href=\"https:\/\/psol50.org.br\/sem-terra-ocupam-incra-em-fortaleza-para-pressionar-governo-federal\/\" \/>\n<meta property=\"og:locale\" content=\"pt_BR\" \/>\n<meta property=\"og:type\" content=\"article\" \/>\n<meta property=\"og:title\" content=\"Sem Terra ocupam Incra em Fortaleza para pressionar governo federal - PSOL 50\" \/>\n<meta property=\"og:description\" content=\"A sede do Instituto Nacional de Coloniza\u00e7\u00e3o e Reforma Agr\u00e1ria (Incra), em Fortaleza, virou palco para a cobran\u00e7a p\u00fablica de R$ 400 milh\u00f5es prometidos para o Brasil, h\u00e1 quase dois meses, pela presidente Dilma Rousseff para obten\u00e7\u00e3o de terras e promo\u00e7\u00e3o da reforma agr\u00e1ria. O recurso n\u00e3o chegou e, para pressionar o governo federal, cerca [&hellip;]\" \/>\n<meta property=\"og:url\" content=\"https:\/\/psol50.org.br\/sem-terra-ocupam-incra-em-fortaleza-para-pressionar-governo-federal\/\" \/>\n<meta property=\"og:site_name\" content=\"PSOL 50\" \/>\n<meta property=\"article:publisher\" content=\"https:\/\/www.facebook.com\/psol50\" \/>\n<meta property=\"article:published_time\" content=\"2011-10-20T00:00:00+00:00\" \/>\n<meta property=\"og:image\" content=\"http:\/\/psol50.org.br\/files\/2011\/10\/incra_ceara-300x148.jpg\" \/>\n<meta name=\"author\" content=\"Comunica\u00e7\u00e3o PSOL\" \/>\n<meta name=\"twitter:card\" content=\"summary_large_image\" \/>\n<meta name=\"twitter:creator\" content=\"@psol50\" \/>\n<meta name=\"twitter:site\" content=\"@psol50\" \/>\n<meta name=\"twitter:label1\" content=\"Escrito por\" \/>\n\t<meta name=\"twitter:data1\" content=\"Comunica\u00e7\u00e3o PSOL\" \/>\n\t<meta name=\"twitter:label2\" content=\"Est. tempo de leitura\" \/>\n\t<meta name=\"twitter:data2\" content=\"2 minutos\" \/>\n<script type=\"application\/ld+json\" class=\"yoast-schema-graph\">{\"@context\":\"https:\/\/schema.org\",\"@graph\":[{\"@type\":\"Article\",\"@id\":\"https:\/\/psol50.org.br\/sem-terra-ocupam-incra-em-fortaleza-para-pressionar-governo-federal\/#article\",\"isPartOf\":{\"@id\":\"https:\/\/psol50.org.br\/sem-terra-ocupam-incra-em-fortaleza-para-pressionar-governo-federal\/\"},\"author\":{\"name\":\"Comunica\u00e7\u00e3o PSOL\",\"@id\":\"https:\/\/psol50.org.br\/#\/schema\/person\/475dfa57d0b815993c714c2e96491fcd\"},\"headline\":\"Sem Terra ocupam Incra em Fortaleza para pressionar governo federal\",\"datePublished\":\"2011-10-20T00:00:00+00:00\",\"mainEntityOfPage\":{\"@id\":\"https:\/\/psol50.org.br\/sem-terra-ocupam-incra-em-fortaleza-para-pressionar-governo-federal\/\"},\"wordCount\":359,\"commentCount\":0,\"publisher\":{\"@id\":\"https:\/\/psol50.org.br\/#organization\"},\"image\":{\"@id\":\"https:\/\/psol50.org.br\/sem-terra-ocupam-incra-em-fortaleza-para-pressionar-governo-federal\/#primaryimage\"},\"thumbnailUrl\":\"http:\/\/psol50.org.br\/files\/2011\/10\/incra_ceara-300x148.jpg\",\"articleSection\":[\"Arquivo\"],\"inLanguage\":\"pt-BR\",\"potentialAction\":[{\"@type\":\"CommentAction\",\"name\":\"Comment\",\"target\":[\"https:\/\/psol50.org.br\/sem-terra-ocupam-incra-em-fortaleza-para-pressionar-governo-federal\/#respond\"]}]},{\"@type\":\"WebPage\",\"@id\":\"https:\/\/psol50.org.br\/sem-terra-ocupam-incra-em-fortaleza-para-pressionar-governo-federal\/\",\"url\":\"https:\/\/psol50.org.br\/sem-terra-ocupam-incra-em-fortaleza-para-pressionar-governo-federal\/\",\"name\":\"Sem Terra ocupam Incra em Fortaleza para pressionar governo federal - PSOL 50\",\"isPartOf\":{\"@id\":\"https:\/\/psol50.org.br\/#website\"},\"primaryImageOfPage\":{\"@id\":\"https:\/\/psol50.org.br\/sem-terra-ocupam-incra-em-fortaleza-para-pressionar-governo-federal\/#primaryimage\"},\"image\":{\"@id\":\"https:\/\/psol50.org.br\/sem-terra-ocupam-incra-em-fortaleza-para-pressionar-governo-federal\/#primaryimage\"},\"thumbnailUrl\":\"http:\/\/psol50.org.br\/files\/2011\/10\/incra_ceara-300x148.jpg\",\"datePublished\":\"2011-10-20T00:00:00+00:00\",\"breadcrumb\":{\"@id\":\"https:\/\/psol50.org.br\/sem-terra-ocupam-incra-em-fortaleza-para-pressionar-governo-federal\/#breadcrumb\"},\"inLanguage\":\"pt-BR\",\"potentialAction\":[{\"@type\":\"ReadAction\",\"target\":[\"https:\/\/psol50.org.br\/sem-terra-ocupam-incra-em-fortaleza-para-pressionar-governo-federal\/\"]}]},{\"@type\":\"ImageObject\",\"inLanguage\":\"pt-BR\",\"@id\":\"https:\/\/psol50.org.br\/sem-terra-ocupam-incra-em-fortaleza-para-pressionar-governo-federal\/#primaryimage\",\"url\":\"http:\/\/psol50.org.br\/files\/2011\/10\/incra_ceara-300x148.jpg\",\"contentUrl\":\"http:\/\/psol50.org.br\/files\/2011\/10\/incra_ceara-300x148.jpg\"},{\"@type\":\"BreadcrumbList\",\"@id\":\"https:\/\/psol50.org.br\/sem-terra-ocupam-incra-em-fortaleza-para-pressionar-governo-federal\/#breadcrumb\",\"itemListElement\":[{\"@type\":\"ListItem\",\"position\":1,\"name\":\"In\u00edcio\",\"item\":\"https:\/\/psol50.org.br\/\"},{\"@type\":\"ListItem\",\"position\":2,\"name\":\"Sem Terra ocupam Incra em Fortaleza para pressionar governo federal\"}]},{\"@type\":\"WebSite\",\"@id\":\"https:\/\/psol50.org.br\/#website\",\"url\":\"https:\/\/psol50.org.br\/\",\"name\":\"PSOL 50\",\"description\":\"Site oficial do Partido Socialismo e Liberdade\",\"publisher\":{\"@id\":\"https:\/\/psol50.org.br\/#organization\"},\"alternateName\":\"PSOL50\",\"potentialAction\":[{\"@type\":\"SearchAction\",\"target\":{\"@type\":\"EntryPoint\",\"urlTemplate\":\"https:\/\/psol50.org.br\/?s={search_term_string}\"},\"query-input\":{\"@type\":\"PropertyValueSpecification\",\"valueRequired\":true,\"valueName\":\"search_term_string\"}}],\"inLanguage\":\"pt-BR\"},{\"@type\":\"Organization\",\"@id\":\"https:\/\/psol50.org.br\/#organization\",\"name\":\"PSOL 50\",\"alternateName\":\"PSOL 50\",\"url\":\"https:\/\/psol50.org.br\/\",\"logo\":{\"@type\":\"ImageObject\",\"inLanguage\":\"pt-BR\",\"@id\":\"https:\/\/psol50.org.br\/#\/schema\/logo\/image\/\",\"url\":\"https:\/\/psol50.org.br\/inc\/uploads\/2018\/07\/capa.png\",\"contentUrl\":\"https:\/\/psol50.org.br\/inc\/uploads\/2018\/07\/capa.png\",\"width\":1350,\"height\":900,\"caption\":\"PSOL 50\"},\"image\":{\"@id\":\"https:\/\/psol50.org.br\/#\/schema\/logo\/image\/\"},\"sameAs\":[\"https:\/\/www.facebook.com\/psol50\",\"https:\/\/x.com\/psol50\",\"https:\/\/www.instagram.com\/psol50\/\",\"https:\/\/www.youtube.com\/channel\/UC7SnJS5o1os7a6CaiNabzcg\"]},{\"@type\":\"Person\",\"@id\":\"https:\/\/psol50.org.br\/#\/schema\/person\/475dfa57d0b815993c714c2e96491fcd\",\"name\":\"Comunica\u00e7\u00e3o PSOL\",\"image\":{\"@type\":\"ImageObject\",\"inLanguage\":\"pt-BR\",\"@id\":\"https:\/\/psol50.org.br\/#\/schema\/person\/image\/\",\"url\":\"https:\/\/secure.gravatar.com\/avatar\/b34fc4f4e468a4e51785917065a3db57b841f5c95dba6ad8c73aaf8f66f8f9bf?s=96&d=mm&r=g\",\"contentUrl\":\"https:\/\/secure.gravatar.com\/avatar\/b34fc4f4e468a4e51785917065a3db57b841f5c95dba6ad8c73aaf8f66f8f9bf?s=96&d=mm&r=g\",\"caption\":\"Comunica\u00e7\u00e3o PSOL\"}}]}<\/script>\n<!-- \/ Yoast SEO plugin. -->","yoast_head_json":{"title":"Sem Terra ocupam Incra em Fortaleza para pressionar governo federal - PSOL 50","robots":{"index":"index","follow":"follow","max-snippet":"max-snippet:-1","max-image-preview":"max-image-preview:large","max-video-preview":"max-video-preview:-1"},"canonical":"https:\/\/psol50.org.br\/sem-terra-ocupam-incra-em-fortaleza-para-pressionar-governo-federal\/","og_locale":"pt_BR","og_type":"article","og_title":"Sem Terra ocupam Incra em Fortaleza para pressionar governo federal - PSOL 50","og_description":"A sede do Instituto Nacional de Coloniza\u00e7\u00e3o e Reforma Agr\u00e1ria (Incra), em Fortaleza, virou palco para a cobran\u00e7a p\u00fablica de R$ 400 milh\u00f5es prometidos para o Brasil, h\u00e1 quase dois meses, pela presidente Dilma Rousseff para obten\u00e7\u00e3o de terras e promo\u00e7\u00e3o da reforma agr\u00e1ria. O recurso n\u00e3o chegou e, para pressionar o governo federal, cerca [&hellip;]","og_url":"https:\/\/psol50.org.br\/sem-terra-ocupam-incra-em-fortaleza-para-pressionar-governo-federal\/","og_site_name":"PSOL 50","article_publisher":"https:\/\/www.facebook.com\/psol50","article_published_time":"2011-10-20T00:00:00+00:00","og_image":[{"url":"http:\/\/psol50.org.br\/files\/2011\/10\/incra_ceara-300x148.jpg","type":"","width":"","height":""}],"author":"Comunica\u00e7\u00e3o PSOL","twitter_card":"summary_large_image","twitter_creator":"@psol50","twitter_site":"@psol50","twitter_misc":{"Escrito por":"Comunica\u00e7\u00e3o PSOL","Est. tempo de leitura":"2 minutos"},"schema":{"@context":"https:\/\/schema.org","@graph":[{"@type":"Article","@id":"https:\/\/psol50.org.br\/sem-terra-ocupam-incra-em-fortaleza-para-pressionar-governo-federal\/#article","isPartOf":{"@id":"https:\/\/psol50.org.br\/sem-terra-ocupam-incra-em-fortaleza-para-pressionar-governo-federal\/"},"author":{"name":"Comunica\u00e7\u00e3o PSOL","@id":"https:\/\/psol50.org.br\/#\/schema\/person\/475dfa57d0b815993c714c2e96491fcd"},"headline":"Sem Terra ocupam Incra em Fortaleza para pressionar governo federal","datePublished":"2011-10-20T00:00:00+00:00","mainEntityOfPage":{"@id":"https:\/\/psol50.org.br\/sem-terra-ocupam-incra-em-fortaleza-para-pressionar-governo-federal\/"},"wordCount":359,"commentCount":0,"publisher":{"@id":"https:\/\/psol50.org.br\/#organization"},"image":{"@id":"https:\/\/psol50.org.br\/sem-terra-ocupam-incra-em-fortaleza-para-pressionar-governo-federal\/#primaryimage"},"thumbnailUrl":"http:\/\/psol50.org.br\/files\/2011\/10\/incra_ceara-300x148.jpg","articleSection":["Arquivo"],"inLanguage":"pt-BR","potentialAction":[{"@type":"CommentAction","name":"Comment","target":["https:\/\/psol50.org.br\/sem-terra-ocupam-incra-em-fortaleza-para-pressionar-governo-federal\/#respond"]}]},{"@type":"WebPage","@id":"https:\/\/psol50.org.br\/sem-terra-ocupam-incra-em-fortaleza-para-pressionar-governo-federal\/","url":"https:\/\/psol50.org.br\/sem-terra-ocupam-incra-em-fortaleza-para-pressionar-governo-federal\/","name":"Sem Terra ocupam Incra em Fortaleza para pressionar governo federal - PSOL 50","isPartOf":{"@id":"https:\/\/psol50.org.br\/#website"},"primaryImageOfPage":{"@id":"https:\/\/psol50.org.br\/sem-terra-ocupam-incra-em-fortaleza-para-pressionar-governo-federal\/#primaryimage"},"image":{"@id":"https:\/\/psol50.org.br\/sem-terra-ocupam-incra-em-fortaleza-para-pressionar-governo-federal\/#primaryimage"},"thumbnailUrl":"http:\/\/psol50.org.br\/files\/2011\/10\/incra_ceara-300x148.jpg","datePublished":"2011-10-20T00:00:00+00:00","breadcrumb":{"@id":"https:\/\/psol50.org.br\/sem-terra-ocupam-incra-em-fortaleza-para-pressionar-governo-federal\/#breadcrumb"},"inLanguage":"pt-BR","potentialAction":[{"@type":"ReadAction","target":["https:\/\/psol50.org.br\/sem-terra-ocupam-incra-em-fortaleza-para-pressionar-governo-federal\/"]}]},{"@type":"ImageObject","inLanguage":"pt-BR","@id":"https:\/\/psol50.org.br\/sem-terra-ocupam-incra-em-fortaleza-para-pressionar-governo-federal\/#primaryimage","url":"http:\/\/psol50.org.br\/files\/2011\/10\/incra_ceara-300x148.jpg","contentUrl":"http:\/\/psol50.org.br\/files\/2011\/10\/incra_ceara-300x148.jpg"},{"@type":"BreadcrumbList","@id":"https:\/\/psol50.org.br\/sem-terra-ocupam-incra-em-fortaleza-para-pressionar-governo-federal\/#breadcrumb","itemListElement":[{"@type":"ListItem","position":1,"name":"In\u00edcio","item":"https:\/\/psol50.org.br\/"},{"@type":"ListItem","position":2,"name":"Sem Terra ocupam Incra em Fortaleza para pressionar governo federal"}]},{"@type":"WebSite","@id":"https:\/\/psol50.org.br\/#website","url":"https:\/\/psol50.org.br\/","name":"PSOL 50","description":"Site oficial do Partido Socialismo e Liberdade","publisher":{"@id":"https:\/\/psol50.org.br\/#organization"},"alternateName":"PSOL50","potentialAction":[{"@type":"SearchAction","target":{"@type":"EntryPoint","urlTemplate":"https:\/\/psol50.org.br\/?s={search_term_string}"},"query-input":{"@type":"PropertyValueSpecification","valueRequired":true,"valueName":"search_term_string"}}],"inLanguage":"pt-BR"},{"@type":"Organization","@id":"https:\/\/psol50.org.br\/#organization","name":"PSOL 50","alternateName":"PSOL 50","url":"https:\/\/psol50.org.br\/","logo":{"@type":"ImageObject","inLanguage":"pt-BR","@id":"https:\/\/psol50.org.br\/#\/schema\/logo\/image\/","url":"https:\/\/psol50.org.br\/inc\/uploads\/2018\/07\/capa.png","contentUrl":"https:\/\/psol50.org.br\/inc\/uploads\/2018\/07\/capa.png","width":1350,"height":900,"caption":"PSOL 50"},"image":{"@id":"https:\/\/psol50.org.br\/#\/schema\/logo\/image\/"},"sameAs":["https:\/\/www.facebook.com\/psol50","https:\/\/x.com\/psol50","https:\/\/www.instagram.com\/psol50\/","https:\/\/www.youtube.com\/channel\/UC7SnJS5o1os7a6CaiNabzcg"]},{"@type":"Person","@id":"https:\/\/psol50.org.br\/#\/schema\/person\/475dfa57d0b815993c714c2e96491fcd","name":"Comunica\u00e7\u00e3o PSOL","image":{"@type":"ImageObject","inLanguage":"pt-BR","@id":"https:\/\/psol50.org.br\/#\/schema\/person\/image\/","url":"https:\/\/secure.gravatar.com\/avatar\/b34fc4f4e468a4e51785917065a3db57b841f5c95dba6ad8c73aaf8f66f8f9bf?s=96&d=mm&r=g","contentUrl":"https:\/\/secure.gravatar.com\/avatar\/b34fc4f4e468a4e51785917065a3db57b841f5c95dba6ad8c73aaf8f66f8f9bf?s=96&d=mm&r=g","caption":"Comunica\u00e7\u00e3o PSOL"}}]}},"_links":{"self":[{"href":"https:\/\/psol50.org.br\/rest\/wp\/v2\/posts\/924","targetHints":{"allow":["GET"]}}],"collection":[{"href":"https:\/\/psol50.org.br\/rest\/wp\/v2\/posts"}],"about":[{"href":"https:\/\/psol50.org.br\/rest\/wp\/v2\/types\/post"}],"author":[{"embeddable":true,"href":"https:\/\/psol50.org.br\/rest\/wp\/v2\/users\/2"}],"replies":[{"embeddable":true,"href":"https:\/\/psol50.org.br\/rest\/wp\/v2\/comments?post=924"}],"version-history":[{"count":0,"href":"https:\/\/psol50.org.br\/rest\/wp\/v2\/posts\/924\/revisions"}],"wp:attachment":[{"href":"https:\/\/psol50.org.br\/rest\/wp\/v2\/media?parent=924"}],"wp:term":[{"taxonomy":"category","embeddable":true,"href":"https:\/\/psol50.org.br\/rest\/wp\/v2\/categories?post=924"},{"taxonomy":"post_tag","embeddable":true,"href":"https:\/\/psol50.org.br\/rest\/wp\/v2\/tags?post=924"}],"curies":[{"name":"wp","href":"https:\/\/api.w.org\/{rel}","templated":true}]}}