{"id":926,"date":"2011-10-26T00:00:00","date_gmt":"2011-10-26T00:00:00","guid":{"rendered":"http:\/\/psol50.org.br\/arquivo\/2011\/10\/26\/liderancas-indigenas-e-populares-programam-protesto-contra-belo-monte\/"},"modified":"2011-10-26T00:00:00","modified_gmt":"2011-10-26T00:00:00","slug":"liderancas-indigenas-e-populares-programam-protesto-contra-belo-monte","status":"publish","type":"post","link":"https:\/\/psol50.org.br\/liderancas-indigenas-e-populares-programam-protesto-contra-belo-monte\/","title":{"rendered":"Lideran\u00e7as ind\u00edgenas e populares programam protesto contra Belo Monte"},"content":{"rendered":"<p style=\"text-align: justify\"><a href=\"http:\/\/psol50.org.br\/blog\/2011\/10\/26\/liderancas-indigenas-e-populares-programam-protesto-contra-belo-monte\/pare-belo-monte1a\/\" rel=\"attachment wp-att-11672\"><img loading=\"lazy\" decoding=\"async\" class=\"aligncenter size-full wp-image-11672\" src=\"http:\/\/psol50.org.br\/files\/2011\/10\/Pare-belo-monte1a.jpg\" alt=\"\" width=\"400\" height=\"268\" \/><\/a>Nesta quarta-feira, 26, mais de 600 pessoas representantes de povos ind\u00edgenas e de comunidades tradicionais do Xingu afetadas pelas obras da hidrel\u00e9trica de Belo Monte, acabam de deliberar sobre a realiza\u00e7\u00e3o de um ato p\u00fablico de protesto contra a constru\u00e7\u00e3o da usina, em Altamira.<\/p>\n<p style=\"text-align: justify\">A delibera\u00e7\u00e3o foi tomada durante o <em><strong>Semin\u00e1rio Internacional \u201cTerrit\u00f3rios, ambiente e desenvolvimento da Amaz\u00f4nia: a luta contra os grandes projetos hidrel\u00e9tricos na bacia do Xingu&#8221;<\/strong><\/em>, que acontece desde ontem (25) at\u00e9 amanh\u00e3 (27), naquele munic\u00edpio, com a participa\u00e7\u00e3o do estadual <strong>Edmilson Rodrigues (PSOL)<\/strong> e da senadora <strong>Marinor Brito (PSOL-PA).<\/strong><\/p>\n<p>Os parlamentares acompanharam os debates pela manh\u00e3, quando v\u00e1rios caciques, especialmente da etnia Kaiap\u00f3, defenderam &#8220;usar os bra\u00e7os&#8221; para defender os seus direitos, como a lideran\u00e7a Juma Xipaia, que conclamou os guerreiros dizendo que &#8220;est\u00e1 cansada falar e quer lutar&#8221;, conforme reproduziu Edmilson. As comunidades alegam que as obras est\u00e3o destruindo os recursos naturais de sobreviv\u00eancia e expulsando as comunidades dos locais de obras. <em><strong><\/strong><\/em><\/p>\n<p style=\"text-align: justify\"><em><strong>Neste momento, os participantes do semin\u00e1rio organizam a manifesta\u00e7\u00e3o p\u00fablica prevista para acontecer amanh\u00e3 (27), deixando em alerta autoridades locais e a For\u00e7a Nacional de Seguran\u00e7a. O clima \u00e9 tenso.<\/strong><\/em><\/p>\n<p>&#8220;\u00c9 triste reconhecer que a maioria dos pol\u00edticos apoia Belo Monte. Muitos se submetem \u00e0 sanha do governo em querer realizar a obra a qualquer custo. Prefiro me manter fiel a meus princ\u00edpios e defender os interesses dos povos ind\u00edgenas e da popula\u00e7\u00e3o paraense em geral&#8221;, criticou Edmilson, no semin\u00e1rio.<\/p>\n","protected":false},"excerpt":{"rendered":"<p>Nesta quarta-feira, 26, mais de 600 pessoas representantes de povos ind\u00edgenas e de comunidades tradicionais do Xingu afetadas pelas obras da hidrel\u00e9trica de Belo Monte, acabam de deliberar sobre a realiza\u00e7\u00e3o de um ato p\u00fablico de protesto contra a constru\u00e7\u00e3o da usina, em Altamira. A delibera\u00e7\u00e3o foi tomada durante o Semin\u00e1rio Internacional \u201cTerrit\u00f3rios, ambiente e [&hellip;]<\/p>\n","protected":false},"author":2,"featured_media":0,"comment_status":"open","ping_status":"open","sticky":false,"template":"","format":"standard","meta":{"_acf_changed":false,"footnotes":""},"categories":[4766],"tags":[],"class_list":{"0":"post-926","1":"post","2":"type-post","3":"status-publish","4":"format-standard","6":"category-arquivo"},"acf":[],"yoast_head":"<!-- This site is optimized with the Yoast SEO plugin v26.5 - https:\/\/yoast.com\/wordpress\/plugins\/seo\/ -->\n<title>Lideran\u00e7as ind\u00edgenas e populares programam protesto contra Belo Monte - PSOL 50<\/title>\n<meta name=\"robots\" content=\"index, follow, max-snippet:-1, max-image-preview:large, max-video-preview:-1\" \/>\n<link rel=\"canonical\" href=\"https:\/\/psol50.org.br\/liderancas-indigenas-e-populares-programam-protesto-contra-belo-monte\/\" \/>\n<meta property=\"og:locale\" content=\"pt_BR\" \/>\n<meta property=\"og:type\" content=\"article\" \/>\n<meta property=\"og:title\" content=\"Lideran\u00e7as ind\u00edgenas e populares programam protesto contra Belo Monte - PSOL 50\" \/>\n<meta property=\"og:description\" content=\"Nesta quarta-feira, 26, mais de 600 pessoas representantes de povos ind\u00edgenas e de comunidades tradicionais do Xingu afetadas pelas obras da hidrel\u00e9trica de Belo Monte, acabam de deliberar sobre a realiza\u00e7\u00e3o de um ato p\u00fablico de protesto contra a constru\u00e7\u00e3o da usina, em Altamira. A delibera\u00e7\u00e3o foi tomada durante o Semin\u00e1rio Internacional \u201cTerrit\u00f3rios, ambiente e [&hellip;]\" \/>\n<meta property=\"og:url\" content=\"https:\/\/psol50.org.br\/liderancas-indigenas-e-populares-programam-protesto-contra-belo-monte\/\" \/>\n<meta property=\"og:site_name\" content=\"PSOL 50\" \/>\n<meta property=\"article:publisher\" content=\"https:\/\/www.facebook.com\/psol50\" \/>\n<meta property=\"article:published_time\" content=\"2011-10-26T00:00:00+00:00\" \/>\n<meta property=\"og:image\" content=\"http:\/\/psol50.org.br\/files\/2011\/10\/Pare-belo-monte1a.jpg\" \/>\n<meta name=\"author\" content=\"Comunica\u00e7\u00e3o PSOL\" \/>\n<meta name=\"twitter:card\" content=\"summary_large_image\" \/>\n<meta name=\"twitter:creator\" content=\"@psol50\" \/>\n<meta name=\"twitter:site\" content=\"@psol50\" \/>\n<meta name=\"twitter:label1\" content=\"Escrito por\" \/>\n\t<meta name=\"twitter:data1\" content=\"Comunica\u00e7\u00e3o PSOL\" \/>\n\t<meta name=\"twitter:label2\" content=\"Est. tempo de leitura\" \/>\n\t<meta name=\"twitter:data2\" content=\"1 minuto\" \/>\n<script type=\"application\/ld+json\" class=\"yoast-schema-graph\">{\"@context\":\"https:\/\/schema.org\",\"@graph\":[{\"@type\":\"Article\",\"@id\":\"https:\/\/psol50.org.br\/liderancas-indigenas-e-populares-programam-protesto-contra-belo-monte\/#article\",\"isPartOf\":{\"@id\":\"https:\/\/psol50.org.br\/liderancas-indigenas-e-populares-programam-protesto-contra-belo-monte\/\"},\"author\":{\"name\":\"Comunica\u00e7\u00e3o PSOL\",\"@id\":\"https:\/\/psol50.org.br\/#\/schema\/person\/475dfa57d0b815993c714c2e96491fcd\"},\"headline\":\"Lideran\u00e7as ind\u00edgenas e populares programam protesto contra Belo Monte\",\"datePublished\":\"2011-10-26T00:00:00+00:00\",\"mainEntityOfPage\":{\"@id\":\"https:\/\/psol50.org.br\/liderancas-indigenas-e-populares-programam-protesto-contra-belo-monte\/\"},\"wordCount\":267,\"commentCount\":0,\"publisher\":{\"@id\":\"https:\/\/psol50.org.br\/#organization\"},\"image\":{\"@id\":\"https:\/\/psol50.org.br\/liderancas-indigenas-e-populares-programam-protesto-contra-belo-monte\/#primaryimage\"},\"thumbnailUrl\":\"http:\/\/psol50.org.br\/files\/2011\/10\/Pare-belo-monte1a.jpg\",\"articleSection\":[\"Arquivo\"],\"inLanguage\":\"pt-BR\",\"potentialAction\":[{\"@type\":\"CommentAction\",\"name\":\"Comment\",\"target\":[\"https:\/\/psol50.org.br\/liderancas-indigenas-e-populares-programam-protesto-contra-belo-monte\/#respond\"]}]},{\"@type\":\"WebPage\",\"@id\":\"https:\/\/psol50.org.br\/liderancas-indigenas-e-populares-programam-protesto-contra-belo-monte\/\",\"url\":\"https:\/\/psol50.org.br\/liderancas-indigenas-e-populares-programam-protesto-contra-belo-monte\/\",\"name\":\"Lideran\u00e7as ind\u00edgenas e populares programam protesto contra Belo Monte - PSOL 50\",\"isPartOf\":{\"@id\":\"https:\/\/psol50.org.br\/#website\"},\"primaryImageOfPage\":{\"@id\":\"https:\/\/psol50.org.br\/liderancas-indigenas-e-populares-programam-protesto-contra-belo-monte\/#primaryimage\"},\"image\":{\"@id\":\"https:\/\/psol50.org.br\/liderancas-indigenas-e-populares-programam-protesto-contra-belo-monte\/#primaryimage\"},\"thumbnailUrl\":\"http:\/\/psol50.org.br\/files\/2011\/10\/Pare-belo-monte1a.jpg\",\"datePublished\":\"2011-10-26T00:00:00+00:00\",\"breadcrumb\":{\"@id\":\"https:\/\/psol50.org.br\/liderancas-indigenas-e-populares-programam-protesto-contra-belo-monte\/#breadcrumb\"},\"inLanguage\":\"pt-BR\",\"potentialAction\":[{\"@type\":\"ReadAction\",\"target\":[\"https:\/\/psol50.org.br\/liderancas-indigenas-e-populares-programam-protesto-contra-belo-monte\/\"]}]},{\"@type\":\"ImageObject\",\"inLanguage\":\"pt-BR\",\"@id\":\"https:\/\/psol50.org.br\/liderancas-indigenas-e-populares-programam-protesto-contra-belo-monte\/#primaryimage\",\"url\":\"http:\/\/psol50.org.br\/files\/2011\/10\/Pare-belo-monte1a.jpg\",\"contentUrl\":\"http:\/\/psol50.org.br\/files\/2011\/10\/Pare-belo-monte1a.jpg\"},{\"@type\":\"BreadcrumbList\",\"@id\":\"https:\/\/psol50.org.br\/liderancas-indigenas-e-populares-programam-protesto-contra-belo-monte\/#breadcrumb\",\"itemListElement\":[{\"@type\":\"ListItem\",\"position\":1,\"name\":\"In\u00edcio\",\"item\":\"https:\/\/psol50.org.br\/\"},{\"@type\":\"ListItem\",\"position\":2,\"name\":\"Lideran\u00e7as ind\u00edgenas e populares programam protesto contra Belo Monte\"}]},{\"@type\":\"WebSite\",\"@id\":\"https:\/\/psol50.org.br\/#website\",\"url\":\"https:\/\/psol50.org.br\/\",\"name\":\"PSOL 50\",\"description\":\"Site oficial do Partido Socialismo e Liberdade\",\"publisher\":{\"@id\":\"https:\/\/psol50.org.br\/#organization\"},\"alternateName\":\"PSOL50\",\"potentialAction\":[{\"@type\":\"SearchAction\",\"target\":{\"@type\":\"EntryPoint\",\"urlTemplate\":\"https:\/\/psol50.org.br\/?s={search_term_string}\"},\"query-input\":{\"@type\":\"PropertyValueSpecification\",\"valueRequired\":true,\"valueName\":\"search_term_string\"}}],\"inLanguage\":\"pt-BR\"},{\"@type\":\"Organization\",\"@id\":\"https:\/\/psol50.org.br\/#organization\",\"name\":\"PSOL 50\",\"alternateName\":\"PSOL 50\",\"url\":\"https:\/\/psol50.org.br\/\",\"logo\":{\"@type\":\"ImageObject\",\"inLanguage\":\"pt-BR\",\"@id\":\"https:\/\/psol50.org.br\/#\/schema\/logo\/image\/\",\"url\":\"https:\/\/psol50.org.br\/inc\/uploads\/2018\/07\/capa.png\",\"contentUrl\":\"https:\/\/psol50.org.br\/inc\/uploads\/2018\/07\/capa.png\",\"width\":1350,\"height\":900,\"caption\":\"PSOL 50\"},\"image\":{\"@id\":\"https:\/\/psol50.org.br\/#\/schema\/logo\/image\/\"},\"sameAs\":[\"https:\/\/www.facebook.com\/psol50\",\"https:\/\/x.com\/psol50\",\"https:\/\/www.instagram.com\/psol50\/\",\"https:\/\/www.youtube.com\/channel\/UC7SnJS5o1os7a6CaiNabzcg\"]},{\"@type\":\"Person\",\"@id\":\"https:\/\/psol50.org.br\/#\/schema\/person\/475dfa57d0b815993c714c2e96491fcd\",\"name\":\"Comunica\u00e7\u00e3o PSOL\",\"image\":{\"@type\":\"ImageObject\",\"inLanguage\":\"pt-BR\",\"@id\":\"https:\/\/psol50.org.br\/#\/schema\/person\/image\/\",\"url\":\"https:\/\/secure.gravatar.com\/avatar\/b34fc4f4e468a4e51785917065a3db57b841f5c95dba6ad8c73aaf8f66f8f9bf?s=96&d=mm&r=g\",\"contentUrl\":\"https:\/\/secure.gravatar.com\/avatar\/b34fc4f4e468a4e51785917065a3db57b841f5c95dba6ad8c73aaf8f66f8f9bf?s=96&d=mm&r=g\",\"caption\":\"Comunica\u00e7\u00e3o PSOL\"}}]}<\/script>\n<!-- \/ Yoast SEO plugin. -->","yoast_head_json":{"title":"Lideran\u00e7as ind\u00edgenas e populares programam protesto contra Belo Monte - PSOL 50","robots":{"index":"index","follow":"follow","max-snippet":"max-snippet:-1","max-image-preview":"max-image-preview:large","max-video-preview":"max-video-preview:-1"},"canonical":"https:\/\/psol50.org.br\/liderancas-indigenas-e-populares-programam-protesto-contra-belo-monte\/","og_locale":"pt_BR","og_type":"article","og_title":"Lideran\u00e7as ind\u00edgenas e populares programam protesto contra Belo Monte - PSOL 50","og_description":"Nesta quarta-feira, 26, mais de 600 pessoas representantes de povos ind\u00edgenas e de comunidades tradicionais do Xingu afetadas pelas obras da hidrel\u00e9trica de Belo Monte, acabam de deliberar sobre a realiza\u00e7\u00e3o de um ato p\u00fablico de protesto contra a constru\u00e7\u00e3o da usina, em Altamira. A delibera\u00e7\u00e3o foi tomada durante o Semin\u00e1rio Internacional \u201cTerrit\u00f3rios, ambiente e [&hellip;]","og_url":"https:\/\/psol50.org.br\/liderancas-indigenas-e-populares-programam-protesto-contra-belo-monte\/","og_site_name":"PSOL 50","article_publisher":"https:\/\/www.facebook.com\/psol50","article_published_time":"2011-10-26T00:00:00+00:00","og_image":[{"url":"http:\/\/psol50.org.br\/files\/2011\/10\/Pare-belo-monte1a.jpg","type":"","width":"","height":""}],"author":"Comunica\u00e7\u00e3o PSOL","twitter_card":"summary_large_image","twitter_creator":"@psol50","twitter_site":"@psol50","twitter_misc":{"Escrito por":"Comunica\u00e7\u00e3o PSOL","Est. tempo de leitura":"1 minuto"},"schema":{"@context":"https:\/\/schema.org","@graph":[{"@type":"Article","@id":"https:\/\/psol50.org.br\/liderancas-indigenas-e-populares-programam-protesto-contra-belo-monte\/#article","isPartOf":{"@id":"https:\/\/psol50.org.br\/liderancas-indigenas-e-populares-programam-protesto-contra-belo-monte\/"},"author":{"name":"Comunica\u00e7\u00e3o PSOL","@id":"https:\/\/psol50.org.br\/#\/schema\/person\/475dfa57d0b815993c714c2e96491fcd"},"headline":"Lideran\u00e7as ind\u00edgenas e populares programam protesto contra Belo Monte","datePublished":"2011-10-26T00:00:00+00:00","mainEntityOfPage":{"@id":"https:\/\/psol50.org.br\/liderancas-indigenas-e-populares-programam-protesto-contra-belo-monte\/"},"wordCount":267,"commentCount":0,"publisher":{"@id":"https:\/\/psol50.org.br\/#organization"},"image":{"@id":"https:\/\/psol50.org.br\/liderancas-indigenas-e-populares-programam-protesto-contra-belo-monte\/#primaryimage"},"thumbnailUrl":"http:\/\/psol50.org.br\/files\/2011\/10\/Pare-belo-monte1a.jpg","articleSection":["Arquivo"],"inLanguage":"pt-BR","potentialAction":[{"@type":"CommentAction","name":"Comment","target":["https:\/\/psol50.org.br\/liderancas-indigenas-e-populares-programam-protesto-contra-belo-monte\/#respond"]}]},{"@type":"WebPage","@id":"https:\/\/psol50.org.br\/liderancas-indigenas-e-populares-programam-protesto-contra-belo-monte\/","url":"https:\/\/psol50.org.br\/liderancas-indigenas-e-populares-programam-protesto-contra-belo-monte\/","name":"Lideran\u00e7as ind\u00edgenas e populares programam protesto contra Belo Monte - PSOL 50","isPartOf":{"@id":"https:\/\/psol50.org.br\/#website"},"primaryImageOfPage":{"@id":"https:\/\/psol50.org.br\/liderancas-indigenas-e-populares-programam-protesto-contra-belo-monte\/#primaryimage"},"image":{"@id":"https:\/\/psol50.org.br\/liderancas-indigenas-e-populares-programam-protesto-contra-belo-monte\/#primaryimage"},"thumbnailUrl":"http:\/\/psol50.org.br\/files\/2011\/10\/Pare-belo-monte1a.jpg","datePublished":"2011-10-26T00:00:00+00:00","breadcrumb":{"@id":"https:\/\/psol50.org.br\/liderancas-indigenas-e-populares-programam-protesto-contra-belo-monte\/#breadcrumb"},"inLanguage":"pt-BR","potentialAction":[{"@type":"ReadAction","target":["https:\/\/psol50.org.br\/liderancas-indigenas-e-populares-programam-protesto-contra-belo-monte\/"]}]},{"@type":"ImageObject","inLanguage":"pt-BR","@id":"https:\/\/psol50.org.br\/liderancas-indigenas-e-populares-programam-protesto-contra-belo-monte\/#primaryimage","url":"http:\/\/psol50.org.br\/files\/2011\/10\/Pare-belo-monte1a.jpg","contentUrl":"http:\/\/psol50.org.br\/files\/2011\/10\/Pare-belo-monte1a.jpg"},{"@type":"BreadcrumbList","@id":"https:\/\/psol50.org.br\/liderancas-indigenas-e-populares-programam-protesto-contra-belo-monte\/#breadcrumb","itemListElement":[{"@type":"ListItem","position":1,"name":"In\u00edcio","item":"https:\/\/psol50.org.br\/"},{"@type":"ListItem","position":2,"name":"Lideran\u00e7as ind\u00edgenas e populares programam protesto contra Belo Monte"}]},{"@type":"WebSite","@id":"https:\/\/psol50.org.br\/#website","url":"https:\/\/psol50.org.br\/","name":"PSOL 50","description":"Site oficial do Partido Socialismo e Liberdade","publisher":{"@id":"https:\/\/psol50.org.br\/#organization"},"alternateName":"PSOL50","potentialAction":[{"@type":"SearchAction","target":{"@type":"EntryPoint","urlTemplate":"https:\/\/psol50.org.br\/?s={search_term_string}"},"query-input":{"@type":"PropertyValueSpecification","valueRequired":true,"valueName":"search_term_string"}}],"inLanguage":"pt-BR"},{"@type":"Organization","@id":"https:\/\/psol50.org.br\/#organization","name":"PSOL 50","alternateName":"PSOL 50","url":"https:\/\/psol50.org.br\/","logo":{"@type":"ImageObject","inLanguage":"pt-BR","@id":"https:\/\/psol50.org.br\/#\/schema\/logo\/image\/","url":"https:\/\/psol50.org.br\/inc\/uploads\/2018\/07\/capa.png","contentUrl":"https:\/\/psol50.org.br\/inc\/uploads\/2018\/07\/capa.png","width":1350,"height":900,"caption":"PSOL 50"},"image":{"@id":"https:\/\/psol50.org.br\/#\/schema\/logo\/image\/"},"sameAs":["https:\/\/www.facebook.com\/psol50","https:\/\/x.com\/psol50","https:\/\/www.instagram.com\/psol50\/","https:\/\/www.youtube.com\/channel\/UC7SnJS5o1os7a6CaiNabzcg"]},{"@type":"Person","@id":"https:\/\/psol50.org.br\/#\/schema\/person\/475dfa57d0b815993c714c2e96491fcd","name":"Comunica\u00e7\u00e3o PSOL","image":{"@type":"ImageObject","inLanguage":"pt-BR","@id":"https:\/\/psol50.org.br\/#\/schema\/person\/image\/","url":"https:\/\/secure.gravatar.com\/avatar\/b34fc4f4e468a4e51785917065a3db57b841f5c95dba6ad8c73aaf8f66f8f9bf?s=96&d=mm&r=g","contentUrl":"https:\/\/secure.gravatar.com\/avatar\/b34fc4f4e468a4e51785917065a3db57b841f5c95dba6ad8c73aaf8f66f8f9bf?s=96&d=mm&r=g","caption":"Comunica\u00e7\u00e3o PSOL"}}]}},"_links":{"self":[{"href":"https:\/\/psol50.org.br\/rest\/wp\/v2\/posts\/926","targetHints":{"allow":["GET"]}}],"collection":[{"href":"https:\/\/psol50.org.br\/rest\/wp\/v2\/posts"}],"about":[{"href":"https:\/\/psol50.org.br\/rest\/wp\/v2\/types\/post"}],"author":[{"embeddable":true,"href":"https:\/\/psol50.org.br\/rest\/wp\/v2\/users\/2"}],"replies":[{"embeddable":true,"href":"https:\/\/psol50.org.br\/rest\/wp\/v2\/comments?post=926"}],"version-history":[{"count":0,"href":"https:\/\/psol50.org.br\/rest\/wp\/v2\/posts\/926\/revisions"}],"wp:attachment":[{"href":"https:\/\/psol50.org.br\/rest\/wp\/v2\/media?parent=926"}],"wp:term":[{"taxonomy":"category","embeddable":true,"href":"https:\/\/psol50.org.br\/rest\/wp\/v2\/categories?post=926"},{"taxonomy":"post_tag","embeddable":true,"href":"https:\/\/psol50.org.br\/rest\/wp\/v2\/tags?post=926"}],"curies":[{"name":"wp","href":"https:\/\/api.w.org\/{rel}","templated":true}]}}