{"id":930,"date":"2011-11-01T00:00:00","date_gmt":"2011-11-01T00:00:00","guid":{"rendered":"http:\/\/psol50.org.br\/arquivo\/2011\/11\/01\/os-que-nao-queriam-etica-na-politica-e-participacao-popular-procuraram-calar-a-voz-de-dorcelina\/"},"modified":"2011-11-01T00:00:00","modified_gmt":"2011-11-01T00:00:00","slug":"os-que-nao-queriam-etica-na-politica-e-participacao-popular-procuraram-calar-a-voz-de-dorcelina","status":"publish","type":"post","link":"https:\/\/psol50.org.br\/os-que-nao-queriam-etica-na-politica-e-participacao-popular-procuraram-calar-a-voz-de-dorcelina\/","title":{"rendered":"&#8220;Os que n\u00e3o queriam \u00e9tica na pol\u00edtica e participa\u00e7\u00e3o popular procuraram calar a voz de Dorcelina\u201d"},"content":{"rendered":"<p style=\"text-align: justify\"><em><a href=\"http:\/\/psol50.org.br\/blog\/2011\/11\/01\/os-que-nao-queriam-etica-na-politica-e-participacao-popular-procuraram-calar-a-voz-de-dorcelina%e2%80%9d\/dorcelina\/\" rel=\"attachment wp-att-11832\"><img loading=\"lazy\" decoding=\"async\" class=\"alignleft size-full wp-image-11832\" src=\"http:\/\/psol50.org.br\/files\/2011\/11\/Dorcelina.jpg\" alt=\"\" width=\"250\" height=\"298\" \/><\/a>\u201cA Dorcelina morreu lutando. Lutando com dignidade para que um outro mundo fosse poss\u00edvel\u201d, resume Marlene Oliveira, irm\u00e3 da ex-prefeita<\/em><strong><em> Dorcelina Oliveira Folador, assassinada com seis tiros no dia 30 de outubro de 1999, em Mundo Novo, cidade que fica a 460 quil\u00f4metros de Campo Grande.<\/em><\/strong><\/p>\n<p>Dorcelina foi morta no fim da noite de um s\u00e1bado, quando estava sentada na varanda da casa onde morava com o marido e as duas filhas.<\/p>\n<p><em><strong>Prefeita de Mundo Novo no segundo ano de mandato, Dorcelina era conhecida por fazer uma \u2018limpeza geral\u2019 na administra\u00e7\u00e3o do munic\u00edpio e romper com grupos criminosos ligados ao poder p\u00fablico.<\/strong><\/em><\/p>\n<p>\u201cEla mexeu com a m\u00e1fia da fronteira\u201d, contou Eg\u00eddio Bruneto, um dos coordenadores do MST, em Mato Grosso do Sul.<\/p>\n<p>Durante 5 anos, Dorcelina era rep\u00f3rter volunt\u00e1ria do jornal do movimento, admirada pela disposi\u00e7\u00e3o, apesar de defici\u00eancia f\u00edsica na perna esquerda.<\/p>\n<p>Os seis respons\u00e1veis pelo crime foram presos pela Pol\u00edcia Civil em uma verdadeira \u201cfor\u00e7a-tarefa\u201d, mas est\u00e3o soltos, uns porque j\u00e1 cumpriram pena e outros continuam foragidos.<\/p>\n<p>O mandante do assassinato, Jusmar Martins da Silva, era amigo de Dorcelina, ocupava a Secretaria Municipal de Agricultura e Pecu\u00e1ria e foi, inclusive, coordenador da campanha dela \u00e0 prefeitura.<\/p>\n<p>&#8220;Dorcelina fez uma administra\u00e7\u00e3o voltada para o interesse p\u00fablico e por isso fez inimigos. Aqueles que n\u00e3o queriam a \u00e9tica na pol\u00edtica e a participa\u00e7\u00e3o popular procuraram calar a voz de Dorcelina\u201d, lembrou o amigo Pedro Kemp, deputado estadual da mesma corrente pol\u00edtica da ex-prefeita.<\/p>\n<p><strong>Santa? <\/strong><\/p>\n<p>Dez anos ap\u00f3s o crime, muitos dizem que Dorcelina virou \u201csanta\u201d. O t\u00famulo dela \u00e9 visitado diariamente. Muitas pessoas pedem algo em nome dela e quando conseguem, atribuem \u00e0 prefeita assassinada o \u201cmilagre\u201d.<\/p>\n<p>\u201cJ\u00e1 recolhemos diversas cartinhas de agradecimento, de pedidos, no t\u00famulo dela\u201d, diz Marlene, que mora em Rond\u00f4nia, mas vai a Mundo Novo anualmente. \u201cS\u00e3o hist\u00f3rias de luta, que na frente vai Dorcelina. Eles n\u00e3o admitem ser outra coisa, a tratam como uma santa\u201d.<\/p>\n<p>A irm\u00e3 de Dorcelina diz que sabe de muitas hist\u00f3rias que colocam a prefeita como respons\u00e1vel pela realiza\u00e7\u00e3o de pedidos.<\/p>\n<p>\u201cTem um pessoal que pediu assentamento, conseguiu e colocou o nome de Dorcelina. A comunidade cat\u00f3lica tamb\u00e9m tem o mesmo nome\u201d, conta Marlene. \u201cA gente fica preocupado com isso\u201d, diz Marlene, referindo-se \u00e0 posi\u00e7\u00e3o da fam\u00edlia, que \u00e9 bastante cat\u00f3lica.<\/p>\n<p><strong>Pol\u00edtica<\/strong><\/p>\n<p>E foi na comunidade cat\u00f3lica que Dorcelina deu in\u00edcio \u00e0 vida de indigna\u00e7\u00e3o e de lutas, encerrada aos 36 anos, com tiros de pistola calibre 380. A prefeita assassinada nasceu no Paran\u00e1 e veio para Mato Grosso do Sul, ainda crian\u00e7a, com a fam\u00edlia.<\/p>\n<p>Filha de pais humildes, lutadores, e irm\u00e3 ca\u00e7ula entre sete, ela aprendeu desde cedo a lutar. Dorcelina teve paralisia infantil que a deixou com defici\u00eancia na perna esquerda. Por conta disso, at\u00e9 a adolesc\u00eancia, era motivo de chacotas, mas se defendia sozinha.<\/p>\n<p>J\u00e1 jovem, Dorcelina era uma das lideran\u00e7as da comunidade cat\u00f3lica que freq\u00fcentava com a fam\u00edlia e por circular muito bem entre as minorias, se tornou correspondente do jornal nacional do MST em Mundo Novo, onde atuou por cinco anos, como lembrou Eg\u00eddio. A irm\u00e3, se recorda do que Dorcelina fazia para estar \u2018bem informada\u2019. \u201cEla chegou a se vestir de freira. Pegar identidade de freira, para entrar junto com policiais em um acampamento\u201d, lembra a irm\u00e3.<\/p>\n<p>Devido ao esp\u00edrito de lideran\u00e7a, ajudou a organizar o MST na regiao, e atuou em diversas ocupa\u00e7\u00f5es e acampamentos do sem terra. Dorcelina fez muitas amizades na esquerda e se filiou ao PT. Partido pelo qual foi candidata \u00e0 vereadora por duas vezes, n\u00e3o sendo eleita em nenhuma por causa da legenda, apesar de ter tido expressiva vota\u00e7\u00e3o em ambas.<\/p>\n<p>Em 1996 Dorcelina foi eleita prefeita com 3.422 votos e assumiu a prefeitura em 1\u00ba de janeiro de 1997. \u201cAos poucos Dorcelina vai conhecendo a heran\u00e7a que recebeu de seus antecessores. Encontraram a prefeitura endividada, fornecedores e funcion\u00e1rios sem receber seus proventos\u201d, consta no livro assinado pela delegada de Pol\u00edcia Civil Vilma F\u00e1tima de Carvalho \u00c2ngelo da Silva, escrito como trabalho de conclus\u00e3o do curso de Jornalismo.<\/p>\n<p>Dorcelina come\u00e7ou a &#8220;ajustar os ponteiros\u201d da administra\u00e7\u00e3o e com isso provocou a ira de muitas pessoas, entre elas Jucimar e Kleber Correa da Silva, vice-prefeito e ainda secret\u00e1rio de Ind\u00fastria, Com\u00e9rcio e Turismo. Kleber saiu da Prefeitura em fevereiro de 1997 porque n\u00e3o concordava com as pr\u00e1ticas l\u00edcitas de Dorcelina, entre elas, de pagar a ele somente o sal\u00e1rio por um dos cargos.<\/p>\n<p>At\u00e9 outubro de 1999, Dorcelina conseguiu mudar muitas coisas na administra\u00e7\u00e3o municipal. Entre elas, a realiza\u00e7\u00e3o de concurso p\u00fablico para alguns cargos e a implanta\u00e7\u00e3o do or\u00e7amento participativo.<\/p>\n<p>Jusmar, diante de todas as mudan\u00e7as, e por temer rupturas familiares, pois Kleber era cunhado dele, decide mandar matar Dorcelina. Ele foi at\u00e9 Salto Del Guair\u00e1, cidade paraguaia vizinha a Mundo Novo, onde entrou em contato com a pessoa que contratou os executores.<\/p>\n<p>No livro sobre o assassinato de Dorcelina, a autora diz que Jusmar lhe contou que ap\u00f3s o contato com o outro envolvido foi para casa do sogro. \u201cFica gelado, treme, tem febre, n\u00e3o consegue dormir de preocupa\u00e7\u00e3o, porque, na verdade, sabia que algu\u00e9m ia matar Dorcelina\u201d, consta em um trecho do livro escrito pela delegada Vilma, que revela ainda manuscritos de Dorcelina falando de amea\u00e7as de morte que recebia.<\/p>\n<p><strong>Os autores do crime, aonde est\u00e3o?<\/strong><\/p>\n<p>Os seis envolvidos no crime foram presos e condenados. Jusmar j\u00e1 havia confessado ser o mandante e durante o julgamento declarou que Kleber tamb\u00e9m era um dos que contratou a pistolagem.<\/p>\n<p>Kleber morreu de parada card\u00edaca em 29 de maio de 2004, em Campo Grande. Diante da morte, cessaram as investiga\u00e7\u00f5es sobre o envolvimento dele no assassinato de Dorcelina.<\/p>\n<p>Jusmar j\u00e1 cumpriu pena e est\u00e1 em liberdade condicional. O autor dos tiros que mataram Dorcelina, Get\u00falio Machado, 38 anos, est\u00e1 foragido.<\/p>\n<p>Ele conseguiu progress\u00e3o de pena em 2006 e em 2011 iria para o regime aberto, no entanto, fugiu do regime semi-aberto e em 2008 foi preso com 150 quilos de maconha em Ponta Por\u00e3. Voltou para o regime fechado, depois retornou \u00e0 Col\u00f4nia Penal Agr\u00edcola e est\u00e1 foragido.<\/p>\n<p>Tamb\u00e9m est\u00e1 foragido The\u00f3filo Stocker, 66 anos. Ele foi para o regime semi-aberto em novembro de 2007 e em junho do ano seguinte, fugiu da Col\u00f4nia Penal Agr\u00edcola.<\/p>\n<p>Outro que escapou foi Ismael Meurer Silveira. H\u00e1 mandado de pris\u00e3o em aberto contra ele desde 2007, quando tamb\u00e9m fugiu do regime semi-aberto. Valdenir Machado, 42 anos, est\u00e1 em liberdade condicional desde 2007. Tamb\u00e9m foi condenado pelo crime Rold\u00e3o Teixeira de Carvalho.<\/p>\n<p><strong>Heran\u00e7a de um exemplo de vida e dedica\u00e7\u00e3o ao povo<\/strong><\/p>\n<p>Para Eg\u00eddio Bruneto, Dorcelina se tornou um s\u00edmbolo de luta na cidade.\u201dHoje a popula\u00e7\u00e3o est\u00e1 sentindo saudade dela, porque est\u00e1 sentindo na carne os efeitos do que ela sempre quis combater\u201d, diz Eg\u00eddio.<\/p>\n<p>Para a irm\u00e3 de Dorcelina, a principal heran\u00e7a deixada por ela \u00e9 a iniciativa de lutar por Justi\u00e7a, de tentar fazer alguma coisa com a ajuda de outras pessoas. \u201cEla mostrou que com um pouquinho, ou nada, a gente consegue fazer as coisas em mutir\u00e3o\u201d.<\/p>\n<p>Marlene cita como frutos do trabalho da irm\u00e3, os ensinamentos pol\u00edticos. \u201cEla politizou mulheres, pessoas que a gente nunca pensou que fosse poss\u00edvel\u201d.<\/p>\n<p style=\"text-align: justify\"><a href=\"http:\/\/www.mst.org.br\/Os-que-nao-queriam-etica-na-politica-e-participacao-popular-procuraram-calar-a-voz-de-Dorcelina\"><em><strong>*Fonte: MST<\/strong><\/em><\/a><\/p>\n","protected":false},"excerpt":{"rendered":"<p>\u201cA Dorcelina morreu lutando. Lutando com dignidade para que um outro mundo fosse poss\u00edvel\u201d, resume Marlene Oliveira, irm\u00e3 da ex-prefeita Dorcelina Oliveira Folador, assassinada com seis tiros no dia 30 de outubro de 1999, em Mundo Novo, cidade que fica a 460 quil\u00f4metros de Campo Grande. Dorcelina foi morta no fim da noite de um [&hellip;]<\/p>\n","protected":false},"author":2,"featured_media":0,"comment_status":"open","ping_status":"open","sticky":false,"template":"","format":"standard","meta":{"_acf_changed":false,"footnotes":""},"categories":[4766],"tags":[],"class_list":{"0":"post-930","1":"post","2":"type-post","3":"status-publish","4":"format-standard","6":"category-arquivo"},"acf":[],"yoast_head":"<!-- This site is optimized with the Yoast SEO plugin v26.5 - https:\/\/yoast.com\/wordpress\/plugins\/seo\/ -->\n<title>&quot;Os que n\u00e3o queriam \u00e9tica na pol\u00edtica e participa\u00e7\u00e3o popular procuraram calar a voz de Dorcelina\u201d - PSOL 50<\/title>\n<meta name=\"robots\" content=\"index, follow, max-snippet:-1, max-image-preview:large, max-video-preview:-1\" \/>\n<link rel=\"canonical\" href=\"https:\/\/psol50.org.br\/os-que-nao-queriam-etica-na-politica-e-participacao-popular-procuraram-calar-a-voz-de-dorcelina\/\" \/>\n<meta property=\"og:locale\" content=\"pt_BR\" \/>\n<meta property=\"og:type\" content=\"article\" \/>\n<meta property=\"og:title\" content=\"&quot;Os que n\u00e3o queriam \u00e9tica na pol\u00edtica e participa\u00e7\u00e3o popular procuraram calar a voz de Dorcelina\u201d - PSOL 50\" \/>\n<meta property=\"og:description\" content=\"\u201cA Dorcelina morreu lutando. Lutando com dignidade para que um outro mundo fosse poss\u00edvel\u201d, resume Marlene Oliveira, irm\u00e3 da ex-prefeita Dorcelina Oliveira Folador, assassinada com seis tiros no dia 30 de outubro de 1999, em Mundo Novo, cidade que fica a 460 quil\u00f4metros de Campo Grande. Dorcelina foi morta no fim da noite de um [&hellip;]\" \/>\n<meta property=\"og:url\" content=\"https:\/\/psol50.org.br\/os-que-nao-queriam-etica-na-politica-e-participacao-popular-procuraram-calar-a-voz-de-dorcelina\/\" \/>\n<meta property=\"og:site_name\" content=\"PSOL 50\" \/>\n<meta property=\"article:publisher\" content=\"https:\/\/www.facebook.com\/psol50\" \/>\n<meta property=\"article:published_time\" content=\"2011-11-01T00:00:00+00:00\" \/>\n<meta property=\"og:image\" content=\"http:\/\/psol50.org.br\/files\/2011\/11\/Dorcelina.jpg\" \/>\n<meta name=\"author\" content=\"Comunica\u00e7\u00e3o PSOL\" \/>\n<meta name=\"twitter:card\" content=\"summary_large_image\" \/>\n<meta name=\"twitter:creator\" content=\"@psol50\" \/>\n<meta name=\"twitter:site\" content=\"@psol50\" \/>\n<meta name=\"twitter:label1\" content=\"Escrito por\" \/>\n\t<meta name=\"twitter:data1\" content=\"Comunica\u00e7\u00e3o PSOL\" \/>\n\t<meta name=\"twitter:label2\" content=\"Est. tempo de leitura\" \/>\n\t<meta name=\"twitter:data2\" content=\"6 minutos\" \/>\n<script type=\"application\/ld+json\" class=\"yoast-schema-graph\">{\"@context\":\"https:\/\/schema.org\",\"@graph\":[{\"@type\":\"Article\",\"@id\":\"https:\/\/psol50.org.br\/os-que-nao-queriam-etica-na-politica-e-participacao-popular-procuraram-calar-a-voz-de-dorcelina\/#article\",\"isPartOf\":{\"@id\":\"https:\/\/psol50.org.br\/os-que-nao-queriam-etica-na-politica-e-participacao-popular-procuraram-calar-a-voz-de-dorcelina\/\"},\"author\":{\"name\":\"Comunica\u00e7\u00e3o PSOL\",\"@id\":\"https:\/\/psol50.org.br\/#\/schema\/person\/475dfa57d0b815993c714c2e96491fcd\"},\"headline\":\"&#8220;Os que n\u00e3o queriam \u00e9tica na pol\u00edtica e participa\u00e7\u00e3o popular procuraram calar a voz de Dorcelina\u201d\",\"datePublished\":\"2011-11-01T00:00:00+00:00\",\"mainEntityOfPage\":{\"@id\":\"https:\/\/psol50.org.br\/os-que-nao-queriam-etica-na-politica-e-participacao-popular-procuraram-calar-a-voz-de-dorcelina\/\"},\"wordCount\":1289,\"commentCount\":0,\"publisher\":{\"@id\":\"https:\/\/psol50.org.br\/#organization\"},\"image\":{\"@id\":\"https:\/\/psol50.org.br\/os-que-nao-queriam-etica-na-politica-e-participacao-popular-procuraram-calar-a-voz-de-dorcelina\/#primaryimage\"},\"thumbnailUrl\":\"http:\/\/psol50.org.br\/files\/2011\/11\/Dorcelina.jpg\",\"articleSection\":[\"Arquivo\"],\"inLanguage\":\"pt-BR\",\"potentialAction\":[{\"@type\":\"CommentAction\",\"name\":\"Comment\",\"target\":[\"https:\/\/psol50.org.br\/os-que-nao-queriam-etica-na-politica-e-participacao-popular-procuraram-calar-a-voz-de-dorcelina\/#respond\"]}]},{\"@type\":\"WebPage\",\"@id\":\"https:\/\/psol50.org.br\/os-que-nao-queriam-etica-na-politica-e-participacao-popular-procuraram-calar-a-voz-de-dorcelina\/\",\"url\":\"https:\/\/psol50.org.br\/os-que-nao-queriam-etica-na-politica-e-participacao-popular-procuraram-calar-a-voz-de-dorcelina\/\",\"name\":\"\\\"Os que n\u00e3o queriam \u00e9tica na pol\u00edtica e participa\u00e7\u00e3o popular procuraram calar a voz de Dorcelina\u201d - PSOL 50\",\"isPartOf\":{\"@id\":\"https:\/\/psol50.org.br\/#website\"},\"primaryImageOfPage\":{\"@id\":\"https:\/\/psol50.org.br\/os-que-nao-queriam-etica-na-politica-e-participacao-popular-procuraram-calar-a-voz-de-dorcelina\/#primaryimage\"},\"image\":{\"@id\":\"https:\/\/psol50.org.br\/os-que-nao-queriam-etica-na-politica-e-participacao-popular-procuraram-calar-a-voz-de-dorcelina\/#primaryimage\"},\"thumbnailUrl\":\"http:\/\/psol50.org.br\/files\/2011\/11\/Dorcelina.jpg\",\"datePublished\":\"2011-11-01T00:00:00+00:00\",\"breadcrumb\":{\"@id\":\"https:\/\/psol50.org.br\/os-que-nao-queriam-etica-na-politica-e-participacao-popular-procuraram-calar-a-voz-de-dorcelina\/#breadcrumb\"},\"inLanguage\":\"pt-BR\",\"potentialAction\":[{\"@type\":\"ReadAction\",\"target\":[\"https:\/\/psol50.org.br\/os-que-nao-queriam-etica-na-politica-e-participacao-popular-procuraram-calar-a-voz-de-dorcelina\/\"]}]},{\"@type\":\"ImageObject\",\"inLanguage\":\"pt-BR\",\"@id\":\"https:\/\/psol50.org.br\/os-que-nao-queriam-etica-na-politica-e-participacao-popular-procuraram-calar-a-voz-de-dorcelina\/#primaryimage\",\"url\":\"http:\/\/psol50.org.br\/files\/2011\/11\/Dorcelina.jpg\",\"contentUrl\":\"http:\/\/psol50.org.br\/files\/2011\/11\/Dorcelina.jpg\"},{\"@type\":\"BreadcrumbList\",\"@id\":\"https:\/\/psol50.org.br\/os-que-nao-queriam-etica-na-politica-e-participacao-popular-procuraram-calar-a-voz-de-dorcelina\/#breadcrumb\",\"itemListElement\":[{\"@type\":\"ListItem\",\"position\":1,\"name\":\"In\u00edcio\",\"item\":\"https:\/\/psol50.org.br\/\"},{\"@type\":\"ListItem\",\"position\":2,\"name\":\"&#8220;Os que n\u00e3o queriam \u00e9tica na pol\u00edtica e participa\u00e7\u00e3o popular procuraram calar a voz de Dorcelina\u201d\"}]},{\"@type\":\"WebSite\",\"@id\":\"https:\/\/psol50.org.br\/#website\",\"url\":\"https:\/\/psol50.org.br\/\",\"name\":\"PSOL 50\",\"description\":\"Site oficial do Partido Socialismo e Liberdade\",\"publisher\":{\"@id\":\"https:\/\/psol50.org.br\/#organization\"},\"alternateName\":\"PSOL50\",\"potentialAction\":[{\"@type\":\"SearchAction\",\"target\":{\"@type\":\"EntryPoint\",\"urlTemplate\":\"https:\/\/psol50.org.br\/?s={search_term_string}\"},\"query-input\":{\"@type\":\"PropertyValueSpecification\",\"valueRequired\":true,\"valueName\":\"search_term_string\"}}],\"inLanguage\":\"pt-BR\"},{\"@type\":\"Organization\",\"@id\":\"https:\/\/psol50.org.br\/#organization\",\"name\":\"PSOL 50\",\"alternateName\":\"PSOL 50\",\"url\":\"https:\/\/psol50.org.br\/\",\"logo\":{\"@type\":\"ImageObject\",\"inLanguage\":\"pt-BR\",\"@id\":\"https:\/\/psol50.org.br\/#\/schema\/logo\/image\/\",\"url\":\"https:\/\/psol50.org.br\/inc\/uploads\/2018\/07\/capa.png\",\"contentUrl\":\"https:\/\/psol50.org.br\/inc\/uploads\/2018\/07\/capa.png\",\"width\":1350,\"height\":900,\"caption\":\"PSOL 50\"},\"image\":{\"@id\":\"https:\/\/psol50.org.br\/#\/schema\/logo\/image\/\"},\"sameAs\":[\"https:\/\/www.facebook.com\/psol50\",\"https:\/\/x.com\/psol50\",\"https:\/\/www.instagram.com\/psol50\/\",\"https:\/\/www.youtube.com\/channel\/UC7SnJS5o1os7a6CaiNabzcg\"]},{\"@type\":\"Person\",\"@id\":\"https:\/\/psol50.org.br\/#\/schema\/person\/475dfa57d0b815993c714c2e96491fcd\",\"name\":\"Comunica\u00e7\u00e3o PSOL\",\"image\":{\"@type\":\"ImageObject\",\"inLanguage\":\"pt-BR\",\"@id\":\"https:\/\/psol50.org.br\/#\/schema\/person\/image\/\",\"url\":\"https:\/\/secure.gravatar.com\/avatar\/b34fc4f4e468a4e51785917065a3db57b841f5c95dba6ad8c73aaf8f66f8f9bf?s=96&d=mm&r=g\",\"contentUrl\":\"https:\/\/secure.gravatar.com\/avatar\/b34fc4f4e468a4e51785917065a3db57b841f5c95dba6ad8c73aaf8f66f8f9bf?s=96&d=mm&r=g\",\"caption\":\"Comunica\u00e7\u00e3o PSOL\"}}]}<\/script>\n<!-- \/ Yoast SEO plugin. -->","yoast_head_json":{"title":"\"Os que n\u00e3o queriam \u00e9tica na pol\u00edtica e participa\u00e7\u00e3o popular procuraram calar a voz de Dorcelina\u201d - PSOL 50","robots":{"index":"index","follow":"follow","max-snippet":"max-snippet:-1","max-image-preview":"max-image-preview:large","max-video-preview":"max-video-preview:-1"},"canonical":"https:\/\/psol50.org.br\/os-que-nao-queriam-etica-na-politica-e-participacao-popular-procuraram-calar-a-voz-de-dorcelina\/","og_locale":"pt_BR","og_type":"article","og_title":"\"Os que n\u00e3o queriam \u00e9tica na pol\u00edtica e participa\u00e7\u00e3o popular procuraram calar a voz de Dorcelina\u201d - PSOL 50","og_description":"\u201cA Dorcelina morreu lutando. Lutando com dignidade para que um outro mundo fosse poss\u00edvel\u201d, resume Marlene Oliveira, irm\u00e3 da ex-prefeita Dorcelina Oliveira Folador, assassinada com seis tiros no dia 30 de outubro de 1999, em Mundo Novo, cidade que fica a 460 quil\u00f4metros de Campo Grande. Dorcelina foi morta no fim da noite de um [&hellip;]","og_url":"https:\/\/psol50.org.br\/os-que-nao-queriam-etica-na-politica-e-participacao-popular-procuraram-calar-a-voz-de-dorcelina\/","og_site_name":"PSOL 50","article_publisher":"https:\/\/www.facebook.com\/psol50","article_published_time":"2011-11-01T00:00:00+00:00","og_image":[{"url":"http:\/\/psol50.org.br\/files\/2011\/11\/Dorcelina.jpg","type":"","width":"","height":""}],"author":"Comunica\u00e7\u00e3o PSOL","twitter_card":"summary_large_image","twitter_creator":"@psol50","twitter_site":"@psol50","twitter_misc":{"Escrito por":"Comunica\u00e7\u00e3o PSOL","Est. tempo de leitura":"6 minutos"},"schema":{"@context":"https:\/\/schema.org","@graph":[{"@type":"Article","@id":"https:\/\/psol50.org.br\/os-que-nao-queriam-etica-na-politica-e-participacao-popular-procuraram-calar-a-voz-de-dorcelina\/#article","isPartOf":{"@id":"https:\/\/psol50.org.br\/os-que-nao-queriam-etica-na-politica-e-participacao-popular-procuraram-calar-a-voz-de-dorcelina\/"},"author":{"name":"Comunica\u00e7\u00e3o PSOL","@id":"https:\/\/psol50.org.br\/#\/schema\/person\/475dfa57d0b815993c714c2e96491fcd"},"headline":"&#8220;Os que n\u00e3o queriam \u00e9tica na pol\u00edtica e participa\u00e7\u00e3o popular procuraram calar a voz de Dorcelina\u201d","datePublished":"2011-11-01T00:00:00+00:00","mainEntityOfPage":{"@id":"https:\/\/psol50.org.br\/os-que-nao-queriam-etica-na-politica-e-participacao-popular-procuraram-calar-a-voz-de-dorcelina\/"},"wordCount":1289,"commentCount":0,"publisher":{"@id":"https:\/\/psol50.org.br\/#organization"},"image":{"@id":"https:\/\/psol50.org.br\/os-que-nao-queriam-etica-na-politica-e-participacao-popular-procuraram-calar-a-voz-de-dorcelina\/#primaryimage"},"thumbnailUrl":"http:\/\/psol50.org.br\/files\/2011\/11\/Dorcelina.jpg","articleSection":["Arquivo"],"inLanguage":"pt-BR","potentialAction":[{"@type":"CommentAction","name":"Comment","target":["https:\/\/psol50.org.br\/os-que-nao-queriam-etica-na-politica-e-participacao-popular-procuraram-calar-a-voz-de-dorcelina\/#respond"]}]},{"@type":"WebPage","@id":"https:\/\/psol50.org.br\/os-que-nao-queriam-etica-na-politica-e-participacao-popular-procuraram-calar-a-voz-de-dorcelina\/","url":"https:\/\/psol50.org.br\/os-que-nao-queriam-etica-na-politica-e-participacao-popular-procuraram-calar-a-voz-de-dorcelina\/","name":"\"Os que n\u00e3o queriam \u00e9tica na pol\u00edtica e participa\u00e7\u00e3o popular procuraram calar a voz de Dorcelina\u201d - PSOL 50","isPartOf":{"@id":"https:\/\/psol50.org.br\/#website"},"primaryImageOfPage":{"@id":"https:\/\/psol50.org.br\/os-que-nao-queriam-etica-na-politica-e-participacao-popular-procuraram-calar-a-voz-de-dorcelina\/#primaryimage"},"image":{"@id":"https:\/\/psol50.org.br\/os-que-nao-queriam-etica-na-politica-e-participacao-popular-procuraram-calar-a-voz-de-dorcelina\/#primaryimage"},"thumbnailUrl":"http:\/\/psol50.org.br\/files\/2011\/11\/Dorcelina.jpg","datePublished":"2011-11-01T00:00:00+00:00","breadcrumb":{"@id":"https:\/\/psol50.org.br\/os-que-nao-queriam-etica-na-politica-e-participacao-popular-procuraram-calar-a-voz-de-dorcelina\/#breadcrumb"},"inLanguage":"pt-BR","potentialAction":[{"@type":"ReadAction","target":["https:\/\/psol50.org.br\/os-que-nao-queriam-etica-na-politica-e-participacao-popular-procuraram-calar-a-voz-de-dorcelina\/"]}]},{"@type":"ImageObject","inLanguage":"pt-BR","@id":"https:\/\/psol50.org.br\/os-que-nao-queriam-etica-na-politica-e-participacao-popular-procuraram-calar-a-voz-de-dorcelina\/#primaryimage","url":"http:\/\/psol50.org.br\/files\/2011\/11\/Dorcelina.jpg","contentUrl":"http:\/\/psol50.org.br\/files\/2011\/11\/Dorcelina.jpg"},{"@type":"BreadcrumbList","@id":"https:\/\/psol50.org.br\/os-que-nao-queriam-etica-na-politica-e-participacao-popular-procuraram-calar-a-voz-de-dorcelina\/#breadcrumb","itemListElement":[{"@type":"ListItem","position":1,"name":"In\u00edcio","item":"https:\/\/psol50.org.br\/"},{"@type":"ListItem","position":2,"name":"&#8220;Os que n\u00e3o queriam \u00e9tica na pol\u00edtica e participa\u00e7\u00e3o popular procuraram calar a voz de Dorcelina\u201d"}]},{"@type":"WebSite","@id":"https:\/\/psol50.org.br\/#website","url":"https:\/\/psol50.org.br\/","name":"PSOL 50","description":"Site oficial do Partido Socialismo e Liberdade","publisher":{"@id":"https:\/\/psol50.org.br\/#organization"},"alternateName":"PSOL50","potentialAction":[{"@type":"SearchAction","target":{"@type":"EntryPoint","urlTemplate":"https:\/\/psol50.org.br\/?s={search_term_string}"},"query-input":{"@type":"PropertyValueSpecification","valueRequired":true,"valueName":"search_term_string"}}],"inLanguage":"pt-BR"},{"@type":"Organization","@id":"https:\/\/psol50.org.br\/#organization","name":"PSOL 50","alternateName":"PSOL 50","url":"https:\/\/psol50.org.br\/","logo":{"@type":"ImageObject","inLanguage":"pt-BR","@id":"https:\/\/psol50.org.br\/#\/schema\/logo\/image\/","url":"https:\/\/psol50.org.br\/inc\/uploads\/2018\/07\/capa.png","contentUrl":"https:\/\/psol50.org.br\/inc\/uploads\/2018\/07\/capa.png","width":1350,"height":900,"caption":"PSOL 50"},"image":{"@id":"https:\/\/psol50.org.br\/#\/schema\/logo\/image\/"},"sameAs":["https:\/\/www.facebook.com\/psol50","https:\/\/x.com\/psol50","https:\/\/www.instagram.com\/psol50\/","https:\/\/www.youtube.com\/channel\/UC7SnJS5o1os7a6CaiNabzcg"]},{"@type":"Person","@id":"https:\/\/psol50.org.br\/#\/schema\/person\/475dfa57d0b815993c714c2e96491fcd","name":"Comunica\u00e7\u00e3o PSOL","image":{"@type":"ImageObject","inLanguage":"pt-BR","@id":"https:\/\/psol50.org.br\/#\/schema\/person\/image\/","url":"https:\/\/secure.gravatar.com\/avatar\/b34fc4f4e468a4e51785917065a3db57b841f5c95dba6ad8c73aaf8f66f8f9bf?s=96&d=mm&r=g","contentUrl":"https:\/\/secure.gravatar.com\/avatar\/b34fc4f4e468a4e51785917065a3db57b841f5c95dba6ad8c73aaf8f66f8f9bf?s=96&d=mm&r=g","caption":"Comunica\u00e7\u00e3o PSOL"}}]}},"_links":{"self":[{"href":"https:\/\/psol50.org.br\/rest\/wp\/v2\/posts\/930","targetHints":{"allow":["GET"]}}],"collection":[{"href":"https:\/\/psol50.org.br\/rest\/wp\/v2\/posts"}],"about":[{"href":"https:\/\/psol50.org.br\/rest\/wp\/v2\/types\/post"}],"author":[{"embeddable":true,"href":"https:\/\/psol50.org.br\/rest\/wp\/v2\/users\/2"}],"replies":[{"embeddable":true,"href":"https:\/\/psol50.org.br\/rest\/wp\/v2\/comments?post=930"}],"version-history":[{"count":0,"href":"https:\/\/psol50.org.br\/rest\/wp\/v2\/posts\/930\/revisions"}],"wp:attachment":[{"href":"https:\/\/psol50.org.br\/rest\/wp\/v2\/media?parent=930"}],"wp:term":[{"taxonomy":"category","embeddable":true,"href":"https:\/\/psol50.org.br\/rest\/wp\/v2\/categories?post=930"},{"taxonomy":"post_tag","embeddable":true,"href":"https:\/\/psol50.org.br\/rest\/wp\/v2\/tags?post=930"}],"curies":[{"name":"wp","href":"https:\/\/api.w.org\/{rel}","templated":true}]}}