{"id":938,"date":"2011-11-08T00:00:00","date_gmt":"2011-11-08T00:00:00","guid":{"rendered":"http:\/\/psol50.org.br\/arquivo\/2011\/11\/08\/nota-do-dce-sobre-a-tropa-de-choque-na-usp-e-a-prisao-de-70-estudantes\/"},"modified":"2011-11-08T00:00:00","modified_gmt":"2011-11-08T00:00:00","slug":"nota-do-dce-sobre-a-tropa-de-choque-na-usp-e-a-prisao-de-70-estudantes","status":"publish","type":"post","link":"https:\/\/psol50.org.br\/nota-do-dce-sobre-a-tropa-de-choque-na-usp-e-a-prisao-de-70-estudantes\/","title":{"rendered":"Nota do DCE sobre a tropa de choque na USP e a pris\u00e3o de 70 estudantes"},"content":{"rendered":"<p style=\"text-align: justify\"><a href=\"http:\/\/psol50.org.br\/blog\/2011\/11\/08\/nota-do-dce-sobre-a-tropa-de-choque-na-usp-e-a-prisao-de-70-estudantes\/dce_usp\/\" rel=\"attachment wp-att-12029\"><img loading=\"lazy\" decoding=\"async\" class=\"aligncenter size-full wp-image-12029\" src=\"http:\/\/psol50.org.br\/files\/2011\/11\/DCE_USP.jpg\" alt=\"\" width=\"420\" height=\"141\" \/><\/a>Na \u00faltima semana a universidade foi tomada pelo debate da seguran\u00e7a no campus Butant\u00e3, diversos estudantes est\u00e3o debatendo em seus cursos os acontecimentos da quinta-feira 27.10, questionado a papel da Policia Militar na universidade e procurando alternativas a esse projeto de seguran\u00e7a.<\/p>\n<p style=\"text-align: justify\">A gest\u00e3o Todas as Vozes do DCE Livre da USP acredita que a ocupa\u00e7\u00e3o da reitoria n\u00e3o \u00e9 a melhor forma de responder \u00e0 solu\u00e7\u00e3o imposta da reitoria nesse momento (que \u00e9 o conv\u00eanio USP-PM), por\u00e9m invas\u00e3o da Cidade Universit\u00e1ria por for\u00e7as policiais nessa madrugada \u00e9 injustific\u00e1vel e inadmiss\u00edvel.<\/p>\n<p style=\"text-align: justify\">A medida de reintegra\u00e7\u00e3o de posse que ocorreu hoje por volta das 5h da manh\u00e3 nos mostra a incapacidade pol\u00edtica da reitoria em dialogar com as demandas da comunidade acad\u00eamica. Essa a\u00e7\u00e3o levou a pris\u00e3o pol\u00edtica de 70 estudantes que est\u00e3o sendo acusados por forma\u00e7\u00e3o de quadrilha e s\u00f3 ser\u00e3o soltos com o pagamento da fian\u00e7a de R$1.050,00.<\/p>\n<p style=\"text-align: justify\">A resposta que a reitoria deu para os estudantes indignados com as medidas excessivas da PM na universidade foi mais autoritarismo e mais viol\u00eancia. \u00c9 dessa forma que queremos que a nossa universidade seja gerida? \u00c9 com a pris\u00e3o de 70 estudantes que se resolve o problema de seguran\u00e7a na USP?<\/p>\n<p style=\"text-align: justify\"><em><strong>O DCE-Livre da USP chama a tod@s que ainda acreditam em uma universidade mais aberta, aut\u00f4noma e democr\u00e1tica a dizerem n\u00e3o a intransig\u00eancia da reitoria, chamamos a tod@s para uma Assembleia Geral dos Estudantes da USP as 19h no pr\u00e9dio da Hist\u00f3ria e Geografia.<\/strong><\/em> N\u00e3o podemos aceitar calados as imposi\u00e7\u00f5es da reitoria e a pris\u00e3o de 70 estudantes. Exigimos que @s estudantes sejam soltos e que o conv\u00eanio USP-PM seja revogado; medidas como essas, t\u00e3o naturalizadas pela m\u00eddia e por nossa sociedade, n\u00e3o devem ter mais espa\u00e7o na nossa universidade.<\/p>\n<p style=\"text-align: justify\"><a href=\"http:\/\/www.dceusp.org.br\/2011\/11\/nota-sobre-a-tropa-de-choque-na-usp-e-a-prisao-de-70-estudantes\/\"><em><strong>*Diret\u00f3rio Central de Estudantes da Universidade de S\u00e3o Paulo | Entidade: Alexandre Vannucchi Leme | Gest\u00e3o Todas as Vozes | e-mail: dce@dceusp.org.br<\/strong><\/em> <\/a><\/p>\n","protected":false},"excerpt":{"rendered":"<p>Na \u00faltima semana a universidade foi tomada pelo debate da seguran\u00e7a no campus Butant\u00e3, diversos estudantes est\u00e3o debatendo em seus cursos os acontecimentos da quinta-feira 27.10, questionado a papel da Policia Militar na universidade e procurando alternativas a esse projeto de seguran\u00e7a. A gest\u00e3o Todas as Vozes do DCE Livre da USP acredita que a [&hellip;]<\/p>\n","protected":false},"author":2,"featured_media":0,"comment_status":"open","ping_status":"open","sticky":false,"template":"","format":"standard","meta":{"_acf_changed":false,"footnotes":""},"categories":[4766],"tags":[],"class_list":{"0":"post-938","1":"post","2":"type-post","3":"status-publish","4":"format-standard","6":"category-arquivo"},"acf":[],"yoast_head":"<!-- This site is optimized with the Yoast SEO plugin v26.5 - https:\/\/yoast.com\/wordpress\/plugins\/seo\/ -->\n<title>Nota do DCE sobre a tropa de choque na USP e a pris\u00e3o de 70 estudantes - PSOL 50<\/title>\n<meta name=\"robots\" content=\"index, follow, max-snippet:-1, max-image-preview:large, max-video-preview:-1\" \/>\n<link rel=\"canonical\" href=\"https:\/\/psol50.org.br\/nota-do-dce-sobre-a-tropa-de-choque-na-usp-e-a-prisao-de-70-estudantes\/\" \/>\n<meta property=\"og:locale\" content=\"pt_BR\" \/>\n<meta property=\"og:type\" content=\"article\" \/>\n<meta property=\"og:title\" content=\"Nota do DCE sobre a tropa de choque na USP e a pris\u00e3o de 70 estudantes - PSOL 50\" \/>\n<meta property=\"og:description\" content=\"Na \u00faltima semana a universidade foi tomada pelo debate da seguran\u00e7a no campus Butant\u00e3, diversos estudantes est\u00e3o debatendo em seus cursos os acontecimentos da quinta-feira 27.10, questionado a papel da Policia Militar na universidade e procurando alternativas a esse projeto de seguran\u00e7a. A gest\u00e3o Todas as Vozes do DCE Livre da USP acredita que a [&hellip;]\" \/>\n<meta property=\"og:url\" content=\"https:\/\/psol50.org.br\/nota-do-dce-sobre-a-tropa-de-choque-na-usp-e-a-prisao-de-70-estudantes\/\" \/>\n<meta property=\"og:site_name\" content=\"PSOL 50\" \/>\n<meta property=\"article:publisher\" content=\"https:\/\/www.facebook.com\/psol50\" \/>\n<meta property=\"article:published_time\" content=\"2011-11-08T00:00:00+00:00\" \/>\n<meta property=\"og:image\" content=\"http:\/\/psol50.org.br\/files\/2011\/11\/DCE_USP.jpg\" \/>\n<meta name=\"author\" content=\"Comunica\u00e7\u00e3o PSOL\" \/>\n<meta name=\"twitter:card\" content=\"summary_large_image\" \/>\n<meta name=\"twitter:creator\" content=\"@psol50\" \/>\n<meta name=\"twitter:site\" content=\"@psol50\" \/>\n<meta name=\"twitter:label1\" content=\"Escrito por\" \/>\n\t<meta name=\"twitter:data1\" content=\"Comunica\u00e7\u00e3o PSOL\" \/>\n\t<meta name=\"twitter:label2\" content=\"Est. tempo de leitura\" \/>\n\t<meta name=\"twitter:data2\" content=\"2 minutos\" \/>\n<script type=\"application\/ld+json\" class=\"yoast-schema-graph\">{\"@context\":\"https:\/\/schema.org\",\"@graph\":[{\"@type\":\"Article\",\"@id\":\"https:\/\/psol50.org.br\/nota-do-dce-sobre-a-tropa-de-choque-na-usp-e-a-prisao-de-70-estudantes\/#article\",\"isPartOf\":{\"@id\":\"https:\/\/psol50.org.br\/nota-do-dce-sobre-a-tropa-de-choque-na-usp-e-a-prisao-de-70-estudantes\/\"},\"author\":{\"name\":\"Comunica\u00e7\u00e3o PSOL\",\"@id\":\"https:\/\/psol50.org.br\/#\/schema\/person\/475dfa57d0b815993c714c2e96491fcd\"},\"headline\":\"Nota do DCE sobre a tropa de choque na USP e a pris\u00e3o de 70 estudantes\",\"datePublished\":\"2011-11-08T00:00:00+00:00\",\"mainEntityOfPage\":{\"@id\":\"https:\/\/psol50.org.br\/nota-do-dce-sobre-a-tropa-de-choque-na-usp-e-a-prisao-de-70-estudantes\/\"},\"wordCount\":364,\"commentCount\":0,\"publisher\":{\"@id\":\"https:\/\/psol50.org.br\/#organization\"},\"image\":{\"@id\":\"https:\/\/psol50.org.br\/nota-do-dce-sobre-a-tropa-de-choque-na-usp-e-a-prisao-de-70-estudantes\/#primaryimage\"},\"thumbnailUrl\":\"http:\/\/psol50.org.br\/files\/2011\/11\/DCE_USP.jpg\",\"articleSection\":[\"Arquivo\"],\"inLanguage\":\"pt-BR\",\"potentialAction\":[{\"@type\":\"CommentAction\",\"name\":\"Comment\",\"target\":[\"https:\/\/psol50.org.br\/nota-do-dce-sobre-a-tropa-de-choque-na-usp-e-a-prisao-de-70-estudantes\/#respond\"]}]},{\"@type\":\"WebPage\",\"@id\":\"https:\/\/psol50.org.br\/nota-do-dce-sobre-a-tropa-de-choque-na-usp-e-a-prisao-de-70-estudantes\/\",\"url\":\"https:\/\/psol50.org.br\/nota-do-dce-sobre-a-tropa-de-choque-na-usp-e-a-prisao-de-70-estudantes\/\",\"name\":\"Nota do DCE sobre a tropa de choque na USP e a pris\u00e3o de 70 estudantes - PSOL 50\",\"isPartOf\":{\"@id\":\"https:\/\/psol50.org.br\/#website\"},\"primaryImageOfPage\":{\"@id\":\"https:\/\/psol50.org.br\/nota-do-dce-sobre-a-tropa-de-choque-na-usp-e-a-prisao-de-70-estudantes\/#primaryimage\"},\"image\":{\"@id\":\"https:\/\/psol50.org.br\/nota-do-dce-sobre-a-tropa-de-choque-na-usp-e-a-prisao-de-70-estudantes\/#primaryimage\"},\"thumbnailUrl\":\"http:\/\/psol50.org.br\/files\/2011\/11\/DCE_USP.jpg\",\"datePublished\":\"2011-11-08T00:00:00+00:00\",\"breadcrumb\":{\"@id\":\"https:\/\/psol50.org.br\/nota-do-dce-sobre-a-tropa-de-choque-na-usp-e-a-prisao-de-70-estudantes\/#breadcrumb\"},\"inLanguage\":\"pt-BR\",\"potentialAction\":[{\"@type\":\"ReadAction\",\"target\":[\"https:\/\/psol50.org.br\/nota-do-dce-sobre-a-tropa-de-choque-na-usp-e-a-prisao-de-70-estudantes\/\"]}]},{\"@type\":\"ImageObject\",\"inLanguage\":\"pt-BR\",\"@id\":\"https:\/\/psol50.org.br\/nota-do-dce-sobre-a-tropa-de-choque-na-usp-e-a-prisao-de-70-estudantes\/#primaryimage\",\"url\":\"http:\/\/psol50.org.br\/files\/2011\/11\/DCE_USP.jpg\",\"contentUrl\":\"http:\/\/psol50.org.br\/files\/2011\/11\/DCE_USP.jpg\"},{\"@type\":\"BreadcrumbList\",\"@id\":\"https:\/\/psol50.org.br\/nota-do-dce-sobre-a-tropa-de-choque-na-usp-e-a-prisao-de-70-estudantes\/#breadcrumb\",\"itemListElement\":[{\"@type\":\"ListItem\",\"position\":1,\"name\":\"In\u00edcio\",\"item\":\"https:\/\/psol50.org.br\/\"},{\"@type\":\"ListItem\",\"position\":2,\"name\":\"Nota do DCE sobre a tropa de choque na USP e a pris\u00e3o de 70 estudantes\"}]},{\"@type\":\"WebSite\",\"@id\":\"https:\/\/psol50.org.br\/#website\",\"url\":\"https:\/\/psol50.org.br\/\",\"name\":\"PSOL 50\",\"description\":\"Site oficial do Partido Socialismo e Liberdade\",\"publisher\":{\"@id\":\"https:\/\/psol50.org.br\/#organization\"},\"alternateName\":\"PSOL50\",\"potentialAction\":[{\"@type\":\"SearchAction\",\"target\":{\"@type\":\"EntryPoint\",\"urlTemplate\":\"https:\/\/psol50.org.br\/?s={search_term_string}\"},\"query-input\":{\"@type\":\"PropertyValueSpecification\",\"valueRequired\":true,\"valueName\":\"search_term_string\"}}],\"inLanguage\":\"pt-BR\"},{\"@type\":\"Organization\",\"@id\":\"https:\/\/psol50.org.br\/#organization\",\"name\":\"PSOL 50\",\"alternateName\":\"PSOL 50\",\"url\":\"https:\/\/psol50.org.br\/\",\"logo\":{\"@type\":\"ImageObject\",\"inLanguage\":\"pt-BR\",\"@id\":\"https:\/\/psol50.org.br\/#\/schema\/logo\/image\/\",\"url\":\"https:\/\/psol50.org.br\/inc\/uploads\/2018\/07\/capa.png\",\"contentUrl\":\"https:\/\/psol50.org.br\/inc\/uploads\/2018\/07\/capa.png\",\"width\":1350,\"height\":900,\"caption\":\"PSOL 50\"},\"image\":{\"@id\":\"https:\/\/psol50.org.br\/#\/schema\/logo\/image\/\"},\"sameAs\":[\"https:\/\/www.facebook.com\/psol50\",\"https:\/\/x.com\/psol50\",\"https:\/\/www.instagram.com\/psol50\/\",\"https:\/\/www.youtube.com\/channel\/UC7SnJS5o1os7a6CaiNabzcg\"]},{\"@type\":\"Person\",\"@id\":\"https:\/\/psol50.org.br\/#\/schema\/person\/475dfa57d0b815993c714c2e96491fcd\",\"name\":\"Comunica\u00e7\u00e3o PSOL\",\"image\":{\"@type\":\"ImageObject\",\"inLanguage\":\"pt-BR\",\"@id\":\"https:\/\/psol50.org.br\/#\/schema\/person\/image\/\",\"url\":\"https:\/\/secure.gravatar.com\/avatar\/b34fc4f4e468a4e51785917065a3db57b841f5c95dba6ad8c73aaf8f66f8f9bf?s=96&d=mm&r=g\",\"contentUrl\":\"https:\/\/secure.gravatar.com\/avatar\/b34fc4f4e468a4e51785917065a3db57b841f5c95dba6ad8c73aaf8f66f8f9bf?s=96&d=mm&r=g\",\"caption\":\"Comunica\u00e7\u00e3o PSOL\"}}]}<\/script>\n<!-- \/ Yoast SEO plugin. -->","yoast_head_json":{"title":"Nota do DCE sobre a tropa de choque na USP e a pris\u00e3o de 70 estudantes - PSOL 50","robots":{"index":"index","follow":"follow","max-snippet":"max-snippet:-1","max-image-preview":"max-image-preview:large","max-video-preview":"max-video-preview:-1"},"canonical":"https:\/\/psol50.org.br\/nota-do-dce-sobre-a-tropa-de-choque-na-usp-e-a-prisao-de-70-estudantes\/","og_locale":"pt_BR","og_type":"article","og_title":"Nota do DCE sobre a tropa de choque na USP e a pris\u00e3o de 70 estudantes - PSOL 50","og_description":"Na \u00faltima semana a universidade foi tomada pelo debate da seguran\u00e7a no campus Butant\u00e3, diversos estudantes est\u00e3o debatendo em seus cursos os acontecimentos da quinta-feira 27.10, questionado a papel da Policia Militar na universidade e procurando alternativas a esse projeto de seguran\u00e7a. A gest\u00e3o Todas as Vozes do DCE Livre da USP acredita que a [&hellip;]","og_url":"https:\/\/psol50.org.br\/nota-do-dce-sobre-a-tropa-de-choque-na-usp-e-a-prisao-de-70-estudantes\/","og_site_name":"PSOL 50","article_publisher":"https:\/\/www.facebook.com\/psol50","article_published_time":"2011-11-08T00:00:00+00:00","og_image":[{"url":"http:\/\/psol50.org.br\/files\/2011\/11\/DCE_USP.jpg","type":"","width":"","height":""}],"author":"Comunica\u00e7\u00e3o PSOL","twitter_card":"summary_large_image","twitter_creator":"@psol50","twitter_site":"@psol50","twitter_misc":{"Escrito por":"Comunica\u00e7\u00e3o PSOL","Est. tempo de leitura":"2 minutos"},"schema":{"@context":"https:\/\/schema.org","@graph":[{"@type":"Article","@id":"https:\/\/psol50.org.br\/nota-do-dce-sobre-a-tropa-de-choque-na-usp-e-a-prisao-de-70-estudantes\/#article","isPartOf":{"@id":"https:\/\/psol50.org.br\/nota-do-dce-sobre-a-tropa-de-choque-na-usp-e-a-prisao-de-70-estudantes\/"},"author":{"name":"Comunica\u00e7\u00e3o PSOL","@id":"https:\/\/psol50.org.br\/#\/schema\/person\/475dfa57d0b815993c714c2e96491fcd"},"headline":"Nota do DCE sobre a tropa de choque na USP e a pris\u00e3o de 70 estudantes","datePublished":"2011-11-08T00:00:00+00:00","mainEntityOfPage":{"@id":"https:\/\/psol50.org.br\/nota-do-dce-sobre-a-tropa-de-choque-na-usp-e-a-prisao-de-70-estudantes\/"},"wordCount":364,"commentCount":0,"publisher":{"@id":"https:\/\/psol50.org.br\/#organization"},"image":{"@id":"https:\/\/psol50.org.br\/nota-do-dce-sobre-a-tropa-de-choque-na-usp-e-a-prisao-de-70-estudantes\/#primaryimage"},"thumbnailUrl":"http:\/\/psol50.org.br\/files\/2011\/11\/DCE_USP.jpg","articleSection":["Arquivo"],"inLanguage":"pt-BR","potentialAction":[{"@type":"CommentAction","name":"Comment","target":["https:\/\/psol50.org.br\/nota-do-dce-sobre-a-tropa-de-choque-na-usp-e-a-prisao-de-70-estudantes\/#respond"]}]},{"@type":"WebPage","@id":"https:\/\/psol50.org.br\/nota-do-dce-sobre-a-tropa-de-choque-na-usp-e-a-prisao-de-70-estudantes\/","url":"https:\/\/psol50.org.br\/nota-do-dce-sobre-a-tropa-de-choque-na-usp-e-a-prisao-de-70-estudantes\/","name":"Nota do DCE sobre a tropa de choque na USP e a pris\u00e3o de 70 estudantes - PSOL 50","isPartOf":{"@id":"https:\/\/psol50.org.br\/#website"},"primaryImageOfPage":{"@id":"https:\/\/psol50.org.br\/nota-do-dce-sobre-a-tropa-de-choque-na-usp-e-a-prisao-de-70-estudantes\/#primaryimage"},"image":{"@id":"https:\/\/psol50.org.br\/nota-do-dce-sobre-a-tropa-de-choque-na-usp-e-a-prisao-de-70-estudantes\/#primaryimage"},"thumbnailUrl":"http:\/\/psol50.org.br\/files\/2011\/11\/DCE_USP.jpg","datePublished":"2011-11-08T00:00:00+00:00","breadcrumb":{"@id":"https:\/\/psol50.org.br\/nota-do-dce-sobre-a-tropa-de-choque-na-usp-e-a-prisao-de-70-estudantes\/#breadcrumb"},"inLanguage":"pt-BR","potentialAction":[{"@type":"ReadAction","target":["https:\/\/psol50.org.br\/nota-do-dce-sobre-a-tropa-de-choque-na-usp-e-a-prisao-de-70-estudantes\/"]}]},{"@type":"ImageObject","inLanguage":"pt-BR","@id":"https:\/\/psol50.org.br\/nota-do-dce-sobre-a-tropa-de-choque-na-usp-e-a-prisao-de-70-estudantes\/#primaryimage","url":"http:\/\/psol50.org.br\/files\/2011\/11\/DCE_USP.jpg","contentUrl":"http:\/\/psol50.org.br\/files\/2011\/11\/DCE_USP.jpg"},{"@type":"BreadcrumbList","@id":"https:\/\/psol50.org.br\/nota-do-dce-sobre-a-tropa-de-choque-na-usp-e-a-prisao-de-70-estudantes\/#breadcrumb","itemListElement":[{"@type":"ListItem","position":1,"name":"In\u00edcio","item":"https:\/\/psol50.org.br\/"},{"@type":"ListItem","position":2,"name":"Nota do DCE sobre a tropa de choque na USP e a pris\u00e3o de 70 estudantes"}]},{"@type":"WebSite","@id":"https:\/\/psol50.org.br\/#website","url":"https:\/\/psol50.org.br\/","name":"PSOL 50","description":"Site oficial do Partido Socialismo e Liberdade","publisher":{"@id":"https:\/\/psol50.org.br\/#organization"},"alternateName":"PSOL50","potentialAction":[{"@type":"SearchAction","target":{"@type":"EntryPoint","urlTemplate":"https:\/\/psol50.org.br\/?s={search_term_string}"},"query-input":{"@type":"PropertyValueSpecification","valueRequired":true,"valueName":"search_term_string"}}],"inLanguage":"pt-BR"},{"@type":"Organization","@id":"https:\/\/psol50.org.br\/#organization","name":"PSOL 50","alternateName":"PSOL 50","url":"https:\/\/psol50.org.br\/","logo":{"@type":"ImageObject","inLanguage":"pt-BR","@id":"https:\/\/psol50.org.br\/#\/schema\/logo\/image\/","url":"https:\/\/psol50.org.br\/inc\/uploads\/2018\/07\/capa.png","contentUrl":"https:\/\/psol50.org.br\/inc\/uploads\/2018\/07\/capa.png","width":1350,"height":900,"caption":"PSOL 50"},"image":{"@id":"https:\/\/psol50.org.br\/#\/schema\/logo\/image\/"},"sameAs":["https:\/\/www.facebook.com\/psol50","https:\/\/x.com\/psol50","https:\/\/www.instagram.com\/psol50\/","https:\/\/www.youtube.com\/channel\/UC7SnJS5o1os7a6CaiNabzcg"]},{"@type":"Person","@id":"https:\/\/psol50.org.br\/#\/schema\/person\/475dfa57d0b815993c714c2e96491fcd","name":"Comunica\u00e7\u00e3o PSOL","image":{"@type":"ImageObject","inLanguage":"pt-BR","@id":"https:\/\/psol50.org.br\/#\/schema\/person\/image\/","url":"https:\/\/secure.gravatar.com\/avatar\/b34fc4f4e468a4e51785917065a3db57b841f5c95dba6ad8c73aaf8f66f8f9bf?s=96&d=mm&r=g","contentUrl":"https:\/\/secure.gravatar.com\/avatar\/b34fc4f4e468a4e51785917065a3db57b841f5c95dba6ad8c73aaf8f66f8f9bf?s=96&d=mm&r=g","caption":"Comunica\u00e7\u00e3o PSOL"}}]}},"_links":{"self":[{"href":"https:\/\/psol50.org.br\/rest\/wp\/v2\/posts\/938","targetHints":{"allow":["GET"]}}],"collection":[{"href":"https:\/\/psol50.org.br\/rest\/wp\/v2\/posts"}],"about":[{"href":"https:\/\/psol50.org.br\/rest\/wp\/v2\/types\/post"}],"author":[{"embeddable":true,"href":"https:\/\/psol50.org.br\/rest\/wp\/v2\/users\/2"}],"replies":[{"embeddable":true,"href":"https:\/\/psol50.org.br\/rest\/wp\/v2\/comments?post=938"}],"version-history":[{"count":0,"href":"https:\/\/psol50.org.br\/rest\/wp\/v2\/posts\/938\/revisions"}],"wp:attachment":[{"href":"https:\/\/psol50.org.br\/rest\/wp\/v2\/media?parent=938"}],"wp:term":[{"taxonomy":"category","embeddable":true,"href":"https:\/\/psol50.org.br\/rest\/wp\/v2\/categories?post=938"},{"taxonomy":"post_tag","embeddable":true,"href":"https:\/\/psol50.org.br\/rest\/wp\/v2\/tags?post=938"}],"curies":[{"name":"wp","href":"https:\/\/api.w.org\/{rel}","templated":true}]}}