{"id":940,"date":"2011-11-10T00:00:00","date_gmt":"2011-11-10T00:00:00","guid":{"rendered":"http:\/\/psol50.org.br\/arquivo\/2011\/11\/10\/marcha-da-indignacao-no-para-nao-nos-renderemos-a-greve-nao-acabou\/"},"modified":"2011-11-10T00:00:00","modified_gmt":"2011-11-10T00:00:00","slug":"marcha-da-indignacao-no-para-nao-nos-renderemos-a-greve-nao-acabou","status":"publish","type":"post","link":"https:\/\/psol50.org.br\/marcha-da-indignacao-no-para-nao-nos-renderemos-a-greve-nao-acabou\/","title":{"rendered":"Marcha da Indigna\u00e7\u00e3o no Par\u00e1: n\u00e3o nos renderemos, a greve n\u00e3o acabou!"},"content":{"rendered":"<p style=\"text-align: center\"><em><strong><a href=\"http:\/\/psol50.org.br\/blog\/2011\/11\/10\/marcha-da-indignacao-no-para-nao-nos-renderemos-a-greve-nao-acabou\/grevepara1-2\/\" rel=\"attachment wp-att-12069\"><img loading=\"lazy\" decoding=\"async\" class=\"aligncenter size-full wp-image-12069\" src=\"http:\/\/psol50.org.br\/files\/2011\/11\/grevePar%C3%A11.jpg\" alt=\"\" width=\"400\" height=\"224\" \/><\/a><a href=\"http:\/\/www.youtube.com\/watch?v=sJEzeICZ-Ns\">Para assistir o v\u00eddeo clique aqui<\/a><\/strong><\/em><\/p>\n<p style=\"text-align: justify\">A categoria saiu mais uma vez vitoriosa do Ato P\u00fablico em frente \u00e0 SEDUC, demonstrando total consist\u00eancia do movimento grevista que a cada dia ganha for\u00e7a e lutadores. Mais de mil trabalhadores\/as da educa\u00e7\u00e3o reunidos na manh\u00e3 da \u00faltima quarta-feira (9) no Conjunto Sat\u00e9lite seguiram em caminhada at\u00e9 a Secretaria de Educa\u00e7\u00e3o e, posteriormente ao Pal\u00e1cio dos Despachos, mas como era de se esperar nenhuma comiss\u00e3o do Governo do Estado recebeu os educadores, que cansados do desprezo com que s\u00e3o tratados, reafirmam a continuidade da greve.<\/p>\n<p style=\"text-align: justify\">Como de costume, a mando do (des) Governador Sim\u00e3o Jatene, fomos recebidos pela tropa de choque e cavalaria, que sempre tenta intimidar os educadores\/as em manifesta\u00e7\u00f5es pac\u00edficas. Tal atitude tucana n\u00e3o causa surpresa para esta categoria que j\u00e1 conhece as faces vergonhosas do modelo psdbista, que \u00e9 o de n\u00e3o investir na educa\u00e7\u00e3o.<\/p>\n<p style=\"text-align: justify\">Sim\u00e3o Jatene, n\u00e3o somos bandidos e n\u00e3o aceitaremos esse tipo de tratamento.<\/p>\n<p style=\"text-align: justify\">O aparato policial que est\u00e1 presente em nossas manifesta\u00e7\u00f5es, s\u00f3 refor\u00e7a o que j\u00e1 sab\u00edamos: o governo do Estado n\u00e3o recuar\u00e1 de suas mentiras e, continuar\u00e1 a dizer na m\u00eddia que n\u00e3o tem verba p\u00fablica para o pagamento integral do Piso.<\/p>\n<p style=\"text-align: justify\">A justi\u00e7a do Par\u00e1 com sua vis\u00e3o unilateral favorece o Estado, n\u00e3o o obrigando a cumprir a Lei Federal N\u00ba 11.738\/2008 que estabelece o Piso Salarial Profissional Nacional do Magist\u00e9rio e determina o retorno imediato das atividades escolares. A esta justi\u00e7a, exigimos a imediata valoriza\u00e7\u00e3o do profissional da educa\u00e7\u00e3o e melhores condi\u00e7\u00f5es de aprendizado a milhares de alunos. N\u00e3o d\u00e1 mais para conviver com ratos em sala de aula.<\/p>\n<p style=\"text-align: justify\">A luta do Sintepp n\u00e3o se limita ao Piso, mas luta pela qualidade no servi\u00e7o p\u00fablico, maior investimento na educa\u00e7\u00e3o para garantir um ensino gratuito e de qualidade, por\u00e9m a justi\u00e7a do Par\u00e1 precisa ser de fato justa.<\/p>\n<p style=\"text-align: justify\"><a href=\"http:\/\/www.sintepp.org.br\/v2011\/noticias\/index.php?id_noticia=69\"><em><strong>*Fonte: SINTEPP<\/strong><\/em><\/a><\/p>\n<p style=\"text-align: justify\"><a href=\"http:\/\/www.youtube.com\/watch?v=sJEzeICZ-Ns\"><em><strong>**Veja o v\u00eddeo da manifesta\u00e7\u00e3o clicando aqui*<\/strong><\/em><\/a><\/p>\n","protected":false},"excerpt":{"rendered":"<p>Para assistir o v\u00eddeo clique aqui A categoria saiu mais uma vez vitoriosa do Ato P\u00fablico em frente \u00e0 SEDUC, demonstrando total consist\u00eancia do movimento grevista que a cada dia ganha for\u00e7a e lutadores. Mais de mil trabalhadores\/as da educa\u00e7\u00e3o reunidos na manh\u00e3 da \u00faltima quarta-feira (9) no Conjunto Sat\u00e9lite seguiram em caminhada at\u00e9 a [&hellip;]<\/p>\n","protected":false},"author":2,"featured_media":0,"comment_status":"open","ping_status":"open","sticky":false,"template":"","format":"standard","meta":{"_acf_changed":false,"footnotes":""},"categories":[4766],"tags":[],"class_list":{"0":"post-940","1":"post","2":"type-post","3":"status-publish","4":"format-standard","6":"category-arquivo"},"acf":[],"yoast_head":"<!-- This site is optimized with the Yoast SEO plugin v26.5 - https:\/\/yoast.com\/wordpress\/plugins\/seo\/ -->\n<title>Marcha da Indigna\u00e7\u00e3o no Par\u00e1: n\u00e3o nos renderemos, a greve n\u00e3o acabou! - PSOL 50<\/title>\n<meta name=\"robots\" content=\"index, follow, max-snippet:-1, max-image-preview:large, max-video-preview:-1\" \/>\n<link rel=\"canonical\" href=\"https:\/\/psol50.org.br\/marcha-da-indignacao-no-para-nao-nos-renderemos-a-greve-nao-acabou\/\" \/>\n<meta property=\"og:locale\" content=\"pt_BR\" \/>\n<meta property=\"og:type\" content=\"article\" \/>\n<meta property=\"og:title\" content=\"Marcha da Indigna\u00e7\u00e3o no Par\u00e1: n\u00e3o nos renderemos, a greve n\u00e3o acabou! - PSOL 50\" \/>\n<meta property=\"og:description\" content=\"Para assistir o v\u00eddeo clique aqui A categoria saiu mais uma vez vitoriosa do Ato P\u00fablico em frente \u00e0 SEDUC, demonstrando total consist\u00eancia do movimento grevista que a cada dia ganha for\u00e7a e lutadores. Mais de mil trabalhadores\/as da educa\u00e7\u00e3o reunidos na manh\u00e3 da \u00faltima quarta-feira (9) no Conjunto Sat\u00e9lite seguiram em caminhada at\u00e9 a [&hellip;]\" \/>\n<meta property=\"og:url\" content=\"https:\/\/psol50.org.br\/marcha-da-indignacao-no-para-nao-nos-renderemos-a-greve-nao-acabou\/\" \/>\n<meta property=\"og:site_name\" content=\"PSOL 50\" \/>\n<meta property=\"article:publisher\" content=\"https:\/\/www.facebook.com\/psol50\" \/>\n<meta property=\"article:published_time\" content=\"2011-11-10T00:00:00+00:00\" \/>\n<meta property=\"og:image\" content=\"http:\/\/psol50.org.br\/files\/2011\/11\/grevePar%C3%A11.jpg\" \/>\n<meta name=\"author\" content=\"Comunica\u00e7\u00e3o PSOL\" \/>\n<meta name=\"twitter:card\" content=\"summary_large_image\" \/>\n<meta name=\"twitter:creator\" content=\"@psol50\" \/>\n<meta name=\"twitter:site\" content=\"@psol50\" \/>\n<meta name=\"twitter:label1\" content=\"Escrito por\" \/>\n\t<meta name=\"twitter:data1\" content=\"Comunica\u00e7\u00e3o PSOL\" \/>\n\t<meta name=\"twitter:label2\" content=\"Est. tempo de leitura\" \/>\n\t<meta name=\"twitter:data2\" content=\"2 minutos\" \/>\n<script type=\"application\/ld+json\" class=\"yoast-schema-graph\">{\"@context\":\"https:\/\/schema.org\",\"@graph\":[{\"@type\":\"Article\",\"@id\":\"https:\/\/psol50.org.br\/marcha-da-indignacao-no-para-nao-nos-renderemos-a-greve-nao-acabou\/#article\",\"isPartOf\":{\"@id\":\"https:\/\/psol50.org.br\/marcha-da-indignacao-no-para-nao-nos-renderemos-a-greve-nao-acabou\/\"},\"author\":{\"name\":\"Comunica\u00e7\u00e3o PSOL\",\"@id\":\"https:\/\/psol50.org.br\/#\/schema\/person\/475dfa57d0b815993c714c2e96491fcd\"},\"headline\":\"Marcha da Indigna\u00e7\u00e3o no Par\u00e1: n\u00e3o nos renderemos, a greve n\u00e3o acabou!\",\"datePublished\":\"2011-11-10T00:00:00+00:00\",\"mainEntityOfPage\":{\"@id\":\"https:\/\/psol50.org.br\/marcha-da-indignacao-no-para-nao-nos-renderemos-a-greve-nao-acabou\/\"},\"wordCount\":370,\"commentCount\":0,\"publisher\":{\"@id\":\"https:\/\/psol50.org.br\/#organization\"},\"image\":{\"@id\":\"https:\/\/psol50.org.br\/marcha-da-indignacao-no-para-nao-nos-renderemos-a-greve-nao-acabou\/#primaryimage\"},\"thumbnailUrl\":\"http:\/\/psol50.org.br\/files\/2011\/11\/grevePar%C3%A11.jpg\",\"articleSection\":[\"Arquivo\"],\"inLanguage\":\"pt-BR\",\"potentialAction\":[{\"@type\":\"CommentAction\",\"name\":\"Comment\",\"target\":[\"https:\/\/psol50.org.br\/marcha-da-indignacao-no-para-nao-nos-renderemos-a-greve-nao-acabou\/#respond\"]}]},{\"@type\":\"WebPage\",\"@id\":\"https:\/\/psol50.org.br\/marcha-da-indignacao-no-para-nao-nos-renderemos-a-greve-nao-acabou\/\",\"url\":\"https:\/\/psol50.org.br\/marcha-da-indignacao-no-para-nao-nos-renderemos-a-greve-nao-acabou\/\",\"name\":\"Marcha da Indigna\u00e7\u00e3o no Par\u00e1: n\u00e3o nos renderemos, a greve n\u00e3o acabou! - PSOL 50\",\"isPartOf\":{\"@id\":\"https:\/\/psol50.org.br\/#website\"},\"primaryImageOfPage\":{\"@id\":\"https:\/\/psol50.org.br\/marcha-da-indignacao-no-para-nao-nos-renderemos-a-greve-nao-acabou\/#primaryimage\"},\"image\":{\"@id\":\"https:\/\/psol50.org.br\/marcha-da-indignacao-no-para-nao-nos-renderemos-a-greve-nao-acabou\/#primaryimage\"},\"thumbnailUrl\":\"http:\/\/psol50.org.br\/files\/2011\/11\/grevePar%C3%A11.jpg\",\"datePublished\":\"2011-11-10T00:00:00+00:00\",\"breadcrumb\":{\"@id\":\"https:\/\/psol50.org.br\/marcha-da-indignacao-no-para-nao-nos-renderemos-a-greve-nao-acabou\/#breadcrumb\"},\"inLanguage\":\"pt-BR\",\"potentialAction\":[{\"@type\":\"ReadAction\",\"target\":[\"https:\/\/psol50.org.br\/marcha-da-indignacao-no-para-nao-nos-renderemos-a-greve-nao-acabou\/\"]}]},{\"@type\":\"ImageObject\",\"inLanguage\":\"pt-BR\",\"@id\":\"https:\/\/psol50.org.br\/marcha-da-indignacao-no-para-nao-nos-renderemos-a-greve-nao-acabou\/#primaryimage\",\"url\":\"http:\/\/psol50.org.br\/files\/2011\/11\/grevePar%C3%A11.jpg\",\"contentUrl\":\"http:\/\/psol50.org.br\/files\/2011\/11\/grevePar%C3%A11.jpg\"},{\"@type\":\"BreadcrumbList\",\"@id\":\"https:\/\/psol50.org.br\/marcha-da-indignacao-no-para-nao-nos-renderemos-a-greve-nao-acabou\/#breadcrumb\",\"itemListElement\":[{\"@type\":\"ListItem\",\"position\":1,\"name\":\"In\u00edcio\",\"item\":\"https:\/\/psol50.org.br\/\"},{\"@type\":\"ListItem\",\"position\":2,\"name\":\"Marcha da Indigna\u00e7\u00e3o no Par\u00e1: n\u00e3o nos renderemos, a greve n\u00e3o acabou!\"}]},{\"@type\":\"WebSite\",\"@id\":\"https:\/\/psol50.org.br\/#website\",\"url\":\"https:\/\/psol50.org.br\/\",\"name\":\"PSOL 50\",\"description\":\"Site oficial do Partido Socialismo e Liberdade\",\"publisher\":{\"@id\":\"https:\/\/psol50.org.br\/#organization\"},\"alternateName\":\"PSOL50\",\"potentialAction\":[{\"@type\":\"SearchAction\",\"target\":{\"@type\":\"EntryPoint\",\"urlTemplate\":\"https:\/\/psol50.org.br\/?s={search_term_string}\"},\"query-input\":{\"@type\":\"PropertyValueSpecification\",\"valueRequired\":true,\"valueName\":\"search_term_string\"}}],\"inLanguage\":\"pt-BR\"},{\"@type\":\"Organization\",\"@id\":\"https:\/\/psol50.org.br\/#organization\",\"name\":\"PSOL 50\",\"alternateName\":\"PSOL 50\",\"url\":\"https:\/\/psol50.org.br\/\",\"logo\":{\"@type\":\"ImageObject\",\"inLanguage\":\"pt-BR\",\"@id\":\"https:\/\/psol50.org.br\/#\/schema\/logo\/image\/\",\"url\":\"https:\/\/psol50.org.br\/inc\/uploads\/2018\/07\/capa.png\",\"contentUrl\":\"https:\/\/psol50.org.br\/inc\/uploads\/2018\/07\/capa.png\",\"width\":1350,\"height\":900,\"caption\":\"PSOL 50\"},\"image\":{\"@id\":\"https:\/\/psol50.org.br\/#\/schema\/logo\/image\/\"},\"sameAs\":[\"https:\/\/www.facebook.com\/psol50\",\"https:\/\/x.com\/psol50\",\"https:\/\/www.instagram.com\/psol50\/\",\"https:\/\/www.youtube.com\/channel\/UC7SnJS5o1os7a6CaiNabzcg\"]},{\"@type\":\"Person\",\"@id\":\"https:\/\/psol50.org.br\/#\/schema\/person\/475dfa57d0b815993c714c2e96491fcd\",\"name\":\"Comunica\u00e7\u00e3o PSOL\",\"image\":{\"@type\":\"ImageObject\",\"inLanguage\":\"pt-BR\",\"@id\":\"https:\/\/psol50.org.br\/#\/schema\/person\/image\/\",\"url\":\"https:\/\/secure.gravatar.com\/avatar\/b34fc4f4e468a4e51785917065a3db57b841f5c95dba6ad8c73aaf8f66f8f9bf?s=96&d=mm&r=g\",\"contentUrl\":\"https:\/\/secure.gravatar.com\/avatar\/b34fc4f4e468a4e51785917065a3db57b841f5c95dba6ad8c73aaf8f66f8f9bf?s=96&d=mm&r=g\",\"caption\":\"Comunica\u00e7\u00e3o PSOL\"}}]}<\/script>\n<!-- \/ Yoast SEO plugin. -->","yoast_head_json":{"title":"Marcha da Indigna\u00e7\u00e3o no Par\u00e1: n\u00e3o nos renderemos, a greve n\u00e3o acabou! - PSOL 50","robots":{"index":"index","follow":"follow","max-snippet":"max-snippet:-1","max-image-preview":"max-image-preview:large","max-video-preview":"max-video-preview:-1"},"canonical":"https:\/\/psol50.org.br\/marcha-da-indignacao-no-para-nao-nos-renderemos-a-greve-nao-acabou\/","og_locale":"pt_BR","og_type":"article","og_title":"Marcha da Indigna\u00e7\u00e3o no Par\u00e1: n\u00e3o nos renderemos, a greve n\u00e3o acabou! - PSOL 50","og_description":"Para assistir o v\u00eddeo clique aqui A categoria saiu mais uma vez vitoriosa do Ato P\u00fablico em frente \u00e0 SEDUC, demonstrando total consist\u00eancia do movimento grevista que a cada dia ganha for\u00e7a e lutadores. Mais de mil trabalhadores\/as da educa\u00e7\u00e3o reunidos na manh\u00e3 da \u00faltima quarta-feira (9) no Conjunto Sat\u00e9lite seguiram em caminhada at\u00e9 a [&hellip;]","og_url":"https:\/\/psol50.org.br\/marcha-da-indignacao-no-para-nao-nos-renderemos-a-greve-nao-acabou\/","og_site_name":"PSOL 50","article_publisher":"https:\/\/www.facebook.com\/psol50","article_published_time":"2011-11-10T00:00:00+00:00","og_image":[{"url":"http:\/\/psol50.org.br\/files\/2011\/11\/grevePar%C3%A11.jpg","type":"","width":"","height":""}],"author":"Comunica\u00e7\u00e3o PSOL","twitter_card":"summary_large_image","twitter_creator":"@psol50","twitter_site":"@psol50","twitter_misc":{"Escrito por":"Comunica\u00e7\u00e3o PSOL","Est. tempo de leitura":"2 minutos"},"schema":{"@context":"https:\/\/schema.org","@graph":[{"@type":"Article","@id":"https:\/\/psol50.org.br\/marcha-da-indignacao-no-para-nao-nos-renderemos-a-greve-nao-acabou\/#article","isPartOf":{"@id":"https:\/\/psol50.org.br\/marcha-da-indignacao-no-para-nao-nos-renderemos-a-greve-nao-acabou\/"},"author":{"name":"Comunica\u00e7\u00e3o PSOL","@id":"https:\/\/psol50.org.br\/#\/schema\/person\/475dfa57d0b815993c714c2e96491fcd"},"headline":"Marcha da Indigna\u00e7\u00e3o no Par\u00e1: n\u00e3o nos renderemos, a greve n\u00e3o acabou!","datePublished":"2011-11-10T00:00:00+00:00","mainEntityOfPage":{"@id":"https:\/\/psol50.org.br\/marcha-da-indignacao-no-para-nao-nos-renderemos-a-greve-nao-acabou\/"},"wordCount":370,"commentCount":0,"publisher":{"@id":"https:\/\/psol50.org.br\/#organization"},"image":{"@id":"https:\/\/psol50.org.br\/marcha-da-indignacao-no-para-nao-nos-renderemos-a-greve-nao-acabou\/#primaryimage"},"thumbnailUrl":"http:\/\/psol50.org.br\/files\/2011\/11\/grevePar%C3%A11.jpg","articleSection":["Arquivo"],"inLanguage":"pt-BR","potentialAction":[{"@type":"CommentAction","name":"Comment","target":["https:\/\/psol50.org.br\/marcha-da-indignacao-no-para-nao-nos-renderemos-a-greve-nao-acabou\/#respond"]}]},{"@type":"WebPage","@id":"https:\/\/psol50.org.br\/marcha-da-indignacao-no-para-nao-nos-renderemos-a-greve-nao-acabou\/","url":"https:\/\/psol50.org.br\/marcha-da-indignacao-no-para-nao-nos-renderemos-a-greve-nao-acabou\/","name":"Marcha da Indigna\u00e7\u00e3o no Par\u00e1: n\u00e3o nos renderemos, a greve n\u00e3o acabou! - PSOL 50","isPartOf":{"@id":"https:\/\/psol50.org.br\/#website"},"primaryImageOfPage":{"@id":"https:\/\/psol50.org.br\/marcha-da-indignacao-no-para-nao-nos-renderemos-a-greve-nao-acabou\/#primaryimage"},"image":{"@id":"https:\/\/psol50.org.br\/marcha-da-indignacao-no-para-nao-nos-renderemos-a-greve-nao-acabou\/#primaryimage"},"thumbnailUrl":"http:\/\/psol50.org.br\/files\/2011\/11\/grevePar%C3%A11.jpg","datePublished":"2011-11-10T00:00:00+00:00","breadcrumb":{"@id":"https:\/\/psol50.org.br\/marcha-da-indignacao-no-para-nao-nos-renderemos-a-greve-nao-acabou\/#breadcrumb"},"inLanguage":"pt-BR","potentialAction":[{"@type":"ReadAction","target":["https:\/\/psol50.org.br\/marcha-da-indignacao-no-para-nao-nos-renderemos-a-greve-nao-acabou\/"]}]},{"@type":"ImageObject","inLanguage":"pt-BR","@id":"https:\/\/psol50.org.br\/marcha-da-indignacao-no-para-nao-nos-renderemos-a-greve-nao-acabou\/#primaryimage","url":"http:\/\/psol50.org.br\/files\/2011\/11\/grevePar%C3%A11.jpg","contentUrl":"http:\/\/psol50.org.br\/files\/2011\/11\/grevePar%C3%A11.jpg"},{"@type":"BreadcrumbList","@id":"https:\/\/psol50.org.br\/marcha-da-indignacao-no-para-nao-nos-renderemos-a-greve-nao-acabou\/#breadcrumb","itemListElement":[{"@type":"ListItem","position":1,"name":"In\u00edcio","item":"https:\/\/psol50.org.br\/"},{"@type":"ListItem","position":2,"name":"Marcha da Indigna\u00e7\u00e3o no Par\u00e1: n\u00e3o nos renderemos, a greve n\u00e3o acabou!"}]},{"@type":"WebSite","@id":"https:\/\/psol50.org.br\/#website","url":"https:\/\/psol50.org.br\/","name":"PSOL 50","description":"Site oficial do Partido Socialismo e Liberdade","publisher":{"@id":"https:\/\/psol50.org.br\/#organization"},"alternateName":"PSOL50","potentialAction":[{"@type":"SearchAction","target":{"@type":"EntryPoint","urlTemplate":"https:\/\/psol50.org.br\/?s={search_term_string}"},"query-input":{"@type":"PropertyValueSpecification","valueRequired":true,"valueName":"search_term_string"}}],"inLanguage":"pt-BR"},{"@type":"Organization","@id":"https:\/\/psol50.org.br\/#organization","name":"PSOL 50","alternateName":"PSOL 50","url":"https:\/\/psol50.org.br\/","logo":{"@type":"ImageObject","inLanguage":"pt-BR","@id":"https:\/\/psol50.org.br\/#\/schema\/logo\/image\/","url":"https:\/\/psol50.org.br\/inc\/uploads\/2018\/07\/capa.png","contentUrl":"https:\/\/psol50.org.br\/inc\/uploads\/2018\/07\/capa.png","width":1350,"height":900,"caption":"PSOL 50"},"image":{"@id":"https:\/\/psol50.org.br\/#\/schema\/logo\/image\/"},"sameAs":["https:\/\/www.facebook.com\/psol50","https:\/\/x.com\/psol50","https:\/\/www.instagram.com\/psol50\/","https:\/\/www.youtube.com\/channel\/UC7SnJS5o1os7a6CaiNabzcg"]},{"@type":"Person","@id":"https:\/\/psol50.org.br\/#\/schema\/person\/475dfa57d0b815993c714c2e96491fcd","name":"Comunica\u00e7\u00e3o PSOL","image":{"@type":"ImageObject","inLanguage":"pt-BR","@id":"https:\/\/psol50.org.br\/#\/schema\/person\/image\/","url":"https:\/\/secure.gravatar.com\/avatar\/b34fc4f4e468a4e51785917065a3db57b841f5c95dba6ad8c73aaf8f66f8f9bf?s=96&d=mm&r=g","contentUrl":"https:\/\/secure.gravatar.com\/avatar\/b34fc4f4e468a4e51785917065a3db57b841f5c95dba6ad8c73aaf8f66f8f9bf?s=96&d=mm&r=g","caption":"Comunica\u00e7\u00e3o PSOL"}}]}},"_links":{"self":[{"href":"https:\/\/psol50.org.br\/rest\/wp\/v2\/posts\/940","targetHints":{"allow":["GET"]}}],"collection":[{"href":"https:\/\/psol50.org.br\/rest\/wp\/v2\/posts"}],"about":[{"href":"https:\/\/psol50.org.br\/rest\/wp\/v2\/types\/post"}],"author":[{"embeddable":true,"href":"https:\/\/psol50.org.br\/rest\/wp\/v2\/users\/2"}],"replies":[{"embeddable":true,"href":"https:\/\/psol50.org.br\/rest\/wp\/v2\/comments?post=940"}],"version-history":[{"count":0,"href":"https:\/\/psol50.org.br\/rest\/wp\/v2\/posts\/940\/revisions"}],"wp:attachment":[{"href":"https:\/\/psol50.org.br\/rest\/wp\/v2\/media?parent=940"}],"wp:term":[{"taxonomy":"category","embeddable":true,"href":"https:\/\/psol50.org.br\/rest\/wp\/v2\/categories?post=940"},{"taxonomy":"post_tag","embeddable":true,"href":"https:\/\/psol50.org.br\/rest\/wp\/v2\/tags?post=940"}],"curies":[{"name":"wp","href":"https:\/\/api.w.org\/{rel}","templated":true}]}}