{"id":948,"date":"2011-11-29T00:00:00","date_gmt":"2011-11-29T00:00:00","guid":{"rendered":"http:\/\/psol50.org.br\/arquivo\/2011\/11\/29\/medicos-do-piaui-em-greve-ate-dia-2-de-dezembro\/"},"modified":"2011-11-29T00:00:00","modified_gmt":"2011-11-29T00:00:00","slug":"medicos-do-piaui-em-greve-ate-dia-2-de-dezembro","status":"publish","type":"post","link":"https:\/\/psol50.org.br\/medicos-do-piaui-em-greve-ate-dia-2-de-dezembro\/","title":{"rendered":"M\u00e9dicos do Piau\u00ed em greve at\u00e9 dia 2 de dezembro"},"content":{"rendered":"<p style=\"text-align: justify\"><a href=\"http:\/\/psol50.org.br\/blog\/2011\/11\/29\/medicos-do-piaui-em-greve-ate-dia-2-de-dezembro\/grevemedicospi\/\" rel=\"attachment wp-att-12364\"><img loading=\"lazy\" decoding=\"async\" class=\"alignleft size-medium wp-image-12364\" src=\"http:\/\/psol50.org.br\/files\/2011\/11\/GreveMedicosPI-300x199.jpg\" alt=\"\" width=\"300\" height=\"199\" \/><\/a>Os m\u00e9dicos vinculados \u00e0 Secretaria de Sa\u00fade do Governo do Estado iniciaram na manh\u00e3 desta segunda-feira (28) uma paralisa\u00e7\u00e3o de 5 dias. A categoria reivindica o Reajuste Salarial, cumprimento das Leis que tratam da Progress\u00e3o da Carreira M\u00e9dica e da Insalubridade, al\u00e9m de melhoria nas condi\u00e7\u00f5es de trabalho. A paralisa\u00e7\u00e3o segue at\u00e9 a pr\u00f3xima sexta-feira, 2 de dezembro.<\/p>\n<p style=\"text-align: justify\">A concentra\u00e7\u00e3o aconteceu hoje em frente ao ambulat\u00f3rio do Hospital Get\u00falio Vargas e teve o apoio de toda a categoria. \u00a0Sem acordo com o Governo do Estado, os m\u00e9dicos denunciam as p\u00e9ssimas condi\u00e7\u00f5es de trabalho. \u201cA situa\u00e7\u00e3o no Estado \u00e9 prec\u00e1ria. No Hospital Infantil, as atividades pararam novamente. Os m\u00e9dicos reclamam inclusive do ambulat\u00f3rio, que \u00e9 reduzido. Na \u00faltima sexta (25\/11) morreu uma crian\u00e7a, porque o respirador est\u00e1 quebrado\u201d, ressaltou a presidente do Sindicato dos M\u00e9dicos, L\u00facia Santos.<\/p>\n<p style=\"text-align: justify\">Durante a paralisa\u00e7\u00e3o n\u00e3o ser\u00e3o realizadas consultas e procedimentos eletivos. Apenas os casos de urg\u00eancia e emerg\u00eancia ser\u00e3o mantidos, sem preju\u00edzos para a popula\u00e7\u00e3o.<\/p>\n<p style=\"text-align: justify\">Programa\u00e7\u00e3o:<\/p>\n<p style=\"text-align: justify\">Ter\u00e7a \u2013 (29\/11) \u2013 Assembleia Geral Extraordin\u00e1ria \u2013 19 horas, na sede do SIMEPI<\/p>\n<p style=\"text-align: justify\">Quarta \u2013 (30\/11) \u2013 Concentra\u00e7\u00e3o dos m\u00e9dicos em frente \u00e0 Maternidade Evangelina Rosa (7:00 horas)<\/p>\n<p style=\"text-align: justify\">Quinta \u2013 (01\/12) \u2013 Concentra\u00e7\u00e3o dos m\u00e9dicos em frente ao Hospital Areolino de Abreu (7:00 horas)<\/p>\n<p style=\"text-align: justify\">Sexta \u2013 (02\/12) \u2013 Concentra\u00e7\u00e3o dos m\u00e9dicos em frente ao Hospital Infantil (7:00 horas)<\/p>\n<p style=\"text-align: justify\"><a href=\"http:\/\/www.simepi.org.br\/noticia.php?id=622\"><strong>*Fonte: Ascom SIMEPI (Sind.dos M\u00e9dicos do Est.do Piau\u00ed)<\/strong><\/a><\/p>\n","protected":false},"excerpt":{"rendered":"<p>Os m\u00e9dicos vinculados \u00e0 Secretaria de Sa\u00fade do Governo do Estado iniciaram na manh\u00e3 desta segunda-feira (28) uma paralisa\u00e7\u00e3o de 5 dias. A categoria reivindica o Reajuste Salarial, cumprimento das Leis que tratam da Progress\u00e3o da Carreira M\u00e9dica e da Insalubridade, al\u00e9m de melhoria nas condi\u00e7\u00f5es de trabalho. A paralisa\u00e7\u00e3o segue at\u00e9 a pr\u00f3xima sexta-feira, [&hellip;]<\/p>\n","protected":false},"author":2,"featured_media":0,"comment_status":"open","ping_status":"open","sticky":false,"template":"","format":"standard","meta":{"_acf_changed":false,"footnotes":""},"categories":[4766],"tags":[],"class_list":{"0":"post-948","1":"post","2":"type-post","3":"status-publish","4":"format-standard","6":"category-arquivo"},"acf":[],"yoast_head":"<!-- This site is optimized with the Yoast SEO plugin v26.5 - https:\/\/yoast.com\/wordpress\/plugins\/seo\/ -->\n<title>M\u00e9dicos do Piau\u00ed em greve at\u00e9 dia 2 de dezembro - PSOL 50<\/title>\n<meta name=\"robots\" content=\"index, follow, max-snippet:-1, max-image-preview:large, max-video-preview:-1\" \/>\n<link rel=\"canonical\" href=\"https:\/\/psol50.org.br\/medicos-do-piaui-em-greve-ate-dia-2-de-dezembro\/\" \/>\n<meta property=\"og:locale\" content=\"pt_BR\" \/>\n<meta property=\"og:type\" content=\"article\" \/>\n<meta property=\"og:title\" content=\"M\u00e9dicos do Piau\u00ed em greve at\u00e9 dia 2 de dezembro - PSOL 50\" \/>\n<meta property=\"og:description\" content=\"Os m\u00e9dicos vinculados \u00e0 Secretaria de Sa\u00fade do Governo do Estado iniciaram na manh\u00e3 desta segunda-feira (28) uma paralisa\u00e7\u00e3o de 5 dias. A categoria reivindica o Reajuste Salarial, cumprimento das Leis que tratam da Progress\u00e3o da Carreira M\u00e9dica e da Insalubridade, al\u00e9m de melhoria nas condi\u00e7\u00f5es de trabalho. A paralisa\u00e7\u00e3o segue at\u00e9 a pr\u00f3xima sexta-feira, [&hellip;]\" \/>\n<meta property=\"og:url\" content=\"https:\/\/psol50.org.br\/medicos-do-piaui-em-greve-ate-dia-2-de-dezembro\/\" \/>\n<meta property=\"og:site_name\" content=\"PSOL 50\" \/>\n<meta property=\"article:publisher\" content=\"https:\/\/www.facebook.com\/psol50\" \/>\n<meta property=\"article:published_time\" content=\"2011-11-29T00:00:00+00:00\" \/>\n<meta property=\"og:image\" content=\"http:\/\/psol50.org.br\/files\/2011\/11\/GreveMedicosPI-300x199.jpg\" \/>\n<meta name=\"author\" content=\"Comunica\u00e7\u00e3o PSOL\" \/>\n<meta name=\"twitter:card\" content=\"summary_large_image\" \/>\n<meta name=\"twitter:creator\" content=\"@psol50\" \/>\n<meta name=\"twitter:site\" content=\"@psol50\" \/>\n<meta name=\"twitter:label1\" content=\"Escrito por\" \/>\n\t<meta name=\"twitter:data1\" content=\"Comunica\u00e7\u00e3o PSOL\" \/>\n\t<meta name=\"twitter:label2\" content=\"Est. tempo de leitura\" \/>\n\t<meta name=\"twitter:data2\" content=\"1 minuto\" \/>\n<script type=\"application\/ld+json\" class=\"yoast-schema-graph\">{\"@context\":\"https:\/\/schema.org\",\"@graph\":[{\"@type\":\"Article\",\"@id\":\"https:\/\/psol50.org.br\/medicos-do-piaui-em-greve-ate-dia-2-de-dezembro\/#article\",\"isPartOf\":{\"@id\":\"https:\/\/psol50.org.br\/medicos-do-piaui-em-greve-ate-dia-2-de-dezembro\/\"},\"author\":{\"name\":\"Comunica\u00e7\u00e3o PSOL\",\"@id\":\"https:\/\/psol50.org.br\/#\/schema\/person\/475dfa57d0b815993c714c2e96491fcd\"},\"headline\":\"M\u00e9dicos do Piau\u00ed em greve at\u00e9 dia 2 de dezembro\",\"datePublished\":\"2011-11-29T00:00:00+00:00\",\"mainEntityOfPage\":{\"@id\":\"https:\/\/psol50.org.br\/medicos-do-piaui-em-greve-ate-dia-2-de-dezembro\/\"},\"wordCount\":255,\"commentCount\":0,\"publisher\":{\"@id\":\"https:\/\/psol50.org.br\/#organization\"},\"image\":{\"@id\":\"https:\/\/psol50.org.br\/medicos-do-piaui-em-greve-ate-dia-2-de-dezembro\/#primaryimage\"},\"thumbnailUrl\":\"http:\/\/psol50.org.br\/files\/2011\/11\/GreveMedicosPI-300x199.jpg\",\"articleSection\":[\"Arquivo\"],\"inLanguage\":\"pt-BR\",\"potentialAction\":[{\"@type\":\"CommentAction\",\"name\":\"Comment\",\"target\":[\"https:\/\/psol50.org.br\/medicos-do-piaui-em-greve-ate-dia-2-de-dezembro\/#respond\"]}]},{\"@type\":\"WebPage\",\"@id\":\"https:\/\/psol50.org.br\/medicos-do-piaui-em-greve-ate-dia-2-de-dezembro\/\",\"url\":\"https:\/\/psol50.org.br\/medicos-do-piaui-em-greve-ate-dia-2-de-dezembro\/\",\"name\":\"M\u00e9dicos do Piau\u00ed em greve at\u00e9 dia 2 de dezembro - PSOL 50\",\"isPartOf\":{\"@id\":\"https:\/\/psol50.org.br\/#website\"},\"primaryImageOfPage\":{\"@id\":\"https:\/\/psol50.org.br\/medicos-do-piaui-em-greve-ate-dia-2-de-dezembro\/#primaryimage\"},\"image\":{\"@id\":\"https:\/\/psol50.org.br\/medicos-do-piaui-em-greve-ate-dia-2-de-dezembro\/#primaryimage\"},\"thumbnailUrl\":\"http:\/\/psol50.org.br\/files\/2011\/11\/GreveMedicosPI-300x199.jpg\",\"datePublished\":\"2011-11-29T00:00:00+00:00\",\"breadcrumb\":{\"@id\":\"https:\/\/psol50.org.br\/medicos-do-piaui-em-greve-ate-dia-2-de-dezembro\/#breadcrumb\"},\"inLanguage\":\"pt-BR\",\"potentialAction\":[{\"@type\":\"ReadAction\",\"target\":[\"https:\/\/psol50.org.br\/medicos-do-piaui-em-greve-ate-dia-2-de-dezembro\/\"]}]},{\"@type\":\"ImageObject\",\"inLanguage\":\"pt-BR\",\"@id\":\"https:\/\/psol50.org.br\/medicos-do-piaui-em-greve-ate-dia-2-de-dezembro\/#primaryimage\",\"url\":\"http:\/\/psol50.org.br\/files\/2011\/11\/GreveMedicosPI-300x199.jpg\",\"contentUrl\":\"http:\/\/psol50.org.br\/files\/2011\/11\/GreveMedicosPI-300x199.jpg\"},{\"@type\":\"BreadcrumbList\",\"@id\":\"https:\/\/psol50.org.br\/medicos-do-piaui-em-greve-ate-dia-2-de-dezembro\/#breadcrumb\",\"itemListElement\":[{\"@type\":\"ListItem\",\"position\":1,\"name\":\"In\u00edcio\",\"item\":\"https:\/\/psol50.org.br\/\"},{\"@type\":\"ListItem\",\"position\":2,\"name\":\"M\u00e9dicos do Piau\u00ed em greve at\u00e9 dia 2 de dezembro\"}]},{\"@type\":\"WebSite\",\"@id\":\"https:\/\/psol50.org.br\/#website\",\"url\":\"https:\/\/psol50.org.br\/\",\"name\":\"PSOL 50\",\"description\":\"Site oficial do Partido Socialismo e Liberdade\",\"publisher\":{\"@id\":\"https:\/\/psol50.org.br\/#organization\"},\"alternateName\":\"PSOL50\",\"potentialAction\":[{\"@type\":\"SearchAction\",\"target\":{\"@type\":\"EntryPoint\",\"urlTemplate\":\"https:\/\/psol50.org.br\/?s={search_term_string}\"},\"query-input\":{\"@type\":\"PropertyValueSpecification\",\"valueRequired\":true,\"valueName\":\"search_term_string\"}}],\"inLanguage\":\"pt-BR\"},{\"@type\":\"Organization\",\"@id\":\"https:\/\/psol50.org.br\/#organization\",\"name\":\"PSOL 50\",\"alternateName\":\"PSOL 50\",\"url\":\"https:\/\/psol50.org.br\/\",\"logo\":{\"@type\":\"ImageObject\",\"inLanguage\":\"pt-BR\",\"@id\":\"https:\/\/psol50.org.br\/#\/schema\/logo\/image\/\",\"url\":\"https:\/\/psol50.org.br\/inc\/uploads\/2018\/07\/capa.png\",\"contentUrl\":\"https:\/\/psol50.org.br\/inc\/uploads\/2018\/07\/capa.png\",\"width\":1350,\"height\":900,\"caption\":\"PSOL 50\"},\"image\":{\"@id\":\"https:\/\/psol50.org.br\/#\/schema\/logo\/image\/\"},\"sameAs\":[\"https:\/\/www.facebook.com\/psol50\",\"https:\/\/x.com\/psol50\",\"https:\/\/www.instagram.com\/psol50\/\",\"https:\/\/www.youtube.com\/channel\/UC7SnJS5o1os7a6CaiNabzcg\"]},{\"@type\":\"Person\",\"@id\":\"https:\/\/psol50.org.br\/#\/schema\/person\/475dfa57d0b815993c714c2e96491fcd\",\"name\":\"Comunica\u00e7\u00e3o PSOL\",\"image\":{\"@type\":\"ImageObject\",\"inLanguage\":\"pt-BR\",\"@id\":\"https:\/\/psol50.org.br\/#\/schema\/person\/image\/\",\"url\":\"https:\/\/secure.gravatar.com\/avatar\/b34fc4f4e468a4e51785917065a3db57b841f5c95dba6ad8c73aaf8f66f8f9bf?s=96&d=mm&r=g\",\"contentUrl\":\"https:\/\/secure.gravatar.com\/avatar\/b34fc4f4e468a4e51785917065a3db57b841f5c95dba6ad8c73aaf8f66f8f9bf?s=96&d=mm&r=g\",\"caption\":\"Comunica\u00e7\u00e3o PSOL\"}}]}<\/script>\n<!-- \/ Yoast SEO plugin. -->","yoast_head_json":{"title":"M\u00e9dicos do Piau\u00ed em greve at\u00e9 dia 2 de dezembro - PSOL 50","robots":{"index":"index","follow":"follow","max-snippet":"max-snippet:-1","max-image-preview":"max-image-preview:large","max-video-preview":"max-video-preview:-1"},"canonical":"https:\/\/psol50.org.br\/medicos-do-piaui-em-greve-ate-dia-2-de-dezembro\/","og_locale":"pt_BR","og_type":"article","og_title":"M\u00e9dicos do Piau\u00ed em greve at\u00e9 dia 2 de dezembro - PSOL 50","og_description":"Os m\u00e9dicos vinculados \u00e0 Secretaria de Sa\u00fade do Governo do Estado iniciaram na manh\u00e3 desta segunda-feira (28) uma paralisa\u00e7\u00e3o de 5 dias. A categoria reivindica o Reajuste Salarial, cumprimento das Leis que tratam da Progress\u00e3o da Carreira M\u00e9dica e da Insalubridade, al\u00e9m de melhoria nas condi\u00e7\u00f5es de trabalho. A paralisa\u00e7\u00e3o segue at\u00e9 a pr\u00f3xima sexta-feira, [&hellip;]","og_url":"https:\/\/psol50.org.br\/medicos-do-piaui-em-greve-ate-dia-2-de-dezembro\/","og_site_name":"PSOL 50","article_publisher":"https:\/\/www.facebook.com\/psol50","article_published_time":"2011-11-29T00:00:00+00:00","og_image":[{"url":"http:\/\/psol50.org.br\/files\/2011\/11\/GreveMedicosPI-300x199.jpg","type":"","width":"","height":""}],"author":"Comunica\u00e7\u00e3o PSOL","twitter_card":"summary_large_image","twitter_creator":"@psol50","twitter_site":"@psol50","twitter_misc":{"Escrito por":"Comunica\u00e7\u00e3o PSOL","Est. tempo de leitura":"1 minuto"},"schema":{"@context":"https:\/\/schema.org","@graph":[{"@type":"Article","@id":"https:\/\/psol50.org.br\/medicos-do-piaui-em-greve-ate-dia-2-de-dezembro\/#article","isPartOf":{"@id":"https:\/\/psol50.org.br\/medicos-do-piaui-em-greve-ate-dia-2-de-dezembro\/"},"author":{"name":"Comunica\u00e7\u00e3o PSOL","@id":"https:\/\/psol50.org.br\/#\/schema\/person\/475dfa57d0b815993c714c2e96491fcd"},"headline":"M\u00e9dicos do Piau\u00ed em greve at\u00e9 dia 2 de dezembro","datePublished":"2011-11-29T00:00:00+00:00","mainEntityOfPage":{"@id":"https:\/\/psol50.org.br\/medicos-do-piaui-em-greve-ate-dia-2-de-dezembro\/"},"wordCount":255,"commentCount":0,"publisher":{"@id":"https:\/\/psol50.org.br\/#organization"},"image":{"@id":"https:\/\/psol50.org.br\/medicos-do-piaui-em-greve-ate-dia-2-de-dezembro\/#primaryimage"},"thumbnailUrl":"http:\/\/psol50.org.br\/files\/2011\/11\/GreveMedicosPI-300x199.jpg","articleSection":["Arquivo"],"inLanguage":"pt-BR","potentialAction":[{"@type":"CommentAction","name":"Comment","target":["https:\/\/psol50.org.br\/medicos-do-piaui-em-greve-ate-dia-2-de-dezembro\/#respond"]}]},{"@type":"WebPage","@id":"https:\/\/psol50.org.br\/medicos-do-piaui-em-greve-ate-dia-2-de-dezembro\/","url":"https:\/\/psol50.org.br\/medicos-do-piaui-em-greve-ate-dia-2-de-dezembro\/","name":"M\u00e9dicos do Piau\u00ed em greve at\u00e9 dia 2 de dezembro - PSOL 50","isPartOf":{"@id":"https:\/\/psol50.org.br\/#website"},"primaryImageOfPage":{"@id":"https:\/\/psol50.org.br\/medicos-do-piaui-em-greve-ate-dia-2-de-dezembro\/#primaryimage"},"image":{"@id":"https:\/\/psol50.org.br\/medicos-do-piaui-em-greve-ate-dia-2-de-dezembro\/#primaryimage"},"thumbnailUrl":"http:\/\/psol50.org.br\/files\/2011\/11\/GreveMedicosPI-300x199.jpg","datePublished":"2011-11-29T00:00:00+00:00","breadcrumb":{"@id":"https:\/\/psol50.org.br\/medicos-do-piaui-em-greve-ate-dia-2-de-dezembro\/#breadcrumb"},"inLanguage":"pt-BR","potentialAction":[{"@type":"ReadAction","target":["https:\/\/psol50.org.br\/medicos-do-piaui-em-greve-ate-dia-2-de-dezembro\/"]}]},{"@type":"ImageObject","inLanguage":"pt-BR","@id":"https:\/\/psol50.org.br\/medicos-do-piaui-em-greve-ate-dia-2-de-dezembro\/#primaryimage","url":"http:\/\/psol50.org.br\/files\/2011\/11\/GreveMedicosPI-300x199.jpg","contentUrl":"http:\/\/psol50.org.br\/files\/2011\/11\/GreveMedicosPI-300x199.jpg"},{"@type":"BreadcrumbList","@id":"https:\/\/psol50.org.br\/medicos-do-piaui-em-greve-ate-dia-2-de-dezembro\/#breadcrumb","itemListElement":[{"@type":"ListItem","position":1,"name":"In\u00edcio","item":"https:\/\/psol50.org.br\/"},{"@type":"ListItem","position":2,"name":"M\u00e9dicos do Piau\u00ed em greve at\u00e9 dia 2 de dezembro"}]},{"@type":"WebSite","@id":"https:\/\/psol50.org.br\/#website","url":"https:\/\/psol50.org.br\/","name":"PSOL 50","description":"Site oficial do Partido Socialismo e Liberdade","publisher":{"@id":"https:\/\/psol50.org.br\/#organization"},"alternateName":"PSOL50","potentialAction":[{"@type":"SearchAction","target":{"@type":"EntryPoint","urlTemplate":"https:\/\/psol50.org.br\/?s={search_term_string}"},"query-input":{"@type":"PropertyValueSpecification","valueRequired":true,"valueName":"search_term_string"}}],"inLanguage":"pt-BR"},{"@type":"Organization","@id":"https:\/\/psol50.org.br\/#organization","name":"PSOL 50","alternateName":"PSOL 50","url":"https:\/\/psol50.org.br\/","logo":{"@type":"ImageObject","inLanguage":"pt-BR","@id":"https:\/\/psol50.org.br\/#\/schema\/logo\/image\/","url":"https:\/\/psol50.org.br\/inc\/uploads\/2018\/07\/capa.png","contentUrl":"https:\/\/psol50.org.br\/inc\/uploads\/2018\/07\/capa.png","width":1350,"height":900,"caption":"PSOL 50"},"image":{"@id":"https:\/\/psol50.org.br\/#\/schema\/logo\/image\/"},"sameAs":["https:\/\/www.facebook.com\/psol50","https:\/\/x.com\/psol50","https:\/\/www.instagram.com\/psol50\/","https:\/\/www.youtube.com\/channel\/UC7SnJS5o1os7a6CaiNabzcg"]},{"@type":"Person","@id":"https:\/\/psol50.org.br\/#\/schema\/person\/475dfa57d0b815993c714c2e96491fcd","name":"Comunica\u00e7\u00e3o PSOL","image":{"@type":"ImageObject","inLanguage":"pt-BR","@id":"https:\/\/psol50.org.br\/#\/schema\/person\/image\/","url":"https:\/\/secure.gravatar.com\/avatar\/b34fc4f4e468a4e51785917065a3db57b841f5c95dba6ad8c73aaf8f66f8f9bf?s=96&d=mm&r=g","contentUrl":"https:\/\/secure.gravatar.com\/avatar\/b34fc4f4e468a4e51785917065a3db57b841f5c95dba6ad8c73aaf8f66f8f9bf?s=96&d=mm&r=g","caption":"Comunica\u00e7\u00e3o PSOL"}}]}},"_links":{"self":[{"href":"https:\/\/psol50.org.br\/rest\/wp\/v2\/posts\/948","targetHints":{"allow":["GET"]}}],"collection":[{"href":"https:\/\/psol50.org.br\/rest\/wp\/v2\/posts"}],"about":[{"href":"https:\/\/psol50.org.br\/rest\/wp\/v2\/types\/post"}],"author":[{"embeddable":true,"href":"https:\/\/psol50.org.br\/rest\/wp\/v2\/users\/2"}],"replies":[{"embeddable":true,"href":"https:\/\/psol50.org.br\/rest\/wp\/v2\/comments?post=948"}],"version-history":[{"count":0,"href":"https:\/\/psol50.org.br\/rest\/wp\/v2\/posts\/948\/revisions"}],"wp:attachment":[{"href":"https:\/\/psol50.org.br\/rest\/wp\/v2\/media?parent=948"}],"wp:term":[{"taxonomy":"category","embeddable":true,"href":"https:\/\/psol50.org.br\/rest\/wp\/v2\/categories?post=948"},{"taxonomy":"post_tag","embeddable":true,"href":"https:\/\/psol50.org.br\/rest\/wp\/v2\/tags?post=948"}],"curies":[{"name":"wp","href":"https:\/\/api.w.org\/{rel}","templated":true}]}}