{"id":9514,"date":"2013-03-07T00:00:00","date_gmt":"2013-03-07T00:00:00","guid":{"rendered":"http:\/\/psol50.org.br\/arquivo\/2013\/03\/07\/uh-ah-chavez-nao-se-va\/"},"modified":"2013-03-07T00:00:00","modified_gmt":"2013-03-07T00:00:00","slug":"uh-ah-chavez-nao-se-va","status":"publish","type":"post","link":"https:\/\/psol50.org.br\/uh-ah-chavez-nao-se-va\/","title":{"rendered":"Uh, Ah! Ch\u00e1vez n\u00e3o se v\u00e1!"},"content":{"rendered":"<div style=\"text-align: justify;\">\n\tEssa era a principal palavra de ordem gritada pelo povo Venezuelano, quando a elite local, num atentado a democracia, tentou, de forma s\u00f3rdida e covarde, tirar o Comandante Hugo Chavez da presidencia daquele pa\u00eds em abril&nbsp; de 2002. A partir da\u00ed os olhos de tod@s se voltaram para aquela pequena rep\u00fablica, antes insignificante aos olhos da maioria do mundo globalizado. Naquele epis\u00f3dio, quando a Direita Golpista, apoiada por Washigton, j\u00e1 comemorava a deposi\u00e7\u00e3o do presidente, o povo se mobilizava nas partes mais pobres da cidade, nas favelas, nos chamados C\u00edrculos Bolivarianos, nos movimentos sociais e em v\u00e1rios segmentos da sociedade. Substimadas e subjulgadas por quem sempre governou para os ricos, para a minoria e jamais entenderia o significado da democracia e da organiza\u00e7\u00e3o popular, o povo foi a rua, exigir a volta do Comandante ao posto que lhe foi delegado pela livre vontade popular. A mobiliza\u00e7\u00e3o e a tens\u00e3o foi tamanha, que os golpista foram obrigados a devolver o poder popular para quem de fato tinha a legitimidade para comand\u00e1-lo.<br \/>\n\t&nbsp;<br \/>\n\tNo ano de 2005, por ocasi\u00e3o do F\u00f3rum Social Mundial, estive em Caracas. Conheci um povo alegre e orgulhoso de suas conquistas e que pela primeira vez falava com propriedade sobre seus direitos e sobre a apropria\u00e7\u00e3o de sua principal riqueza, o petr\u00f3leo. No t\u00e1xi, o taxista me dizia: \u201cSabe quanto custa para eu encher o tanque do meu carro?\u201d, e me mostrava algumas moedinhas, completando: \u201cO Comandante Chavez nos devolveu nossa principal riqueza, agora o Petr\u00f3leo venezuelano \u00e9 de fato do povo venezuelano!\u201d. O largo sorriso no rosto e o brilho no olhar daquele trabalhador era contagiava e alimentava minhas perspectivas de militante.<br \/>\n\t&nbsp;<br \/>\n\tN\u00e3o contente, fui conhecer as chamadas miss\u00f5es, que funcionavam no cora\u00e7\u00e3o das favelas da grande Caracas. Fomos convidados a entrar na casa de uma senhora muito humilde que nos disse: \u201cAntes, nem sab\u00edamos o que era sa\u00fade p\u00fablica, nem \u00edamos a hospitais porque t\u00ednhamos que pagar, hoje os m\u00e9dicos vem a nossa casa!\u201d.<br \/>\n\t&nbsp;<br \/>\n\tN\u00e3o quero com esses relatos, dizer que o governo Chavez foi uma maravilha, era evidente que n\u00e3o era uma unanimidade, principalmente na parte central de Caracas, onde se concentrava a maior parte da elite local, \u00e9 evidente que naquela \u00e9poca, os problemas sociais e a infla\u00e7\u00e3o ainda eram um problema grav\u00edssimo na Venezuela, mas quero ressaltar e exaltar, que a principal marca do Governo do Comandante Chavez foi a op\u00e7\u00e3o pol\u00edtica feita por ele, governar para os mais pobres, construir a revolu\u00e7\u00e3o bolivariana e principalmente, reivindicar o socialismo como programa de governo.<br \/>\n\t&nbsp;<br \/>\n\tChavez era chamado de populista, ditador e muitas vezes de palha\u00e7o pela imprensa venezuelana e mundial. Como pode um ditador em pouco mais de 14 &nbsp;anos de governo ter promovido 14 processos consultivos, entre elei\u00e7\u00f5es, referendos e plebiscitos, ali\u00e1s, Chavez mudou a constitui\u00e7\u00e3o, n\u00e3o para se perpetuar eternamente no poder, como &nbsp;parte da grande m\u00eddia anuncia, mas para instituir mecanismos democr\u00e1ticos e de controle social como por exemplo o plebiscito de&nbsp; REVOGA\u00c7\u00c3O DE MANDATO. Que outra \u201cdemocracia\u201d tem esse mecanismo garantido em sua constitui\u00e7\u00e3o? Chavez n\u00e3o s\u00f3 mudou a constitui\u00e7\u00e3o para garantir direitos ao povo mais pobre, como colocou a constitui\u00e7\u00e3o em seus bolsos e os ensinou que aquele pequeno livro era a base de sustenta\u00e7\u00e3o de uma democracia. Hoje, qualquer venezuelano carrega consigo uma pequena c\u00f3pia da constitui\u00e7\u00e3o em seus bolsos, um pequeno livreto, com uma grande um grande significado pol\u00edtico, mas principalmente de conquista.<br \/>\n\t&nbsp;<br \/>\n\tEsse \u00e9 um relato, um tanto empolgado, de um militante de esquerda que sonha um dia em viver em uma sociedade em que seu valor n\u00e3o seja definido por quanto voc\u00ea pode pagar, que cada ser humano tenha um prato de comida em sua mesa, que tenha acesso a sa\u00fade, educa\u00e7\u00e3o e que tenha moradia digna, que as mulheres, homossexuais, negros sejam tratados como iguais porque s\u00e3o iguais. N\u00e3o cometerei o erro de dizer que v\u00ed isso na Venezuela, mas quero afirmar que esta concep\u00e7\u00e3o de mundo estava presente nos cora\u00e7\u00f5es e na mente de uma grande parte daquele povo e que os avan\u00e7os proporcionados pela revolu\u00e7\u00e3o bolivariana liderada pelo, para sempre comandante, Hugo Chavez ser\u00e1 um legado a ser defendido e constru\u00eddo pelo povo venezuelano e um exemplo a ser seguido pela esquerda da Am\u00e9rica Latina e do mundo!<br \/>\n\t&nbsp;<br \/>\n\tPor isso, n\u00e3o s\u00f3 a Venezuela perde um grande presidente, mas&nbsp; a esquerda e os lutadores de todo o mundo perdem um grande militante, ativista e l\u00edder!<br \/>\n\tE por fim, para n\u00e3o deixar d\u00favidas, sou Chavista sim, n\u00e3o s\u00f3 agora na morte do Comandante, mas principalmente em vida e por isso, sigo acreditando que aquele grito de ordem, continua mais vivo do que nunca, n\u00e3o s\u00f3 no cora\u00e7\u00e3o do povo venezuelano, mas no cora\u00e7\u00e3o daqueles que, acreditam que outro mundo \u00e9 poss\u00edvel!<br \/>\n\tUh, Ah! Chavez n\u00e3o se v\u00e1!&nbsp;&nbsp;&nbsp;&nbsp;&nbsp;&nbsp;&nbsp;&nbsp;&nbsp;&nbsp;&nbsp;&nbsp;&nbsp;&nbsp;&nbsp;&nbsp;&nbsp;&nbsp;&nbsp;&nbsp;&nbsp;&nbsp;&nbsp;&nbsp;&nbsp;&nbsp;&nbsp;&nbsp;&nbsp;&nbsp;&nbsp;&nbsp;&nbsp;&nbsp;&nbsp;&nbsp;&nbsp;&nbsp;&nbsp;&nbsp;&nbsp;&nbsp;&nbsp;&nbsp;&nbsp;&nbsp;&nbsp;&nbsp;&nbsp;&nbsp;&nbsp;&nbsp;&nbsp;&nbsp;&nbsp;&nbsp;&nbsp;&nbsp;&nbsp;&nbsp;&nbsp;&nbsp;&nbsp;&nbsp;&nbsp;&nbsp;&nbsp;&nbsp;&nbsp;&nbsp;&nbsp;&nbsp;&nbsp;&nbsp;&nbsp;&nbsp;&nbsp;&nbsp;&nbsp;&nbsp;&nbsp;&nbsp;&nbsp;&nbsp;&nbsp;<\/div>\n<p>&nbsp;<br \/>\n&nbsp;<\/p>\n","protected":false},"excerpt":{"rendered":"<p>Essa era a principal palavra de ordem gritada pelo povo Venezuelano, quando a elite local, num atentado a democracia, tentou, de forma s\u00f3rdida e covarde, tirar o Comandante Hugo Chavez da presidencia daquele pa\u00eds em abril&nbsp; de 2002. A partir da\u00ed os olhos de tod@s se voltaram para aquela pequena rep\u00fablica, antes insignificante aos olhos [&hellip;]<\/p>\n","protected":false},"author":2,"featured_media":0,"comment_status":"open","ping_status":"open","sticky":false,"template":"","format":"standard","meta":{"_acf_changed":false,"footnotes":""},"categories":[3,836],"tags":[4969,3895,2439,675],"class_list":{"0":"post-9514","1":"post","2":"type-post","3":"status-publish","4":"format-standard","6":"category-artigos-e-entrevistas","7":"category-internacional","8":"tag-chaves","9":"tag-chavismo","10":"tag-maykom-magalhaes","11":"tag-venezuela"},"acf":[],"yoast_head":"<!-- This site is optimized with the Yoast SEO plugin v26.5 - https:\/\/yoast.com\/wordpress\/plugins\/seo\/ -->\n<title>Uh, Ah! Ch\u00e1vez n\u00e3o se v\u00e1! - PSOL 50<\/title>\n<meta name=\"robots\" content=\"index, follow, max-snippet:-1, max-image-preview:large, max-video-preview:-1\" \/>\n<link rel=\"canonical\" href=\"https:\/\/psol50.org.br\/uh-ah-chavez-nao-se-va\/\" \/>\n<meta property=\"og:locale\" content=\"pt_BR\" \/>\n<meta property=\"og:type\" content=\"article\" \/>\n<meta property=\"og:title\" content=\"Uh, Ah! Ch\u00e1vez n\u00e3o se v\u00e1! - PSOL 50\" \/>\n<meta property=\"og:description\" content=\"Essa era a principal palavra de ordem gritada pelo povo Venezuelano, quando a elite local, num atentado a democracia, tentou, de forma s\u00f3rdida e covarde, tirar o Comandante Hugo Chavez da presidencia daquele pa\u00eds em abril&nbsp; de 2002. A partir da\u00ed os olhos de tod@s se voltaram para aquela pequena rep\u00fablica, antes insignificante aos olhos [&hellip;]\" \/>\n<meta property=\"og:url\" content=\"https:\/\/psol50.org.br\/uh-ah-chavez-nao-se-va\/\" \/>\n<meta property=\"og:site_name\" content=\"PSOL 50\" \/>\n<meta property=\"article:publisher\" content=\"https:\/\/www.facebook.com\/psol50\" \/>\n<meta property=\"article:published_time\" content=\"2013-03-07T00:00:00+00:00\" \/>\n<meta property=\"og:image\" content=\"https:\/\/psol50.org.br\/inc\/uploads\/2018\/07\/capa.png\" \/>\n\t<meta property=\"og:image:width\" content=\"1350\" \/>\n\t<meta property=\"og:image:height\" content=\"900\" \/>\n\t<meta property=\"og:image:type\" content=\"image\/png\" \/>\n<meta name=\"author\" content=\"Comunica\u00e7\u00e3o PSOL\" \/>\n<meta name=\"twitter:card\" content=\"summary_large_image\" \/>\n<meta name=\"twitter:creator\" content=\"@psol50\" \/>\n<meta name=\"twitter:site\" content=\"@psol50\" \/>\n<meta name=\"twitter:label1\" content=\"Escrito por\" \/>\n\t<meta name=\"twitter:data1\" content=\"Comunica\u00e7\u00e3o PSOL\" \/>\n\t<meta name=\"twitter:label2\" content=\"Est. tempo de leitura\" \/>\n\t<meta name=\"twitter:data2\" content=\"5 minutos\" \/>\n<script type=\"application\/ld+json\" class=\"yoast-schema-graph\">{\"@context\":\"https:\/\/schema.org\",\"@graph\":[{\"@type\":\"Article\",\"@id\":\"https:\/\/psol50.org.br\/uh-ah-chavez-nao-se-va\/#article\",\"isPartOf\":{\"@id\":\"https:\/\/psol50.org.br\/uh-ah-chavez-nao-se-va\/\"},\"author\":{\"name\":\"Comunica\u00e7\u00e3o PSOL\",\"@id\":\"https:\/\/psol50.org.br\/#\/schema\/person\/475dfa57d0b815993c714c2e96491fcd\"},\"headline\":\"Uh, Ah! Ch\u00e1vez n\u00e3o se v\u00e1!\",\"datePublished\":\"2013-03-07T00:00:00+00:00\",\"mainEntityOfPage\":{\"@id\":\"https:\/\/psol50.org.br\/uh-ah-chavez-nao-se-va\/\"},\"wordCount\":961,\"commentCount\":0,\"publisher\":{\"@id\":\"https:\/\/psol50.org.br\/#organization\"},\"keywords\":[\"Ch\u00e1ves\",\"Chavismo\",\"Maykom Magalh\u00e3es\",\"Venezuela\"],\"articleSection\":[\"Artigos\",\"Internacional\"],\"inLanguage\":\"pt-BR\",\"potentialAction\":[{\"@type\":\"CommentAction\",\"name\":\"Comment\",\"target\":[\"https:\/\/psol50.org.br\/uh-ah-chavez-nao-se-va\/#respond\"]}]},{\"@type\":\"WebPage\",\"@id\":\"https:\/\/psol50.org.br\/uh-ah-chavez-nao-se-va\/\",\"url\":\"https:\/\/psol50.org.br\/uh-ah-chavez-nao-se-va\/\",\"name\":\"Uh, Ah! Ch\u00e1vez n\u00e3o se v\u00e1! - PSOL 50\",\"isPartOf\":{\"@id\":\"https:\/\/psol50.org.br\/#website\"},\"datePublished\":\"2013-03-07T00:00:00+00:00\",\"breadcrumb\":{\"@id\":\"https:\/\/psol50.org.br\/uh-ah-chavez-nao-se-va\/#breadcrumb\"},\"inLanguage\":\"pt-BR\",\"potentialAction\":[{\"@type\":\"ReadAction\",\"target\":[\"https:\/\/psol50.org.br\/uh-ah-chavez-nao-se-va\/\"]}]},{\"@type\":\"BreadcrumbList\",\"@id\":\"https:\/\/psol50.org.br\/uh-ah-chavez-nao-se-va\/#breadcrumb\",\"itemListElement\":[{\"@type\":\"ListItem\",\"position\":1,\"name\":\"In\u00edcio\",\"item\":\"https:\/\/psol50.org.br\/\"},{\"@type\":\"ListItem\",\"position\":2,\"name\":\"Uh, Ah! Ch\u00e1vez n\u00e3o se v\u00e1!\"}]},{\"@type\":\"WebSite\",\"@id\":\"https:\/\/psol50.org.br\/#website\",\"url\":\"https:\/\/psol50.org.br\/\",\"name\":\"PSOL 50\",\"description\":\"Site oficial do Partido Socialismo e Liberdade\",\"publisher\":{\"@id\":\"https:\/\/psol50.org.br\/#organization\"},\"alternateName\":\"PSOL50\",\"potentialAction\":[{\"@type\":\"SearchAction\",\"target\":{\"@type\":\"EntryPoint\",\"urlTemplate\":\"https:\/\/psol50.org.br\/?s={search_term_string}\"},\"query-input\":{\"@type\":\"PropertyValueSpecification\",\"valueRequired\":true,\"valueName\":\"search_term_string\"}}],\"inLanguage\":\"pt-BR\"},{\"@type\":\"Organization\",\"@id\":\"https:\/\/psol50.org.br\/#organization\",\"name\":\"PSOL 50\",\"alternateName\":\"PSOL 50\",\"url\":\"https:\/\/psol50.org.br\/\",\"logo\":{\"@type\":\"ImageObject\",\"inLanguage\":\"pt-BR\",\"@id\":\"https:\/\/psol50.org.br\/#\/schema\/logo\/image\/\",\"url\":\"https:\/\/psol50.org.br\/inc\/uploads\/2018\/07\/capa.png\",\"contentUrl\":\"https:\/\/psol50.org.br\/inc\/uploads\/2018\/07\/capa.png\",\"width\":1350,\"height\":900,\"caption\":\"PSOL 50\"},\"image\":{\"@id\":\"https:\/\/psol50.org.br\/#\/schema\/logo\/image\/\"},\"sameAs\":[\"https:\/\/www.facebook.com\/psol50\",\"https:\/\/x.com\/psol50\",\"https:\/\/www.instagram.com\/psol50\/\",\"https:\/\/www.youtube.com\/channel\/UC7SnJS5o1os7a6CaiNabzcg\"]},{\"@type\":\"Person\",\"@id\":\"https:\/\/psol50.org.br\/#\/schema\/person\/475dfa57d0b815993c714c2e96491fcd\",\"name\":\"Comunica\u00e7\u00e3o PSOL\",\"image\":{\"@type\":\"ImageObject\",\"inLanguage\":\"pt-BR\",\"@id\":\"https:\/\/psol50.org.br\/#\/schema\/person\/image\/\",\"url\":\"https:\/\/secure.gravatar.com\/avatar\/b34fc4f4e468a4e51785917065a3db57b841f5c95dba6ad8c73aaf8f66f8f9bf?s=96&d=mm&r=g\",\"contentUrl\":\"https:\/\/secure.gravatar.com\/avatar\/b34fc4f4e468a4e51785917065a3db57b841f5c95dba6ad8c73aaf8f66f8f9bf?s=96&d=mm&r=g\",\"caption\":\"Comunica\u00e7\u00e3o PSOL\"}}]}<\/script>\n<!-- \/ Yoast SEO plugin. -->","yoast_head_json":{"title":"Uh, Ah! Ch\u00e1vez n\u00e3o se v\u00e1! - PSOL 50","robots":{"index":"index","follow":"follow","max-snippet":"max-snippet:-1","max-image-preview":"max-image-preview:large","max-video-preview":"max-video-preview:-1"},"canonical":"https:\/\/psol50.org.br\/uh-ah-chavez-nao-se-va\/","og_locale":"pt_BR","og_type":"article","og_title":"Uh, Ah! Ch\u00e1vez n\u00e3o se v\u00e1! - PSOL 50","og_description":"Essa era a principal palavra de ordem gritada pelo povo Venezuelano, quando a elite local, num atentado a democracia, tentou, de forma s\u00f3rdida e covarde, tirar o Comandante Hugo Chavez da presidencia daquele pa\u00eds em abril&nbsp; de 2002. A partir da\u00ed os olhos de tod@s se voltaram para aquela pequena rep\u00fablica, antes insignificante aos olhos [&hellip;]","og_url":"https:\/\/psol50.org.br\/uh-ah-chavez-nao-se-va\/","og_site_name":"PSOL 50","article_publisher":"https:\/\/www.facebook.com\/psol50","article_published_time":"2013-03-07T00:00:00+00:00","og_image":[{"width":1350,"height":900,"url":"https:\/\/psol50.org.br\/inc\/uploads\/2018\/07\/capa.png","type":"image\/png"}],"author":"Comunica\u00e7\u00e3o PSOL","twitter_card":"summary_large_image","twitter_creator":"@psol50","twitter_site":"@psol50","twitter_misc":{"Escrito por":"Comunica\u00e7\u00e3o PSOL","Est. tempo de leitura":"5 minutos"},"schema":{"@context":"https:\/\/schema.org","@graph":[{"@type":"Article","@id":"https:\/\/psol50.org.br\/uh-ah-chavez-nao-se-va\/#article","isPartOf":{"@id":"https:\/\/psol50.org.br\/uh-ah-chavez-nao-se-va\/"},"author":{"name":"Comunica\u00e7\u00e3o PSOL","@id":"https:\/\/psol50.org.br\/#\/schema\/person\/475dfa57d0b815993c714c2e96491fcd"},"headline":"Uh, Ah! Ch\u00e1vez n\u00e3o se v\u00e1!","datePublished":"2013-03-07T00:00:00+00:00","mainEntityOfPage":{"@id":"https:\/\/psol50.org.br\/uh-ah-chavez-nao-se-va\/"},"wordCount":961,"commentCount":0,"publisher":{"@id":"https:\/\/psol50.org.br\/#organization"},"keywords":["Ch\u00e1ves","Chavismo","Maykom Magalh\u00e3es","Venezuela"],"articleSection":["Artigos","Internacional"],"inLanguage":"pt-BR","potentialAction":[{"@type":"CommentAction","name":"Comment","target":["https:\/\/psol50.org.br\/uh-ah-chavez-nao-se-va\/#respond"]}]},{"@type":"WebPage","@id":"https:\/\/psol50.org.br\/uh-ah-chavez-nao-se-va\/","url":"https:\/\/psol50.org.br\/uh-ah-chavez-nao-se-va\/","name":"Uh, Ah! Ch\u00e1vez n\u00e3o se v\u00e1! - PSOL 50","isPartOf":{"@id":"https:\/\/psol50.org.br\/#website"},"datePublished":"2013-03-07T00:00:00+00:00","breadcrumb":{"@id":"https:\/\/psol50.org.br\/uh-ah-chavez-nao-se-va\/#breadcrumb"},"inLanguage":"pt-BR","potentialAction":[{"@type":"ReadAction","target":["https:\/\/psol50.org.br\/uh-ah-chavez-nao-se-va\/"]}]},{"@type":"BreadcrumbList","@id":"https:\/\/psol50.org.br\/uh-ah-chavez-nao-se-va\/#breadcrumb","itemListElement":[{"@type":"ListItem","position":1,"name":"In\u00edcio","item":"https:\/\/psol50.org.br\/"},{"@type":"ListItem","position":2,"name":"Uh, Ah! Ch\u00e1vez n\u00e3o se v\u00e1!"}]},{"@type":"WebSite","@id":"https:\/\/psol50.org.br\/#website","url":"https:\/\/psol50.org.br\/","name":"PSOL 50","description":"Site oficial do Partido Socialismo e Liberdade","publisher":{"@id":"https:\/\/psol50.org.br\/#organization"},"alternateName":"PSOL50","potentialAction":[{"@type":"SearchAction","target":{"@type":"EntryPoint","urlTemplate":"https:\/\/psol50.org.br\/?s={search_term_string}"},"query-input":{"@type":"PropertyValueSpecification","valueRequired":true,"valueName":"search_term_string"}}],"inLanguage":"pt-BR"},{"@type":"Organization","@id":"https:\/\/psol50.org.br\/#organization","name":"PSOL 50","alternateName":"PSOL 50","url":"https:\/\/psol50.org.br\/","logo":{"@type":"ImageObject","inLanguage":"pt-BR","@id":"https:\/\/psol50.org.br\/#\/schema\/logo\/image\/","url":"https:\/\/psol50.org.br\/inc\/uploads\/2018\/07\/capa.png","contentUrl":"https:\/\/psol50.org.br\/inc\/uploads\/2018\/07\/capa.png","width":1350,"height":900,"caption":"PSOL 50"},"image":{"@id":"https:\/\/psol50.org.br\/#\/schema\/logo\/image\/"},"sameAs":["https:\/\/www.facebook.com\/psol50","https:\/\/x.com\/psol50","https:\/\/www.instagram.com\/psol50\/","https:\/\/www.youtube.com\/channel\/UC7SnJS5o1os7a6CaiNabzcg"]},{"@type":"Person","@id":"https:\/\/psol50.org.br\/#\/schema\/person\/475dfa57d0b815993c714c2e96491fcd","name":"Comunica\u00e7\u00e3o PSOL","image":{"@type":"ImageObject","inLanguage":"pt-BR","@id":"https:\/\/psol50.org.br\/#\/schema\/person\/image\/","url":"https:\/\/secure.gravatar.com\/avatar\/b34fc4f4e468a4e51785917065a3db57b841f5c95dba6ad8c73aaf8f66f8f9bf?s=96&d=mm&r=g","contentUrl":"https:\/\/secure.gravatar.com\/avatar\/b34fc4f4e468a4e51785917065a3db57b841f5c95dba6ad8c73aaf8f66f8f9bf?s=96&d=mm&r=g","caption":"Comunica\u00e7\u00e3o PSOL"}}]}},"_links":{"self":[{"href":"https:\/\/psol50.org.br\/rest\/wp\/v2\/posts\/9514","targetHints":{"allow":["GET"]}}],"collection":[{"href":"https:\/\/psol50.org.br\/rest\/wp\/v2\/posts"}],"about":[{"href":"https:\/\/psol50.org.br\/rest\/wp\/v2\/types\/post"}],"author":[{"embeddable":true,"href":"https:\/\/psol50.org.br\/rest\/wp\/v2\/users\/2"}],"replies":[{"embeddable":true,"href":"https:\/\/psol50.org.br\/rest\/wp\/v2\/comments?post=9514"}],"version-history":[{"count":0,"href":"https:\/\/psol50.org.br\/rest\/wp\/v2\/posts\/9514\/revisions"}],"wp:attachment":[{"href":"https:\/\/psol50.org.br\/rest\/wp\/v2\/media?parent=9514"}],"wp:term":[{"taxonomy":"category","embeddable":true,"href":"https:\/\/psol50.org.br\/rest\/wp\/v2\/categories?post=9514"},{"taxonomy":"post_tag","embeddable":true,"href":"https:\/\/psol50.org.br\/rest\/wp\/v2\/tags?post=9514"}],"curies":[{"name":"wp","href":"https:\/\/api.w.org\/{rel}","templated":true}]}}