{"id":953,"date":"2011-12-03T00:00:00","date_gmt":"2011-12-03T00:00:00","guid":{"rendered":"http:\/\/psol50.org.br\/arquivo\/2011\/12\/03\/apos-15-dias-de-paralisacao-cpers-decide-encerrar-greve\/"},"modified":"2011-12-03T00:00:00","modified_gmt":"2011-12-03T00:00:00","slug":"apos-15-dias-de-paralisacao-cpers-decide-encerrar-greve","status":"publish","type":"post","link":"https:\/\/psol50.org.br\/apos-15-dias-de-paralisacao-cpers-decide-encerrar-greve\/","title":{"rendered":"Ap\u00f3s 15 dias de paralisa\u00e7\u00e3o, Cpers decide encerrar greve"},"content":{"rendered":"<p style=\"text-align: justify\"><a href=\"http:\/\/psol50.org.br\/blog\/2011\/12\/03\/apos-15-dias-de-paralisacao-cpers-decide-encerrar-greve\/cpers\/\" rel=\"attachment wp-att-12491\"><img loading=\"lazy\" decoding=\"async\" class=\"alignleft size-full wp-image-12491\" src=\"http:\/\/psol50.org.br\/files\/2011\/12\/Cpers.jpg\" alt=\"\" width=\"300\" height=\"200\" \/><\/a>Em assembleia na tarde desta sexta-feira (2) em frente ao Pal\u00e1cio Piratini, o <em><strong>Cpers (Centro dos Professores do Estado do Rio Grande do Sul &#8211; Sindicato dos Trabalhadores em Educa\u00e7\u00e3o)<\/strong><\/em> decidiu encerrar a greve iniciada no dia 18 de novembro. O ato ocorreu em frente ao Pal\u00e1cio Piratini, uma semana ap\u00f3s outra reuni\u00e3o no local, e contou com baixa participa\u00e7\u00e3o dos professores. Os sindicalistas evitaram admitir que o final da greve significava uma derrota para o movimento e garantiram que continuar\u00e3o pressionando o governador Tarso Genro para que pague imediatamente o piso nacional de R$ 1.187,00 e para que interrompa as mudan\u00e7as que pretende implementar no Ensino M\u00e9dio da rede p\u00fablica.<\/p>\n<p style=\"text-align: justify\">Durante o encontro, ficou evidente a divis\u00e3o que h\u00e1 no sindicato entre as alas que apoiam a greve e aqueles que n\u00e3o desejavam a paralisa\u00e7\u00e3o, ou defendiam que ela ocorresse apenas em mar\u00e7o do pr\u00f3ximo ano. O clima ficou bastante tenso quando um professor se pronunciou contra a greve no carro de som.<\/p>\n<p style=\"text-align: justify\">\u201cEspero que agora a dire\u00e7\u00e3o do Cpers n\u00e3o fique buscando culpados para o fracasso que foi essa greve\u201d, disse, sob fortes vaias de outros colegas. Em seguida, os \u00e2nimos se exaltaram e houve uma discuss\u00e3o entre os apoiadores e os cr\u00edticos da greve. Os grupos tiveram que ser separados para que n\u00e3o houvesse confronto f\u00edsico.<\/p>\n<p style=\"text-align: justify\">A presidente do Cpers, Rejane de Oliveira, considera que o movimento foi positivo. \u201cFoi uma greve de debate, conseguirmos fazer com a categoria e a sociedade conhecesse as reformas que o governo quer fazer, que preparam m\u00e3o-de-obra pra o capital e o empresariado\u201d, disparou a sindicalista.\u00a0Ela reconheceu que \u201ch\u00e1 limites para uma greve no final do ano\u201d, mas salientou que as press\u00f5es continuar\u00e3o e que ser\u00e1 feira uma nova assembleia-geral em mar\u00e7o.<\/p>\n<p style=\"text-align: justify\">As rela\u00e7\u00f5es entre o Cpers e o Pal\u00e1cio Piratini foram tensas durante toda a greve. O governo minimizava o impacto das paralisa\u00e7\u00f5es, informando que n\u00e3o atingiam sequer 2% das escolas, enquanto o sindicato sustentava que o movimento se fortalecia. As duas partes s\u00f3 se reuniram uma vez, mas a situa\u00e7\u00e3o ficou ainda pior ap\u00f3s o encontro, pois a Secretaria Estadual de Educa\u00e7\u00e3o mandou um of\u00edcio que enfureceu os grevistas.<\/p>\n<p style=\"text-align: justify\">No documento, constava que o governo estava disposto a dialogar \u201cassim que a categoria deliberasse pelo fim da greve\u201d. O Cpers entendeu o texto como uma chantagem e decidiu devolv\u00ea-lo sem resposta.<\/p>\n<p style=\"text-align: justify\">As declara\u00e7\u00f5es de Rejane d\u00e3o a entender que, mesmo com o fim da greve, as rela\u00e7\u00f5es continuar\u00e3o tensas. \u201cJ\u00e1 temos um calend\u00e1rio de campanhas contra o governo, de enfrentamento ao governo\u201d, declarou.<\/p>\n<p style=\"text-align: justify\"><strong>Secretaria da Educa\u00e7\u00e3o diz que final da greve significa retomada do di\u00e1logo<\/strong><\/p>\n<p style=\"text-align: justify\">A secret\u00e1ria-adjunta de Educa\u00e7\u00e3o do governo do Estado, Maria Eulalia Nascimento, projeta que o final da greve do magist\u00e9rio pode fazer com que o di\u00e1logo seja retomado entre as partes. Ela alega que as conversas foram rompidas unilateralmente quando o Cpers iniciou as paralisa\u00e7\u00f5es.<\/p>\n<p style=\"text-align: justify\">\u201cA formaliza\u00e7\u00e3o do final da greve significa uma expectativa de que haja uma reabertura do di\u00e1logo\u201d, avalia. A secret\u00e1ria-adjunta informa que o governo n\u00e3o ir\u00e1 efetuar o pagamento referente aos dias em que os profissionais n\u00e3o compareceram ao trabalho por estarem em greve. \u201cN\u00e3o significa cortar o ponto. \u00c9 uma consequ\u00eancia da paralisa\u00e7\u00e3o\u201d, explica.<\/p>\n<p style=\"text-align: justify\"><a href=\"http:\/\/sul21.com.br\/jornal\/2011\/12\/apos-15-dias-de-paralisacao-cpers-decide-encerrar-greve\/\"><em><strong>*Fonte Sul21<\/strong><\/em><\/a><\/p>\n","protected":false},"excerpt":{"rendered":"<p>Em assembleia na tarde desta sexta-feira (2) em frente ao Pal\u00e1cio Piratini, o Cpers (Centro dos Professores do Estado do Rio Grande do Sul &#8211; Sindicato dos Trabalhadores em Educa\u00e7\u00e3o) decidiu encerrar a greve iniciada no dia 18 de novembro. O ato ocorreu em frente ao Pal\u00e1cio Piratini, uma semana ap\u00f3s outra reuni\u00e3o no local, [&hellip;]<\/p>\n","protected":false},"author":2,"featured_media":0,"comment_status":"open","ping_status":"open","sticky":false,"template":"","format":"standard","meta":{"_acf_changed":false,"footnotes":""},"categories":[4766],"tags":[],"class_list":{"0":"post-953","1":"post","2":"type-post","3":"status-publish","4":"format-standard","6":"category-arquivo"},"acf":[],"yoast_head":"<!-- This site is optimized with the Yoast SEO plugin v26.5 - https:\/\/yoast.com\/wordpress\/plugins\/seo\/ -->\n<title>Ap\u00f3s 15 dias de paralisa\u00e7\u00e3o, Cpers decide encerrar greve - PSOL 50<\/title>\n<meta name=\"robots\" content=\"index, follow, max-snippet:-1, max-image-preview:large, max-video-preview:-1\" \/>\n<link rel=\"canonical\" href=\"https:\/\/psol50.org.br\/apos-15-dias-de-paralisacao-cpers-decide-encerrar-greve\/\" \/>\n<meta property=\"og:locale\" content=\"pt_BR\" \/>\n<meta property=\"og:type\" content=\"article\" \/>\n<meta property=\"og:title\" content=\"Ap\u00f3s 15 dias de paralisa\u00e7\u00e3o, Cpers decide encerrar greve - PSOL 50\" \/>\n<meta property=\"og:description\" content=\"Em assembleia na tarde desta sexta-feira (2) em frente ao Pal\u00e1cio Piratini, o Cpers (Centro dos Professores do Estado do Rio Grande do Sul &#8211; Sindicato dos Trabalhadores em Educa\u00e7\u00e3o) decidiu encerrar a greve iniciada no dia 18 de novembro. O ato ocorreu em frente ao Pal\u00e1cio Piratini, uma semana ap\u00f3s outra reuni\u00e3o no local, [&hellip;]\" \/>\n<meta property=\"og:url\" content=\"https:\/\/psol50.org.br\/apos-15-dias-de-paralisacao-cpers-decide-encerrar-greve\/\" \/>\n<meta property=\"og:site_name\" content=\"PSOL 50\" \/>\n<meta property=\"article:publisher\" content=\"https:\/\/www.facebook.com\/psol50\" \/>\n<meta property=\"article:published_time\" content=\"2011-12-03T00:00:00+00:00\" \/>\n<meta property=\"og:image\" content=\"http:\/\/psol50.org.br\/files\/2011\/12\/Cpers.jpg\" \/>\n<meta name=\"author\" content=\"Comunica\u00e7\u00e3o PSOL\" \/>\n<meta name=\"twitter:card\" content=\"summary_large_image\" \/>\n<meta name=\"twitter:creator\" content=\"@psol50\" \/>\n<meta name=\"twitter:site\" content=\"@psol50\" \/>\n<meta name=\"twitter:label1\" content=\"Escrito por\" \/>\n\t<meta name=\"twitter:data1\" content=\"Comunica\u00e7\u00e3o PSOL\" \/>\n\t<meta name=\"twitter:label2\" content=\"Est. tempo de leitura\" \/>\n\t<meta name=\"twitter:data2\" content=\"3 minutos\" \/>\n<script type=\"application\/ld+json\" class=\"yoast-schema-graph\">{\"@context\":\"https:\/\/schema.org\",\"@graph\":[{\"@type\":\"Article\",\"@id\":\"https:\/\/psol50.org.br\/apos-15-dias-de-paralisacao-cpers-decide-encerrar-greve\/#article\",\"isPartOf\":{\"@id\":\"https:\/\/psol50.org.br\/apos-15-dias-de-paralisacao-cpers-decide-encerrar-greve\/\"},\"author\":{\"name\":\"Comunica\u00e7\u00e3o PSOL\",\"@id\":\"https:\/\/psol50.org.br\/#\/schema\/person\/475dfa57d0b815993c714c2e96491fcd\"},\"headline\":\"Ap\u00f3s 15 dias de paralisa\u00e7\u00e3o, Cpers decide encerrar greve\",\"datePublished\":\"2011-12-03T00:00:00+00:00\",\"mainEntityOfPage\":{\"@id\":\"https:\/\/psol50.org.br\/apos-15-dias-de-paralisacao-cpers-decide-encerrar-greve\/\"},\"wordCount\":596,\"commentCount\":0,\"publisher\":{\"@id\":\"https:\/\/psol50.org.br\/#organization\"},\"image\":{\"@id\":\"https:\/\/psol50.org.br\/apos-15-dias-de-paralisacao-cpers-decide-encerrar-greve\/#primaryimage\"},\"thumbnailUrl\":\"http:\/\/psol50.org.br\/files\/2011\/12\/Cpers.jpg\",\"articleSection\":[\"Arquivo\"],\"inLanguage\":\"pt-BR\",\"potentialAction\":[{\"@type\":\"CommentAction\",\"name\":\"Comment\",\"target\":[\"https:\/\/psol50.org.br\/apos-15-dias-de-paralisacao-cpers-decide-encerrar-greve\/#respond\"]}]},{\"@type\":\"WebPage\",\"@id\":\"https:\/\/psol50.org.br\/apos-15-dias-de-paralisacao-cpers-decide-encerrar-greve\/\",\"url\":\"https:\/\/psol50.org.br\/apos-15-dias-de-paralisacao-cpers-decide-encerrar-greve\/\",\"name\":\"Ap\u00f3s 15 dias de paralisa\u00e7\u00e3o, Cpers decide encerrar greve - PSOL 50\",\"isPartOf\":{\"@id\":\"https:\/\/psol50.org.br\/#website\"},\"primaryImageOfPage\":{\"@id\":\"https:\/\/psol50.org.br\/apos-15-dias-de-paralisacao-cpers-decide-encerrar-greve\/#primaryimage\"},\"image\":{\"@id\":\"https:\/\/psol50.org.br\/apos-15-dias-de-paralisacao-cpers-decide-encerrar-greve\/#primaryimage\"},\"thumbnailUrl\":\"http:\/\/psol50.org.br\/files\/2011\/12\/Cpers.jpg\",\"datePublished\":\"2011-12-03T00:00:00+00:00\",\"breadcrumb\":{\"@id\":\"https:\/\/psol50.org.br\/apos-15-dias-de-paralisacao-cpers-decide-encerrar-greve\/#breadcrumb\"},\"inLanguage\":\"pt-BR\",\"potentialAction\":[{\"@type\":\"ReadAction\",\"target\":[\"https:\/\/psol50.org.br\/apos-15-dias-de-paralisacao-cpers-decide-encerrar-greve\/\"]}]},{\"@type\":\"ImageObject\",\"inLanguage\":\"pt-BR\",\"@id\":\"https:\/\/psol50.org.br\/apos-15-dias-de-paralisacao-cpers-decide-encerrar-greve\/#primaryimage\",\"url\":\"http:\/\/psol50.org.br\/files\/2011\/12\/Cpers.jpg\",\"contentUrl\":\"http:\/\/psol50.org.br\/files\/2011\/12\/Cpers.jpg\"},{\"@type\":\"BreadcrumbList\",\"@id\":\"https:\/\/psol50.org.br\/apos-15-dias-de-paralisacao-cpers-decide-encerrar-greve\/#breadcrumb\",\"itemListElement\":[{\"@type\":\"ListItem\",\"position\":1,\"name\":\"In\u00edcio\",\"item\":\"https:\/\/psol50.org.br\/\"},{\"@type\":\"ListItem\",\"position\":2,\"name\":\"Ap\u00f3s 15 dias de paralisa\u00e7\u00e3o, Cpers decide encerrar greve\"}]},{\"@type\":\"WebSite\",\"@id\":\"https:\/\/psol50.org.br\/#website\",\"url\":\"https:\/\/psol50.org.br\/\",\"name\":\"PSOL 50\",\"description\":\"Site oficial do Partido Socialismo e Liberdade\",\"publisher\":{\"@id\":\"https:\/\/psol50.org.br\/#organization\"},\"alternateName\":\"PSOL50\",\"potentialAction\":[{\"@type\":\"SearchAction\",\"target\":{\"@type\":\"EntryPoint\",\"urlTemplate\":\"https:\/\/psol50.org.br\/?s={search_term_string}\"},\"query-input\":{\"@type\":\"PropertyValueSpecification\",\"valueRequired\":true,\"valueName\":\"search_term_string\"}}],\"inLanguage\":\"pt-BR\"},{\"@type\":\"Organization\",\"@id\":\"https:\/\/psol50.org.br\/#organization\",\"name\":\"PSOL 50\",\"alternateName\":\"PSOL 50\",\"url\":\"https:\/\/psol50.org.br\/\",\"logo\":{\"@type\":\"ImageObject\",\"inLanguage\":\"pt-BR\",\"@id\":\"https:\/\/psol50.org.br\/#\/schema\/logo\/image\/\",\"url\":\"https:\/\/psol50.org.br\/inc\/uploads\/2018\/07\/capa.png\",\"contentUrl\":\"https:\/\/psol50.org.br\/inc\/uploads\/2018\/07\/capa.png\",\"width\":1350,\"height\":900,\"caption\":\"PSOL 50\"},\"image\":{\"@id\":\"https:\/\/psol50.org.br\/#\/schema\/logo\/image\/\"},\"sameAs\":[\"https:\/\/www.facebook.com\/psol50\",\"https:\/\/x.com\/psol50\",\"https:\/\/www.instagram.com\/psol50\/\",\"https:\/\/www.youtube.com\/channel\/UC7SnJS5o1os7a6CaiNabzcg\"]},{\"@type\":\"Person\",\"@id\":\"https:\/\/psol50.org.br\/#\/schema\/person\/475dfa57d0b815993c714c2e96491fcd\",\"name\":\"Comunica\u00e7\u00e3o PSOL\",\"image\":{\"@type\":\"ImageObject\",\"inLanguage\":\"pt-BR\",\"@id\":\"https:\/\/psol50.org.br\/#\/schema\/person\/image\/\",\"url\":\"https:\/\/secure.gravatar.com\/avatar\/b34fc4f4e468a4e51785917065a3db57b841f5c95dba6ad8c73aaf8f66f8f9bf?s=96&d=mm&r=g\",\"contentUrl\":\"https:\/\/secure.gravatar.com\/avatar\/b34fc4f4e468a4e51785917065a3db57b841f5c95dba6ad8c73aaf8f66f8f9bf?s=96&d=mm&r=g\",\"caption\":\"Comunica\u00e7\u00e3o PSOL\"}}]}<\/script>\n<!-- \/ Yoast SEO plugin. -->","yoast_head_json":{"title":"Ap\u00f3s 15 dias de paralisa\u00e7\u00e3o, Cpers decide encerrar greve - PSOL 50","robots":{"index":"index","follow":"follow","max-snippet":"max-snippet:-1","max-image-preview":"max-image-preview:large","max-video-preview":"max-video-preview:-1"},"canonical":"https:\/\/psol50.org.br\/apos-15-dias-de-paralisacao-cpers-decide-encerrar-greve\/","og_locale":"pt_BR","og_type":"article","og_title":"Ap\u00f3s 15 dias de paralisa\u00e7\u00e3o, Cpers decide encerrar greve - PSOL 50","og_description":"Em assembleia na tarde desta sexta-feira (2) em frente ao Pal\u00e1cio Piratini, o Cpers (Centro dos Professores do Estado do Rio Grande do Sul &#8211; Sindicato dos Trabalhadores em Educa\u00e7\u00e3o) decidiu encerrar a greve iniciada no dia 18 de novembro. O ato ocorreu em frente ao Pal\u00e1cio Piratini, uma semana ap\u00f3s outra reuni\u00e3o no local, [&hellip;]","og_url":"https:\/\/psol50.org.br\/apos-15-dias-de-paralisacao-cpers-decide-encerrar-greve\/","og_site_name":"PSOL 50","article_publisher":"https:\/\/www.facebook.com\/psol50","article_published_time":"2011-12-03T00:00:00+00:00","og_image":[{"url":"http:\/\/psol50.org.br\/files\/2011\/12\/Cpers.jpg","type":"","width":"","height":""}],"author":"Comunica\u00e7\u00e3o PSOL","twitter_card":"summary_large_image","twitter_creator":"@psol50","twitter_site":"@psol50","twitter_misc":{"Escrito por":"Comunica\u00e7\u00e3o PSOL","Est. tempo de leitura":"3 minutos"},"schema":{"@context":"https:\/\/schema.org","@graph":[{"@type":"Article","@id":"https:\/\/psol50.org.br\/apos-15-dias-de-paralisacao-cpers-decide-encerrar-greve\/#article","isPartOf":{"@id":"https:\/\/psol50.org.br\/apos-15-dias-de-paralisacao-cpers-decide-encerrar-greve\/"},"author":{"name":"Comunica\u00e7\u00e3o PSOL","@id":"https:\/\/psol50.org.br\/#\/schema\/person\/475dfa57d0b815993c714c2e96491fcd"},"headline":"Ap\u00f3s 15 dias de paralisa\u00e7\u00e3o, Cpers decide encerrar greve","datePublished":"2011-12-03T00:00:00+00:00","mainEntityOfPage":{"@id":"https:\/\/psol50.org.br\/apos-15-dias-de-paralisacao-cpers-decide-encerrar-greve\/"},"wordCount":596,"commentCount":0,"publisher":{"@id":"https:\/\/psol50.org.br\/#organization"},"image":{"@id":"https:\/\/psol50.org.br\/apos-15-dias-de-paralisacao-cpers-decide-encerrar-greve\/#primaryimage"},"thumbnailUrl":"http:\/\/psol50.org.br\/files\/2011\/12\/Cpers.jpg","articleSection":["Arquivo"],"inLanguage":"pt-BR","potentialAction":[{"@type":"CommentAction","name":"Comment","target":["https:\/\/psol50.org.br\/apos-15-dias-de-paralisacao-cpers-decide-encerrar-greve\/#respond"]}]},{"@type":"WebPage","@id":"https:\/\/psol50.org.br\/apos-15-dias-de-paralisacao-cpers-decide-encerrar-greve\/","url":"https:\/\/psol50.org.br\/apos-15-dias-de-paralisacao-cpers-decide-encerrar-greve\/","name":"Ap\u00f3s 15 dias de paralisa\u00e7\u00e3o, Cpers decide encerrar greve - PSOL 50","isPartOf":{"@id":"https:\/\/psol50.org.br\/#website"},"primaryImageOfPage":{"@id":"https:\/\/psol50.org.br\/apos-15-dias-de-paralisacao-cpers-decide-encerrar-greve\/#primaryimage"},"image":{"@id":"https:\/\/psol50.org.br\/apos-15-dias-de-paralisacao-cpers-decide-encerrar-greve\/#primaryimage"},"thumbnailUrl":"http:\/\/psol50.org.br\/files\/2011\/12\/Cpers.jpg","datePublished":"2011-12-03T00:00:00+00:00","breadcrumb":{"@id":"https:\/\/psol50.org.br\/apos-15-dias-de-paralisacao-cpers-decide-encerrar-greve\/#breadcrumb"},"inLanguage":"pt-BR","potentialAction":[{"@type":"ReadAction","target":["https:\/\/psol50.org.br\/apos-15-dias-de-paralisacao-cpers-decide-encerrar-greve\/"]}]},{"@type":"ImageObject","inLanguage":"pt-BR","@id":"https:\/\/psol50.org.br\/apos-15-dias-de-paralisacao-cpers-decide-encerrar-greve\/#primaryimage","url":"http:\/\/psol50.org.br\/files\/2011\/12\/Cpers.jpg","contentUrl":"http:\/\/psol50.org.br\/files\/2011\/12\/Cpers.jpg"},{"@type":"BreadcrumbList","@id":"https:\/\/psol50.org.br\/apos-15-dias-de-paralisacao-cpers-decide-encerrar-greve\/#breadcrumb","itemListElement":[{"@type":"ListItem","position":1,"name":"In\u00edcio","item":"https:\/\/psol50.org.br\/"},{"@type":"ListItem","position":2,"name":"Ap\u00f3s 15 dias de paralisa\u00e7\u00e3o, Cpers decide encerrar greve"}]},{"@type":"WebSite","@id":"https:\/\/psol50.org.br\/#website","url":"https:\/\/psol50.org.br\/","name":"PSOL 50","description":"Site oficial do Partido Socialismo e Liberdade","publisher":{"@id":"https:\/\/psol50.org.br\/#organization"},"alternateName":"PSOL50","potentialAction":[{"@type":"SearchAction","target":{"@type":"EntryPoint","urlTemplate":"https:\/\/psol50.org.br\/?s={search_term_string}"},"query-input":{"@type":"PropertyValueSpecification","valueRequired":true,"valueName":"search_term_string"}}],"inLanguage":"pt-BR"},{"@type":"Organization","@id":"https:\/\/psol50.org.br\/#organization","name":"PSOL 50","alternateName":"PSOL 50","url":"https:\/\/psol50.org.br\/","logo":{"@type":"ImageObject","inLanguage":"pt-BR","@id":"https:\/\/psol50.org.br\/#\/schema\/logo\/image\/","url":"https:\/\/psol50.org.br\/inc\/uploads\/2018\/07\/capa.png","contentUrl":"https:\/\/psol50.org.br\/inc\/uploads\/2018\/07\/capa.png","width":1350,"height":900,"caption":"PSOL 50"},"image":{"@id":"https:\/\/psol50.org.br\/#\/schema\/logo\/image\/"},"sameAs":["https:\/\/www.facebook.com\/psol50","https:\/\/x.com\/psol50","https:\/\/www.instagram.com\/psol50\/","https:\/\/www.youtube.com\/channel\/UC7SnJS5o1os7a6CaiNabzcg"]},{"@type":"Person","@id":"https:\/\/psol50.org.br\/#\/schema\/person\/475dfa57d0b815993c714c2e96491fcd","name":"Comunica\u00e7\u00e3o PSOL","image":{"@type":"ImageObject","inLanguage":"pt-BR","@id":"https:\/\/psol50.org.br\/#\/schema\/person\/image\/","url":"https:\/\/secure.gravatar.com\/avatar\/b34fc4f4e468a4e51785917065a3db57b841f5c95dba6ad8c73aaf8f66f8f9bf?s=96&d=mm&r=g","contentUrl":"https:\/\/secure.gravatar.com\/avatar\/b34fc4f4e468a4e51785917065a3db57b841f5c95dba6ad8c73aaf8f66f8f9bf?s=96&d=mm&r=g","caption":"Comunica\u00e7\u00e3o PSOL"}}]}},"_links":{"self":[{"href":"https:\/\/psol50.org.br\/rest\/wp\/v2\/posts\/953","targetHints":{"allow":["GET"]}}],"collection":[{"href":"https:\/\/psol50.org.br\/rest\/wp\/v2\/posts"}],"about":[{"href":"https:\/\/psol50.org.br\/rest\/wp\/v2\/types\/post"}],"author":[{"embeddable":true,"href":"https:\/\/psol50.org.br\/rest\/wp\/v2\/users\/2"}],"replies":[{"embeddable":true,"href":"https:\/\/psol50.org.br\/rest\/wp\/v2\/comments?post=953"}],"version-history":[{"count":0,"href":"https:\/\/psol50.org.br\/rest\/wp\/v2\/posts\/953\/revisions"}],"wp:attachment":[{"href":"https:\/\/psol50.org.br\/rest\/wp\/v2\/media?parent=953"}],"wp:term":[{"taxonomy":"category","embeddable":true,"href":"https:\/\/psol50.org.br\/rest\/wp\/v2\/categories?post=953"},{"taxonomy":"post_tag","embeddable":true,"href":"https:\/\/psol50.org.br\/rest\/wp\/v2\/tags?post=953"}],"curies":[{"name":"wp","href":"https:\/\/api.w.org\/{rel}","templated":true}]}}