{"id":9556,"date":"2013-07-08T00:00:00","date_gmt":"2013-07-08T00:00:00","guid":{"rendered":"http:\/\/psol50.org.br\/arquivo\/2013\/07\/08\/as-ruas-e-o-tamanho-de-nossa-ignorancia\/"},"modified":"2013-07-08T00:00:00","modified_gmt":"2013-07-08T00:00:00","slug":"as-ruas-e-o-tamanho-de-nossa-ignorancia","status":"publish","type":"post","link":"https:\/\/psol50.org.br\/as-ruas-e-o-tamanho-de-nossa-ignorancia\/","title":{"rendered":"As ruas e o tamanho de nossa ignor\u00e2ncia"},"content":{"rendered":"<p style=\"text-align: justify;\">\n\t<span style=\"font-size: 12px;\">Frei Betto publicou artigo no Brasil de Fato, em 03\/07. Em \u201cRecado das ruas\u201d, ele analisa as manifesta\u00e7\u00f5es populares das \u00faltimas semanas. Diz que elas \u201cfundem a cuca de analistas e cientistas pol\u00edticos\u201d. Fazem dirigentes partid\u00e1rios e lideran\u00e7as pol\u00edticas se perguntarem: \u201cquem lidera, se n\u00e3o estamos l\u00e1?\u201d<\/p>\n<p>\tBetto diz que sentiu o mesmo ao deixar a pris\u00e3o da ditadura, em 1973. Ao sair, encontrou um movimento social em plena atividade. E perguntou-se: \u201ccomo \u00e9 poss\u00edvel se n\u00f3s, os l\u00edderes, est\u00e1vamos na cadeia?\u201d<\/p>\n<p>\t\u201cComo essa mesma perplexidade, diz o texto, Marx encarou a Comuna de Paris, em 1871; a esquerda francesa, o Maio de 1968; e a esquerda mundial, a queda do Muro de Berlim e o esfacelamento da Uni\u00e3o Sovi\u00e9tica, em 1989\u201d.<\/span><\/p>\n<p>\t<span style=\"font-size: 12px;\">Poder\u00edamos acrescentar a Revolu\u00e7\u00e3o de Fevereiro, na R\u00fassia, em 1917. Contra a vontade dos bolcheviques, as oper\u00e1rias t\u00eaxteis iniciaram uma greve. O movimento acabou inaugurando o processo revolucion\u00e1rio que, em outubro, se completaria com a tomada do poder.<\/p>\n<p>\tNa verdade, as lutas espont\u00e2neas e \u201cn\u00e3o autorizadas\u201d pelas vanguardas s\u00e3o o fermento de qualquer processo revolucion\u00e1rio. \u00c9 nisso que acreditava a grande revolucion\u00e1ria Rosa Luxemburgo, com toda raz\u00e3o. Era uma de suas diverg\u00eancias com L\u00eanin, ainda que ela n\u00e3o negasse a necessidade do partido de vanguarda.<\/p>\n<p>\tN\u00e3o vivemos uma situa\u00e7\u00e3o revolucion\u00e1ria, mas as esquerdas n\u00e3o est\u00e3o \u00e0 altura nem das atuais revoltas. Ou se deixaram amansar pelo poder, ou abandonaram o cotidiano das lutas populares. Agora, as mobiliza\u00e7\u00f5es est\u00e3o a\u00ed, a revelar o tamanho de nossa ignor\u00e2ncia. E parece que n\u00e3o \u00e9 pequena.<\/span><\/p>\n<p>&nbsp;<\/p>\n","protected":false},"excerpt":{"rendered":"<p>Frei Betto publicou artigo no Brasil de Fato, em 03\/07. Em \u201cRecado das ruas\u201d, ele analisa as manifesta\u00e7\u00f5es populares das \u00faltimas semanas. Diz que elas \u201cfundem a cuca de analistas e cientistas pol\u00edticos\u201d. Fazem dirigentes partid\u00e1rios e lideran\u00e7as pol\u00edticas se perguntarem: \u201cquem lidera, se n\u00e3o estamos l\u00e1?\u201d Betto diz que sentiu o mesmo ao deixar [&hellip;]<\/p>\n","protected":false},"author":2,"featured_media":0,"comment_status":"open","ping_status":"open","sticky":false,"template":"","format":"standard","meta":{"_acf_changed":false,"footnotes":""},"categories":[3],"tags":[4958],"class_list":{"0":"post-9556","1":"post","2":"type-post","3":"status-publish","4":"format-standard","6":"category-artigos-e-entrevistas","7":"tag-sergio-domingues"},"acf":[],"yoast_head":"<!-- This site is optimized with the Yoast SEO plugin v26.5 - https:\/\/yoast.com\/wordpress\/plugins\/seo\/ -->\n<title>As ruas e o tamanho de nossa ignor\u00e2ncia - PSOL 50<\/title>\n<meta name=\"robots\" content=\"index, follow, max-snippet:-1, max-image-preview:large, max-video-preview:-1\" \/>\n<link rel=\"canonical\" href=\"https:\/\/psol50.org.br\/as-ruas-e-o-tamanho-de-nossa-ignorancia\/\" \/>\n<meta property=\"og:locale\" content=\"pt_BR\" \/>\n<meta property=\"og:type\" content=\"article\" \/>\n<meta property=\"og:title\" content=\"As ruas e o tamanho de nossa ignor\u00e2ncia - PSOL 50\" \/>\n<meta property=\"og:description\" content=\"Frei Betto publicou artigo no Brasil de Fato, em 03\/07. Em \u201cRecado das ruas\u201d, ele analisa as manifesta\u00e7\u00f5es populares das \u00faltimas semanas. Diz que elas \u201cfundem a cuca de analistas e cientistas pol\u00edticos\u201d. Fazem dirigentes partid\u00e1rios e lideran\u00e7as pol\u00edticas se perguntarem: \u201cquem lidera, se n\u00e3o estamos l\u00e1?\u201d Betto diz que sentiu o mesmo ao deixar [&hellip;]\" \/>\n<meta property=\"og:url\" content=\"https:\/\/psol50.org.br\/as-ruas-e-o-tamanho-de-nossa-ignorancia\/\" \/>\n<meta property=\"og:site_name\" content=\"PSOL 50\" \/>\n<meta property=\"article:publisher\" content=\"https:\/\/www.facebook.com\/psol50\" \/>\n<meta property=\"article:published_time\" content=\"2013-07-08T00:00:00+00:00\" \/>\n<meta property=\"og:image\" content=\"https:\/\/psol50.org.br\/inc\/uploads\/2018\/07\/capa.png\" \/>\n\t<meta property=\"og:image:width\" content=\"1350\" \/>\n\t<meta property=\"og:image:height\" content=\"900\" \/>\n\t<meta property=\"og:image:type\" content=\"image\/png\" \/>\n<meta name=\"author\" content=\"Comunica\u00e7\u00e3o PSOL\" \/>\n<meta name=\"twitter:card\" content=\"summary_large_image\" \/>\n<meta name=\"twitter:creator\" content=\"@psol50\" \/>\n<meta name=\"twitter:site\" content=\"@psol50\" \/>\n<meta name=\"twitter:label1\" content=\"Escrito por\" \/>\n\t<meta name=\"twitter:data1\" content=\"Comunica\u00e7\u00e3o PSOL\" \/>\n\t<meta name=\"twitter:label2\" content=\"Est. tempo de leitura\" \/>\n\t<meta name=\"twitter:data2\" content=\"1 minuto\" \/>\n<script type=\"application\/ld+json\" class=\"yoast-schema-graph\">{\"@context\":\"https:\/\/schema.org\",\"@graph\":[{\"@type\":\"Article\",\"@id\":\"https:\/\/psol50.org.br\/as-ruas-e-o-tamanho-de-nossa-ignorancia\/#article\",\"isPartOf\":{\"@id\":\"https:\/\/psol50.org.br\/as-ruas-e-o-tamanho-de-nossa-ignorancia\/\"},\"author\":{\"name\":\"Comunica\u00e7\u00e3o PSOL\",\"@id\":\"https:\/\/psol50.org.br\/#\/schema\/person\/475dfa57d0b815993c714c2e96491fcd\"},\"headline\":\"As ruas e o tamanho de nossa ignor\u00e2ncia\",\"datePublished\":\"2013-07-08T00:00:00+00:00\",\"mainEntityOfPage\":{\"@id\":\"https:\/\/psol50.org.br\/as-ruas-e-o-tamanho-de-nossa-ignorancia\/\"},\"wordCount\":291,\"commentCount\":0,\"publisher\":{\"@id\":\"https:\/\/psol50.org.br\/#organization\"},\"keywords\":[\"S\u00e9rgio Domingues\"],\"articleSection\":[\"Artigos\"],\"inLanguage\":\"pt-BR\",\"potentialAction\":[{\"@type\":\"CommentAction\",\"name\":\"Comment\",\"target\":[\"https:\/\/psol50.org.br\/as-ruas-e-o-tamanho-de-nossa-ignorancia\/#respond\"]}]},{\"@type\":\"WebPage\",\"@id\":\"https:\/\/psol50.org.br\/as-ruas-e-o-tamanho-de-nossa-ignorancia\/\",\"url\":\"https:\/\/psol50.org.br\/as-ruas-e-o-tamanho-de-nossa-ignorancia\/\",\"name\":\"As ruas e o tamanho de nossa ignor\u00e2ncia - PSOL 50\",\"isPartOf\":{\"@id\":\"https:\/\/psol50.org.br\/#website\"},\"datePublished\":\"2013-07-08T00:00:00+00:00\",\"breadcrumb\":{\"@id\":\"https:\/\/psol50.org.br\/as-ruas-e-o-tamanho-de-nossa-ignorancia\/#breadcrumb\"},\"inLanguage\":\"pt-BR\",\"potentialAction\":[{\"@type\":\"ReadAction\",\"target\":[\"https:\/\/psol50.org.br\/as-ruas-e-o-tamanho-de-nossa-ignorancia\/\"]}]},{\"@type\":\"BreadcrumbList\",\"@id\":\"https:\/\/psol50.org.br\/as-ruas-e-o-tamanho-de-nossa-ignorancia\/#breadcrumb\",\"itemListElement\":[{\"@type\":\"ListItem\",\"position\":1,\"name\":\"In\u00edcio\",\"item\":\"https:\/\/psol50.org.br\/\"},{\"@type\":\"ListItem\",\"position\":2,\"name\":\"As ruas e o tamanho de nossa ignor\u00e2ncia\"}]},{\"@type\":\"WebSite\",\"@id\":\"https:\/\/psol50.org.br\/#website\",\"url\":\"https:\/\/psol50.org.br\/\",\"name\":\"PSOL 50\",\"description\":\"Site oficial do Partido Socialismo e Liberdade\",\"publisher\":{\"@id\":\"https:\/\/psol50.org.br\/#organization\"},\"alternateName\":\"PSOL50\",\"potentialAction\":[{\"@type\":\"SearchAction\",\"target\":{\"@type\":\"EntryPoint\",\"urlTemplate\":\"https:\/\/psol50.org.br\/?s={search_term_string}\"},\"query-input\":{\"@type\":\"PropertyValueSpecification\",\"valueRequired\":true,\"valueName\":\"search_term_string\"}}],\"inLanguage\":\"pt-BR\"},{\"@type\":\"Organization\",\"@id\":\"https:\/\/psol50.org.br\/#organization\",\"name\":\"PSOL 50\",\"alternateName\":\"PSOL 50\",\"url\":\"https:\/\/psol50.org.br\/\",\"logo\":{\"@type\":\"ImageObject\",\"inLanguage\":\"pt-BR\",\"@id\":\"https:\/\/psol50.org.br\/#\/schema\/logo\/image\/\",\"url\":\"https:\/\/psol50.org.br\/inc\/uploads\/2018\/07\/capa.png\",\"contentUrl\":\"https:\/\/psol50.org.br\/inc\/uploads\/2018\/07\/capa.png\",\"width\":1350,\"height\":900,\"caption\":\"PSOL 50\"},\"image\":{\"@id\":\"https:\/\/psol50.org.br\/#\/schema\/logo\/image\/\"},\"sameAs\":[\"https:\/\/www.facebook.com\/psol50\",\"https:\/\/x.com\/psol50\",\"https:\/\/www.instagram.com\/psol50\/\",\"https:\/\/www.youtube.com\/channel\/UC7SnJS5o1os7a6CaiNabzcg\"]},{\"@type\":\"Person\",\"@id\":\"https:\/\/psol50.org.br\/#\/schema\/person\/475dfa57d0b815993c714c2e96491fcd\",\"name\":\"Comunica\u00e7\u00e3o PSOL\",\"image\":{\"@type\":\"ImageObject\",\"inLanguage\":\"pt-BR\",\"@id\":\"https:\/\/psol50.org.br\/#\/schema\/person\/image\/\",\"url\":\"https:\/\/secure.gravatar.com\/avatar\/b34fc4f4e468a4e51785917065a3db57b841f5c95dba6ad8c73aaf8f66f8f9bf?s=96&d=mm&r=g\",\"contentUrl\":\"https:\/\/secure.gravatar.com\/avatar\/b34fc4f4e468a4e51785917065a3db57b841f5c95dba6ad8c73aaf8f66f8f9bf?s=96&d=mm&r=g\",\"caption\":\"Comunica\u00e7\u00e3o PSOL\"}}]}<\/script>\n<!-- \/ Yoast SEO plugin. -->","yoast_head_json":{"title":"As ruas e o tamanho de nossa ignor\u00e2ncia - PSOL 50","robots":{"index":"index","follow":"follow","max-snippet":"max-snippet:-1","max-image-preview":"max-image-preview:large","max-video-preview":"max-video-preview:-1"},"canonical":"https:\/\/psol50.org.br\/as-ruas-e-o-tamanho-de-nossa-ignorancia\/","og_locale":"pt_BR","og_type":"article","og_title":"As ruas e o tamanho de nossa ignor\u00e2ncia - PSOL 50","og_description":"Frei Betto publicou artigo no Brasil de Fato, em 03\/07. Em \u201cRecado das ruas\u201d, ele analisa as manifesta\u00e7\u00f5es populares das \u00faltimas semanas. Diz que elas \u201cfundem a cuca de analistas e cientistas pol\u00edticos\u201d. Fazem dirigentes partid\u00e1rios e lideran\u00e7as pol\u00edticas se perguntarem: \u201cquem lidera, se n\u00e3o estamos l\u00e1?\u201d Betto diz que sentiu o mesmo ao deixar [&hellip;]","og_url":"https:\/\/psol50.org.br\/as-ruas-e-o-tamanho-de-nossa-ignorancia\/","og_site_name":"PSOL 50","article_publisher":"https:\/\/www.facebook.com\/psol50","article_published_time":"2013-07-08T00:00:00+00:00","og_image":[{"width":1350,"height":900,"url":"https:\/\/psol50.org.br\/inc\/uploads\/2018\/07\/capa.png","type":"image\/png"}],"author":"Comunica\u00e7\u00e3o PSOL","twitter_card":"summary_large_image","twitter_creator":"@psol50","twitter_site":"@psol50","twitter_misc":{"Escrito por":"Comunica\u00e7\u00e3o PSOL","Est. tempo de leitura":"1 minuto"},"schema":{"@context":"https:\/\/schema.org","@graph":[{"@type":"Article","@id":"https:\/\/psol50.org.br\/as-ruas-e-o-tamanho-de-nossa-ignorancia\/#article","isPartOf":{"@id":"https:\/\/psol50.org.br\/as-ruas-e-o-tamanho-de-nossa-ignorancia\/"},"author":{"name":"Comunica\u00e7\u00e3o PSOL","@id":"https:\/\/psol50.org.br\/#\/schema\/person\/475dfa57d0b815993c714c2e96491fcd"},"headline":"As ruas e o tamanho de nossa ignor\u00e2ncia","datePublished":"2013-07-08T00:00:00+00:00","mainEntityOfPage":{"@id":"https:\/\/psol50.org.br\/as-ruas-e-o-tamanho-de-nossa-ignorancia\/"},"wordCount":291,"commentCount":0,"publisher":{"@id":"https:\/\/psol50.org.br\/#organization"},"keywords":["S\u00e9rgio Domingues"],"articleSection":["Artigos"],"inLanguage":"pt-BR","potentialAction":[{"@type":"CommentAction","name":"Comment","target":["https:\/\/psol50.org.br\/as-ruas-e-o-tamanho-de-nossa-ignorancia\/#respond"]}]},{"@type":"WebPage","@id":"https:\/\/psol50.org.br\/as-ruas-e-o-tamanho-de-nossa-ignorancia\/","url":"https:\/\/psol50.org.br\/as-ruas-e-o-tamanho-de-nossa-ignorancia\/","name":"As ruas e o tamanho de nossa ignor\u00e2ncia - PSOL 50","isPartOf":{"@id":"https:\/\/psol50.org.br\/#website"},"datePublished":"2013-07-08T00:00:00+00:00","breadcrumb":{"@id":"https:\/\/psol50.org.br\/as-ruas-e-o-tamanho-de-nossa-ignorancia\/#breadcrumb"},"inLanguage":"pt-BR","potentialAction":[{"@type":"ReadAction","target":["https:\/\/psol50.org.br\/as-ruas-e-o-tamanho-de-nossa-ignorancia\/"]}]},{"@type":"BreadcrumbList","@id":"https:\/\/psol50.org.br\/as-ruas-e-o-tamanho-de-nossa-ignorancia\/#breadcrumb","itemListElement":[{"@type":"ListItem","position":1,"name":"In\u00edcio","item":"https:\/\/psol50.org.br\/"},{"@type":"ListItem","position":2,"name":"As ruas e o tamanho de nossa ignor\u00e2ncia"}]},{"@type":"WebSite","@id":"https:\/\/psol50.org.br\/#website","url":"https:\/\/psol50.org.br\/","name":"PSOL 50","description":"Site oficial do Partido Socialismo e Liberdade","publisher":{"@id":"https:\/\/psol50.org.br\/#organization"},"alternateName":"PSOL50","potentialAction":[{"@type":"SearchAction","target":{"@type":"EntryPoint","urlTemplate":"https:\/\/psol50.org.br\/?s={search_term_string}"},"query-input":{"@type":"PropertyValueSpecification","valueRequired":true,"valueName":"search_term_string"}}],"inLanguage":"pt-BR"},{"@type":"Organization","@id":"https:\/\/psol50.org.br\/#organization","name":"PSOL 50","alternateName":"PSOL 50","url":"https:\/\/psol50.org.br\/","logo":{"@type":"ImageObject","inLanguage":"pt-BR","@id":"https:\/\/psol50.org.br\/#\/schema\/logo\/image\/","url":"https:\/\/psol50.org.br\/inc\/uploads\/2018\/07\/capa.png","contentUrl":"https:\/\/psol50.org.br\/inc\/uploads\/2018\/07\/capa.png","width":1350,"height":900,"caption":"PSOL 50"},"image":{"@id":"https:\/\/psol50.org.br\/#\/schema\/logo\/image\/"},"sameAs":["https:\/\/www.facebook.com\/psol50","https:\/\/x.com\/psol50","https:\/\/www.instagram.com\/psol50\/","https:\/\/www.youtube.com\/channel\/UC7SnJS5o1os7a6CaiNabzcg"]},{"@type":"Person","@id":"https:\/\/psol50.org.br\/#\/schema\/person\/475dfa57d0b815993c714c2e96491fcd","name":"Comunica\u00e7\u00e3o PSOL","image":{"@type":"ImageObject","inLanguage":"pt-BR","@id":"https:\/\/psol50.org.br\/#\/schema\/person\/image\/","url":"https:\/\/secure.gravatar.com\/avatar\/b34fc4f4e468a4e51785917065a3db57b841f5c95dba6ad8c73aaf8f66f8f9bf?s=96&d=mm&r=g","contentUrl":"https:\/\/secure.gravatar.com\/avatar\/b34fc4f4e468a4e51785917065a3db57b841f5c95dba6ad8c73aaf8f66f8f9bf?s=96&d=mm&r=g","caption":"Comunica\u00e7\u00e3o PSOL"}}]}},"_links":{"self":[{"href":"https:\/\/psol50.org.br\/rest\/wp\/v2\/posts\/9556","targetHints":{"allow":["GET"]}}],"collection":[{"href":"https:\/\/psol50.org.br\/rest\/wp\/v2\/posts"}],"about":[{"href":"https:\/\/psol50.org.br\/rest\/wp\/v2\/types\/post"}],"author":[{"embeddable":true,"href":"https:\/\/psol50.org.br\/rest\/wp\/v2\/users\/2"}],"replies":[{"embeddable":true,"href":"https:\/\/psol50.org.br\/rest\/wp\/v2\/comments?post=9556"}],"version-history":[{"count":0,"href":"https:\/\/psol50.org.br\/rest\/wp\/v2\/posts\/9556\/revisions"}],"wp:attachment":[{"href":"https:\/\/psol50.org.br\/rest\/wp\/v2\/media?parent=9556"}],"wp:term":[{"taxonomy":"category","embeddable":true,"href":"https:\/\/psol50.org.br\/rest\/wp\/v2\/categories?post=9556"},{"taxonomy":"post_tag","embeddable":true,"href":"https:\/\/psol50.org.br\/rest\/wp\/v2\/tags?post=9556"}],"curies":[{"name":"wp","href":"https:\/\/api.w.org\/{rel}","templated":true}]}}