{"id":9575,"date":"2013-10-04T00:00:00","date_gmt":"2013-10-04T00:00:00","guid":{"rendered":"http:\/\/psol50.org.br\/arquivo\/2013\/10\/04\/democracia-em-movimento\/"},"modified":"2013-10-04T00:00:00","modified_gmt":"2013-10-04T00:00:00","slug":"democracia-em-movimento","status":"publish","type":"post","link":"https:\/\/psol50.org.br\/democracia-em-movimento\/","title":{"rendered":"Democracia em movimento*"},"content":{"rendered":"<div style=\"text-align: justify;\">\n\t<em>Avan\u00e7os sociais, inclus\u00e3o popular e elei\u00e7\u00f5es peri\u00f3dicas garantem democracia venezuelana<\/em><br \/>\n\t&nbsp;<br \/>\n\t\u00c9 poss\u00edvel dizer que a Venezuela \u00e9 uma democracia consolidada?<\/p>\n<p>\tSe a m\u00e9trica para se definir essa quest\u00e3o for a compara\u00e7\u00e3o com outros pa\u00edses ao redor do mundo, a resposta \u00e9 afirmativa.<\/p>\n<p>\tN\u00e3o existem democracias ideais. Muito menos nos pa\u00edses que se autointitulam \u201cgrandes democracias ocidentais\u201d.<\/p>\n<p>\tA exist\u00eancia de uma intrincada teia de espionagem patrocinada pelo governo dos Estados Unidos e revelada pelo ex-agente da NSA (Ag\u00eancia de Seguran\u00e7a Nacional) Edward Snowden mostra que o sistema pol\u00edtico daquele pa\u00eds pouco tem de democr\u00e1tico.<\/p>\n<p>\tAl\u00e9m disso, h\u00e1 elei\u00e7\u00f5es peri\u00f3dicas, nas quais tradicionalmente menos de um ter\u00e7o dos eleitores comparecem \u00e0s urnas. H\u00e1 dezenas de partidos, mas s\u00f3 dois t\u00eam dinheiro e condi\u00e7\u00f5es de fazer uma campanha de verdade. Assim, n\u00e3o h\u00e1 rotatividade real de poder. As grandes corpora\u00e7\u00f5es financeiras e industriais seguem dirigindo as engrenagens de mando naquela que \u00e9 considerada a \u201cmaior democracia do mundo\u201d.<\/p>\n<p>\tNa Europa, a situa\u00e7\u00e3o n\u00e3o \u00e9 diferente. Na Espanha, em Portugal e na Gr\u00e9cia, por exemplo, h\u00e1 anos o povo vai \u00e0s ruas para exigir altera\u00e7\u00f5es num modelo econ\u00f4mico que exacerba o desemprego e leva milh\u00f5es ao desespero. H\u00e1 elei\u00e7\u00f5es regulares, sem que se toque nos centros efetivos de poder: os grandes monop\u00f3lios e sua capacidade de ordenar as linhas mestras da economia.<\/p>\n<p>\t<strong>Democracia pol\u00edtica e social<\/strong><br \/>\n\tA democracia real n\u00e3o se restringe ao voto. Ela s\u00f3 ser\u00e1 efetiva quando tiver como objetivo essencial a redu\u00e7\u00e3o das desigualdades sociais.<\/p>\n<p>\tEleger, ser eleito, ter direito de ir e vir, de se reunir, de organizar, de protestar, de opinar, de n\u00e3o ser arbitrariamente detido, entre outras caracter\u00edsticas formam um conjunto de regras para a conquista de prerrogativas da cidadania. Estes s\u00e3o o direito \u00e0 moradia, \u00e0 alimenta\u00e7\u00e3o, ao emprego, \u00e0 sa\u00fade, ao bem viver, ao desenvolvimento e \u00e0 transforma\u00e7\u00e3o social.<\/p>\n<p>\tNesse quadro, as democracias europeias est\u00e3o em franca decad\u00eancia. O n\u00edvel de vida piora, h\u00e1 s\u00e9rias amea\u00e7as a imigrantes e a pobreza e a concentra\u00e7\u00e3o de renda aumentam.<\/p>\n<p>\tO mesmo pode ser dito dos Estados Unidos, num panorama que se agrava a partir da crise de 2008-09. N\u00e3o \u00e9 poss\u00edvel separar democracia pol\u00edtica de democracia social.<\/p>\n<p>\tVoltemos ao Caribe.<\/p>\n<p>\t<strong>Disputas na Venezuela<\/strong><br \/>\n\tA Venezuela foi o \u00fanico pa\u00eds sul-americano, juntamente com a Col\u00f4mbia, que n\u00e3o enfrentou o ciclo de ditaduras militares entre as d\u00e9cadas de 1960-80. A riqueza do petr\u00f3leo satisfazia o consumo de bens de luxo por parte da elite e deixava as migalhas para o resto da popula\u00e7\u00e3o.<\/p>\n<p>\tIsso permitiu que houvesse um funcionamento formal de institui\u00e7\u00f5es pr\u00f3prias da democracia \u2013 judici\u00e1rio, congresso, processos eleitorais, entre outros \u2013 enquanto se desatava uma feroz repress\u00e3o contra os setores populares.<\/p>\n<p>\tEssa contradi\u00e7\u00e3o entre a democracia de fachada e a exclus\u00e3o econ\u00f4mica aflorou no final dos anos 1980 e levou a chamada socialdemocracia venezuelana a pique.<br \/>\n\t&nbsp;<br \/>\n\tA tarefa de Hugo Ch\u00e1vez, ao assumir a presid\u00eancia em 1999, foi construir uma nova din\u00e2mica participativa na sociedade.<\/p>\n<p>\t<strong>Pol\u00edtica e sociedade<\/strong><br \/>\n\tQuase quinze anos depois, h\u00e1 avan\u00e7os na democracia pol\u00edtica e na democracia social.<\/p>\n<p>\tJ\u00e1 \u00e9 conhecido o fato de o pa\u00eds ter realizado, entre dezembro de 1999 e maio de 2013, 18 processos eleitorais, que v\u00e3o da escolha de presidente da Rep\u00fablica, governadores e prefeitos at\u00e9 o sufr\u00e1gio em deputados federais, estaduais e vereadores. Isso sem contar o mecanismo do referendo revogat\u00f3rio, que faculta ao cidad\u00e3o retirar o mandato de qualquer lideran\u00e7a eleita que n\u00e3o cumpra seu papel a contento.<\/p>\n<p>\tO pa\u00eds tem, desde 2000, a Constitui\u00e7\u00e3o mais democr\u00e1tica de sua hist\u00f3ria, garantindo direitos \u00e0s minorias e \u00e0s popula\u00e7\u00f5es vulner\u00e1veis. O governo Ch\u00e1vez possibilitou o ingresso de vastos setores anteriormente marginalizados na vida pol\u00edtica.<\/p>\n<p>\tNo \u00e2mbito social, o pa\u00eds ocupa a 71\u00aa posi\u00e7\u00e3o no \u00cdndice de Desenvolvimento Social (IDH) da ONU. O Brasil est\u00e1 na 85\u00aa e a Col\u00f4mbia na 91\u00aa posi\u00e7\u00f5es.<\/p>\n<p>\tOs percentuais de pobreza e indig\u00eancia desabaram. Em 2002, 48,6% da popula\u00e7\u00e3o eram classificados como pobres e 22,2% enfrentavam indig\u00eancia. Em 2011, a pobreza caiu para 29,5% e a indig\u00eancia para 11,7% da popula\u00e7\u00e3o.<\/p>\n<p>\tEm 1999, os 40% mais pobres da popula\u00e7\u00e3o ficavam com 14,5% da renda nacional e os 10% mais ricos detinham 31,5%. Em 2011, os mais pobres ficaram com 20,1% e os 10% mais ricos com 23%. Os <em><u><a href=\"http:\/\/www.eclac.cl\/publicaciones\/xml\/5\/48455\/PanoramaSocial2012.pdf\" target=\"_blank\" rel=\"noopener\">indicadores s\u00e3o<\/a><\/u><\/em> da Comiss\u00e3o Econ\u00f4mica para Am\u00e9rica Latina e Caribe (Cepal), da ONU.<\/p>\n<p>\tDe acordo com o mesmo \u00f3rg\u00e3o, o pa\u00eds cresceu 5% em 2012 e crescer\u00e1 3% no ano que vem. O contraste com a baix\u00edssima expans\u00e3o europeia \u00e9 gritante. Mesmo se comparado ao Brasil (1,6% em 2012), o indicador local \u00e9 soberbo.&nbsp;Quem se der ao trabalho de buscar os <em><u><a href=\"http:\/\/www.eclac.cl\/publicaciones\/xml\/0\/48060\/estudo_economico2012.pdf\" target=\"_blank\" rel=\"noopener\">relat\u00f3rios da Cepal<\/a><\/u><\/em>, encontrar\u00e1 muito mais.<\/p>\n<p>\t<strong>Problemas e sa\u00eddas<\/strong><br \/>\n\tA Venezuela est\u00e1 longe de ser uma maravilha. &nbsp;H\u00e1 problemas, e muitos. Subsiste na economia um renitente processo inflacion\u00e1rio, que bateu os 40% no primeiro semestre deste ano. H\u00e1 travas estruturais ao desenvolvimento da ind\u00fastria, pelo fato de a riqueza gerada pela economia petroleira incentivar a importa\u00e7\u00e3o de manufaturados e n\u00e3o sua produ\u00e7\u00e3o interna. Embora a maior parte da popula\u00e7\u00e3o esteja integrada ao mercado de consumo, este \u00e9 pequeno para atrair investimentos produtivos em larga escala.<\/p>\n<p>\tNo terreno dos costumes, ainda subsiste um forte componente machista nas rela\u00e7\u00f5es sociais.<\/p>\n<p>\tMas o quadro tendencial \u00e9 de amplia\u00e7\u00e3o de direitos e de qualidade de vida. \u00c9 o inverso do que vem ocorrendo no que se costuma chamar de mundo rico.<\/p>\n<p>\tA combina\u00e7\u00e3o de progresso social com efervesc\u00eancia participativa \u00e9 que solidifica a democracia venezuelana. Que segue em movimento.<br \/>\n\t&nbsp;<br \/>\n\t*Artigo originalmente publicado no portal Opera Mundi<\/div>\n","protected":false},"excerpt":{"rendered":"<p>Avan\u00e7os sociais, inclus\u00e3o popular e elei\u00e7\u00f5es peri\u00f3dicas garantem democracia venezuelana &nbsp; \u00c9 poss\u00edvel dizer que a Venezuela \u00e9 uma democracia consolidada? Se a m\u00e9trica para se definir essa quest\u00e3o for a compara\u00e7\u00e3o com outros pa\u00edses ao redor do mundo, a resposta \u00e9 afirmativa. N\u00e3o existem democracias ideais. Muito menos nos pa\u00edses que se autointitulam \u201cgrandes [&hellip;]<\/p>\n","protected":false},"author":2,"featured_media":0,"comment_status":"open","ping_status":"open","sticky":false,"template":"","format":"standard","meta":{"_acf_changed":false,"footnotes":""},"categories":[3],"tags":[2970],"class_list":{"0":"post-9575","1":"post","2":"type-post","3":"status-publish","4":"format-standard","6":"category-artigos-e-entrevistas","7":"tag-gilberto-maringoni"},"acf":[],"yoast_head":"<!-- This site is optimized with the Yoast SEO plugin v26.5 - https:\/\/yoast.com\/wordpress\/plugins\/seo\/ -->\n<title>Democracia em movimento* - PSOL 50<\/title>\n<meta name=\"robots\" content=\"index, follow, max-snippet:-1, max-image-preview:large, max-video-preview:-1\" \/>\n<link rel=\"canonical\" href=\"https:\/\/psol50.org.br\/democracia-em-movimento\/\" \/>\n<meta property=\"og:locale\" content=\"pt_BR\" \/>\n<meta property=\"og:type\" content=\"article\" \/>\n<meta property=\"og:title\" content=\"Democracia em movimento* - PSOL 50\" \/>\n<meta property=\"og:description\" content=\"Avan\u00e7os sociais, inclus\u00e3o popular e elei\u00e7\u00f5es peri\u00f3dicas garantem democracia venezuelana &nbsp; \u00c9 poss\u00edvel dizer que a Venezuela \u00e9 uma democracia consolidada? Se a m\u00e9trica para se definir essa quest\u00e3o for a compara\u00e7\u00e3o com outros pa\u00edses ao redor do mundo, a resposta \u00e9 afirmativa. N\u00e3o existem democracias ideais. Muito menos nos pa\u00edses que se autointitulam \u201cgrandes [&hellip;]\" \/>\n<meta property=\"og:url\" content=\"https:\/\/psol50.org.br\/democracia-em-movimento\/\" \/>\n<meta property=\"og:site_name\" content=\"PSOL 50\" \/>\n<meta property=\"article:publisher\" content=\"https:\/\/www.facebook.com\/psol50\" \/>\n<meta property=\"article:published_time\" content=\"2013-10-04T00:00:00+00:00\" \/>\n<meta property=\"og:image\" content=\"https:\/\/psol50.org.br\/inc\/uploads\/2018\/07\/capa.png\" \/>\n\t<meta property=\"og:image:width\" content=\"1350\" \/>\n\t<meta property=\"og:image:height\" content=\"900\" \/>\n\t<meta property=\"og:image:type\" content=\"image\/png\" \/>\n<meta name=\"author\" content=\"Comunica\u00e7\u00e3o PSOL\" \/>\n<meta name=\"twitter:card\" content=\"summary_large_image\" \/>\n<meta name=\"twitter:creator\" content=\"@psol50\" \/>\n<meta name=\"twitter:site\" content=\"@psol50\" \/>\n<meta name=\"twitter:label1\" content=\"Escrito por\" \/>\n\t<meta name=\"twitter:data1\" content=\"Comunica\u00e7\u00e3o PSOL\" \/>\n\t<meta name=\"twitter:label2\" content=\"Est. tempo de leitura\" \/>\n\t<meta name=\"twitter:data2\" content=\"5 minutos\" \/>\n<script type=\"application\/ld+json\" class=\"yoast-schema-graph\">{\"@context\":\"https:\/\/schema.org\",\"@graph\":[{\"@type\":\"Article\",\"@id\":\"https:\/\/psol50.org.br\/democracia-em-movimento\/#article\",\"isPartOf\":{\"@id\":\"https:\/\/psol50.org.br\/democracia-em-movimento\/\"},\"author\":{\"name\":\"Comunica\u00e7\u00e3o PSOL\",\"@id\":\"https:\/\/psol50.org.br\/#\/schema\/person\/475dfa57d0b815993c714c2e96491fcd\"},\"headline\":\"Democracia em movimento*\",\"datePublished\":\"2013-10-04T00:00:00+00:00\",\"mainEntityOfPage\":{\"@id\":\"https:\/\/psol50.org.br\/democracia-em-movimento\/\"},\"wordCount\":992,\"commentCount\":0,\"publisher\":{\"@id\":\"https:\/\/psol50.org.br\/#organization\"},\"keywords\":[\"Gilberto Maringoni\"],\"articleSection\":[\"Artigos\"],\"inLanguage\":\"pt-BR\",\"potentialAction\":[{\"@type\":\"CommentAction\",\"name\":\"Comment\",\"target\":[\"https:\/\/psol50.org.br\/democracia-em-movimento\/#respond\"]}]},{\"@type\":\"WebPage\",\"@id\":\"https:\/\/psol50.org.br\/democracia-em-movimento\/\",\"url\":\"https:\/\/psol50.org.br\/democracia-em-movimento\/\",\"name\":\"Democracia em movimento* - PSOL 50\",\"isPartOf\":{\"@id\":\"https:\/\/psol50.org.br\/#website\"},\"datePublished\":\"2013-10-04T00:00:00+00:00\",\"breadcrumb\":{\"@id\":\"https:\/\/psol50.org.br\/democracia-em-movimento\/#breadcrumb\"},\"inLanguage\":\"pt-BR\",\"potentialAction\":[{\"@type\":\"ReadAction\",\"target\":[\"https:\/\/psol50.org.br\/democracia-em-movimento\/\"]}]},{\"@type\":\"BreadcrumbList\",\"@id\":\"https:\/\/psol50.org.br\/democracia-em-movimento\/#breadcrumb\",\"itemListElement\":[{\"@type\":\"ListItem\",\"position\":1,\"name\":\"In\u00edcio\",\"item\":\"https:\/\/psol50.org.br\/\"},{\"@type\":\"ListItem\",\"position\":2,\"name\":\"Democracia em movimento*\"}]},{\"@type\":\"WebSite\",\"@id\":\"https:\/\/psol50.org.br\/#website\",\"url\":\"https:\/\/psol50.org.br\/\",\"name\":\"PSOL 50\",\"description\":\"Site oficial do Partido Socialismo e Liberdade\",\"publisher\":{\"@id\":\"https:\/\/psol50.org.br\/#organization\"},\"alternateName\":\"PSOL50\",\"potentialAction\":[{\"@type\":\"SearchAction\",\"target\":{\"@type\":\"EntryPoint\",\"urlTemplate\":\"https:\/\/psol50.org.br\/?s={search_term_string}\"},\"query-input\":{\"@type\":\"PropertyValueSpecification\",\"valueRequired\":true,\"valueName\":\"search_term_string\"}}],\"inLanguage\":\"pt-BR\"},{\"@type\":\"Organization\",\"@id\":\"https:\/\/psol50.org.br\/#organization\",\"name\":\"PSOL 50\",\"alternateName\":\"PSOL 50\",\"url\":\"https:\/\/psol50.org.br\/\",\"logo\":{\"@type\":\"ImageObject\",\"inLanguage\":\"pt-BR\",\"@id\":\"https:\/\/psol50.org.br\/#\/schema\/logo\/image\/\",\"url\":\"https:\/\/psol50.org.br\/inc\/uploads\/2018\/07\/capa.png\",\"contentUrl\":\"https:\/\/psol50.org.br\/inc\/uploads\/2018\/07\/capa.png\",\"width\":1350,\"height\":900,\"caption\":\"PSOL 50\"},\"image\":{\"@id\":\"https:\/\/psol50.org.br\/#\/schema\/logo\/image\/\"},\"sameAs\":[\"https:\/\/www.facebook.com\/psol50\",\"https:\/\/x.com\/psol50\",\"https:\/\/www.instagram.com\/psol50\/\",\"https:\/\/www.youtube.com\/channel\/UC7SnJS5o1os7a6CaiNabzcg\"]},{\"@type\":\"Person\",\"@id\":\"https:\/\/psol50.org.br\/#\/schema\/person\/475dfa57d0b815993c714c2e96491fcd\",\"name\":\"Comunica\u00e7\u00e3o PSOL\",\"image\":{\"@type\":\"ImageObject\",\"inLanguage\":\"pt-BR\",\"@id\":\"https:\/\/psol50.org.br\/#\/schema\/person\/image\/\",\"url\":\"https:\/\/secure.gravatar.com\/avatar\/b34fc4f4e468a4e51785917065a3db57b841f5c95dba6ad8c73aaf8f66f8f9bf?s=96&d=mm&r=g\",\"contentUrl\":\"https:\/\/secure.gravatar.com\/avatar\/b34fc4f4e468a4e51785917065a3db57b841f5c95dba6ad8c73aaf8f66f8f9bf?s=96&d=mm&r=g\",\"caption\":\"Comunica\u00e7\u00e3o PSOL\"}}]}<\/script>\n<!-- \/ Yoast SEO plugin. -->","yoast_head_json":{"title":"Democracia em movimento* - PSOL 50","robots":{"index":"index","follow":"follow","max-snippet":"max-snippet:-1","max-image-preview":"max-image-preview:large","max-video-preview":"max-video-preview:-1"},"canonical":"https:\/\/psol50.org.br\/democracia-em-movimento\/","og_locale":"pt_BR","og_type":"article","og_title":"Democracia em movimento* - PSOL 50","og_description":"Avan\u00e7os sociais, inclus\u00e3o popular e elei\u00e7\u00f5es peri\u00f3dicas garantem democracia venezuelana &nbsp; \u00c9 poss\u00edvel dizer que a Venezuela \u00e9 uma democracia consolidada? Se a m\u00e9trica para se definir essa quest\u00e3o for a compara\u00e7\u00e3o com outros pa\u00edses ao redor do mundo, a resposta \u00e9 afirmativa. N\u00e3o existem democracias ideais. Muito menos nos pa\u00edses que se autointitulam \u201cgrandes [&hellip;]","og_url":"https:\/\/psol50.org.br\/democracia-em-movimento\/","og_site_name":"PSOL 50","article_publisher":"https:\/\/www.facebook.com\/psol50","article_published_time":"2013-10-04T00:00:00+00:00","og_image":[{"width":1350,"height":900,"url":"https:\/\/psol50.org.br\/inc\/uploads\/2018\/07\/capa.png","type":"image\/png"}],"author":"Comunica\u00e7\u00e3o PSOL","twitter_card":"summary_large_image","twitter_creator":"@psol50","twitter_site":"@psol50","twitter_misc":{"Escrito por":"Comunica\u00e7\u00e3o PSOL","Est. tempo de leitura":"5 minutos"},"schema":{"@context":"https:\/\/schema.org","@graph":[{"@type":"Article","@id":"https:\/\/psol50.org.br\/democracia-em-movimento\/#article","isPartOf":{"@id":"https:\/\/psol50.org.br\/democracia-em-movimento\/"},"author":{"name":"Comunica\u00e7\u00e3o PSOL","@id":"https:\/\/psol50.org.br\/#\/schema\/person\/475dfa57d0b815993c714c2e96491fcd"},"headline":"Democracia em movimento*","datePublished":"2013-10-04T00:00:00+00:00","mainEntityOfPage":{"@id":"https:\/\/psol50.org.br\/democracia-em-movimento\/"},"wordCount":992,"commentCount":0,"publisher":{"@id":"https:\/\/psol50.org.br\/#organization"},"keywords":["Gilberto Maringoni"],"articleSection":["Artigos"],"inLanguage":"pt-BR","potentialAction":[{"@type":"CommentAction","name":"Comment","target":["https:\/\/psol50.org.br\/democracia-em-movimento\/#respond"]}]},{"@type":"WebPage","@id":"https:\/\/psol50.org.br\/democracia-em-movimento\/","url":"https:\/\/psol50.org.br\/democracia-em-movimento\/","name":"Democracia em movimento* - PSOL 50","isPartOf":{"@id":"https:\/\/psol50.org.br\/#website"},"datePublished":"2013-10-04T00:00:00+00:00","breadcrumb":{"@id":"https:\/\/psol50.org.br\/democracia-em-movimento\/#breadcrumb"},"inLanguage":"pt-BR","potentialAction":[{"@type":"ReadAction","target":["https:\/\/psol50.org.br\/democracia-em-movimento\/"]}]},{"@type":"BreadcrumbList","@id":"https:\/\/psol50.org.br\/democracia-em-movimento\/#breadcrumb","itemListElement":[{"@type":"ListItem","position":1,"name":"In\u00edcio","item":"https:\/\/psol50.org.br\/"},{"@type":"ListItem","position":2,"name":"Democracia em movimento*"}]},{"@type":"WebSite","@id":"https:\/\/psol50.org.br\/#website","url":"https:\/\/psol50.org.br\/","name":"PSOL 50","description":"Site oficial do Partido Socialismo e Liberdade","publisher":{"@id":"https:\/\/psol50.org.br\/#organization"},"alternateName":"PSOL50","potentialAction":[{"@type":"SearchAction","target":{"@type":"EntryPoint","urlTemplate":"https:\/\/psol50.org.br\/?s={search_term_string}"},"query-input":{"@type":"PropertyValueSpecification","valueRequired":true,"valueName":"search_term_string"}}],"inLanguage":"pt-BR"},{"@type":"Organization","@id":"https:\/\/psol50.org.br\/#organization","name":"PSOL 50","alternateName":"PSOL 50","url":"https:\/\/psol50.org.br\/","logo":{"@type":"ImageObject","inLanguage":"pt-BR","@id":"https:\/\/psol50.org.br\/#\/schema\/logo\/image\/","url":"https:\/\/psol50.org.br\/inc\/uploads\/2018\/07\/capa.png","contentUrl":"https:\/\/psol50.org.br\/inc\/uploads\/2018\/07\/capa.png","width":1350,"height":900,"caption":"PSOL 50"},"image":{"@id":"https:\/\/psol50.org.br\/#\/schema\/logo\/image\/"},"sameAs":["https:\/\/www.facebook.com\/psol50","https:\/\/x.com\/psol50","https:\/\/www.instagram.com\/psol50\/","https:\/\/www.youtube.com\/channel\/UC7SnJS5o1os7a6CaiNabzcg"]},{"@type":"Person","@id":"https:\/\/psol50.org.br\/#\/schema\/person\/475dfa57d0b815993c714c2e96491fcd","name":"Comunica\u00e7\u00e3o PSOL","image":{"@type":"ImageObject","inLanguage":"pt-BR","@id":"https:\/\/psol50.org.br\/#\/schema\/person\/image\/","url":"https:\/\/secure.gravatar.com\/avatar\/b34fc4f4e468a4e51785917065a3db57b841f5c95dba6ad8c73aaf8f66f8f9bf?s=96&d=mm&r=g","contentUrl":"https:\/\/secure.gravatar.com\/avatar\/b34fc4f4e468a4e51785917065a3db57b841f5c95dba6ad8c73aaf8f66f8f9bf?s=96&d=mm&r=g","caption":"Comunica\u00e7\u00e3o PSOL"}}]}},"_links":{"self":[{"href":"https:\/\/psol50.org.br\/rest\/wp\/v2\/posts\/9575","targetHints":{"allow":["GET"]}}],"collection":[{"href":"https:\/\/psol50.org.br\/rest\/wp\/v2\/posts"}],"about":[{"href":"https:\/\/psol50.org.br\/rest\/wp\/v2\/types\/post"}],"author":[{"embeddable":true,"href":"https:\/\/psol50.org.br\/rest\/wp\/v2\/users\/2"}],"replies":[{"embeddable":true,"href":"https:\/\/psol50.org.br\/rest\/wp\/v2\/comments?post=9575"}],"version-history":[{"count":0,"href":"https:\/\/psol50.org.br\/rest\/wp\/v2\/posts\/9575\/revisions"}],"wp:attachment":[{"href":"https:\/\/psol50.org.br\/rest\/wp\/v2\/media?parent=9575"}],"wp:term":[{"taxonomy":"category","embeddable":true,"href":"https:\/\/psol50.org.br\/rest\/wp\/v2\/categories?post=9575"},{"taxonomy":"post_tag","embeddable":true,"href":"https:\/\/psol50.org.br\/rest\/wp\/v2\/tags?post=9575"}],"curies":[{"name":"wp","href":"https:\/\/api.w.org\/{rel}","templated":true}]}}