{"id":959,"date":"2011-12-23T00:00:00","date_gmt":"2011-12-23T00:00:00","guid":{"rendered":"http:\/\/psol50.org.br\/arquivo\/2011\/12\/23\/para-homem-que-denunciou-extracao-ilegal-de-madeira-ja-sofreu-atentado\/"},"modified":"2011-12-23T00:00:00","modified_gmt":"2011-12-23T00:00:00","slug":"para-homem-que-denunciou-extracao-ilegal-de-madeira-ja-sofreu-atentado","status":"publish","type":"post","link":"https:\/\/psol50.org.br\/para-homem-que-denunciou-extracao-ilegal-de-madeira-ja-sofreu-atentado\/","title":{"rendered":"Par\u00e1: Homem que denunciou extra\u00e7\u00e3o ilegal de madeira j\u00e1 sofreu atentado"},"content":{"rendered":"<p style=\"text-align: justify\"><a href=\"http:\/\/psol50.org.br\/blog\/2011\/12\/23\/para-homem-que-denunciou-extracao-ilegal-de-madeira-ja-sofreu-atentado\/medonopara\/\" rel=\"attachment wp-att-12899\"><img loading=\"lazy\" decoding=\"async\" class=\"alignleft size-full wp-image-12899\" src=\"http:\/\/psol50.org.br\/files\/2011\/12\/MedoNoPar%C3%A1.jpg\" alt=\"\" width=\"250\" height=\"144\" \/><\/a>O Minist\u00e9rio P\u00fablico Federal enviou of\u00edcio \u00e0 Secretaria de Seguran\u00e7a P\u00fablica do Par\u00e1 pedindo prote\u00e7\u00e3o urgente para mais uma testemunha amea\u00e7ada no caso dos madeireiros que invadem, atrav\u00e9s do Projeto de Assentamento Areia \u2013 em Itaituba \u2013 a Floresta Nacional de Trair\u00e3o e o Parque Nacional do Jamanxim, em Trair\u00e3o e a Reserva Extrativista Riozinho do Anfr\u00edsio, em Altamira, no Par\u00e1. O nome da testemunha est\u00e1 sendo mantido em sigilo por motivos de seguran\u00e7a.<\/p>\n<p>A testemunha sofreu um atentado a bala no local onde mora, no assentamento, no in\u00edcio de dezembro. Outra testemunha do mesmo caso, Jo\u00e3o Chupel Primo, foi assassinado em outubro na localidade de Miritituba, em Itaituba. Ele foi morto depois de denunciar a extra\u00e7\u00e3o ilegal de madeira, que tem como porta de entrada o PA Areia, em Itaituba, mas vem colocando em risco a vegeta\u00e7\u00e3o e os moradores at\u00e9 a Resex Riozinho do Anfr\u00edsio, em Altamira. Na Resex, os madeireiros j\u00e1 amea\u00e7aram o l\u00edder comunit\u00e1rio Raimundo Belmiro.<\/p>\n<p>O pedido do MPF ao secret\u00e1rio Luiz Fernandes \u00e9 que designe prote\u00e7\u00e3o policial urgente para os amea\u00e7ados nesse caso, j\u00e1 que o risco de novas tentativas de assassinato \u00e9 iminente. Na semana passada, depois do atentado \u00e0 testemunha, a Pol\u00edcia Civil prendeu Vilson Gon\u00e7alves, vice-prefeito do munic\u00edpio de Rur\u00f3polis, na Transamaz\u00f4nica, e Carlos Augusto da Silva, ambos acusados pela morte de Jo\u00e3o Chupel. Mesmo com as pris\u00f5es, as amea\u00e7as \u00e0s outras testemunhas continuam.<\/p>\n<p>Em resposta a pedidos do MPF e do Instituto Chico Mendes de Conserva\u00e7\u00e3o da Biodiversidade (ICMBio) houve uma opera\u00e7\u00e3o de combate \u00e0 explora\u00e7\u00e3o ilegal de madeira na regi\u00e3o no fim de novembro. Os resultados ainda n\u00e3o foram convertidos em relat\u00f3rio. O of\u00edcio do MPF pedindo prote\u00e7\u00e3o policial foi enviado hoje ao secret\u00e1rio de seguran\u00e7a.<\/p>\n<p><a href=\"http:\/\/www.prpa.mpf.gov.br\/news\/tensao-no-oeste-do-para-mpf-pede-protecao-urgente-para-testemunha-ameacada\"><strong>Minist\u00e9rio P\u00fablico Federal no Par\u00e1<\/strong><br \/>\n<strong>Assessoria de Comunica\u00e7\u00e3o<\/strong><\/a><br \/>\nFones: (91) 3299-0148 \/ 3299-0177<br \/>\nE-mail: ascom@prpa.mpf.gov.br<br \/>\nTwitter: http:\/\/twitter.com\/MPF_PA<\/p>\n","protected":false},"excerpt":{"rendered":"<p>O Minist\u00e9rio P\u00fablico Federal enviou of\u00edcio \u00e0 Secretaria de Seguran\u00e7a P\u00fablica do Par\u00e1 pedindo prote\u00e7\u00e3o urgente para mais uma testemunha amea\u00e7ada no caso dos madeireiros que invadem, atrav\u00e9s do Projeto de Assentamento Areia \u2013 em Itaituba \u2013 a Floresta Nacional de Trair\u00e3o e o Parque Nacional do Jamanxim, em Trair\u00e3o e a Reserva Extrativista Riozinho [&hellip;]<\/p>\n","protected":false},"author":2,"featured_media":0,"comment_status":"open","ping_status":"open","sticky":false,"template":"","format":"standard","meta":{"_acf_changed":false,"footnotes":""},"categories":[4766],"tags":[],"class_list":{"0":"post-959","1":"post","2":"type-post","3":"status-publish","4":"format-standard","6":"category-arquivo"},"acf":[],"yoast_head":"<!-- This site is optimized with the Yoast SEO plugin v26.5 - https:\/\/yoast.com\/wordpress\/plugins\/seo\/ -->\n<title>Par\u00e1: Homem que denunciou extra\u00e7\u00e3o ilegal de madeira j\u00e1 sofreu atentado - PSOL 50<\/title>\n<meta name=\"robots\" content=\"index, follow, max-snippet:-1, max-image-preview:large, max-video-preview:-1\" \/>\n<link rel=\"canonical\" href=\"https:\/\/psol50.org.br\/para-homem-que-denunciou-extracao-ilegal-de-madeira-ja-sofreu-atentado\/\" \/>\n<meta property=\"og:locale\" content=\"pt_BR\" \/>\n<meta property=\"og:type\" content=\"article\" \/>\n<meta property=\"og:title\" content=\"Par\u00e1: Homem que denunciou extra\u00e7\u00e3o ilegal de madeira j\u00e1 sofreu atentado - PSOL 50\" \/>\n<meta property=\"og:description\" content=\"O Minist\u00e9rio P\u00fablico Federal enviou of\u00edcio \u00e0 Secretaria de Seguran\u00e7a P\u00fablica do Par\u00e1 pedindo prote\u00e7\u00e3o urgente para mais uma testemunha amea\u00e7ada no caso dos madeireiros que invadem, atrav\u00e9s do Projeto de Assentamento Areia \u2013 em Itaituba \u2013 a Floresta Nacional de Trair\u00e3o e o Parque Nacional do Jamanxim, em Trair\u00e3o e a Reserva Extrativista Riozinho [&hellip;]\" \/>\n<meta property=\"og:url\" content=\"https:\/\/psol50.org.br\/para-homem-que-denunciou-extracao-ilegal-de-madeira-ja-sofreu-atentado\/\" \/>\n<meta property=\"og:site_name\" content=\"PSOL 50\" \/>\n<meta property=\"article:publisher\" content=\"https:\/\/www.facebook.com\/psol50\" \/>\n<meta property=\"article:published_time\" content=\"2011-12-23T00:00:00+00:00\" \/>\n<meta property=\"og:image\" content=\"http:\/\/psol50.org.br\/files\/2011\/12\/MedoNoPar%C3%A1.jpg\" \/>\n<meta name=\"author\" content=\"Comunica\u00e7\u00e3o PSOL\" \/>\n<meta name=\"twitter:card\" content=\"summary_large_image\" \/>\n<meta name=\"twitter:creator\" content=\"@psol50\" \/>\n<meta name=\"twitter:site\" content=\"@psol50\" \/>\n<meta name=\"twitter:label1\" content=\"Escrito por\" \/>\n\t<meta name=\"twitter:data1\" content=\"Comunica\u00e7\u00e3o PSOL\" \/>\n\t<meta name=\"twitter:label2\" content=\"Est. tempo de leitura\" \/>\n\t<meta name=\"twitter:data2\" content=\"2 minutos\" \/>\n<script type=\"application\/ld+json\" class=\"yoast-schema-graph\">{\"@context\":\"https:\/\/schema.org\",\"@graph\":[{\"@type\":\"Article\",\"@id\":\"https:\/\/psol50.org.br\/para-homem-que-denunciou-extracao-ilegal-de-madeira-ja-sofreu-atentado\/#article\",\"isPartOf\":{\"@id\":\"https:\/\/psol50.org.br\/para-homem-que-denunciou-extracao-ilegal-de-madeira-ja-sofreu-atentado\/\"},\"author\":{\"name\":\"Comunica\u00e7\u00e3o PSOL\",\"@id\":\"https:\/\/psol50.org.br\/#\/schema\/person\/475dfa57d0b815993c714c2e96491fcd\"},\"headline\":\"Par\u00e1: Homem que denunciou extra\u00e7\u00e3o ilegal de madeira j\u00e1 sofreu atentado\",\"datePublished\":\"2011-12-23T00:00:00+00:00\",\"mainEntityOfPage\":{\"@id\":\"https:\/\/psol50.org.br\/para-homem-que-denunciou-extracao-ilegal-de-madeira-ja-sofreu-atentado\/\"},\"wordCount\":359,\"commentCount\":0,\"publisher\":{\"@id\":\"https:\/\/psol50.org.br\/#organization\"},\"image\":{\"@id\":\"https:\/\/psol50.org.br\/para-homem-que-denunciou-extracao-ilegal-de-madeira-ja-sofreu-atentado\/#primaryimage\"},\"thumbnailUrl\":\"http:\/\/psol50.org.br\/files\/2011\/12\/MedoNoPar%C3%A1.jpg\",\"articleSection\":[\"Arquivo\"],\"inLanguage\":\"pt-BR\",\"potentialAction\":[{\"@type\":\"CommentAction\",\"name\":\"Comment\",\"target\":[\"https:\/\/psol50.org.br\/para-homem-que-denunciou-extracao-ilegal-de-madeira-ja-sofreu-atentado\/#respond\"]}]},{\"@type\":\"WebPage\",\"@id\":\"https:\/\/psol50.org.br\/para-homem-que-denunciou-extracao-ilegal-de-madeira-ja-sofreu-atentado\/\",\"url\":\"https:\/\/psol50.org.br\/para-homem-que-denunciou-extracao-ilegal-de-madeira-ja-sofreu-atentado\/\",\"name\":\"Par\u00e1: Homem que denunciou extra\u00e7\u00e3o ilegal de madeira j\u00e1 sofreu atentado - PSOL 50\",\"isPartOf\":{\"@id\":\"https:\/\/psol50.org.br\/#website\"},\"primaryImageOfPage\":{\"@id\":\"https:\/\/psol50.org.br\/para-homem-que-denunciou-extracao-ilegal-de-madeira-ja-sofreu-atentado\/#primaryimage\"},\"image\":{\"@id\":\"https:\/\/psol50.org.br\/para-homem-que-denunciou-extracao-ilegal-de-madeira-ja-sofreu-atentado\/#primaryimage\"},\"thumbnailUrl\":\"http:\/\/psol50.org.br\/files\/2011\/12\/MedoNoPar%C3%A1.jpg\",\"datePublished\":\"2011-12-23T00:00:00+00:00\",\"breadcrumb\":{\"@id\":\"https:\/\/psol50.org.br\/para-homem-que-denunciou-extracao-ilegal-de-madeira-ja-sofreu-atentado\/#breadcrumb\"},\"inLanguage\":\"pt-BR\",\"potentialAction\":[{\"@type\":\"ReadAction\",\"target\":[\"https:\/\/psol50.org.br\/para-homem-que-denunciou-extracao-ilegal-de-madeira-ja-sofreu-atentado\/\"]}]},{\"@type\":\"ImageObject\",\"inLanguage\":\"pt-BR\",\"@id\":\"https:\/\/psol50.org.br\/para-homem-que-denunciou-extracao-ilegal-de-madeira-ja-sofreu-atentado\/#primaryimage\",\"url\":\"http:\/\/psol50.org.br\/files\/2011\/12\/MedoNoPar%C3%A1.jpg\",\"contentUrl\":\"http:\/\/psol50.org.br\/files\/2011\/12\/MedoNoPar%C3%A1.jpg\"},{\"@type\":\"BreadcrumbList\",\"@id\":\"https:\/\/psol50.org.br\/para-homem-que-denunciou-extracao-ilegal-de-madeira-ja-sofreu-atentado\/#breadcrumb\",\"itemListElement\":[{\"@type\":\"ListItem\",\"position\":1,\"name\":\"In\u00edcio\",\"item\":\"https:\/\/psol50.org.br\/\"},{\"@type\":\"ListItem\",\"position\":2,\"name\":\"Par\u00e1: Homem que denunciou extra\u00e7\u00e3o ilegal de madeira j\u00e1 sofreu atentado\"}]},{\"@type\":\"WebSite\",\"@id\":\"https:\/\/psol50.org.br\/#website\",\"url\":\"https:\/\/psol50.org.br\/\",\"name\":\"PSOL 50\",\"description\":\"Site oficial do Partido Socialismo e Liberdade\",\"publisher\":{\"@id\":\"https:\/\/psol50.org.br\/#organization\"},\"alternateName\":\"PSOL50\",\"potentialAction\":[{\"@type\":\"SearchAction\",\"target\":{\"@type\":\"EntryPoint\",\"urlTemplate\":\"https:\/\/psol50.org.br\/?s={search_term_string}\"},\"query-input\":{\"@type\":\"PropertyValueSpecification\",\"valueRequired\":true,\"valueName\":\"search_term_string\"}}],\"inLanguage\":\"pt-BR\"},{\"@type\":\"Organization\",\"@id\":\"https:\/\/psol50.org.br\/#organization\",\"name\":\"PSOL 50\",\"alternateName\":\"PSOL 50\",\"url\":\"https:\/\/psol50.org.br\/\",\"logo\":{\"@type\":\"ImageObject\",\"inLanguage\":\"pt-BR\",\"@id\":\"https:\/\/psol50.org.br\/#\/schema\/logo\/image\/\",\"url\":\"https:\/\/psol50.org.br\/inc\/uploads\/2018\/07\/capa.png\",\"contentUrl\":\"https:\/\/psol50.org.br\/inc\/uploads\/2018\/07\/capa.png\",\"width\":1350,\"height\":900,\"caption\":\"PSOL 50\"},\"image\":{\"@id\":\"https:\/\/psol50.org.br\/#\/schema\/logo\/image\/\"},\"sameAs\":[\"https:\/\/www.facebook.com\/psol50\",\"https:\/\/x.com\/psol50\",\"https:\/\/www.instagram.com\/psol50\/\",\"https:\/\/www.youtube.com\/channel\/UC7SnJS5o1os7a6CaiNabzcg\"]},{\"@type\":\"Person\",\"@id\":\"https:\/\/psol50.org.br\/#\/schema\/person\/475dfa57d0b815993c714c2e96491fcd\",\"name\":\"Comunica\u00e7\u00e3o PSOL\",\"image\":{\"@type\":\"ImageObject\",\"inLanguage\":\"pt-BR\",\"@id\":\"https:\/\/psol50.org.br\/#\/schema\/person\/image\/\",\"url\":\"https:\/\/secure.gravatar.com\/avatar\/b34fc4f4e468a4e51785917065a3db57b841f5c95dba6ad8c73aaf8f66f8f9bf?s=96&d=mm&r=g\",\"contentUrl\":\"https:\/\/secure.gravatar.com\/avatar\/b34fc4f4e468a4e51785917065a3db57b841f5c95dba6ad8c73aaf8f66f8f9bf?s=96&d=mm&r=g\",\"caption\":\"Comunica\u00e7\u00e3o PSOL\"}}]}<\/script>\n<!-- \/ Yoast SEO plugin. -->","yoast_head_json":{"title":"Par\u00e1: Homem que denunciou extra\u00e7\u00e3o ilegal de madeira j\u00e1 sofreu atentado - PSOL 50","robots":{"index":"index","follow":"follow","max-snippet":"max-snippet:-1","max-image-preview":"max-image-preview:large","max-video-preview":"max-video-preview:-1"},"canonical":"https:\/\/psol50.org.br\/para-homem-que-denunciou-extracao-ilegal-de-madeira-ja-sofreu-atentado\/","og_locale":"pt_BR","og_type":"article","og_title":"Par\u00e1: Homem que denunciou extra\u00e7\u00e3o ilegal de madeira j\u00e1 sofreu atentado - PSOL 50","og_description":"O Minist\u00e9rio P\u00fablico Federal enviou of\u00edcio \u00e0 Secretaria de Seguran\u00e7a P\u00fablica do Par\u00e1 pedindo prote\u00e7\u00e3o urgente para mais uma testemunha amea\u00e7ada no caso dos madeireiros que invadem, atrav\u00e9s do Projeto de Assentamento Areia \u2013 em Itaituba \u2013 a Floresta Nacional de Trair\u00e3o e o Parque Nacional do Jamanxim, em Trair\u00e3o e a Reserva Extrativista Riozinho [&hellip;]","og_url":"https:\/\/psol50.org.br\/para-homem-que-denunciou-extracao-ilegal-de-madeira-ja-sofreu-atentado\/","og_site_name":"PSOL 50","article_publisher":"https:\/\/www.facebook.com\/psol50","article_published_time":"2011-12-23T00:00:00+00:00","og_image":[{"url":"http:\/\/psol50.org.br\/files\/2011\/12\/MedoNoPar%C3%A1.jpg","type":"","width":"","height":""}],"author":"Comunica\u00e7\u00e3o PSOL","twitter_card":"summary_large_image","twitter_creator":"@psol50","twitter_site":"@psol50","twitter_misc":{"Escrito por":"Comunica\u00e7\u00e3o PSOL","Est. tempo de leitura":"2 minutos"},"schema":{"@context":"https:\/\/schema.org","@graph":[{"@type":"Article","@id":"https:\/\/psol50.org.br\/para-homem-que-denunciou-extracao-ilegal-de-madeira-ja-sofreu-atentado\/#article","isPartOf":{"@id":"https:\/\/psol50.org.br\/para-homem-que-denunciou-extracao-ilegal-de-madeira-ja-sofreu-atentado\/"},"author":{"name":"Comunica\u00e7\u00e3o PSOL","@id":"https:\/\/psol50.org.br\/#\/schema\/person\/475dfa57d0b815993c714c2e96491fcd"},"headline":"Par\u00e1: Homem que denunciou extra\u00e7\u00e3o ilegal de madeira j\u00e1 sofreu atentado","datePublished":"2011-12-23T00:00:00+00:00","mainEntityOfPage":{"@id":"https:\/\/psol50.org.br\/para-homem-que-denunciou-extracao-ilegal-de-madeira-ja-sofreu-atentado\/"},"wordCount":359,"commentCount":0,"publisher":{"@id":"https:\/\/psol50.org.br\/#organization"},"image":{"@id":"https:\/\/psol50.org.br\/para-homem-que-denunciou-extracao-ilegal-de-madeira-ja-sofreu-atentado\/#primaryimage"},"thumbnailUrl":"http:\/\/psol50.org.br\/files\/2011\/12\/MedoNoPar%C3%A1.jpg","articleSection":["Arquivo"],"inLanguage":"pt-BR","potentialAction":[{"@type":"CommentAction","name":"Comment","target":["https:\/\/psol50.org.br\/para-homem-que-denunciou-extracao-ilegal-de-madeira-ja-sofreu-atentado\/#respond"]}]},{"@type":"WebPage","@id":"https:\/\/psol50.org.br\/para-homem-que-denunciou-extracao-ilegal-de-madeira-ja-sofreu-atentado\/","url":"https:\/\/psol50.org.br\/para-homem-que-denunciou-extracao-ilegal-de-madeira-ja-sofreu-atentado\/","name":"Par\u00e1: Homem que denunciou extra\u00e7\u00e3o ilegal de madeira j\u00e1 sofreu atentado - PSOL 50","isPartOf":{"@id":"https:\/\/psol50.org.br\/#website"},"primaryImageOfPage":{"@id":"https:\/\/psol50.org.br\/para-homem-que-denunciou-extracao-ilegal-de-madeira-ja-sofreu-atentado\/#primaryimage"},"image":{"@id":"https:\/\/psol50.org.br\/para-homem-que-denunciou-extracao-ilegal-de-madeira-ja-sofreu-atentado\/#primaryimage"},"thumbnailUrl":"http:\/\/psol50.org.br\/files\/2011\/12\/MedoNoPar%C3%A1.jpg","datePublished":"2011-12-23T00:00:00+00:00","breadcrumb":{"@id":"https:\/\/psol50.org.br\/para-homem-que-denunciou-extracao-ilegal-de-madeira-ja-sofreu-atentado\/#breadcrumb"},"inLanguage":"pt-BR","potentialAction":[{"@type":"ReadAction","target":["https:\/\/psol50.org.br\/para-homem-que-denunciou-extracao-ilegal-de-madeira-ja-sofreu-atentado\/"]}]},{"@type":"ImageObject","inLanguage":"pt-BR","@id":"https:\/\/psol50.org.br\/para-homem-que-denunciou-extracao-ilegal-de-madeira-ja-sofreu-atentado\/#primaryimage","url":"http:\/\/psol50.org.br\/files\/2011\/12\/MedoNoPar%C3%A1.jpg","contentUrl":"http:\/\/psol50.org.br\/files\/2011\/12\/MedoNoPar%C3%A1.jpg"},{"@type":"BreadcrumbList","@id":"https:\/\/psol50.org.br\/para-homem-que-denunciou-extracao-ilegal-de-madeira-ja-sofreu-atentado\/#breadcrumb","itemListElement":[{"@type":"ListItem","position":1,"name":"In\u00edcio","item":"https:\/\/psol50.org.br\/"},{"@type":"ListItem","position":2,"name":"Par\u00e1: Homem que denunciou extra\u00e7\u00e3o ilegal de madeira j\u00e1 sofreu atentado"}]},{"@type":"WebSite","@id":"https:\/\/psol50.org.br\/#website","url":"https:\/\/psol50.org.br\/","name":"PSOL 50","description":"Site oficial do Partido Socialismo e Liberdade","publisher":{"@id":"https:\/\/psol50.org.br\/#organization"},"alternateName":"PSOL50","potentialAction":[{"@type":"SearchAction","target":{"@type":"EntryPoint","urlTemplate":"https:\/\/psol50.org.br\/?s={search_term_string}"},"query-input":{"@type":"PropertyValueSpecification","valueRequired":true,"valueName":"search_term_string"}}],"inLanguage":"pt-BR"},{"@type":"Organization","@id":"https:\/\/psol50.org.br\/#organization","name":"PSOL 50","alternateName":"PSOL 50","url":"https:\/\/psol50.org.br\/","logo":{"@type":"ImageObject","inLanguage":"pt-BR","@id":"https:\/\/psol50.org.br\/#\/schema\/logo\/image\/","url":"https:\/\/psol50.org.br\/inc\/uploads\/2018\/07\/capa.png","contentUrl":"https:\/\/psol50.org.br\/inc\/uploads\/2018\/07\/capa.png","width":1350,"height":900,"caption":"PSOL 50"},"image":{"@id":"https:\/\/psol50.org.br\/#\/schema\/logo\/image\/"},"sameAs":["https:\/\/www.facebook.com\/psol50","https:\/\/x.com\/psol50","https:\/\/www.instagram.com\/psol50\/","https:\/\/www.youtube.com\/channel\/UC7SnJS5o1os7a6CaiNabzcg"]},{"@type":"Person","@id":"https:\/\/psol50.org.br\/#\/schema\/person\/475dfa57d0b815993c714c2e96491fcd","name":"Comunica\u00e7\u00e3o PSOL","image":{"@type":"ImageObject","inLanguage":"pt-BR","@id":"https:\/\/psol50.org.br\/#\/schema\/person\/image\/","url":"https:\/\/secure.gravatar.com\/avatar\/b34fc4f4e468a4e51785917065a3db57b841f5c95dba6ad8c73aaf8f66f8f9bf?s=96&d=mm&r=g","contentUrl":"https:\/\/secure.gravatar.com\/avatar\/b34fc4f4e468a4e51785917065a3db57b841f5c95dba6ad8c73aaf8f66f8f9bf?s=96&d=mm&r=g","caption":"Comunica\u00e7\u00e3o PSOL"}}]}},"_links":{"self":[{"href":"https:\/\/psol50.org.br\/rest\/wp\/v2\/posts\/959","targetHints":{"allow":["GET"]}}],"collection":[{"href":"https:\/\/psol50.org.br\/rest\/wp\/v2\/posts"}],"about":[{"href":"https:\/\/psol50.org.br\/rest\/wp\/v2\/types\/post"}],"author":[{"embeddable":true,"href":"https:\/\/psol50.org.br\/rest\/wp\/v2\/users\/2"}],"replies":[{"embeddable":true,"href":"https:\/\/psol50.org.br\/rest\/wp\/v2\/comments?post=959"}],"version-history":[{"count":0,"href":"https:\/\/psol50.org.br\/rest\/wp\/v2\/posts\/959\/revisions"}],"wp:attachment":[{"href":"https:\/\/psol50.org.br\/rest\/wp\/v2\/media?parent=959"}],"wp:term":[{"taxonomy":"category","embeddable":true,"href":"https:\/\/psol50.org.br\/rest\/wp\/v2\/categories?post=959"},{"taxonomy":"post_tag","embeddable":true,"href":"https:\/\/psol50.org.br\/rest\/wp\/v2\/tags?post=959"}],"curies":[{"name":"wp","href":"https:\/\/api.w.org\/{rel}","templated":true}]}}