{"id":960,"date":"2011-12-26T00:00:00","date_gmt":"2011-12-26T00:00:00","guid":{"rendered":"http:\/\/psol50.org.br\/arquivo\/2011\/12\/26\/bahia-familias-reassentadas-reclamam-de-falta-de-assistencia\/"},"modified":"2011-12-26T00:00:00","modified_gmt":"2011-12-26T00:00:00","slug":"bahia-familias-reassentadas-reclamam-de-falta-de-assistencia","status":"publish","type":"post","link":"https:\/\/psol50.org.br\/bahia-familias-reassentadas-reclamam-de-falta-de-assistencia\/","title":{"rendered":"Bahia: Fam\u00edlias reassentadas reclamam de falta de assist\u00eancia"},"content":{"rendered":"<p style=\"text-align: justify\"><a href=\"http:\/\/www.brasildefato.com.br\/node\/8553\"><em><strong>*Por Patr\u00edcia Benvenuti &#8211; Enviada a Caetit\u00e9 e Pinda\u00ed<\/strong><\/em><br \/>\n<em><strong>**Brasil de Fato<\/strong><\/em><\/a><br \/>\n<em><strong><\/strong><\/em><\/p>\n<p style=\"text-align: center\"><em><strong><a href=\"http:\/\/psol50.org.br\/blog\/2011\/12\/26\/bahia-familias-reassentadas-reclamam-de-falta-de-assistencia\/pedra-de-ferro\/\" rel=\"attachment wp-att-12903\"><img loading=\"lazy\" decoding=\"async\" class=\"aligncenter size-full wp-image-12903\" src=\"http:\/\/psol50.org.br\/files\/2011\/12\/pedra-de-ferro.jpg\" alt=\"\" width=\"400\" height=\"249\" \/><\/a>Local do projeto Pedra de Ferro, em Caetit\u00e9,empreendimento da Bahia Minera\u00e7\u00e3o<\/strong><\/em><\/p>\n<p style=\"text-align: justify\">No rol de grandes empreendimentos previstos para a Bahia est\u00e1 o Projeto Pedra de Ferro, que ser\u00e1 implementado na cidade de Caetit\u00e9 (localizada a 757 quil\u00f4metros de Salvador).Desenvolvido para a extra\u00e7\u00e3o de min\u00e9rio de ferro, o projeto pertence \u00e0 Bahia Minera\u00e7\u00e3o (Bamin), empresa comprada em 2010 pela mineradora Eurasian Natural Resources Corporation (ENRC), do Cazaquist\u00e3o. Al\u00e9m da jazida, a estrutura ser\u00e1 constitu\u00edda por um sistema de capta\u00e7\u00e3o de \u00e1gua e uma usina de concentra\u00e7\u00e3o de min\u00e9rio.<\/p>\n<p>Segundo a Bamin, o projeto produzir\u00e1, anualmente, 20 milh\u00f5es de toneladas de min\u00e9rio de ferro, que ser\u00e3o transportados pela Ferrovia de Integra\u00e7\u00e3o Oeste-Leste (Fiol) at\u00e9 o Terminal de Uso Privativo (TUP) da pr\u00f3pria empresa em Ilh\u00e9us, junto ao Porto Sul.<\/p>\n<p>A estimativa \u00e9 de que o Pedra de Ferro entre em opera\u00e7\u00e3o em 2014. Quando isso ocorrer, a Bahia dever\u00e1 ser al\u00e7ada ao posto de terceiro maior produtor de min\u00e9rio de ferro do Brasil \u2013 o que faz com que o projeto goze de grande simpatia junto ao governo Jaques Wagner.<\/p>\n<p><strong>Infraestrutura<\/strong><\/p>\n<p>Entretanto, as promessas de benef\u00edcios do projeto, como gera\u00e7\u00e3o de empregos na regi\u00e3o, n\u00e3o encontram respaldo junto a organiza\u00e7\u00f5es e comunidades locais, que alertam para os impactos de sua implanta\u00e7\u00e3o.<\/p>\n<p>Uma das cr\u00edticas se refere ao sistema de capta\u00e7\u00e3o da \u00e1gua que ser\u00e1 utilizada na mina. A \u00e1gua ser\u00e1 retirada do rio S\u00e3o Francisco por meio de dutos, que percorrer\u00e3o 150 quil\u00f4metros. Em todo o percurso, explica o agente da Comiss\u00e3o Pastoral da Terra (CPT) na Bahia Gilmar Ferreira dos Santos, os dutos passar\u00e3o por regi\u00f5es que j\u00e1 sofrem, hoje, com falta d\u2019\u00e1gua.<\/p>\n<p>\u201cA Bahia Minera\u00e7\u00e3o chega e se apropria de \u00e1reas que s\u00e3o estrat\u00e9gicas, sob o ponto de vista ecol\u00f3gico e da produ\u00e7\u00e3o de \u00e1gua. Tem uma s\u00e9rie de comunidades que dependem diretamente desses recursos\u201d, explica.<\/p>\n<p>Gilmar destaca que neste ano, pela primeira vez, houve racionamento de \u00e1gua em Caetit\u00e9 \u2013 cidade que j\u00e1 est\u00e1 saturada pela chegada de m\u00e3o-de-obra atra\u00edda por outros projetos, como extra\u00e7\u00e3o de ur\u00e2nio das Ind\u00fastrias Nucleares do Brasil (INB) e instala\u00e7\u00e3o de parques e\u00f3licos. E a situa\u00e7\u00e3o pode ficar ainda mais grave, segundo ele, com o in\u00edcio das opera\u00e7\u00f5es do projeto Pedra de Ferro.<\/p>\n<p>\u201cTem muita gente chegando na regi\u00e3o em busca de emprego, porque est\u00e1 sendo propagandeado. E Caetit\u00e9, Guanambi, Pinda\u00ed, s\u00e3o cidades pequenas que j\u00e1 come\u00e7am a sofrer com problemas de incha\u00e7o, e a\u00ed h\u00e1 uma s\u00e9rie de decad\u00eancias do servi\u00e7o p\u00fablico\u201d, afirma.<\/p>\n<p><strong>Condicionantes n\u00e3o cumpridas<\/strong><\/p>\n<p>O licenciamento do projeto Pedra de Ferro tamb\u00e9m \u00e9 alvo de contesta\u00e7\u00e3o. Gilmar salienta que a mina obteve a Licen\u00e7a de Implanta\u00e7\u00e3o (LI) sem cumprir nenhuma das 40 condicionantes impostas pela Licen\u00e7a de Localiza\u00e7\u00e3o (LL), que havia sido concedida anteriormente.<\/p>\n<p>\u201cO Estado renovou as condicionantes e concedeu a outra licen\u00e7a. N\u00e3o existe isso, e tamb\u00e9m n\u00e3o existem condicionantes cumpridas parcialmente. Ou uma condicionante foi cumprida ou n\u00e3o foi cumprida\u201d, diz.<\/p>\n<p>Dentre as condicionantes, segundo ele, estava o reassentamento das 30 fam\u00edlias de Antas Velhas e Palmitos, comunidades que foram dissolvidas para a implanta\u00e7\u00e3o do projeto Pedra de Ferro. Segundo Gilmar, at\u00e9 hoje muitas fam\u00edlias n\u00e3o receberam qualquer assist\u00eancia da Bahia Minera\u00e7\u00e3o ou do governo.<\/p>\n<p>\u201cQuer dizer, a empresa vai protelar isso a vida inteira? Vai ficar 15 ou 20 anos funcionando e as fam\u00edlias v\u00e3o ficar 15 ou 20 anos sem receber nenhuma assist\u00eancia? E o Estado vai continuar concedendo todas as licen\u00e7as que a empresa precisa?\u201d, questiona.<\/p>\n<p>Por falta de alternativas, relata o agente da Comiss\u00e3o Pastoral da Terra, algumas dessas fam\u00edlias se mudaram para as periferias de Caetit\u00e9 e de cidades vizinhas. Outras conseguiram ser reassentadas pela Bamin, mas o processo de mudan\u00e7a significou o in\u00edcio de uma s\u00e9rie de problemas.<\/p>\n<p><strong>Desemprego<\/strong><\/p>\n<p>A agricultora Zildete Alves de Souza, 45 anos, vivia em Palmitos, e h\u00e1 tr\u00eas anos foi com a m\u00e3e e tr\u00eas filhos para o povoado de Guirap\u00e1, no munic\u00edpio de Pinda\u00ed.<\/p>\n<p><em><strong><\/strong><\/em><\/p>\n<p style=\"text-align: center\"><em><strong><a href=\"http:\/\/psol50.org.br\/blog\/2011\/12\/26\/bahia-familias-reassentadas-reclamam-de-falta-de-assistencia\/zildete\/\" rel=\"attachment wp-att-12904\"><img loading=\"lazy\" decoding=\"async\" class=\"aligncenter size-full wp-image-12904\" src=\"http:\/\/psol50.org.br\/files\/2011\/12\/Zildete.jpg\" alt=\"\" width=\"400\" height=\"249\" \/><\/a>Zildete Alves de Souza, 45 anos: dificuldades de encontrar emprego no novo local<\/strong><\/em><\/p>\n<p style=\"text-align: justify\">A realidade do novo local, segundo ela, \u00e9 bem diferente da que foi apresentada pela Bamin antes de serem realocados. \u201cA empresa prometeu muita coisa mas at\u00e9 agora n\u00e3o aconteceu nada. Prometeram trabalho, cesta b\u00e1sica, m\u00e9dico, foi tanta coisa que prometeram\u201d, relata.<\/p>\n<p>O valor da indeniza\u00e7\u00e3o que recebeu \u2013 100 mil reais \u2013 foi suficiente apenas para comprar um terreno e construir uma nova casa.<\/p>\n<p>Atualmente, a fam\u00edlia toda vive apenas da aposentadoria da m\u00e3e de Zildete, que s\u00f3 conseguiu trabalho em seu primeiro ano em Guirap\u00e1. Nesse per\u00edodo, ela participou de um projeto comunit\u00e1rio, mantido pela Bahia Minera\u00e7\u00e3o, que ministrava cursos de bordado, costura, pintura e outras atividades. Com o fim do projeto, Zildete ficou desempregada.<\/p>\n<p>\u201cEstou parada, aqui n\u00e3o tem servi\u00e7o. [Trabalho] at\u00e9 tem, mas pagam uns 100 reais por m\u00eas. Quem quer sair de casa pra trabalhar pros outros por 100 reais\u201d, pergunta.<\/p>\n<p>Segundo ela, a empresa prometeu comprar um terreno onde as fam\u00edlias realocadas pudessem manter suas planta\u00e7\u00f5es, mas at\u00e9 agora n\u00e3o receberam a terra. \u201cL\u00e1 a gente plantava milho, feij\u00e3o, alho, coentro, criava porco, galinha. Agora, toda hora em que preciso de alguma coisa tenho que ir no mercado\u201d, lamenta.<\/p>\n<p><strong>\u00a0Saudades<\/strong><\/p>\n<p>O agricultor Manuel Ferreira dos Santos, 46 anos, que vivia em Antas, tamb\u00e9m desaprovou a mudan\u00e7a para Guirap\u00e1. O agricultor, que antes vivia da produ\u00e7\u00e3o de sua lavoura, hoje s\u00f3 consegue trabalho na planta\u00e7\u00e3o de alguns vizinhos \u2013 que reduziu muito sua renda. \u201cAqui voc\u00ea n\u00e3o tem terreno para plantar, tem filho na escola, fam\u00edlia, rem\u00e9dio. Estou sem terreno pra trabalhar, pra mim foi pior\u201d, afirma.<\/p>\n<p>Manuel tamb\u00e9m conta que, se dependesse da vontade dos moradores, eles n\u00e3o teriam sa\u00eddo do local onde viviam. Contudo, revela que as fam\u00edlias foram for\u00e7adas a deixar as antigas comunidades. \u201cEles [empresa] disseram que se eu n\u00e3o vendesse iam me deixar no meio [do projeto]. Eles jogavam uma press\u00e3o\u201d, relata.<\/p>\n<p>O mais triste, para o agricultor, \u00e9 a saudade que restou do antigo modo de vida. \u201cVer a \u00e1gua rolando pelas pedras, andar naquelas matas verdes, naqueles rios, a gente tem saudade. \u00c0s vezes eu estou aqui e estou lembrando\u201d, diz.<\/p>\n<p><strong>Bamin<\/strong><\/p>\n<p>Procurada pela reportagem, a Bahia Minera\u00e7\u00e3o n\u00e3o retornou as mensagens enviadas.<\/p>\n","protected":false},"excerpt":{"rendered":"<p>*Por Patr\u00edcia Benvenuti &#8211; Enviada a Caetit\u00e9 e Pinda\u00ed **Brasil de Fato Local do projeto Pedra de Ferro, em Caetit\u00e9,empreendimento da Bahia Minera\u00e7\u00e3o No rol de grandes empreendimentos previstos para a Bahia est\u00e1 o Projeto Pedra de Ferro, que ser\u00e1 implementado na cidade de Caetit\u00e9 (localizada a 757 quil\u00f4metros de Salvador).Desenvolvido para a extra\u00e7\u00e3o de [&hellip;]<\/p>\n","protected":false},"author":2,"featured_media":0,"comment_status":"open","ping_status":"open","sticky":false,"template":"","format":"standard","meta":{"_acf_changed":false,"footnotes":""},"categories":[4766],"tags":[],"class_list":{"0":"post-960","1":"post","2":"type-post","3":"status-publish","4":"format-standard","6":"category-arquivo"},"acf":[],"yoast_head":"<!-- This site is optimized with the Yoast SEO plugin v26.5 - https:\/\/yoast.com\/wordpress\/plugins\/seo\/ -->\n<title>Bahia: Fam\u00edlias reassentadas reclamam de falta de assist\u00eancia - PSOL 50<\/title>\n<meta name=\"robots\" content=\"index, follow, max-snippet:-1, max-image-preview:large, max-video-preview:-1\" \/>\n<link rel=\"canonical\" href=\"https:\/\/psol50.org.br\/bahia-familias-reassentadas-reclamam-de-falta-de-assistencia\/\" \/>\n<meta property=\"og:locale\" content=\"pt_BR\" \/>\n<meta property=\"og:type\" content=\"article\" \/>\n<meta property=\"og:title\" content=\"Bahia: Fam\u00edlias reassentadas reclamam de falta de assist\u00eancia - PSOL 50\" \/>\n<meta property=\"og:description\" content=\"*Por Patr\u00edcia Benvenuti &#8211; Enviada a Caetit\u00e9 e Pinda\u00ed **Brasil de Fato Local do projeto Pedra de Ferro, em Caetit\u00e9,empreendimento da Bahia Minera\u00e7\u00e3o No rol de grandes empreendimentos previstos para a Bahia est\u00e1 o Projeto Pedra de Ferro, que ser\u00e1 implementado na cidade de Caetit\u00e9 (localizada a 757 quil\u00f4metros de Salvador).Desenvolvido para a extra\u00e7\u00e3o de [&hellip;]\" \/>\n<meta property=\"og:url\" content=\"https:\/\/psol50.org.br\/bahia-familias-reassentadas-reclamam-de-falta-de-assistencia\/\" \/>\n<meta property=\"og:site_name\" content=\"PSOL 50\" \/>\n<meta property=\"article:publisher\" content=\"https:\/\/www.facebook.com\/psol50\" \/>\n<meta property=\"article:published_time\" content=\"2011-12-26T00:00:00+00:00\" \/>\n<meta property=\"og:image\" content=\"http:\/\/psol50.org.br\/files\/2011\/12\/pedra-de-ferro.jpg\" \/>\n<meta name=\"author\" content=\"Comunica\u00e7\u00e3o PSOL\" \/>\n<meta name=\"twitter:card\" content=\"summary_large_image\" \/>\n<meta name=\"twitter:creator\" content=\"@psol50\" \/>\n<meta name=\"twitter:site\" content=\"@psol50\" \/>\n<meta name=\"twitter:label1\" content=\"Escrito por\" \/>\n\t<meta name=\"twitter:data1\" content=\"Comunica\u00e7\u00e3o PSOL\" \/>\n\t<meta name=\"twitter:label2\" content=\"Est. tempo de leitura\" \/>\n\t<meta name=\"twitter:data2\" content=\"6 minutos\" \/>\n<script type=\"application\/ld+json\" class=\"yoast-schema-graph\">{\"@context\":\"https:\/\/schema.org\",\"@graph\":[{\"@type\":\"Article\",\"@id\":\"https:\/\/psol50.org.br\/bahia-familias-reassentadas-reclamam-de-falta-de-assistencia\/#article\",\"isPartOf\":{\"@id\":\"https:\/\/psol50.org.br\/bahia-familias-reassentadas-reclamam-de-falta-de-assistencia\/\"},\"author\":{\"name\":\"Comunica\u00e7\u00e3o PSOL\",\"@id\":\"https:\/\/psol50.org.br\/#\/schema\/person\/475dfa57d0b815993c714c2e96491fcd\"},\"headline\":\"Bahia: Fam\u00edlias reassentadas reclamam de falta de assist\u00eancia\",\"datePublished\":\"2011-12-26T00:00:00+00:00\",\"mainEntityOfPage\":{\"@id\":\"https:\/\/psol50.org.br\/bahia-familias-reassentadas-reclamam-de-falta-de-assistencia\/\"},\"wordCount\":1146,\"commentCount\":0,\"publisher\":{\"@id\":\"https:\/\/psol50.org.br\/#organization\"},\"image\":{\"@id\":\"https:\/\/psol50.org.br\/bahia-familias-reassentadas-reclamam-de-falta-de-assistencia\/#primaryimage\"},\"thumbnailUrl\":\"http:\/\/psol50.org.br\/files\/2011\/12\/pedra-de-ferro.jpg\",\"articleSection\":[\"Arquivo\"],\"inLanguage\":\"pt-BR\",\"potentialAction\":[{\"@type\":\"CommentAction\",\"name\":\"Comment\",\"target\":[\"https:\/\/psol50.org.br\/bahia-familias-reassentadas-reclamam-de-falta-de-assistencia\/#respond\"]}]},{\"@type\":\"WebPage\",\"@id\":\"https:\/\/psol50.org.br\/bahia-familias-reassentadas-reclamam-de-falta-de-assistencia\/\",\"url\":\"https:\/\/psol50.org.br\/bahia-familias-reassentadas-reclamam-de-falta-de-assistencia\/\",\"name\":\"Bahia: Fam\u00edlias reassentadas reclamam de falta de assist\u00eancia - PSOL 50\",\"isPartOf\":{\"@id\":\"https:\/\/psol50.org.br\/#website\"},\"primaryImageOfPage\":{\"@id\":\"https:\/\/psol50.org.br\/bahia-familias-reassentadas-reclamam-de-falta-de-assistencia\/#primaryimage\"},\"image\":{\"@id\":\"https:\/\/psol50.org.br\/bahia-familias-reassentadas-reclamam-de-falta-de-assistencia\/#primaryimage\"},\"thumbnailUrl\":\"http:\/\/psol50.org.br\/files\/2011\/12\/pedra-de-ferro.jpg\",\"datePublished\":\"2011-12-26T00:00:00+00:00\",\"breadcrumb\":{\"@id\":\"https:\/\/psol50.org.br\/bahia-familias-reassentadas-reclamam-de-falta-de-assistencia\/#breadcrumb\"},\"inLanguage\":\"pt-BR\",\"potentialAction\":[{\"@type\":\"ReadAction\",\"target\":[\"https:\/\/psol50.org.br\/bahia-familias-reassentadas-reclamam-de-falta-de-assistencia\/\"]}]},{\"@type\":\"ImageObject\",\"inLanguage\":\"pt-BR\",\"@id\":\"https:\/\/psol50.org.br\/bahia-familias-reassentadas-reclamam-de-falta-de-assistencia\/#primaryimage\",\"url\":\"http:\/\/psol50.org.br\/files\/2011\/12\/pedra-de-ferro.jpg\",\"contentUrl\":\"http:\/\/psol50.org.br\/files\/2011\/12\/pedra-de-ferro.jpg\"},{\"@type\":\"BreadcrumbList\",\"@id\":\"https:\/\/psol50.org.br\/bahia-familias-reassentadas-reclamam-de-falta-de-assistencia\/#breadcrumb\",\"itemListElement\":[{\"@type\":\"ListItem\",\"position\":1,\"name\":\"In\u00edcio\",\"item\":\"https:\/\/psol50.org.br\/\"},{\"@type\":\"ListItem\",\"position\":2,\"name\":\"Bahia: Fam\u00edlias reassentadas reclamam de falta de assist\u00eancia\"}]},{\"@type\":\"WebSite\",\"@id\":\"https:\/\/psol50.org.br\/#website\",\"url\":\"https:\/\/psol50.org.br\/\",\"name\":\"PSOL 50\",\"description\":\"Site oficial do Partido Socialismo e Liberdade\",\"publisher\":{\"@id\":\"https:\/\/psol50.org.br\/#organization\"},\"alternateName\":\"PSOL50\",\"potentialAction\":[{\"@type\":\"SearchAction\",\"target\":{\"@type\":\"EntryPoint\",\"urlTemplate\":\"https:\/\/psol50.org.br\/?s={search_term_string}\"},\"query-input\":{\"@type\":\"PropertyValueSpecification\",\"valueRequired\":true,\"valueName\":\"search_term_string\"}}],\"inLanguage\":\"pt-BR\"},{\"@type\":\"Organization\",\"@id\":\"https:\/\/psol50.org.br\/#organization\",\"name\":\"PSOL 50\",\"alternateName\":\"PSOL 50\",\"url\":\"https:\/\/psol50.org.br\/\",\"logo\":{\"@type\":\"ImageObject\",\"inLanguage\":\"pt-BR\",\"@id\":\"https:\/\/psol50.org.br\/#\/schema\/logo\/image\/\",\"url\":\"https:\/\/psol50.org.br\/inc\/uploads\/2018\/07\/capa.png\",\"contentUrl\":\"https:\/\/psol50.org.br\/inc\/uploads\/2018\/07\/capa.png\",\"width\":1350,\"height\":900,\"caption\":\"PSOL 50\"},\"image\":{\"@id\":\"https:\/\/psol50.org.br\/#\/schema\/logo\/image\/\"},\"sameAs\":[\"https:\/\/www.facebook.com\/psol50\",\"https:\/\/x.com\/psol50\",\"https:\/\/www.instagram.com\/psol50\/\",\"https:\/\/www.youtube.com\/channel\/UC7SnJS5o1os7a6CaiNabzcg\"]},{\"@type\":\"Person\",\"@id\":\"https:\/\/psol50.org.br\/#\/schema\/person\/475dfa57d0b815993c714c2e96491fcd\",\"name\":\"Comunica\u00e7\u00e3o PSOL\",\"image\":{\"@type\":\"ImageObject\",\"inLanguage\":\"pt-BR\",\"@id\":\"https:\/\/psol50.org.br\/#\/schema\/person\/image\/\",\"url\":\"https:\/\/secure.gravatar.com\/avatar\/b34fc4f4e468a4e51785917065a3db57b841f5c95dba6ad8c73aaf8f66f8f9bf?s=96&d=mm&r=g\",\"contentUrl\":\"https:\/\/secure.gravatar.com\/avatar\/b34fc4f4e468a4e51785917065a3db57b841f5c95dba6ad8c73aaf8f66f8f9bf?s=96&d=mm&r=g\",\"caption\":\"Comunica\u00e7\u00e3o PSOL\"}}]}<\/script>\n<!-- \/ Yoast SEO plugin. -->","yoast_head_json":{"title":"Bahia: Fam\u00edlias reassentadas reclamam de falta de assist\u00eancia - PSOL 50","robots":{"index":"index","follow":"follow","max-snippet":"max-snippet:-1","max-image-preview":"max-image-preview:large","max-video-preview":"max-video-preview:-1"},"canonical":"https:\/\/psol50.org.br\/bahia-familias-reassentadas-reclamam-de-falta-de-assistencia\/","og_locale":"pt_BR","og_type":"article","og_title":"Bahia: Fam\u00edlias reassentadas reclamam de falta de assist\u00eancia - PSOL 50","og_description":"*Por Patr\u00edcia Benvenuti &#8211; Enviada a Caetit\u00e9 e Pinda\u00ed **Brasil de Fato Local do projeto Pedra de Ferro, em Caetit\u00e9,empreendimento da Bahia Minera\u00e7\u00e3o No rol de grandes empreendimentos previstos para a Bahia est\u00e1 o Projeto Pedra de Ferro, que ser\u00e1 implementado na cidade de Caetit\u00e9 (localizada a 757 quil\u00f4metros de Salvador).Desenvolvido para a extra\u00e7\u00e3o de [&hellip;]","og_url":"https:\/\/psol50.org.br\/bahia-familias-reassentadas-reclamam-de-falta-de-assistencia\/","og_site_name":"PSOL 50","article_publisher":"https:\/\/www.facebook.com\/psol50","article_published_time":"2011-12-26T00:00:00+00:00","og_image":[{"url":"http:\/\/psol50.org.br\/files\/2011\/12\/pedra-de-ferro.jpg","type":"","width":"","height":""}],"author":"Comunica\u00e7\u00e3o PSOL","twitter_card":"summary_large_image","twitter_creator":"@psol50","twitter_site":"@psol50","twitter_misc":{"Escrito por":"Comunica\u00e7\u00e3o PSOL","Est. tempo de leitura":"6 minutos"},"schema":{"@context":"https:\/\/schema.org","@graph":[{"@type":"Article","@id":"https:\/\/psol50.org.br\/bahia-familias-reassentadas-reclamam-de-falta-de-assistencia\/#article","isPartOf":{"@id":"https:\/\/psol50.org.br\/bahia-familias-reassentadas-reclamam-de-falta-de-assistencia\/"},"author":{"name":"Comunica\u00e7\u00e3o PSOL","@id":"https:\/\/psol50.org.br\/#\/schema\/person\/475dfa57d0b815993c714c2e96491fcd"},"headline":"Bahia: Fam\u00edlias reassentadas reclamam de falta de assist\u00eancia","datePublished":"2011-12-26T00:00:00+00:00","mainEntityOfPage":{"@id":"https:\/\/psol50.org.br\/bahia-familias-reassentadas-reclamam-de-falta-de-assistencia\/"},"wordCount":1146,"commentCount":0,"publisher":{"@id":"https:\/\/psol50.org.br\/#organization"},"image":{"@id":"https:\/\/psol50.org.br\/bahia-familias-reassentadas-reclamam-de-falta-de-assistencia\/#primaryimage"},"thumbnailUrl":"http:\/\/psol50.org.br\/files\/2011\/12\/pedra-de-ferro.jpg","articleSection":["Arquivo"],"inLanguage":"pt-BR","potentialAction":[{"@type":"CommentAction","name":"Comment","target":["https:\/\/psol50.org.br\/bahia-familias-reassentadas-reclamam-de-falta-de-assistencia\/#respond"]}]},{"@type":"WebPage","@id":"https:\/\/psol50.org.br\/bahia-familias-reassentadas-reclamam-de-falta-de-assistencia\/","url":"https:\/\/psol50.org.br\/bahia-familias-reassentadas-reclamam-de-falta-de-assistencia\/","name":"Bahia: Fam\u00edlias reassentadas reclamam de falta de assist\u00eancia - PSOL 50","isPartOf":{"@id":"https:\/\/psol50.org.br\/#website"},"primaryImageOfPage":{"@id":"https:\/\/psol50.org.br\/bahia-familias-reassentadas-reclamam-de-falta-de-assistencia\/#primaryimage"},"image":{"@id":"https:\/\/psol50.org.br\/bahia-familias-reassentadas-reclamam-de-falta-de-assistencia\/#primaryimage"},"thumbnailUrl":"http:\/\/psol50.org.br\/files\/2011\/12\/pedra-de-ferro.jpg","datePublished":"2011-12-26T00:00:00+00:00","breadcrumb":{"@id":"https:\/\/psol50.org.br\/bahia-familias-reassentadas-reclamam-de-falta-de-assistencia\/#breadcrumb"},"inLanguage":"pt-BR","potentialAction":[{"@type":"ReadAction","target":["https:\/\/psol50.org.br\/bahia-familias-reassentadas-reclamam-de-falta-de-assistencia\/"]}]},{"@type":"ImageObject","inLanguage":"pt-BR","@id":"https:\/\/psol50.org.br\/bahia-familias-reassentadas-reclamam-de-falta-de-assistencia\/#primaryimage","url":"http:\/\/psol50.org.br\/files\/2011\/12\/pedra-de-ferro.jpg","contentUrl":"http:\/\/psol50.org.br\/files\/2011\/12\/pedra-de-ferro.jpg"},{"@type":"BreadcrumbList","@id":"https:\/\/psol50.org.br\/bahia-familias-reassentadas-reclamam-de-falta-de-assistencia\/#breadcrumb","itemListElement":[{"@type":"ListItem","position":1,"name":"In\u00edcio","item":"https:\/\/psol50.org.br\/"},{"@type":"ListItem","position":2,"name":"Bahia: Fam\u00edlias reassentadas reclamam de falta de assist\u00eancia"}]},{"@type":"WebSite","@id":"https:\/\/psol50.org.br\/#website","url":"https:\/\/psol50.org.br\/","name":"PSOL 50","description":"Site oficial do Partido Socialismo e Liberdade","publisher":{"@id":"https:\/\/psol50.org.br\/#organization"},"alternateName":"PSOL50","potentialAction":[{"@type":"SearchAction","target":{"@type":"EntryPoint","urlTemplate":"https:\/\/psol50.org.br\/?s={search_term_string}"},"query-input":{"@type":"PropertyValueSpecification","valueRequired":true,"valueName":"search_term_string"}}],"inLanguage":"pt-BR"},{"@type":"Organization","@id":"https:\/\/psol50.org.br\/#organization","name":"PSOL 50","alternateName":"PSOL 50","url":"https:\/\/psol50.org.br\/","logo":{"@type":"ImageObject","inLanguage":"pt-BR","@id":"https:\/\/psol50.org.br\/#\/schema\/logo\/image\/","url":"https:\/\/psol50.org.br\/inc\/uploads\/2018\/07\/capa.png","contentUrl":"https:\/\/psol50.org.br\/inc\/uploads\/2018\/07\/capa.png","width":1350,"height":900,"caption":"PSOL 50"},"image":{"@id":"https:\/\/psol50.org.br\/#\/schema\/logo\/image\/"},"sameAs":["https:\/\/www.facebook.com\/psol50","https:\/\/x.com\/psol50","https:\/\/www.instagram.com\/psol50\/","https:\/\/www.youtube.com\/channel\/UC7SnJS5o1os7a6CaiNabzcg"]},{"@type":"Person","@id":"https:\/\/psol50.org.br\/#\/schema\/person\/475dfa57d0b815993c714c2e96491fcd","name":"Comunica\u00e7\u00e3o PSOL","image":{"@type":"ImageObject","inLanguage":"pt-BR","@id":"https:\/\/psol50.org.br\/#\/schema\/person\/image\/","url":"https:\/\/secure.gravatar.com\/avatar\/b34fc4f4e468a4e51785917065a3db57b841f5c95dba6ad8c73aaf8f66f8f9bf?s=96&d=mm&r=g","contentUrl":"https:\/\/secure.gravatar.com\/avatar\/b34fc4f4e468a4e51785917065a3db57b841f5c95dba6ad8c73aaf8f66f8f9bf?s=96&d=mm&r=g","caption":"Comunica\u00e7\u00e3o PSOL"}}]}},"_links":{"self":[{"href":"https:\/\/psol50.org.br\/rest\/wp\/v2\/posts\/960","targetHints":{"allow":["GET"]}}],"collection":[{"href":"https:\/\/psol50.org.br\/rest\/wp\/v2\/posts"}],"about":[{"href":"https:\/\/psol50.org.br\/rest\/wp\/v2\/types\/post"}],"author":[{"embeddable":true,"href":"https:\/\/psol50.org.br\/rest\/wp\/v2\/users\/2"}],"replies":[{"embeddable":true,"href":"https:\/\/psol50.org.br\/rest\/wp\/v2\/comments?post=960"}],"version-history":[{"count":0,"href":"https:\/\/psol50.org.br\/rest\/wp\/v2\/posts\/960\/revisions"}],"wp:attachment":[{"href":"https:\/\/psol50.org.br\/rest\/wp\/v2\/media?parent=960"}],"wp:term":[{"taxonomy":"category","embeddable":true,"href":"https:\/\/psol50.org.br\/rest\/wp\/v2\/categories?post=960"},{"taxonomy":"post_tag","embeddable":true,"href":"https:\/\/psol50.org.br\/rest\/wp\/v2\/tags?post=960"}],"curies":[{"name":"wp","href":"https:\/\/api.w.org\/{rel}","templated":true}]}}