{"id":9618,"date":"2014-01-27T00:00:00","date_gmt":"2014-01-27T00:00:00","guid":{"rendered":"http:\/\/psol50.org.br\/arquivo\/2014\/01\/27\/as-jornadas-de-junho-e-o-adiamento-da-conae\/"},"modified":"2014-01-27T00:00:00","modified_gmt":"2014-01-27T00:00:00","slug":"as-jornadas-de-junho-e-o-adiamento-da-conae","status":"publish","type":"post","link":"https:\/\/psol50.org.br\/as-jornadas-de-junho-e-o-adiamento-da-conae\/","title":{"rendered":"As jornadas de junho e o adiamento da Conae"},"content":{"rendered":"<p style=\"text-align: justify;\">\n\t<span style=\"font-size:12px;\"><span style=\"font-family:arial,helvetica,sans-serif;\">Aparentemente desconexos, pretendo apresentar algumas semelhan\u00e7as entre os acotecimentos que ficaram conhecidos como Jornadas de Junho e o recente adiamento pelo MEC da etapa final da Confeder\u00e2ncia Nacional de Educa\u00e7\u00e3o &#8211; CONAE 2014.<\/p>\n<p>\tEm primeiro lugar as manifesta\u00e7\u00f5es ocorridas em junho ainda est\u00e3o sendo estudadas e suas li\u00e7\u00f5es e efeitos ainda n\u00e3o foram mensurados.<\/p>\n<p>\tUma de suas caracter\u00edsticas, talvez a que mais angustiou a minha gera\u00e7\u00e3o (que lutou contra a ditadura para conquistar a liberdade partid\u00e1ria em nosso pa\u00eds) foi a rejei\u00e7\u00e3o aos partidos em quase todas as manifesta\u00e7\u00f5es. N\u00e3o haviam partidos encabe\u00e7ando as convoca\u00e7\u00f5es e bandeiras de agremia\u00e7\u00f5es partid\u00e1rias foram expulsas de algumas manifesta\u00e7\u00f5es. \u00c9 verdade que, tipo uma panela de press\u00e3o, havia de tudo na manifesta\u00e7\u00e3o, principalmente na fase mais massiva delas, inclusive movimentos retr\u00f3grados, mas tal repulsa seria ato isolado se n\u00e3o existisse um cansa\u00e7o generalizado da forma como a pol\u00edtica acontece em nosso pa\u00eds (corrup\u00e7\u00e3o, toma-l\u00e1-d\u00e1-c\u00e1, troca de partidos, programas inexistentes, candidatos que prometem e n\u00e3o cumprem, partidos que eram de esquerda e v\u00e3o ficando mais parecidos com os partidos de direita, mensal\u00f5es).<\/p>\n<p>\tMas os nossos jovens (a maioria esmagadora dos manifestantes, pelo menos segundo as pesquisas dispon\u00edveis, tinham idade entre 16 e 29 anos) tamb\u00e9m hostilizaram as entidades sindicais, centrais sindicais e entidades estudantis, com raras exce\u00e7\u00f5es. A impress\u00e3o \u00e9 que a experi\u00eancia de vida destes jovens n\u00e3o conseguiu enxergar diferen\u00e7as significativas da pr\u00e1tica pol\u00edtica destas entidades em rela\u00e7\u00e3o aos partidos cujos seus dirigentes militam. E, portanto, n\u00e3o queriam as entidades por que lhes pareciam ap\u00eandices dos partidos que estavam rejeitando. Estes jovens nasceram no p\u00f3s-redemocratiza\u00e7\u00e3o e vivenciaram o cont\u00ednuo decl\u00ednio da autonomia de nossas entidades e o passado delas \u00e9 algo ausente do imagin\u00e1rio da nova gera\u00e7\u00e3o.<\/p>\n<p>\tE o que isso tudo tem a ver com o adiamento da CONAE?<\/p>\n<p>\tA Confer\u00eancia Nacional de Educa\u00e7\u00e3o, diferentemente das CONEDs realizadas na d\u00e9cada de 90, estava sendo organizada por um comando governamental e n\u00e3o-governamental, ou seja, ao mesmo tempo que era um evento oficial, bancado financeiramente e organizado operacionalmente pelo governo, era tamb\u00e9m fruto de uma dire\u00e7\u00e3o com forte participa\u00e7\u00e3o das entidades estudantis, sindicais, representativas do mundo acad\u00eamico, organiza\u00e7\u00f5es n\u00e3o-governamentais e de gestores. Este compartilhamento, se comprometia as entidades com os encaminhamentos, emprestava tamb\u00e9m legitimidade ao governo no processo de convoca\u00e7\u00e3o.<\/p>\n<p>\tAcontece que a rela\u00e7\u00e3o das entidades da sociedade civil com os governos petistas \u00e9 bem distinta da ocorrida nos governos tucanos, \u00e9poca da realiza\u00e7\u00e3o das CONEDs. As confer\u00eancias anteriores foram somente n\u00e3o-governamentais pela aus\u00eancia de espa\u00e7os democr\u00e1ticos de participa\u00e7\u00e3o. Foram f\u00f3runs convocados por for\u00e7as oposicionistas e por setores descontentes com a falta de espa\u00e7o (como a participa\u00e7\u00e3o da UNDIME nas CONEDs, entidade representativa dos dirigentes municipais de educa\u00e7\u00e3o e que n\u00e3o poderia ser arrolado como de oposi\u00e7\u00e3o ao governo FHC). Passados onze anos de governos petistas a rela\u00e7\u00e3o de muitas entidades \u00e9, no m\u00ednimo, amb\u00edgua.<\/p>\n<p>\tUm adiamento como o que ocorreu, caso tivesse acontecido durante o governo FHC, com toda a certeza, j\u00e1 teria tido um posicionamento muitas vezes mais contundente do que o visualizado at\u00e9 o momento. O olhar que as dire\u00e7\u00f5es t\u00eam acerca das virtudes e dos defeitos de um dado governo influenciam diretamente a dosagem de sua rea\u00e7\u00e3o quando seus interesses s\u00e3o contrariados pelo mesmo. Existem contradi\u00e7\u00f5es e conflitos entre entidades da sociedade civil e governos, mesmo quando seus dirigentes s\u00e3o do mesmo partido (ou dos partidos aliados) que governam, mas \u201cse sentir governo\u201d influencia na postura diante dos conflitos.<\/p>\n<p>\tO desafio que o adiamento da CONAE coloca para as dire\u00e7\u00f5es das entidades \u00e9 desdizer com atos e palavras o sentimento que nossos jovens expressaram nas jornadas de Junho. Ou seja, \u00e9 preciso que as entidades provem que mesmo tendo dire\u00e7\u00f5es simp\u00e1ticas ao governo n\u00e3o v\u00e3o agir diante de um ataque t\u00e3o evidente aos direitos de participa\u00e7\u00e3o popular, uma postura comedida, de anteparo entre o governo e a base insatisfeita.<\/p>\n<p>\tDe forma sincera eu tor\u00e7o para que a rea\u00e7\u00e3o dos jovens tenha sido exagerada.<\/span><\/span><\/p>\n<p>&nbsp;<\/p>\n","protected":false},"excerpt":{"rendered":"<p>Aparentemente desconexos, pretendo apresentar algumas semelhan\u00e7as entre os acotecimentos que ficaram conhecidos como Jornadas de Junho e o recente adiamento pelo MEC da etapa final da Confeder\u00e2ncia Nacional de Educa\u00e7\u00e3o &#8211; CONAE 2014. Em primeiro lugar as manifesta\u00e7\u00f5es ocorridas em junho ainda est\u00e3o sendo estudadas e suas li\u00e7\u00f5es e efeitos ainda n\u00e3o foram mensurados. Uma [&hellip;]<\/p>\n","protected":false},"author":2,"featured_media":0,"comment_status":"open","ping_status":"open","sticky":false,"template":"","format":"standard","meta":{"_acf_changed":false,"footnotes":""},"categories":[3],"tags":[],"class_list":{"0":"post-9618","1":"post","2":"type-post","3":"status-publish","4":"format-standard","6":"category-artigos-e-entrevistas"},"acf":[],"yoast_head":"<!-- This site is optimized with the Yoast SEO plugin v26.5 - https:\/\/yoast.com\/wordpress\/plugins\/seo\/ -->\n<title>As jornadas de junho e o adiamento da Conae - PSOL 50<\/title>\n<meta name=\"robots\" content=\"index, follow, max-snippet:-1, max-image-preview:large, max-video-preview:-1\" \/>\n<link rel=\"canonical\" href=\"https:\/\/psol50.org.br\/as-jornadas-de-junho-e-o-adiamento-da-conae\/\" \/>\n<meta property=\"og:locale\" content=\"pt_BR\" \/>\n<meta property=\"og:type\" content=\"article\" \/>\n<meta property=\"og:title\" content=\"As jornadas de junho e o adiamento da Conae - PSOL 50\" \/>\n<meta property=\"og:description\" content=\"Aparentemente desconexos, pretendo apresentar algumas semelhan\u00e7as entre os acotecimentos que ficaram conhecidos como Jornadas de Junho e o recente adiamento pelo MEC da etapa final da Confeder\u00e2ncia Nacional de Educa\u00e7\u00e3o &#8211; CONAE 2014. Em primeiro lugar as manifesta\u00e7\u00f5es ocorridas em junho ainda est\u00e3o sendo estudadas e suas li\u00e7\u00f5es e efeitos ainda n\u00e3o foram mensurados. Uma [&hellip;]\" \/>\n<meta property=\"og:url\" content=\"https:\/\/psol50.org.br\/as-jornadas-de-junho-e-o-adiamento-da-conae\/\" \/>\n<meta property=\"og:site_name\" content=\"PSOL 50\" \/>\n<meta property=\"article:publisher\" content=\"https:\/\/www.facebook.com\/psol50\" \/>\n<meta property=\"article:published_time\" content=\"2014-01-27T00:00:00+00:00\" \/>\n<meta property=\"og:image\" content=\"https:\/\/psol50.org.br\/inc\/uploads\/2018\/07\/capa.png\" \/>\n\t<meta property=\"og:image:width\" content=\"1350\" \/>\n\t<meta property=\"og:image:height\" content=\"900\" \/>\n\t<meta property=\"og:image:type\" content=\"image\/png\" \/>\n<meta name=\"author\" content=\"Comunica\u00e7\u00e3o PSOL\" \/>\n<meta name=\"twitter:card\" content=\"summary_large_image\" \/>\n<meta name=\"twitter:creator\" content=\"@psol50\" \/>\n<meta name=\"twitter:site\" content=\"@psol50\" \/>\n<meta name=\"twitter:label1\" content=\"Escrito por\" \/>\n\t<meta name=\"twitter:data1\" content=\"Comunica\u00e7\u00e3o PSOL\" \/>\n\t<meta name=\"twitter:label2\" content=\"Est. tempo de leitura\" \/>\n\t<meta name=\"twitter:data2\" content=\"4 minutos\" \/>\n<script type=\"application\/ld+json\" class=\"yoast-schema-graph\">{\"@context\":\"https:\/\/schema.org\",\"@graph\":[{\"@type\":\"Article\",\"@id\":\"https:\/\/psol50.org.br\/as-jornadas-de-junho-e-o-adiamento-da-conae\/#article\",\"isPartOf\":{\"@id\":\"https:\/\/psol50.org.br\/as-jornadas-de-junho-e-o-adiamento-da-conae\/\"},\"author\":{\"name\":\"Comunica\u00e7\u00e3o PSOL\",\"@id\":\"https:\/\/psol50.org.br\/#\/schema\/person\/475dfa57d0b815993c714c2e96491fcd\"},\"headline\":\"As jornadas de junho e o adiamento da Conae\",\"datePublished\":\"2014-01-27T00:00:00+00:00\",\"mainEntityOfPage\":{\"@id\":\"https:\/\/psol50.org.br\/as-jornadas-de-junho-e-o-adiamento-da-conae\/\"},\"wordCount\":746,\"commentCount\":0,\"publisher\":{\"@id\":\"https:\/\/psol50.org.br\/#organization\"},\"articleSection\":[\"Artigos\"],\"inLanguage\":\"pt-BR\",\"potentialAction\":[{\"@type\":\"CommentAction\",\"name\":\"Comment\",\"target\":[\"https:\/\/psol50.org.br\/as-jornadas-de-junho-e-o-adiamento-da-conae\/#respond\"]}]},{\"@type\":\"WebPage\",\"@id\":\"https:\/\/psol50.org.br\/as-jornadas-de-junho-e-o-adiamento-da-conae\/\",\"url\":\"https:\/\/psol50.org.br\/as-jornadas-de-junho-e-o-adiamento-da-conae\/\",\"name\":\"As jornadas de junho e o adiamento da Conae - PSOL 50\",\"isPartOf\":{\"@id\":\"https:\/\/psol50.org.br\/#website\"},\"datePublished\":\"2014-01-27T00:00:00+00:00\",\"breadcrumb\":{\"@id\":\"https:\/\/psol50.org.br\/as-jornadas-de-junho-e-o-adiamento-da-conae\/#breadcrumb\"},\"inLanguage\":\"pt-BR\",\"potentialAction\":[{\"@type\":\"ReadAction\",\"target\":[\"https:\/\/psol50.org.br\/as-jornadas-de-junho-e-o-adiamento-da-conae\/\"]}]},{\"@type\":\"BreadcrumbList\",\"@id\":\"https:\/\/psol50.org.br\/as-jornadas-de-junho-e-o-adiamento-da-conae\/#breadcrumb\",\"itemListElement\":[{\"@type\":\"ListItem\",\"position\":1,\"name\":\"In\u00edcio\",\"item\":\"https:\/\/psol50.org.br\/\"},{\"@type\":\"ListItem\",\"position\":2,\"name\":\"As jornadas de junho e o adiamento da Conae\"}]},{\"@type\":\"WebSite\",\"@id\":\"https:\/\/psol50.org.br\/#website\",\"url\":\"https:\/\/psol50.org.br\/\",\"name\":\"PSOL 50\",\"description\":\"Site oficial do Partido Socialismo e Liberdade\",\"publisher\":{\"@id\":\"https:\/\/psol50.org.br\/#organization\"},\"alternateName\":\"PSOL50\",\"potentialAction\":[{\"@type\":\"SearchAction\",\"target\":{\"@type\":\"EntryPoint\",\"urlTemplate\":\"https:\/\/psol50.org.br\/?s={search_term_string}\"},\"query-input\":{\"@type\":\"PropertyValueSpecification\",\"valueRequired\":true,\"valueName\":\"search_term_string\"}}],\"inLanguage\":\"pt-BR\"},{\"@type\":\"Organization\",\"@id\":\"https:\/\/psol50.org.br\/#organization\",\"name\":\"PSOL 50\",\"alternateName\":\"PSOL 50\",\"url\":\"https:\/\/psol50.org.br\/\",\"logo\":{\"@type\":\"ImageObject\",\"inLanguage\":\"pt-BR\",\"@id\":\"https:\/\/psol50.org.br\/#\/schema\/logo\/image\/\",\"url\":\"https:\/\/psol50.org.br\/inc\/uploads\/2018\/07\/capa.png\",\"contentUrl\":\"https:\/\/psol50.org.br\/inc\/uploads\/2018\/07\/capa.png\",\"width\":1350,\"height\":900,\"caption\":\"PSOL 50\"},\"image\":{\"@id\":\"https:\/\/psol50.org.br\/#\/schema\/logo\/image\/\"},\"sameAs\":[\"https:\/\/www.facebook.com\/psol50\",\"https:\/\/x.com\/psol50\",\"https:\/\/www.instagram.com\/psol50\/\",\"https:\/\/www.youtube.com\/channel\/UC7SnJS5o1os7a6CaiNabzcg\"]},{\"@type\":\"Person\",\"@id\":\"https:\/\/psol50.org.br\/#\/schema\/person\/475dfa57d0b815993c714c2e96491fcd\",\"name\":\"Comunica\u00e7\u00e3o PSOL\",\"image\":{\"@type\":\"ImageObject\",\"inLanguage\":\"pt-BR\",\"@id\":\"https:\/\/psol50.org.br\/#\/schema\/person\/image\/\",\"url\":\"https:\/\/secure.gravatar.com\/avatar\/b34fc4f4e468a4e51785917065a3db57b841f5c95dba6ad8c73aaf8f66f8f9bf?s=96&d=mm&r=g\",\"contentUrl\":\"https:\/\/secure.gravatar.com\/avatar\/b34fc4f4e468a4e51785917065a3db57b841f5c95dba6ad8c73aaf8f66f8f9bf?s=96&d=mm&r=g\",\"caption\":\"Comunica\u00e7\u00e3o PSOL\"}}]}<\/script>\n<!-- \/ Yoast SEO plugin. -->","yoast_head_json":{"title":"As jornadas de junho e o adiamento da Conae - PSOL 50","robots":{"index":"index","follow":"follow","max-snippet":"max-snippet:-1","max-image-preview":"max-image-preview:large","max-video-preview":"max-video-preview:-1"},"canonical":"https:\/\/psol50.org.br\/as-jornadas-de-junho-e-o-adiamento-da-conae\/","og_locale":"pt_BR","og_type":"article","og_title":"As jornadas de junho e o adiamento da Conae - PSOL 50","og_description":"Aparentemente desconexos, pretendo apresentar algumas semelhan\u00e7as entre os acotecimentos que ficaram conhecidos como Jornadas de Junho e o recente adiamento pelo MEC da etapa final da Confeder\u00e2ncia Nacional de Educa\u00e7\u00e3o &#8211; CONAE 2014. Em primeiro lugar as manifesta\u00e7\u00f5es ocorridas em junho ainda est\u00e3o sendo estudadas e suas li\u00e7\u00f5es e efeitos ainda n\u00e3o foram mensurados. Uma [&hellip;]","og_url":"https:\/\/psol50.org.br\/as-jornadas-de-junho-e-o-adiamento-da-conae\/","og_site_name":"PSOL 50","article_publisher":"https:\/\/www.facebook.com\/psol50","article_published_time":"2014-01-27T00:00:00+00:00","og_image":[{"width":1350,"height":900,"url":"https:\/\/psol50.org.br\/inc\/uploads\/2018\/07\/capa.png","type":"image\/png"}],"author":"Comunica\u00e7\u00e3o PSOL","twitter_card":"summary_large_image","twitter_creator":"@psol50","twitter_site":"@psol50","twitter_misc":{"Escrito por":"Comunica\u00e7\u00e3o PSOL","Est. tempo de leitura":"4 minutos"},"schema":{"@context":"https:\/\/schema.org","@graph":[{"@type":"Article","@id":"https:\/\/psol50.org.br\/as-jornadas-de-junho-e-o-adiamento-da-conae\/#article","isPartOf":{"@id":"https:\/\/psol50.org.br\/as-jornadas-de-junho-e-o-adiamento-da-conae\/"},"author":{"name":"Comunica\u00e7\u00e3o PSOL","@id":"https:\/\/psol50.org.br\/#\/schema\/person\/475dfa57d0b815993c714c2e96491fcd"},"headline":"As jornadas de junho e o adiamento da Conae","datePublished":"2014-01-27T00:00:00+00:00","mainEntityOfPage":{"@id":"https:\/\/psol50.org.br\/as-jornadas-de-junho-e-o-adiamento-da-conae\/"},"wordCount":746,"commentCount":0,"publisher":{"@id":"https:\/\/psol50.org.br\/#organization"},"articleSection":["Artigos"],"inLanguage":"pt-BR","potentialAction":[{"@type":"CommentAction","name":"Comment","target":["https:\/\/psol50.org.br\/as-jornadas-de-junho-e-o-adiamento-da-conae\/#respond"]}]},{"@type":"WebPage","@id":"https:\/\/psol50.org.br\/as-jornadas-de-junho-e-o-adiamento-da-conae\/","url":"https:\/\/psol50.org.br\/as-jornadas-de-junho-e-o-adiamento-da-conae\/","name":"As jornadas de junho e o adiamento da Conae - PSOL 50","isPartOf":{"@id":"https:\/\/psol50.org.br\/#website"},"datePublished":"2014-01-27T00:00:00+00:00","breadcrumb":{"@id":"https:\/\/psol50.org.br\/as-jornadas-de-junho-e-o-adiamento-da-conae\/#breadcrumb"},"inLanguage":"pt-BR","potentialAction":[{"@type":"ReadAction","target":["https:\/\/psol50.org.br\/as-jornadas-de-junho-e-o-adiamento-da-conae\/"]}]},{"@type":"BreadcrumbList","@id":"https:\/\/psol50.org.br\/as-jornadas-de-junho-e-o-adiamento-da-conae\/#breadcrumb","itemListElement":[{"@type":"ListItem","position":1,"name":"In\u00edcio","item":"https:\/\/psol50.org.br\/"},{"@type":"ListItem","position":2,"name":"As jornadas de junho e o adiamento da Conae"}]},{"@type":"WebSite","@id":"https:\/\/psol50.org.br\/#website","url":"https:\/\/psol50.org.br\/","name":"PSOL 50","description":"Site oficial do Partido Socialismo e Liberdade","publisher":{"@id":"https:\/\/psol50.org.br\/#organization"},"alternateName":"PSOL50","potentialAction":[{"@type":"SearchAction","target":{"@type":"EntryPoint","urlTemplate":"https:\/\/psol50.org.br\/?s={search_term_string}"},"query-input":{"@type":"PropertyValueSpecification","valueRequired":true,"valueName":"search_term_string"}}],"inLanguage":"pt-BR"},{"@type":"Organization","@id":"https:\/\/psol50.org.br\/#organization","name":"PSOL 50","alternateName":"PSOL 50","url":"https:\/\/psol50.org.br\/","logo":{"@type":"ImageObject","inLanguage":"pt-BR","@id":"https:\/\/psol50.org.br\/#\/schema\/logo\/image\/","url":"https:\/\/psol50.org.br\/inc\/uploads\/2018\/07\/capa.png","contentUrl":"https:\/\/psol50.org.br\/inc\/uploads\/2018\/07\/capa.png","width":1350,"height":900,"caption":"PSOL 50"},"image":{"@id":"https:\/\/psol50.org.br\/#\/schema\/logo\/image\/"},"sameAs":["https:\/\/www.facebook.com\/psol50","https:\/\/x.com\/psol50","https:\/\/www.instagram.com\/psol50\/","https:\/\/www.youtube.com\/channel\/UC7SnJS5o1os7a6CaiNabzcg"]},{"@type":"Person","@id":"https:\/\/psol50.org.br\/#\/schema\/person\/475dfa57d0b815993c714c2e96491fcd","name":"Comunica\u00e7\u00e3o PSOL","image":{"@type":"ImageObject","inLanguage":"pt-BR","@id":"https:\/\/psol50.org.br\/#\/schema\/person\/image\/","url":"https:\/\/secure.gravatar.com\/avatar\/b34fc4f4e468a4e51785917065a3db57b841f5c95dba6ad8c73aaf8f66f8f9bf?s=96&d=mm&r=g","contentUrl":"https:\/\/secure.gravatar.com\/avatar\/b34fc4f4e468a4e51785917065a3db57b841f5c95dba6ad8c73aaf8f66f8f9bf?s=96&d=mm&r=g","caption":"Comunica\u00e7\u00e3o PSOL"}}]}},"_links":{"self":[{"href":"https:\/\/psol50.org.br\/rest\/wp\/v2\/posts\/9618","targetHints":{"allow":["GET"]}}],"collection":[{"href":"https:\/\/psol50.org.br\/rest\/wp\/v2\/posts"}],"about":[{"href":"https:\/\/psol50.org.br\/rest\/wp\/v2\/types\/post"}],"author":[{"embeddable":true,"href":"https:\/\/psol50.org.br\/rest\/wp\/v2\/users\/2"}],"replies":[{"embeddable":true,"href":"https:\/\/psol50.org.br\/rest\/wp\/v2\/comments?post=9618"}],"version-history":[{"count":0,"href":"https:\/\/psol50.org.br\/rest\/wp\/v2\/posts\/9618\/revisions"}],"wp:attachment":[{"href":"https:\/\/psol50.org.br\/rest\/wp\/v2\/media?parent=9618"}],"wp:term":[{"taxonomy":"category","embeddable":true,"href":"https:\/\/psol50.org.br\/rest\/wp\/v2\/categories?post=9618"},{"taxonomy":"post_tag","embeddable":true,"href":"https:\/\/psol50.org.br\/rest\/wp\/v2\/tags?post=9618"}],"curies":[{"name":"wp","href":"https:\/\/api.w.org\/{rel}","templated":true}]}}