{"id":962,"date":"2011-12-27T00:00:00","date_gmt":"2011-12-27T00:00:00","guid":{"rendered":"http:\/\/psol50.org.br\/arquivo\/2011\/12\/27\/morte-de-negros-por-homicidio-subiu-234-em-oito-anos\/"},"modified":"2011-12-27T00:00:00","modified_gmt":"2011-12-27T00:00:00","slug":"morte-de-negros-por-homicidio-subiu-234-em-oito-anos","status":"publish","type":"post","link":"https:\/\/psol50.org.br\/morte-de-negros-por-homicidio-subiu-234-em-oito-anos\/","title":{"rendered":"Morte de negros por homic\u00eddio subiu 23,4% em oito anos"},"content":{"rendered":"<p style=\"text-align: justify\"><strong><a href=\"http:\/\/psol50.org.br\/blog\/2011\/12\/27\/morte-de-negros-por-homicidio-subiu-234-em-oito-anos\/campanha_juventude_negra\/\" rel=\"attachment wp-att-12931\"><img loading=\"lazy\" decoding=\"async\" class=\"aligncenter size-full wp-image-12931\" src=\"http:\/\/psol50.org.br\/files\/2011\/12\/campanha_juventude_negra.jpg\" alt=\"\" width=\"400\" height=\"300\" \/><\/a>*Fonte:<\/strong>Portal \u00c1fricas<\/p>\n<p style=\"text-align: justify\">A taxa de mortalidade de negros por homic\u00eddio no Brasil registrou aumento de 23,4% em 2010 em rela\u00e7\u00e3o a 2002. A informa\u00e7\u00e3o faz parte do\u00a0<em>Mapa da Viol\u00eancia 2012:os novos padr\u00f5es da viol\u00eancia no Brasil<\/em>\u00a0realizado pelo Instituto Sangari e divulgado esta semana pelo Minist\u00e9rio da Justi\u00e7a. Em um recorte feito por ra\u00e7a e cor,o estudo mostra que enquanto pessoas brancas s\u00e3o cada vez menos v\u00edtimas de homic\u00eddios,as ocorr\u00eancias registram cada vez mais o crescimento dos assassinatos contra negros.<\/p>\n<p style=\"text-align: justify\">Segundo o Mapa,em 2002,o n\u00famero de v\u00edtimas negras era de 26.952. Em 2006,o \u00edndice foi de 29.925 e de 33.264,em 2010. \u00a0Destas,15.008 mortes foram registras na Regi\u00e3o Nordeste somente no \u00faltimo ano,onde 1.846 aconteceram em Alagoas e 1.699 Para\u00edba,os estados com os maiores \u00edndices do pa\u00eds. Os quantitativos dessa popula\u00e7\u00e3o entre os anos estudados foram obtidos a partir de proje\u00e7\u00f5es realizadas pela Pesquisa Nacional por Amostra de Domic\u00edlios (Pnad) e pelo Instituto Brasileiro de Geografia (IBGE).<\/p>\n<p style=\"text-align: justify\">Em rela\u00e7\u00e3o aos brancos,as taxas representaram queda na \u00faltima d\u00e9cada,de 18.852 para 13.668. O n\u00famero de v\u00edtimas que era de 20,6 em cada 100 brancos,em 2002,passou a ser de 15,0 o que representa uma queda da ordem de 27,5%.<\/p>\n<p style=\"text-align: justify\"><strong>Intencionalidade \u2013\u00a0<\/strong>Nos \u00faltimos 30 anos,1.091.125 pessoas foram v\u00edtimas de morte por agress\u00e3o propositada no pa\u00eds. De acordo com Julio Waiselfisz,diretor de pesquisas do Instituto Sangari,o estudo comparou os dados aos maiores conflitos internacionais do \u00faltimo s\u00e9culo. \u201cComprovamos que no Brasil,sem conflitos de qualquer ordem,mata-se mais gente que muitos conflitos armados no mundo. \u00c9 como se,s\u00f3 por homic\u00eddios,tiv\u00e9ssemos matado a mesma popula\u00e7\u00e3o v\u00edtima da Bomba At\u00f4mica\u201d,explica.<\/p>\n<p style=\"text-align: justify\">Para Eloi Ferreira de Araujo,presidente da Funda\u00e7\u00e3o Cultural Palmares,a situa\u00e7\u00e3o \u00e9 grave,pois os dados tratam de uma situa\u00e7\u00e3o espec\u00edfica de mortalidade onde as principais v\u00edtimas s\u00e3o negras e jovens. \u201cOs dados mostram a necessidade de a\u00e7\u00f5es emergenciais por parte do Estado. N\u00e3o podemos deixar que esses n\u00fameros continuem crescendo\u201d,afirma. \u201cA juventude negra precisa de igualdade de direitos e oportunidades para mudar,sair desta condi\u00e7\u00e3o de vulnerabilidade\u201d,ressaltou.<\/p>\n<p style=\"text-align: justify\"><strong>L\u00f3gica homicida \u2013<\/strong>\u00a0Em entrevista coletiva na ter\u00e7a-feira,14 de dezembro,Waiselfisz apresentou uma nova realidade em rela\u00e7\u00e3o a l\u00f3gica da viol\u00eancia homicida no Brasil. Segundo ele,os padr\u00f5es de mortes violentas mudaram radicalmente nos \u00faltimos dez anos \u201cA viol\u00eancia era previs\u00edvel. Hoje os homic\u00eddios surpreendem aos pesquisadores com fatos inesperados\u201d,ressaltou o especialista.<\/p>\n<p style=\"text-align: justify\">Waiselfisz comenta que h\u00e1 poucos anos era poss\u00edvel saber o que aconteceria no ano seguinte,em que estados e em que locais seriam registrados acr\u00e9scimos de viol\u00eancia. Com as mudan\u00e7as detectadas por meio do Mapa atual,ser\u00e1 necess\u00e1rio que o Estado pense novas pol\u00edticas para o combate \u00e0 viol\u00eancia e a redu\u00e7\u00e3o do \u00edndice de mortes propositadas. Uma das mudan\u00e7as na l\u00f3gica homicida foi que este tipo de viol\u00eancia,que era centrado nos grandes p\u00f3los urbanos,passou a migrar para o interior dos estados.<\/p>\n<p style=\"text-align: justify\">Em n\u00fameros absolutos,os homic\u00eddios documentados pelo Sistema de Informa\u00e7\u00f5es sobre Mortalidade do Minist\u00e9rio da Sa\u00fade (SIM\/MS) passou de 45.360 para 49.932 entre os anos de 2000 a 2010. Enquanto as capitais registraram queda no n\u00famero de assassinatos \u2013 32339 para 28797 \u2013 as regi\u00f5es de interior apontaram o crescimento de 8.114 homic\u00eddios no n\u00famero de casos. O dado que em 2000 era de 3.021 mortes passou para 21.135 registradas em 2010.<\/p>\n<p style=\"text-align: justify\"><a href=\"http:\/\/www.circulopalmarino.org.br\/2011\/12\/morte-de-negros-por-homicidio-subiu-234-em-oito-anos\/\"><strong>*C\u00edrculo Palmarino<\/strong><\/a><\/p>\n","protected":false},"excerpt":{"rendered":"<p>*Fonte:Portal \u00c1fricas A taxa de mortalidade de negros por homic\u00eddio no Brasil registrou aumento de 23,4% em 2010 em rela\u00e7\u00e3o a 2002. A informa\u00e7\u00e3o faz parte do\u00a0Mapa da Viol\u00eancia 2012:os novos padr\u00f5es da viol\u00eancia no Brasil\u00a0realizado pelo Instituto Sangari e divulgado esta semana pelo Minist\u00e9rio da Justi\u00e7a. Em um recorte feito por ra\u00e7a e cor,o [&hellip;]<\/p>\n","protected":false},"author":2,"featured_media":0,"comment_status":"open","ping_status":"open","sticky":false,"template":"","format":"standard","meta":{"_acf_changed":false,"footnotes":""},"categories":[4766],"tags":[],"class_list":{"0":"post-962","1":"post","2":"type-post","3":"status-publish","4":"format-standard","6":"category-arquivo"},"acf":[],"yoast_head":"<!-- This site is optimized with the Yoast SEO plugin v26.5 - https:\/\/yoast.com\/wordpress\/plugins\/seo\/ -->\n<title>Morte de negros por homic\u00eddio subiu 23,4% em oito anos - PSOL 50<\/title>\n<meta name=\"robots\" content=\"index, follow, max-snippet:-1, max-image-preview:large, max-video-preview:-1\" \/>\n<link rel=\"canonical\" href=\"https:\/\/psol50.org.br\/morte-de-negros-por-homicidio-subiu-234-em-oito-anos\/\" \/>\n<meta property=\"og:locale\" content=\"pt_BR\" \/>\n<meta property=\"og:type\" content=\"article\" \/>\n<meta property=\"og:title\" content=\"Morte de negros por homic\u00eddio subiu 23,4% em oito anos - PSOL 50\" \/>\n<meta property=\"og:description\" content=\"*Fonte:Portal \u00c1fricas A taxa de mortalidade de negros por homic\u00eddio no Brasil registrou aumento de 23,4% em 2010 em rela\u00e7\u00e3o a 2002. A informa\u00e7\u00e3o faz parte do\u00a0Mapa da Viol\u00eancia 2012:os novos padr\u00f5es da viol\u00eancia no Brasil\u00a0realizado pelo Instituto Sangari e divulgado esta semana pelo Minist\u00e9rio da Justi\u00e7a. Em um recorte feito por ra\u00e7a e cor,o [&hellip;]\" \/>\n<meta property=\"og:url\" content=\"https:\/\/psol50.org.br\/morte-de-negros-por-homicidio-subiu-234-em-oito-anos\/\" \/>\n<meta property=\"og:site_name\" content=\"PSOL 50\" \/>\n<meta property=\"article:publisher\" content=\"https:\/\/www.facebook.com\/psol50\" \/>\n<meta property=\"article:published_time\" content=\"2011-12-27T00:00:00+00:00\" \/>\n<meta property=\"og:image\" content=\"http:\/\/psol50.org.br\/files\/2011\/12\/campanha_juventude_negra.jpg\" \/>\n<meta name=\"author\" content=\"Comunica\u00e7\u00e3o PSOL\" \/>\n<meta name=\"twitter:card\" content=\"summary_large_image\" \/>\n<meta name=\"twitter:creator\" content=\"@psol50\" \/>\n<meta name=\"twitter:site\" content=\"@psol50\" \/>\n<meta name=\"twitter:label1\" content=\"Escrito por\" \/>\n\t<meta name=\"twitter:data1\" content=\"Comunica\u00e7\u00e3o PSOL\" \/>\n\t<meta name=\"twitter:label2\" content=\"Est. tempo de leitura\" \/>\n\t<meta name=\"twitter:data2\" content=\"3 minutos\" \/>\n<script type=\"application\/ld+json\" class=\"yoast-schema-graph\">{\"@context\":\"https:\/\/schema.org\",\"@graph\":[{\"@type\":\"Article\",\"@id\":\"https:\/\/psol50.org.br\/morte-de-negros-por-homicidio-subiu-234-em-oito-anos\/#article\",\"isPartOf\":{\"@id\":\"https:\/\/psol50.org.br\/morte-de-negros-por-homicidio-subiu-234-em-oito-anos\/\"},\"author\":{\"name\":\"Comunica\u00e7\u00e3o PSOL\",\"@id\":\"https:\/\/psol50.org.br\/#\/schema\/person\/475dfa57d0b815993c714c2e96491fcd\"},\"headline\":\"Morte de negros por homic\u00eddio subiu 23,4% em oito anos\",\"datePublished\":\"2011-12-27T00:00:00+00:00\",\"mainEntityOfPage\":{\"@id\":\"https:\/\/psol50.org.br\/morte-de-negros-por-homicidio-subiu-234-em-oito-anos\/\"},\"wordCount\":613,\"commentCount\":0,\"publisher\":{\"@id\":\"https:\/\/psol50.org.br\/#organization\"},\"image\":{\"@id\":\"https:\/\/psol50.org.br\/morte-de-negros-por-homicidio-subiu-234-em-oito-anos\/#primaryimage\"},\"thumbnailUrl\":\"http:\/\/psol50.org.br\/files\/2011\/12\/campanha_juventude_negra.jpg\",\"articleSection\":[\"Arquivo\"],\"inLanguage\":\"pt-BR\",\"potentialAction\":[{\"@type\":\"CommentAction\",\"name\":\"Comment\",\"target\":[\"https:\/\/psol50.org.br\/morte-de-negros-por-homicidio-subiu-234-em-oito-anos\/#respond\"]}]},{\"@type\":\"WebPage\",\"@id\":\"https:\/\/psol50.org.br\/morte-de-negros-por-homicidio-subiu-234-em-oito-anos\/\",\"url\":\"https:\/\/psol50.org.br\/morte-de-negros-por-homicidio-subiu-234-em-oito-anos\/\",\"name\":\"Morte de negros por homic\u00eddio subiu 23,4% em oito anos - PSOL 50\",\"isPartOf\":{\"@id\":\"https:\/\/psol50.org.br\/#website\"},\"primaryImageOfPage\":{\"@id\":\"https:\/\/psol50.org.br\/morte-de-negros-por-homicidio-subiu-234-em-oito-anos\/#primaryimage\"},\"image\":{\"@id\":\"https:\/\/psol50.org.br\/morte-de-negros-por-homicidio-subiu-234-em-oito-anos\/#primaryimage\"},\"thumbnailUrl\":\"http:\/\/psol50.org.br\/files\/2011\/12\/campanha_juventude_negra.jpg\",\"datePublished\":\"2011-12-27T00:00:00+00:00\",\"breadcrumb\":{\"@id\":\"https:\/\/psol50.org.br\/morte-de-negros-por-homicidio-subiu-234-em-oito-anos\/#breadcrumb\"},\"inLanguage\":\"pt-BR\",\"potentialAction\":[{\"@type\":\"ReadAction\",\"target\":[\"https:\/\/psol50.org.br\/morte-de-negros-por-homicidio-subiu-234-em-oito-anos\/\"]}]},{\"@type\":\"ImageObject\",\"inLanguage\":\"pt-BR\",\"@id\":\"https:\/\/psol50.org.br\/morte-de-negros-por-homicidio-subiu-234-em-oito-anos\/#primaryimage\",\"url\":\"http:\/\/psol50.org.br\/files\/2011\/12\/campanha_juventude_negra.jpg\",\"contentUrl\":\"http:\/\/psol50.org.br\/files\/2011\/12\/campanha_juventude_negra.jpg\"},{\"@type\":\"BreadcrumbList\",\"@id\":\"https:\/\/psol50.org.br\/morte-de-negros-por-homicidio-subiu-234-em-oito-anos\/#breadcrumb\",\"itemListElement\":[{\"@type\":\"ListItem\",\"position\":1,\"name\":\"In\u00edcio\",\"item\":\"https:\/\/psol50.org.br\/\"},{\"@type\":\"ListItem\",\"position\":2,\"name\":\"Morte de negros por homic\u00eddio subiu 23,4% em oito anos\"}]},{\"@type\":\"WebSite\",\"@id\":\"https:\/\/psol50.org.br\/#website\",\"url\":\"https:\/\/psol50.org.br\/\",\"name\":\"PSOL 50\",\"description\":\"Site oficial do Partido Socialismo e Liberdade\",\"publisher\":{\"@id\":\"https:\/\/psol50.org.br\/#organization\"},\"alternateName\":\"PSOL50\",\"potentialAction\":[{\"@type\":\"SearchAction\",\"target\":{\"@type\":\"EntryPoint\",\"urlTemplate\":\"https:\/\/psol50.org.br\/?s={search_term_string}\"},\"query-input\":{\"@type\":\"PropertyValueSpecification\",\"valueRequired\":true,\"valueName\":\"search_term_string\"}}],\"inLanguage\":\"pt-BR\"},{\"@type\":\"Organization\",\"@id\":\"https:\/\/psol50.org.br\/#organization\",\"name\":\"PSOL 50\",\"alternateName\":\"PSOL 50\",\"url\":\"https:\/\/psol50.org.br\/\",\"logo\":{\"@type\":\"ImageObject\",\"inLanguage\":\"pt-BR\",\"@id\":\"https:\/\/psol50.org.br\/#\/schema\/logo\/image\/\",\"url\":\"https:\/\/psol50.org.br\/inc\/uploads\/2018\/07\/capa.png\",\"contentUrl\":\"https:\/\/psol50.org.br\/inc\/uploads\/2018\/07\/capa.png\",\"width\":1350,\"height\":900,\"caption\":\"PSOL 50\"},\"image\":{\"@id\":\"https:\/\/psol50.org.br\/#\/schema\/logo\/image\/\"},\"sameAs\":[\"https:\/\/www.facebook.com\/psol50\",\"https:\/\/x.com\/psol50\",\"https:\/\/www.instagram.com\/psol50\/\",\"https:\/\/www.youtube.com\/channel\/UC7SnJS5o1os7a6CaiNabzcg\"]},{\"@type\":\"Person\",\"@id\":\"https:\/\/psol50.org.br\/#\/schema\/person\/475dfa57d0b815993c714c2e96491fcd\",\"name\":\"Comunica\u00e7\u00e3o PSOL\",\"image\":{\"@type\":\"ImageObject\",\"inLanguage\":\"pt-BR\",\"@id\":\"https:\/\/psol50.org.br\/#\/schema\/person\/image\/\",\"url\":\"https:\/\/secure.gravatar.com\/avatar\/b34fc4f4e468a4e51785917065a3db57b841f5c95dba6ad8c73aaf8f66f8f9bf?s=96&d=mm&r=g\",\"contentUrl\":\"https:\/\/secure.gravatar.com\/avatar\/b34fc4f4e468a4e51785917065a3db57b841f5c95dba6ad8c73aaf8f66f8f9bf?s=96&d=mm&r=g\",\"caption\":\"Comunica\u00e7\u00e3o PSOL\"}}]}<\/script>\n<!-- \/ Yoast SEO plugin. -->","yoast_head_json":{"title":"Morte de negros por homic\u00eddio subiu 23,4% em oito anos - PSOL 50","robots":{"index":"index","follow":"follow","max-snippet":"max-snippet:-1","max-image-preview":"max-image-preview:large","max-video-preview":"max-video-preview:-1"},"canonical":"https:\/\/psol50.org.br\/morte-de-negros-por-homicidio-subiu-234-em-oito-anos\/","og_locale":"pt_BR","og_type":"article","og_title":"Morte de negros por homic\u00eddio subiu 23,4% em oito anos - PSOL 50","og_description":"*Fonte:Portal \u00c1fricas A taxa de mortalidade de negros por homic\u00eddio no Brasil registrou aumento de 23,4% em 2010 em rela\u00e7\u00e3o a 2002. A informa\u00e7\u00e3o faz parte do\u00a0Mapa da Viol\u00eancia 2012:os novos padr\u00f5es da viol\u00eancia no Brasil\u00a0realizado pelo Instituto Sangari e divulgado esta semana pelo Minist\u00e9rio da Justi\u00e7a. Em um recorte feito por ra\u00e7a e cor,o [&hellip;]","og_url":"https:\/\/psol50.org.br\/morte-de-negros-por-homicidio-subiu-234-em-oito-anos\/","og_site_name":"PSOL 50","article_publisher":"https:\/\/www.facebook.com\/psol50","article_published_time":"2011-12-27T00:00:00+00:00","og_image":[{"url":"http:\/\/psol50.org.br\/files\/2011\/12\/campanha_juventude_negra.jpg","type":"","width":"","height":""}],"author":"Comunica\u00e7\u00e3o PSOL","twitter_card":"summary_large_image","twitter_creator":"@psol50","twitter_site":"@psol50","twitter_misc":{"Escrito por":"Comunica\u00e7\u00e3o PSOL","Est. tempo de leitura":"3 minutos"},"schema":{"@context":"https:\/\/schema.org","@graph":[{"@type":"Article","@id":"https:\/\/psol50.org.br\/morte-de-negros-por-homicidio-subiu-234-em-oito-anos\/#article","isPartOf":{"@id":"https:\/\/psol50.org.br\/morte-de-negros-por-homicidio-subiu-234-em-oito-anos\/"},"author":{"name":"Comunica\u00e7\u00e3o PSOL","@id":"https:\/\/psol50.org.br\/#\/schema\/person\/475dfa57d0b815993c714c2e96491fcd"},"headline":"Morte de negros por homic\u00eddio subiu 23,4% em oito anos","datePublished":"2011-12-27T00:00:00+00:00","mainEntityOfPage":{"@id":"https:\/\/psol50.org.br\/morte-de-negros-por-homicidio-subiu-234-em-oito-anos\/"},"wordCount":613,"commentCount":0,"publisher":{"@id":"https:\/\/psol50.org.br\/#organization"},"image":{"@id":"https:\/\/psol50.org.br\/morte-de-negros-por-homicidio-subiu-234-em-oito-anos\/#primaryimage"},"thumbnailUrl":"http:\/\/psol50.org.br\/files\/2011\/12\/campanha_juventude_negra.jpg","articleSection":["Arquivo"],"inLanguage":"pt-BR","potentialAction":[{"@type":"CommentAction","name":"Comment","target":["https:\/\/psol50.org.br\/morte-de-negros-por-homicidio-subiu-234-em-oito-anos\/#respond"]}]},{"@type":"WebPage","@id":"https:\/\/psol50.org.br\/morte-de-negros-por-homicidio-subiu-234-em-oito-anos\/","url":"https:\/\/psol50.org.br\/morte-de-negros-por-homicidio-subiu-234-em-oito-anos\/","name":"Morte de negros por homic\u00eddio subiu 23,4% em oito anos - PSOL 50","isPartOf":{"@id":"https:\/\/psol50.org.br\/#website"},"primaryImageOfPage":{"@id":"https:\/\/psol50.org.br\/morte-de-negros-por-homicidio-subiu-234-em-oito-anos\/#primaryimage"},"image":{"@id":"https:\/\/psol50.org.br\/morte-de-negros-por-homicidio-subiu-234-em-oito-anos\/#primaryimage"},"thumbnailUrl":"http:\/\/psol50.org.br\/files\/2011\/12\/campanha_juventude_negra.jpg","datePublished":"2011-12-27T00:00:00+00:00","breadcrumb":{"@id":"https:\/\/psol50.org.br\/morte-de-negros-por-homicidio-subiu-234-em-oito-anos\/#breadcrumb"},"inLanguage":"pt-BR","potentialAction":[{"@type":"ReadAction","target":["https:\/\/psol50.org.br\/morte-de-negros-por-homicidio-subiu-234-em-oito-anos\/"]}]},{"@type":"ImageObject","inLanguage":"pt-BR","@id":"https:\/\/psol50.org.br\/morte-de-negros-por-homicidio-subiu-234-em-oito-anos\/#primaryimage","url":"http:\/\/psol50.org.br\/files\/2011\/12\/campanha_juventude_negra.jpg","contentUrl":"http:\/\/psol50.org.br\/files\/2011\/12\/campanha_juventude_negra.jpg"},{"@type":"BreadcrumbList","@id":"https:\/\/psol50.org.br\/morte-de-negros-por-homicidio-subiu-234-em-oito-anos\/#breadcrumb","itemListElement":[{"@type":"ListItem","position":1,"name":"In\u00edcio","item":"https:\/\/psol50.org.br\/"},{"@type":"ListItem","position":2,"name":"Morte de negros por homic\u00eddio subiu 23,4% em oito anos"}]},{"@type":"WebSite","@id":"https:\/\/psol50.org.br\/#website","url":"https:\/\/psol50.org.br\/","name":"PSOL 50","description":"Site oficial do Partido Socialismo e Liberdade","publisher":{"@id":"https:\/\/psol50.org.br\/#organization"},"alternateName":"PSOL50","potentialAction":[{"@type":"SearchAction","target":{"@type":"EntryPoint","urlTemplate":"https:\/\/psol50.org.br\/?s={search_term_string}"},"query-input":{"@type":"PropertyValueSpecification","valueRequired":true,"valueName":"search_term_string"}}],"inLanguage":"pt-BR"},{"@type":"Organization","@id":"https:\/\/psol50.org.br\/#organization","name":"PSOL 50","alternateName":"PSOL 50","url":"https:\/\/psol50.org.br\/","logo":{"@type":"ImageObject","inLanguage":"pt-BR","@id":"https:\/\/psol50.org.br\/#\/schema\/logo\/image\/","url":"https:\/\/psol50.org.br\/inc\/uploads\/2018\/07\/capa.png","contentUrl":"https:\/\/psol50.org.br\/inc\/uploads\/2018\/07\/capa.png","width":1350,"height":900,"caption":"PSOL 50"},"image":{"@id":"https:\/\/psol50.org.br\/#\/schema\/logo\/image\/"},"sameAs":["https:\/\/www.facebook.com\/psol50","https:\/\/x.com\/psol50","https:\/\/www.instagram.com\/psol50\/","https:\/\/www.youtube.com\/channel\/UC7SnJS5o1os7a6CaiNabzcg"]},{"@type":"Person","@id":"https:\/\/psol50.org.br\/#\/schema\/person\/475dfa57d0b815993c714c2e96491fcd","name":"Comunica\u00e7\u00e3o PSOL","image":{"@type":"ImageObject","inLanguage":"pt-BR","@id":"https:\/\/psol50.org.br\/#\/schema\/person\/image\/","url":"https:\/\/secure.gravatar.com\/avatar\/b34fc4f4e468a4e51785917065a3db57b841f5c95dba6ad8c73aaf8f66f8f9bf?s=96&d=mm&r=g","contentUrl":"https:\/\/secure.gravatar.com\/avatar\/b34fc4f4e468a4e51785917065a3db57b841f5c95dba6ad8c73aaf8f66f8f9bf?s=96&d=mm&r=g","caption":"Comunica\u00e7\u00e3o PSOL"}}]}},"_links":{"self":[{"href":"https:\/\/psol50.org.br\/rest\/wp\/v2\/posts\/962","targetHints":{"allow":["GET"]}}],"collection":[{"href":"https:\/\/psol50.org.br\/rest\/wp\/v2\/posts"}],"about":[{"href":"https:\/\/psol50.org.br\/rest\/wp\/v2\/types\/post"}],"author":[{"embeddable":true,"href":"https:\/\/psol50.org.br\/rest\/wp\/v2\/users\/2"}],"replies":[{"embeddable":true,"href":"https:\/\/psol50.org.br\/rest\/wp\/v2\/comments?post=962"}],"version-history":[{"count":0,"href":"https:\/\/psol50.org.br\/rest\/wp\/v2\/posts\/962\/revisions"}],"wp:attachment":[{"href":"https:\/\/psol50.org.br\/rest\/wp\/v2\/media?parent=962"}],"wp:term":[{"taxonomy":"category","embeddable":true,"href":"https:\/\/psol50.org.br\/rest\/wp\/v2\/categories?post=962"},{"taxonomy":"post_tag","embeddable":true,"href":"https:\/\/psol50.org.br\/rest\/wp\/v2\/tags?post=962"}],"curies":[{"name":"wp","href":"https:\/\/api.w.org\/{rel}","templated":true}]}}