{"id":9621,"date":"2014-01-28T00:00:00","date_gmt":"2014-01-28T00:00:00","guid":{"rendered":"http:\/\/psol50.org.br\/arquivo\/2014\/01\/28\/vazio-politico-a-alianca-rede-psb-e-os-sinais-de-um-tempo-estranho\/"},"modified":"2014-01-28T00:00:00","modified_gmt":"2014-01-28T00:00:00","slug":"vazio-politico-a-alianca-rede-psb-e-os-sinais-de-um-tempo-estranho","status":"publish","type":"post","link":"https:\/\/psol50.org.br\/vazio-politico-a-alianca-rede-psb-e-os-sinais-de-um-tempo-estranho\/","title":{"rendered":"Vazio pol\u00edtico? A alian\u00e7a Rede-PSB e os sinais de um tempo estranho"},"content":{"rendered":"<p style=\"text-align: justify;\">\n\t<em style=\"font-size: 12px;\">\u201cNada de novo no time, com um partido composto por uma confedera\u00e7\u00e3o de coron\u00e9is regionais vitaminados pelo governismo e que agora pretende al\u00e7ar v\u00f4os pr\u00f3prios\u201d<\/em><span style=\"font-size: 12px;\">&nbsp;<\/span><\/p>\n<p>\tPoucos acontecimentos recentes simbolizam com maior for\u00e7a o esgotamento de representatividade da pol\u00edtica institucional brasileira do que a alian\u00e7a Rede-PSB para a disputa eleitoral de 2014. Tal reposicionamento de pe\u00e7as no tabuleiro eleitoral aprofunda o j\u00e1 desastroso quadro dos \u00faltimos anos de peemedebismo: o esgotamento completo da luta por projetos de pa\u00eds, perdidos no vazio das \u201cn\u00e3o-alternativas\u201d de poder.<\/p>\n<p>\tSe para alguns a proposta pol\u00edtica de Marina Silva j\u00e1 dava sinais de esgotamento program\u00e1tico logo na largada, \u00e9 com sua secundariza\u00e7\u00e3o em uma alian\u00e7a pragm\u00e1tica com Eduardo Campos para concorrer \u00e0 Presid\u00eancia, no entanto, que vir\u00e1 o derradeiro balde de \u00e1gua fria. Apegada a uma vis\u00e3o reduzida da pol\u00edtica e do poder em tempos de crise, Marina perdeu uma oportunidade \u00edmpar em 2013: a de acabar o ano como a \u00fanica poss\u00edvel credenciada a abrir um canal de di\u00e1logo com aqueles que foram \u00e0s ruas em junho e que, a depender do desenrolar dos acontecimentos, podem voltar em 2014. Tomada isoladamente, tal escolha pode n\u00e3o significar muito \u00e0 pol\u00edtica brasileira, mas contextualizada no conjunto dos acontecimentos recentes, aprofunda o cen\u00e1rio de descren\u00e7a e, portanto, instabilidade pol\u00edtica das ruas.<\/p>\n<p>\tO erro hist\u00f3rico que configura esse enorme desperd\u00edcio est\u00e1 escorado em uma vis\u00e3o esquem\u00e1tica e matematizada a respeito dos protestos produzida por institutos de pesquisa e seus \u201canalistas\u201d: \u201corganizados pela internet de modo espont\u00e2neo, os manifestantes n\u00e3o sabem exatamente o que querem\u201d. Somado a isso, um apego profundo \u00e0 apar\u00eancia institucional em detrimento da ess\u00eancia ideol\u00f3gica da pol\u00edtica, como se a hist\u00f3ria s\u00f3 pudesse ser produzida em gabinetes e escrit\u00f3rios. Estar fora deles seria o equivalente a estar fora do jogo. Dentro desse esquema, tensionado por um momento f\u00e9rtil para mobiliza\u00e7\u00f5es sociais, nada assusta mais do que os pequenos desvios ao consenso conservador (imposto por uma ampla alian\u00e7a no andar de cima) prontamente apontados como \u201cradicais\u201d. Apressando-se em fugir dessa pecha, Marina pegou o mais previs\u00edvel do atalhos e negou-se ao desafio de, sem legenda formal, catalisar um movimento poderoso para ocupar as ruas, reconfigurar o debate pol\u00edtico e abalar as estruturas de nossos c\u00e2nones. Apegada ao pensamento de seu tempo, quando se pede coragem para enxergar al\u00e9m, tal aposta n\u00e3o estava, como ela j\u00e1 teria demonstrado anteriormente, \u00e0 sua altura. Faltou vis\u00e3o para enxergar o \u00f3bvio; poucas crises s\u00e3o mais profundas do que a crise de legitimidade pela qual passa a democracia representativa burguesa, tal qual a conhecemos.<\/p>\n<p>\tLonge de ser exclusiva de Marina, essa vis\u00e3o menor de poder \u00e9 respons\u00e1vel da direta \u00e0 esquerda pela aus\u00eancia de alternativas pol\u00edticas reais e programas concretos em di\u00e1logo com os anseios de junho. Com o aprofundamento da forma neoliberal de organiza\u00e7\u00e3o da esfera p\u00fablica, chegamos ao fim da era dos l\u00edderes impetuosos e entramos de vez na era dos administradores bem comportados. No vale-tudo institucional de gabinetes, escrit\u00f3rios e campanhas eleitorais pela administra\u00e7\u00e3o do nosso fracasso social em detrimento da luta por cora\u00e7\u00f5es e mentes para sua supera\u00e7\u00e3o estrutural, a cosm\u00e9tica fala mais alto que as \u00e9ticas em disputa e o di\u00e1logo do incomunic\u00e1vel se instaura de vez. A completa falta de entendimento entre emissores e receptores das mensagens pol\u00edticas (divis\u00e3o cada vez menos tolerada), que n\u00e3o se comunicam nos mesmos c\u00f3digos, \u00e9 prontamente explicada como \u201celes n\u00e3o sabem o que querem\u201d. Enquanto isso, a eleva\u00e7\u00e3o do \u00edndice de greves e ocupa\u00e7\u00f5es no \u00faltimo ano, as depreda\u00e7\u00f5es e manifesta\u00e7\u00f5es carregadas de raiva social na periferia e fora dela, o crescimento do neopentecostalismo de massas e do fundamentalismo religioso, os \u201crolezinhos\u201d, a politiza\u00e7\u00e3o das torcidas organizadas e outros fen\u00f4menos, gritam significados bastante claros: algo est\u00e1 para acontecer no Brasil. Nem Marina, nem a direita tradicional, nem o condom\u00ednio governista ou sua oposi\u00e7\u00e3o de esquerda est\u00e3o capacitados para traduzir e agir com destreza nesse cen\u00e1rio, mas uma coisa parece certa: aferrar-se \u00e0 institucionalidade e ao nosso modelo falido de democracia como forma de responder a tais ang\u00fastias subterr\u00e2neas n\u00e3o parece ser a aposta certa nesta conjuntura. N\u00e3o, pelo menos, para quem se obriga a olhar o tempo da pol\u00edtica para al\u00e9m do intervalo de dois anos entre elei\u00e7\u00f5es.<\/p>\n<p>\tIsso n\u00e3o significa, no entanto, desprez\u00e1-las. Se a rua \u00e9 a chave interpretativa e eixo da a\u00e7\u00e3o pol\u00edtica transformadora, \u00e9 fato que as elei\u00e7\u00f5es jogam um papel importante \u00e0 medida que precisam, de certa forma, se remeter a ela, abrindo di\u00e1logos, ampliando discursos, pautando debates, colocando reflex\u00f5es, ainda que m\u00ednimas. Nesse particular, nada de novo no time Rede-PSB. Num partido composto por uma confedera\u00e7\u00e3o de coron\u00e9is regionais vitaminados pelo governismo, que agora pretende al\u00e7ar voos pr\u00f3prios, Campos aposta no esgotamento de 10 anos de condom\u00ednio petista no poder para viajar o pa\u00eds raspando onde pode correligion\u00e1rios de peso (n\u00e3o importando seu programa ou filia\u00e7\u00e3o ideol\u00f3gico-partid\u00e1ria), grandes empres\u00e1rios e financiadores de campanha em poss\u00edveis alian\u00e7as que sejam capazes de animar uma reorganiza\u00e7\u00e3o da oposi\u00e7\u00e3o em cima do v\u00e1cuo deixado pela desidrata\u00e7\u00e3o do p\u00f3lo PSDB-DEM-PPS. O discurso cala fundo ao cora\u00e7\u00e3o dos grandes jogadores da economia nacional: combate \u00e0 infla\u00e7\u00e3o, respeito ao trip\u00e9 da macroeconomia brasileira, diminui\u00e7\u00e3o de impostos, desonera\u00e7\u00f5es. Em resumo, se n\u00e3o uma reorganiza\u00e7\u00e3o da oposi\u00e7\u00e3o de direita com ares de renovada moderniza\u00e7\u00e3o, mais do mesmo.<\/p>\n<p>\tSe j\u00e1 sabemos tamb\u00e9m o que esperar do governismo e sua insist\u00eancia surda em um social-liberalismo de coaliz\u00e3o que j\u00e1 rendeu o que poderia render, a responsabilidade da esquerda que n\u00e3o teme dizer seu nome cresce ainda mais neste cen\u00e1rio. Mais do que empenhados em provar que somos capazes de gerir um pacto que n\u00e3o \u00e9 nosso, devemos reivindicar confronto incans\u00e1vel a ele, denunciando o que tem de mais cruel. Dessa forma, o palanque aberto com as elei\u00e7\u00f5es deve ser ocupado para vocalizar e traduzir da melhor forma poss\u00edvel essa ang\u00fastia que pipoca aqui e ali em demonstra\u00e7\u00f5es aparentemente sem rela\u00e7\u00e3o, mas que parecem caminhar na mesma dire\u00e7\u00e3o: \u201ca nega\u00e7\u00e3o de tudo o que est\u00e1 a\u00ed\u201d. Para onde vai essa nega\u00e7\u00e3o fragmentada? Dif\u00edcil saber. \u00c9 da natureza das crises a abertura do cen\u00e1rio \u00e0 op\u00e7\u00f5es que n\u00e3o haviam sido cogitadas como poss\u00edveis anteriormente. Uma oportunidade, em suma.<\/p>\n<p>\tOs conflitos devem se acirrar e a tirar pela tradi\u00e7\u00e3o colonial e autorit\u00e1ria de parte da sociedade brasileira, as possibilidades n\u00e3o parecem animadoras no que diz respeito \u00e0 repress\u00e3o. A apoteose pode demorar a chegar ou mesmo nunca vir. Depender\u00e1 tamb\u00e9m de n\u00f3s. Neste processo, mais vale o ac\u00famulo pol\u00edtico-organizativo que tal ascens\u00e3o pode nos oferecer, em meses ou em anos. Entre o encontro de placas tect\u00f4nicas e um terremoto sempre h\u00e1 mudan\u00e7as no ambiente que indicam o que vir\u00e1. Felizes dos que conseguem capta-las e agir a tempo.<\/p>\n<p>&nbsp;<\/p>\n","protected":false},"excerpt":{"rendered":"<p>\u201cNada de novo no time, com um partido composto por uma confedera\u00e7\u00e3o de coron\u00e9is regionais vitaminados pelo governismo e que agora pretende al\u00e7ar v\u00f4os pr\u00f3prios\u201d&nbsp; Poucos acontecimentos recentes simbolizam com maior for\u00e7a o esgotamento de representatividade da pol\u00edtica institucional brasileira do que a alian\u00e7a Rede-PSB para a disputa eleitoral de 2014. Tal reposicionamento de pe\u00e7as [&hellip;]<\/p>\n","protected":false},"author":2,"featured_media":0,"comment_status":"open","ping_status":"open","sticky":false,"template":"","format":"standard","meta":{"_acf_changed":false,"footnotes":""},"categories":[3],"tags":[],"class_list":{"0":"post-9621","1":"post","2":"type-post","3":"status-publish","4":"format-standard","6":"category-artigos-e-entrevistas"},"acf":[],"yoast_head":"<!-- This site is optimized with the Yoast SEO plugin v26.5 - https:\/\/yoast.com\/wordpress\/plugins\/seo\/ -->\n<title>Vazio pol\u00edtico? A alian\u00e7a Rede-PSB e os sinais de um tempo estranho - PSOL 50<\/title>\n<meta name=\"robots\" content=\"index, follow, max-snippet:-1, max-image-preview:large, max-video-preview:-1\" \/>\n<link rel=\"canonical\" href=\"https:\/\/psol50.org.br\/vazio-politico-a-alianca-rede-psb-e-os-sinais-de-um-tempo-estranho\/\" \/>\n<meta property=\"og:locale\" content=\"pt_BR\" \/>\n<meta property=\"og:type\" content=\"article\" \/>\n<meta property=\"og:title\" content=\"Vazio pol\u00edtico? A alian\u00e7a Rede-PSB e os sinais de um tempo estranho - PSOL 50\" \/>\n<meta property=\"og:description\" content=\"\u201cNada de novo no time, com um partido composto por uma confedera\u00e7\u00e3o de coron\u00e9is regionais vitaminados pelo governismo e que agora pretende al\u00e7ar v\u00f4os pr\u00f3prios\u201d&nbsp; Poucos acontecimentos recentes simbolizam com maior for\u00e7a o esgotamento de representatividade da pol\u00edtica institucional brasileira do que a alian\u00e7a Rede-PSB para a disputa eleitoral de 2014. Tal reposicionamento de pe\u00e7as [&hellip;]\" \/>\n<meta property=\"og:url\" content=\"https:\/\/psol50.org.br\/vazio-politico-a-alianca-rede-psb-e-os-sinais-de-um-tempo-estranho\/\" \/>\n<meta property=\"og:site_name\" content=\"PSOL 50\" \/>\n<meta property=\"article:publisher\" content=\"https:\/\/www.facebook.com\/psol50\" \/>\n<meta property=\"article:published_time\" content=\"2014-01-28T00:00:00+00:00\" \/>\n<meta property=\"og:image\" content=\"https:\/\/psol50.org.br\/inc\/uploads\/2018\/07\/capa.png\" \/>\n\t<meta property=\"og:image:width\" content=\"1350\" \/>\n\t<meta property=\"og:image:height\" content=\"900\" \/>\n\t<meta property=\"og:image:type\" content=\"image\/png\" \/>\n<meta name=\"author\" content=\"Comunica\u00e7\u00e3o PSOL\" \/>\n<meta name=\"twitter:card\" content=\"summary_large_image\" \/>\n<meta name=\"twitter:creator\" content=\"@psol50\" \/>\n<meta name=\"twitter:site\" content=\"@psol50\" \/>\n<meta name=\"twitter:label1\" content=\"Escrito por\" \/>\n\t<meta name=\"twitter:data1\" content=\"Comunica\u00e7\u00e3o PSOL\" \/>\n\t<meta name=\"twitter:label2\" content=\"Est. tempo de leitura\" \/>\n\t<meta name=\"twitter:data2\" content=\"6 minutos\" \/>\n<script type=\"application\/ld+json\" class=\"yoast-schema-graph\">{\"@context\":\"https:\/\/schema.org\",\"@graph\":[{\"@type\":\"Article\",\"@id\":\"https:\/\/psol50.org.br\/vazio-politico-a-alianca-rede-psb-e-os-sinais-de-um-tempo-estranho\/#article\",\"isPartOf\":{\"@id\":\"https:\/\/psol50.org.br\/vazio-politico-a-alianca-rede-psb-e-os-sinais-de-um-tempo-estranho\/\"},\"author\":{\"name\":\"Comunica\u00e7\u00e3o PSOL\",\"@id\":\"https:\/\/psol50.org.br\/#\/schema\/person\/475dfa57d0b815993c714c2e96491fcd\"},\"headline\":\"Vazio pol\u00edtico? A alian\u00e7a Rede-PSB e os sinais de um tempo estranho\",\"datePublished\":\"2014-01-28T00:00:00+00:00\",\"mainEntityOfPage\":{\"@id\":\"https:\/\/psol50.org.br\/vazio-politico-a-alianca-rede-psb-e-os-sinais-de-um-tempo-estranho\/\"},\"wordCount\":1256,\"commentCount\":0,\"publisher\":{\"@id\":\"https:\/\/psol50.org.br\/#organization\"},\"articleSection\":[\"Artigos\"],\"inLanguage\":\"pt-BR\",\"potentialAction\":[{\"@type\":\"CommentAction\",\"name\":\"Comment\",\"target\":[\"https:\/\/psol50.org.br\/vazio-politico-a-alianca-rede-psb-e-os-sinais-de-um-tempo-estranho\/#respond\"]}]},{\"@type\":\"WebPage\",\"@id\":\"https:\/\/psol50.org.br\/vazio-politico-a-alianca-rede-psb-e-os-sinais-de-um-tempo-estranho\/\",\"url\":\"https:\/\/psol50.org.br\/vazio-politico-a-alianca-rede-psb-e-os-sinais-de-um-tempo-estranho\/\",\"name\":\"Vazio pol\u00edtico? A alian\u00e7a Rede-PSB e os sinais de um tempo estranho - PSOL 50\",\"isPartOf\":{\"@id\":\"https:\/\/psol50.org.br\/#website\"},\"datePublished\":\"2014-01-28T00:00:00+00:00\",\"breadcrumb\":{\"@id\":\"https:\/\/psol50.org.br\/vazio-politico-a-alianca-rede-psb-e-os-sinais-de-um-tempo-estranho\/#breadcrumb\"},\"inLanguage\":\"pt-BR\",\"potentialAction\":[{\"@type\":\"ReadAction\",\"target\":[\"https:\/\/psol50.org.br\/vazio-politico-a-alianca-rede-psb-e-os-sinais-de-um-tempo-estranho\/\"]}]},{\"@type\":\"BreadcrumbList\",\"@id\":\"https:\/\/psol50.org.br\/vazio-politico-a-alianca-rede-psb-e-os-sinais-de-um-tempo-estranho\/#breadcrumb\",\"itemListElement\":[{\"@type\":\"ListItem\",\"position\":1,\"name\":\"In\u00edcio\",\"item\":\"https:\/\/psol50.org.br\/\"},{\"@type\":\"ListItem\",\"position\":2,\"name\":\"Vazio pol\u00edtico? A alian\u00e7a Rede-PSB e os sinais de um tempo estranho\"}]},{\"@type\":\"WebSite\",\"@id\":\"https:\/\/psol50.org.br\/#website\",\"url\":\"https:\/\/psol50.org.br\/\",\"name\":\"PSOL 50\",\"description\":\"Site oficial do Partido Socialismo e Liberdade\",\"publisher\":{\"@id\":\"https:\/\/psol50.org.br\/#organization\"},\"alternateName\":\"PSOL50\",\"potentialAction\":[{\"@type\":\"SearchAction\",\"target\":{\"@type\":\"EntryPoint\",\"urlTemplate\":\"https:\/\/psol50.org.br\/?s={search_term_string}\"},\"query-input\":{\"@type\":\"PropertyValueSpecification\",\"valueRequired\":true,\"valueName\":\"search_term_string\"}}],\"inLanguage\":\"pt-BR\"},{\"@type\":\"Organization\",\"@id\":\"https:\/\/psol50.org.br\/#organization\",\"name\":\"PSOL 50\",\"alternateName\":\"PSOL 50\",\"url\":\"https:\/\/psol50.org.br\/\",\"logo\":{\"@type\":\"ImageObject\",\"inLanguage\":\"pt-BR\",\"@id\":\"https:\/\/psol50.org.br\/#\/schema\/logo\/image\/\",\"url\":\"https:\/\/psol50.org.br\/inc\/uploads\/2018\/07\/capa.png\",\"contentUrl\":\"https:\/\/psol50.org.br\/inc\/uploads\/2018\/07\/capa.png\",\"width\":1350,\"height\":900,\"caption\":\"PSOL 50\"},\"image\":{\"@id\":\"https:\/\/psol50.org.br\/#\/schema\/logo\/image\/\"},\"sameAs\":[\"https:\/\/www.facebook.com\/psol50\",\"https:\/\/x.com\/psol50\",\"https:\/\/www.instagram.com\/psol50\/\",\"https:\/\/www.youtube.com\/channel\/UC7SnJS5o1os7a6CaiNabzcg\"]},{\"@type\":\"Person\",\"@id\":\"https:\/\/psol50.org.br\/#\/schema\/person\/475dfa57d0b815993c714c2e96491fcd\",\"name\":\"Comunica\u00e7\u00e3o PSOL\",\"image\":{\"@type\":\"ImageObject\",\"inLanguage\":\"pt-BR\",\"@id\":\"https:\/\/psol50.org.br\/#\/schema\/person\/image\/\",\"url\":\"https:\/\/secure.gravatar.com\/avatar\/b34fc4f4e468a4e51785917065a3db57b841f5c95dba6ad8c73aaf8f66f8f9bf?s=96&d=mm&r=g\",\"contentUrl\":\"https:\/\/secure.gravatar.com\/avatar\/b34fc4f4e468a4e51785917065a3db57b841f5c95dba6ad8c73aaf8f66f8f9bf?s=96&d=mm&r=g\",\"caption\":\"Comunica\u00e7\u00e3o PSOL\"}}]}<\/script>\n<!-- \/ Yoast SEO plugin. -->","yoast_head_json":{"title":"Vazio pol\u00edtico? A alian\u00e7a Rede-PSB e os sinais de um tempo estranho - PSOL 50","robots":{"index":"index","follow":"follow","max-snippet":"max-snippet:-1","max-image-preview":"max-image-preview:large","max-video-preview":"max-video-preview:-1"},"canonical":"https:\/\/psol50.org.br\/vazio-politico-a-alianca-rede-psb-e-os-sinais-de-um-tempo-estranho\/","og_locale":"pt_BR","og_type":"article","og_title":"Vazio pol\u00edtico? A alian\u00e7a Rede-PSB e os sinais de um tempo estranho - PSOL 50","og_description":"\u201cNada de novo no time, com um partido composto por uma confedera\u00e7\u00e3o de coron\u00e9is regionais vitaminados pelo governismo e que agora pretende al\u00e7ar v\u00f4os pr\u00f3prios\u201d&nbsp; Poucos acontecimentos recentes simbolizam com maior for\u00e7a o esgotamento de representatividade da pol\u00edtica institucional brasileira do que a alian\u00e7a Rede-PSB para a disputa eleitoral de 2014. Tal reposicionamento de pe\u00e7as [&hellip;]","og_url":"https:\/\/psol50.org.br\/vazio-politico-a-alianca-rede-psb-e-os-sinais-de-um-tempo-estranho\/","og_site_name":"PSOL 50","article_publisher":"https:\/\/www.facebook.com\/psol50","article_published_time":"2014-01-28T00:00:00+00:00","og_image":[{"width":1350,"height":900,"url":"https:\/\/psol50.org.br\/inc\/uploads\/2018\/07\/capa.png","type":"image\/png"}],"author":"Comunica\u00e7\u00e3o PSOL","twitter_card":"summary_large_image","twitter_creator":"@psol50","twitter_site":"@psol50","twitter_misc":{"Escrito por":"Comunica\u00e7\u00e3o PSOL","Est. tempo de leitura":"6 minutos"},"schema":{"@context":"https:\/\/schema.org","@graph":[{"@type":"Article","@id":"https:\/\/psol50.org.br\/vazio-politico-a-alianca-rede-psb-e-os-sinais-de-um-tempo-estranho\/#article","isPartOf":{"@id":"https:\/\/psol50.org.br\/vazio-politico-a-alianca-rede-psb-e-os-sinais-de-um-tempo-estranho\/"},"author":{"name":"Comunica\u00e7\u00e3o PSOL","@id":"https:\/\/psol50.org.br\/#\/schema\/person\/475dfa57d0b815993c714c2e96491fcd"},"headline":"Vazio pol\u00edtico? A alian\u00e7a Rede-PSB e os sinais de um tempo estranho","datePublished":"2014-01-28T00:00:00+00:00","mainEntityOfPage":{"@id":"https:\/\/psol50.org.br\/vazio-politico-a-alianca-rede-psb-e-os-sinais-de-um-tempo-estranho\/"},"wordCount":1256,"commentCount":0,"publisher":{"@id":"https:\/\/psol50.org.br\/#organization"},"articleSection":["Artigos"],"inLanguage":"pt-BR","potentialAction":[{"@type":"CommentAction","name":"Comment","target":["https:\/\/psol50.org.br\/vazio-politico-a-alianca-rede-psb-e-os-sinais-de-um-tempo-estranho\/#respond"]}]},{"@type":"WebPage","@id":"https:\/\/psol50.org.br\/vazio-politico-a-alianca-rede-psb-e-os-sinais-de-um-tempo-estranho\/","url":"https:\/\/psol50.org.br\/vazio-politico-a-alianca-rede-psb-e-os-sinais-de-um-tempo-estranho\/","name":"Vazio pol\u00edtico? A alian\u00e7a Rede-PSB e os sinais de um tempo estranho - PSOL 50","isPartOf":{"@id":"https:\/\/psol50.org.br\/#website"},"datePublished":"2014-01-28T00:00:00+00:00","breadcrumb":{"@id":"https:\/\/psol50.org.br\/vazio-politico-a-alianca-rede-psb-e-os-sinais-de-um-tempo-estranho\/#breadcrumb"},"inLanguage":"pt-BR","potentialAction":[{"@type":"ReadAction","target":["https:\/\/psol50.org.br\/vazio-politico-a-alianca-rede-psb-e-os-sinais-de-um-tempo-estranho\/"]}]},{"@type":"BreadcrumbList","@id":"https:\/\/psol50.org.br\/vazio-politico-a-alianca-rede-psb-e-os-sinais-de-um-tempo-estranho\/#breadcrumb","itemListElement":[{"@type":"ListItem","position":1,"name":"In\u00edcio","item":"https:\/\/psol50.org.br\/"},{"@type":"ListItem","position":2,"name":"Vazio pol\u00edtico? A alian\u00e7a Rede-PSB e os sinais de um tempo estranho"}]},{"@type":"WebSite","@id":"https:\/\/psol50.org.br\/#website","url":"https:\/\/psol50.org.br\/","name":"PSOL 50","description":"Site oficial do Partido Socialismo e Liberdade","publisher":{"@id":"https:\/\/psol50.org.br\/#organization"},"alternateName":"PSOL50","potentialAction":[{"@type":"SearchAction","target":{"@type":"EntryPoint","urlTemplate":"https:\/\/psol50.org.br\/?s={search_term_string}"},"query-input":{"@type":"PropertyValueSpecification","valueRequired":true,"valueName":"search_term_string"}}],"inLanguage":"pt-BR"},{"@type":"Organization","@id":"https:\/\/psol50.org.br\/#organization","name":"PSOL 50","alternateName":"PSOL 50","url":"https:\/\/psol50.org.br\/","logo":{"@type":"ImageObject","inLanguage":"pt-BR","@id":"https:\/\/psol50.org.br\/#\/schema\/logo\/image\/","url":"https:\/\/psol50.org.br\/inc\/uploads\/2018\/07\/capa.png","contentUrl":"https:\/\/psol50.org.br\/inc\/uploads\/2018\/07\/capa.png","width":1350,"height":900,"caption":"PSOL 50"},"image":{"@id":"https:\/\/psol50.org.br\/#\/schema\/logo\/image\/"},"sameAs":["https:\/\/www.facebook.com\/psol50","https:\/\/x.com\/psol50","https:\/\/www.instagram.com\/psol50\/","https:\/\/www.youtube.com\/channel\/UC7SnJS5o1os7a6CaiNabzcg"]},{"@type":"Person","@id":"https:\/\/psol50.org.br\/#\/schema\/person\/475dfa57d0b815993c714c2e96491fcd","name":"Comunica\u00e7\u00e3o PSOL","image":{"@type":"ImageObject","inLanguage":"pt-BR","@id":"https:\/\/psol50.org.br\/#\/schema\/person\/image\/","url":"https:\/\/secure.gravatar.com\/avatar\/b34fc4f4e468a4e51785917065a3db57b841f5c95dba6ad8c73aaf8f66f8f9bf?s=96&d=mm&r=g","contentUrl":"https:\/\/secure.gravatar.com\/avatar\/b34fc4f4e468a4e51785917065a3db57b841f5c95dba6ad8c73aaf8f66f8f9bf?s=96&d=mm&r=g","caption":"Comunica\u00e7\u00e3o PSOL"}}]}},"_links":{"self":[{"href":"https:\/\/psol50.org.br\/rest\/wp\/v2\/posts\/9621","targetHints":{"allow":["GET"]}}],"collection":[{"href":"https:\/\/psol50.org.br\/rest\/wp\/v2\/posts"}],"about":[{"href":"https:\/\/psol50.org.br\/rest\/wp\/v2\/types\/post"}],"author":[{"embeddable":true,"href":"https:\/\/psol50.org.br\/rest\/wp\/v2\/users\/2"}],"replies":[{"embeddable":true,"href":"https:\/\/psol50.org.br\/rest\/wp\/v2\/comments?post=9621"}],"version-history":[{"count":0,"href":"https:\/\/psol50.org.br\/rest\/wp\/v2\/posts\/9621\/revisions"}],"wp:attachment":[{"href":"https:\/\/psol50.org.br\/rest\/wp\/v2\/media?parent=9621"}],"wp:term":[{"taxonomy":"category","embeddable":true,"href":"https:\/\/psol50.org.br\/rest\/wp\/v2\/categories?post=9621"},{"taxonomy":"post_tag","embeddable":true,"href":"https:\/\/psol50.org.br\/rest\/wp\/v2\/tags?post=9621"}],"curies":[{"name":"wp","href":"https:\/\/api.w.org\/{rel}","templated":true}]}}