{"id":9634,"date":"2014-02-19T00:00:00","date_gmt":"2014-02-19T00:00:00","guid":{"rendered":"http:\/\/psol50.org.br\/arquivo\/2014\/02\/19\/a-exaltacao-de-um-factoide\/"},"modified":"2014-02-19T00:00:00","modified_gmt":"2014-02-19T00:00:00","slug":"a-exaltacao-de-um-factoide","status":"publish","type":"post","link":"https:\/\/psol50.org.br\/a-exaltacao-de-um-factoide\/","title":{"rendered":"A exalta\u00e7\u00e3o de um fact\u00f3ide*"},"content":{"rendered":"<p style=\"text-align: justify;\">\n\tN\u00e3o me acho acima do bem e do mal, como insinuou o jornal, numa tentativa de desqualificar minha indigna\u00e7\u00e3o. Mas n\u00e3o vou titubear em defender minha trajet\u00f3ria<br \/>\n\t&nbsp;<br \/>\n\tPela terceira vez em menos de uma semana, O GLOBO me cita em seus editoriais. As diferen\u00e7as do texto publicado ontem em rela\u00e7\u00e3o aos demais s\u00e3o o tom menos arrogante e o alvo. Ap\u00f3s a p\u00e9ssima repercuss\u00e3o das tentativas de associar a morte do cinegrafista Santiago Andrade a mim, o jornal assume postura mais cuidadosa, at\u00e9 porque o objetivo \u00e9 explicar a cobertura da trag\u00e9dia aos seus leitores.<br \/>\n\t&nbsp;<br \/>\n\tEstranho \u00e9 O GLOBO n\u00e3o demonstrar tamanho \u00edmpeto editorial quando o assunto \u00e9, por exemplo, a comprovada liga\u00e7\u00e3o entre o ex-governador em exerc\u00edcio S\u00e9rgio Cabral e o empreiteiro Fernando Cavendish. Quantos editoriais foram dedicados ao fato de a empresa de advocacia da primeira-dama, Adriana Ancelmo, ter contratos com concession\u00e1rias estaduais? Quantos textos foram escritos sobre as rela\u00e7\u00f5es entre o governador e Eike Batista?<br \/>\n\t&nbsp;<br \/>\n\tVamos fazer uma r\u00e1pida retrospectiva. No editorial do dia 12 de fevereiro, o jornal me trata como inimigo da democracia. Achei interessante o grupo tocar no assunto. Afinal, no pr\u00f3ximo 1\u00ba de abril, o golpe militar completa 50 anos e a empresa deve ter hist\u00f3rias palpitantes para contar.<br \/>\n\t&nbsp;<br \/>\n\tDois dias depois, o jornal afirma que meu gabinete tem comprovada proximidade com os black blocs. Comprovada proximidade? Creio que o manual de reda\u00e7\u00e3o do grupo \u00e9 mais criterioso do que levam a crer seus editoriais. A como\u00e7\u00e3o provocada pela morte do cinegrafista Santiago Andrade n\u00e3o pode ser usada como instrumento de difama\u00e7\u00e3o.<br \/>\n\t&nbsp;<br \/>\n\tDepois de tanta ferocidade, O GLOBO tenta justificar a s\u00e9rie de mat\u00e9rias produzidas, com grande destaque, sobre a minha suposta liga\u00e7\u00e3o com os respons\u00e1veis pelo assassinato de Santiago. Num tom professoral e oportunamente s\u00f3brio, o editorial \u201cO dever de um jornal\u201d, publicado ontem, se arrisca em novos malabarismos.<br \/>\n\t&nbsp;<br \/>\n\tPrimeiro, O GLOBO tenta justificar a manchete do dia 10 de fevereiro, que alardeia minha rela\u00e7\u00e3o com os acusados, lembrando que a conversa telef\u00f4nica entre o advogado Jonas Tadeu Nunes e a ativista Elisa Quadros foi registrada na 17\u00aa DP (S\u00e3o Crist\u00f3v\u00e3o). Logo, a exist\u00eancia do documento baseado num \u201cdisse me disse\u201d seria suficiente para que uma den\u00fancia grave como esta fosse divulgada. Tudo bem, se o argumento parece t\u00e3o \u00f3bvio ululante e irrefut\u00e1vel para o grupo, por que os jornais \u201cFolha de S.Paulo\u201d e \u201cO Dia\u201d, por exemplo, n\u00e3o se comportaram da mesma forma e nada escreveram sobre o epis\u00f3dio? Ent\u00e3o, a postura \u00e9, sim, controversa.<br \/>\n\t&nbsp;<br \/>\n\tO tal Termo de Declara\u00e7\u00e3o registrado na delegacia foi produzido de forma irrespons\u00e1vel por um advogado extremamente suspeito e divulgado com destaque, no m\u00ednimo, inconsequente. Vejam que estranho: a conversa que suscitou as acusa\u00e7\u00f5es ocorreu entre Jonas Tadeu Nunes e Elisa Quadros, como o pr\u00f3prio advogado disse, mas o documento foi assinado pelo estagi\u00e1rio Marcelo Mattoso. Al\u00e9m disso, o delegado Maur\u00edcio Luciano n\u00e3o teve acesso ao conte\u00fado da conversa. Por que ele n\u00e3o passou o telefone ao delegado? Por que n\u00e3o p\u00f4s a liga\u00e7\u00e3o no viva-voz? Ou seja, o Termo de Declara\u00e7\u00e3o, grande \u201cprova\u201d do GLOBO, \u00e9 fr\u00e1gil por ter sido produzido sem qualquer cuidado.<br \/>\n\t&nbsp;<br \/>\n\tAt\u00e9 aquele momento, ainda n\u00e3o sab\u00edamos que Jonas Tadeu Nunes j\u00e1 fora condenado por danos morais, enriquecimento sem justificativa, e danos morais e materiais em tr\u00eas processos distintos \u2014 n\u00e3o vi O GLOBO destacar isso durante a cobertura. Apesar disso, sua atitude, naquele dia 9 de fevereiro, \u00e9 digna de estranheza. Jonas Tadeu Nunes n\u00e3o agiu como advogado nem como defensor dos interesses de seu cliente ao pegar o Termo de Declara\u00e7\u00e3o, imediatamente ap\u00f3s o seu registro, e entregar nas m\u00e3os de uma rep\u00f3rter da TV Globo.<br \/>\n\t&nbsp;<br \/>\n\tPor que O GLOBO n\u00e3o se interessa tanto pela conduta t\u00e3o controversa e suspeita do advogado, como o faz quando ele dirige acusa\u00e7\u00f5es sem provas contra mim? Enquanto ve\u00edculos e colunistas de outros jornais, como J\u00e2nio de Freitas, da \u201cFolha de S.Paulo\u201d, acham tudo muito estranho, Jonas Tadeu Nunes reina sob os holofotes globais e leiloa informa\u00e7\u00f5es. Quando acusa, o advogado recebe mais destaque que o delegado, respons\u00e1vel pelo inqu\u00e9rito.<br \/>\n\t&nbsp;<br \/>\n\tO autor do editorial mente ao escrever que eu afirmei n\u00e3o saber de nada ao ser procurado por Artur, da equipe de produ\u00e7\u00e3o da emissora, naquele mesmo dia. Em momento algum neguei ter falado com Elisa Quadros ao telefone. Ela me ligou exclusivamente para relatar que temia a possibilidade de F\u00e1bio Raposo ser torturado no pres\u00eddio. Eu falei que isso n\u00e3o aconteceria e desliguei. Sou presidente da Comiss\u00e3o de Direitos Humanos da Assembleia Legislativa do Rio de Janeiro e dezenas de pessoas me procuram para fazer den\u00fancias.<br \/>\n\t&nbsp;<br \/>\n\tTamb\u00e9m n\u00e3o criei obst\u00e1culos para dar entrevista. Pelo contr\u00e1rio, dar entrevistas \u00e9 o que mais tenho feito nestes \u00faltimos dias. S\u00f3 pedi que o tal documento me fosse encaminhado antes. Afinal, n\u00e3o posso falar sobre algo cujo conte\u00fado desconhe\u00e7o. O jornal cumpriu sua obriga\u00e7\u00e3o de me ouvir, mas foi leviano ao publicar uma manchete baseada em \u201cprovas\u201d extremamente fr\u00e1geis. No fim da chamada de capa, o fatal: \u201cO parlamentar nega.\u201d<br \/>\n\tO GLOBO insiste em dizer que foi imparcial e comedido ao tratar do assunto durante a semana. N\u00e3o foi. Basta ler os editoriais publicados e citados aqui. Como n\u00e3o havia provas e mais informa\u00e7\u00f5es para me associar a esta trag\u00e9dia, os ataques sa\u00edram dos espa\u00e7os de not\u00edcia para os de Opini\u00e3o. N\u00e3o me acho acima do bem e do mal, como insinuou o jornal, numa tentativa de desqualificar minha indigna\u00e7\u00e3o. Mas n\u00e3o vou titubear em defender minha trajet\u00f3ria ante acusa\u00e7\u00f5es estapaf\u00fardias.<br \/>\n\t&nbsp;<br \/>\n\tAgora, o jornal tenta se esconder sob o manto da \u201cmiss\u00e3o jornal\u00edstica\u201d para justificar o notici\u00e1rio desmedido e leviano dirigido contra mim e o PSOL. O papel nobre que O GLOBO atribuiu a si mesmo ontem, numa linguagem t\u00e3o prudente, \u00e9 mais uma tentativa de subestimar a intelig\u00eancia de seus leitores.<br \/>\n\t&nbsp;<br \/>\n\tSe n\u00e3o houvesse tanta indigna\u00e7\u00e3o social e manifesta\u00e7\u00f5es de solidariedade a mim \u2014 inclusive de jornalistas da pr\u00f3pria Rede Globo \u2014, essa autocr\u00edtica mambembe sequer teria sido feita. Pedir desculpas \u00e9 um gesto que exige grandeza.<\/p>\n<p>\t*<em>Artigo publicado originalmente no jornal O Globo, na edi\u00e7\u00e3o de 18\/02\/2014<\/em>.<\/p>\n<p>\t&nbsp;<\/p>\n","protected":false},"excerpt":{"rendered":"<p>N\u00e3o me acho acima do bem e do mal, como insinuou o jornal, numa tentativa de desqualificar minha indigna\u00e7\u00e3o. Mas n\u00e3o vou titubear em defender minha trajet\u00f3ria &nbsp; Pela terceira vez em menos de uma semana, O GLOBO me cita em seus editoriais. As diferen\u00e7as do texto publicado ontem em rela\u00e7\u00e3o aos demais s\u00e3o o [&hellip;]<\/p>\n","protected":false},"author":2,"featured_media":0,"comment_status":"open","ping_status":"open","sticky":false,"template":"","format":"standard","meta":{"_acf_changed":false,"footnotes":""},"categories":[3],"tags":[161],"class_list":{"0":"post-9634","1":"post","2":"type-post","3":"status-publish","4":"format-standard","6":"category-artigos-e-entrevistas","7":"tag-marcelo-freixo"},"acf":[],"yoast_head":"<!-- This site is optimized with the Yoast SEO plugin v26.5 - https:\/\/yoast.com\/wordpress\/plugins\/seo\/ -->\n<title>A exalta\u00e7\u00e3o de um fact\u00f3ide* - PSOL 50<\/title>\n<meta name=\"robots\" content=\"index, follow, max-snippet:-1, max-image-preview:large, max-video-preview:-1\" \/>\n<link rel=\"canonical\" href=\"https:\/\/psol50.org.br\/a-exaltacao-de-um-factoide\/\" \/>\n<meta property=\"og:locale\" content=\"pt_BR\" \/>\n<meta property=\"og:type\" content=\"article\" \/>\n<meta property=\"og:title\" content=\"A exalta\u00e7\u00e3o de um fact\u00f3ide* - PSOL 50\" \/>\n<meta property=\"og:description\" content=\"N\u00e3o me acho acima do bem e do mal, como insinuou o jornal, numa tentativa de desqualificar minha indigna\u00e7\u00e3o. Mas n\u00e3o vou titubear em defender minha trajet\u00f3ria &nbsp; Pela terceira vez em menos de uma semana, O GLOBO me cita em seus editoriais. As diferen\u00e7as do texto publicado ontem em rela\u00e7\u00e3o aos demais s\u00e3o o [&hellip;]\" \/>\n<meta property=\"og:url\" content=\"https:\/\/psol50.org.br\/a-exaltacao-de-um-factoide\/\" \/>\n<meta property=\"og:site_name\" content=\"PSOL 50\" \/>\n<meta property=\"article:publisher\" content=\"https:\/\/www.facebook.com\/psol50\" \/>\n<meta property=\"article:published_time\" content=\"2014-02-19T00:00:00+00:00\" \/>\n<meta property=\"og:image\" content=\"https:\/\/psol50.org.br\/inc\/uploads\/2018\/07\/capa.png\" \/>\n\t<meta property=\"og:image:width\" content=\"1350\" \/>\n\t<meta property=\"og:image:height\" content=\"900\" \/>\n\t<meta property=\"og:image:type\" content=\"image\/png\" \/>\n<meta name=\"author\" content=\"Comunica\u00e7\u00e3o PSOL\" \/>\n<meta name=\"twitter:card\" content=\"summary_large_image\" \/>\n<meta name=\"twitter:creator\" content=\"@psol50\" \/>\n<meta name=\"twitter:site\" content=\"@psol50\" \/>\n<meta name=\"twitter:label1\" content=\"Escrito por\" \/>\n\t<meta name=\"twitter:data1\" content=\"Comunica\u00e7\u00e3o PSOL\" \/>\n\t<meta name=\"twitter:label2\" content=\"Est. tempo de leitura\" \/>\n\t<meta name=\"twitter:data2\" content=\"6 minutos\" \/>\n<script type=\"application\/ld+json\" class=\"yoast-schema-graph\">{\"@context\":\"https:\/\/schema.org\",\"@graph\":[{\"@type\":\"Article\",\"@id\":\"https:\/\/psol50.org.br\/a-exaltacao-de-um-factoide\/#article\",\"isPartOf\":{\"@id\":\"https:\/\/psol50.org.br\/a-exaltacao-de-um-factoide\/\"},\"author\":{\"name\":\"Comunica\u00e7\u00e3o PSOL\",\"@id\":\"https:\/\/psol50.org.br\/#\/schema\/person\/475dfa57d0b815993c714c2e96491fcd\"},\"headline\":\"A exalta\u00e7\u00e3o de um fact\u00f3ide*\",\"datePublished\":\"2014-02-19T00:00:00+00:00\",\"mainEntityOfPage\":{\"@id\":\"https:\/\/psol50.org.br\/a-exaltacao-de-um-factoide\/\"},\"wordCount\":1130,\"commentCount\":0,\"publisher\":{\"@id\":\"https:\/\/psol50.org.br\/#organization\"},\"keywords\":[\"Marcelo Freixo\"],\"articleSection\":[\"Artigos\"],\"inLanguage\":\"pt-BR\",\"potentialAction\":[{\"@type\":\"CommentAction\",\"name\":\"Comment\",\"target\":[\"https:\/\/psol50.org.br\/a-exaltacao-de-um-factoide\/#respond\"]}]},{\"@type\":\"WebPage\",\"@id\":\"https:\/\/psol50.org.br\/a-exaltacao-de-um-factoide\/\",\"url\":\"https:\/\/psol50.org.br\/a-exaltacao-de-um-factoide\/\",\"name\":\"A exalta\u00e7\u00e3o de um fact\u00f3ide* - PSOL 50\",\"isPartOf\":{\"@id\":\"https:\/\/psol50.org.br\/#website\"},\"datePublished\":\"2014-02-19T00:00:00+00:00\",\"breadcrumb\":{\"@id\":\"https:\/\/psol50.org.br\/a-exaltacao-de-um-factoide\/#breadcrumb\"},\"inLanguage\":\"pt-BR\",\"potentialAction\":[{\"@type\":\"ReadAction\",\"target\":[\"https:\/\/psol50.org.br\/a-exaltacao-de-um-factoide\/\"]}]},{\"@type\":\"BreadcrumbList\",\"@id\":\"https:\/\/psol50.org.br\/a-exaltacao-de-um-factoide\/#breadcrumb\",\"itemListElement\":[{\"@type\":\"ListItem\",\"position\":1,\"name\":\"In\u00edcio\",\"item\":\"https:\/\/psol50.org.br\/\"},{\"@type\":\"ListItem\",\"position\":2,\"name\":\"A exalta\u00e7\u00e3o de um fact\u00f3ide*\"}]},{\"@type\":\"WebSite\",\"@id\":\"https:\/\/psol50.org.br\/#website\",\"url\":\"https:\/\/psol50.org.br\/\",\"name\":\"PSOL 50\",\"description\":\"Site oficial do Partido Socialismo e Liberdade\",\"publisher\":{\"@id\":\"https:\/\/psol50.org.br\/#organization\"},\"alternateName\":\"PSOL50\",\"potentialAction\":[{\"@type\":\"SearchAction\",\"target\":{\"@type\":\"EntryPoint\",\"urlTemplate\":\"https:\/\/psol50.org.br\/?s={search_term_string}\"},\"query-input\":{\"@type\":\"PropertyValueSpecification\",\"valueRequired\":true,\"valueName\":\"search_term_string\"}}],\"inLanguage\":\"pt-BR\"},{\"@type\":\"Organization\",\"@id\":\"https:\/\/psol50.org.br\/#organization\",\"name\":\"PSOL 50\",\"alternateName\":\"PSOL 50\",\"url\":\"https:\/\/psol50.org.br\/\",\"logo\":{\"@type\":\"ImageObject\",\"inLanguage\":\"pt-BR\",\"@id\":\"https:\/\/psol50.org.br\/#\/schema\/logo\/image\/\",\"url\":\"https:\/\/psol50.org.br\/inc\/uploads\/2018\/07\/capa.png\",\"contentUrl\":\"https:\/\/psol50.org.br\/inc\/uploads\/2018\/07\/capa.png\",\"width\":1350,\"height\":900,\"caption\":\"PSOL 50\"},\"image\":{\"@id\":\"https:\/\/psol50.org.br\/#\/schema\/logo\/image\/\"},\"sameAs\":[\"https:\/\/www.facebook.com\/psol50\",\"https:\/\/x.com\/psol50\",\"https:\/\/www.instagram.com\/psol50\/\",\"https:\/\/www.youtube.com\/channel\/UC7SnJS5o1os7a6CaiNabzcg\"]},{\"@type\":\"Person\",\"@id\":\"https:\/\/psol50.org.br\/#\/schema\/person\/475dfa57d0b815993c714c2e96491fcd\",\"name\":\"Comunica\u00e7\u00e3o PSOL\",\"image\":{\"@type\":\"ImageObject\",\"inLanguage\":\"pt-BR\",\"@id\":\"https:\/\/psol50.org.br\/#\/schema\/person\/image\/\",\"url\":\"https:\/\/secure.gravatar.com\/avatar\/b34fc4f4e468a4e51785917065a3db57b841f5c95dba6ad8c73aaf8f66f8f9bf?s=96&d=mm&r=g\",\"contentUrl\":\"https:\/\/secure.gravatar.com\/avatar\/b34fc4f4e468a4e51785917065a3db57b841f5c95dba6ad8c73aaf8f66f8f9bf?s=96&d=mm&r=g\",\"caption\":\"Comunica\u00e7\u00e3o PSOL\"}}]}<\/script>\n<!-- \/ Yoast SEO plugin. -->","yoast_head_json":{"title":"A exalta\u00e7\u00e3o de um fact\u00f3ide* - PSOL 50","robots":{"index":"index","follow":"follow","max-snippet":"max-snippet:-1","max-image-preview":"max-image-preview:large","max-video-preview":"max-video-preview:-1"},"canonical":"https:\/\/psol50.org.br\/a-exaltacao-de-um-factoide\/","og_locale":"pt_BR","og_type":"article","og_title":"A exalta\u00e7\u00e3o de um fact\u00f3ide* - PSOL 50","og_description":"N\u00e3o me acho acima do bem e do mal, como insinuou o jornal, numa tentativa de desqualificar minha indigna\u00e7\u00e3o. Mas n\u00e3o vou titubear em defender minha trajet\u00f3ria &nbsp; Pela terceira vez em menos de uma semana, O GLOBO me cita em seus editoriais. As diferen\u00e7as do texto publicado ontem em rela\u00e7\u00e3o aos demais s\u00e3o o [&hellip;]","og_url":"https:\/\/psol50.org.br\/a-exaltacao-de-um-factoide\/","og_site_name":"PSOL 50","article_publisher":"https:\/\/www.facebook.com\/psol50","article_published_time":"2014-02-19T00:00:00+00:00","og_image":[{"width":1350,"height":900,"url":"https:\/\/psol50.org.br\/inc\/uploads\/2018\/07\/capa.png","type":"image\/png"}],"author":"Comunica\u00e7\u00e3o PSOL","twitter_card":"summary_large_image","twitter_creator":"@psol50","twitter_site":"@psol50","twitter_misc":{"Escrito por":"Comunica\u00e7\u00e3o PSOL","Est. tempo de leitura":"6 minutos"},"schema":{"@context":"https:\/\/schema.org","@graph":[{"@type":"Article","@id":"https:\/\/psol50.org.br\/a-exaltacao-de-um-factoide\/#article","isPartOf":{"@id":"https:\/\/psol50.org.br\/a-exaltacao-de-um-factoide\/"},"author":{"name":"Comunica\u00e7\u00e3o PSOL","@id":"https:\/\/psol50.org.br\/#\/schema\/person\/475dfa57d0b815993c714c2e96491fcd"},"headline":"A exalta\u00e7\u00e3o de um fact\u00f3ide*","datePublished":"2014-02-19T00:00:00+00:00","mainEntityOfPage":{"@id":"https:\/\/psol50.org.br\/a-exaltacao-de-um-factoide\/"},"wordCount":1130,"commentCount":0,"publisher":{"@id":"https:\/\/psol50.org.br\/#organization"},"keywords":["Marcelo Freixo"],"articleSection":["Artigos"],"inLanguage":"pt-BR","potentialAction":[{"@type":"CommentAction","name":"Comment","target":["https:\/\/psol50.org.br\/a-exaltacao-de-um-factoide\/#respond"]}]},{"@type":"WebPage","@id":"https:\/\/psol50.org.br\/a-exaltacao-de-um-factoide\/","url":"https:\/\/psol50.org.br\/a-exaltacao-de-um-factoide\/","name":"A exalta\u00e7\u00e3o de um fact\u00f3ide* - PSOL 50","isPartOf":{"@id":"https:\/\/psol50.org.br\/#website"},"datePublished":"2014-02-19T00:00:00+00:00","breadcrumb":{"@id":"https:\/\/psol50.org.br\/a-exaltacao-de-um-factoide\/#breadcrumb"},"inLanguage":"pt-BR","potentialAction":[{"@type":"ReadAction","target":["https:\/\/psol50.org.br\/a-exaltacao-de-um-factoide\/"]}]},{"@type":"BreadcrumbList","@id":"https:\/\/psol50.org.br\/a-exaltacao-de-um-factoide\/#breadcrumb","itemListElement":[{"@type":"ListItem","position":1,"name":"In\u00edcio","item":"https:\/\/psol50.org.br\/"},{"@type":"ListItem","position":2,"name":"A exalta\u00e7\u00e3o de um fact\u00f3ide*"}]},{"@type":"WebSite","@id":"https:\/\/psol50.org.br\/#website","url":"https:\/\/psol50.org.br\/","name":"PSOL 50","description":"Site oficial do Partido Socialismo e Liberdade","publisher":{"@id":"https:\/\/psol50.org.br\/#organization"},"alternateName":"PSOL50","potentialAction":[{"@type":"SearchAction","target":{"@type":"EntryPoint","urlTemplate":"https:\/\/psol50.org.br\/?s={search_term_string}"},"query-input":{"@type":"PropertyValueSpecification","valueRequired":true,"valueName":"search_term_string"}}],"inLanguage":"pt-BR"},{"@type":"Organization","@id":"https:\/\/psol50.org.br\/#organization","name":"PSOL 50","alternateName":"PSOL 50","url":"https:\/\/psol50.org.br\/","logo":{"@type":"ImageObject","inLanguage":"pt-BR","@id":"https:\/\/psol50.org.br\/#\/schema\/logo\/image\/","url":"https:\/\/psol50.org.br\/inc\/uploads\/2018\/07\/capa.png","contentUrl":"https:\/\/psol50.org.br\/inc\/uploads\/2018\/07\/capa.png","width":1350,"height":900,"caption":"PSOL 50"},"image":{"@id":"https:\/\/psol50.org.br\/#\/schema\/logo\/image\/"},"sameAs":["https:\/\/www.facebook.com\/psol50","https:\/\/x.com\/psol50","https:\/\/www.instagram.com\/psol50\/","https:\/\/www.youtube.com\/channel\/UC7SnJS5o1os7a6CaiNabzcg"]},{"@type":"Person","@id":"https:\/\/psol50.org.br\/#\/schema\/person\/475dfa57d0b815993c714c2e96491fcd","name":"Comunica\u00e7\u00e3o PSOL","image":{"@type":"ImageObject","inLanguage":"pt-BR","@id":"https:\/\/psol50.org.br\/#\/schema\/person\/image\/","url":"https:\/\/secure.gravatar.com\/avatar\/b34fc4f4e468a4e51785917065a3db57b841f5c95dba6ad8c73aaf8f66f8f9bf?s=96&d=mm&r=g","contentUrl":"https:\/\/secure.gravatar.com\/avatar\/b34fc4f4e468a4e51785917065a3db57b841f5c95dba6ad8c73aaf8f66f8f9bf?s=96&d=mm&r=g","caption":"Comunica\u00e7\u00e3o PSOL"}}]}},"_links":{"self":[{"href":"https:\/\/psol50.org.br\/rest\/wp\/v2\/posts\/9634","targetHints":{"allow":["GET"]}}],"collection":[{"href":"https:\/\/psol50.org.br\/rest\/wp\/v2\/posts"}],"about":[{"href":"https:\/\/psol50.org.br\/rest\/wp\/v2\/types\/post"}],"author":[{"embeddable":true,"href":"https:\/\/psol50.org.br\/rest\/wp\/v2\/users\/2"}],"replies":[{"embeddable":true,"href":"https:\/\/psol50.org.br\/rest\/wp\/v2\/comments?post=9634"}],"version-history":[{"count":0,"href":"https:\/\/psol50.org.br\/rest\/wp\/v2\/posts\/9634\/revisions"}],"wp:attachment":[{"href":"https:\/\/psol50.org.br\/rest\/wp\/v2\/media?parent=9634"}],"wp:term":[{"taxonomy":"category","embeddable":true,"href":"https:\/\/psol50.org.br\/rest\/wp\/v2\/categories?post=9634"},{"taxonomy":"post_tag","embeddable":true,"href":"https:\/\/psol50.org.br\/rest\/wp\/v2\/tags?post=9634"}],"curies":[{"name":"wp","href":"https:\/\/api.w.org\/{rel}","templated":true}]}}