{"id":964,"date":"2011-12-29T00:00:00","date_gmt":"2011-12-29T00:00:00","guid":{"rendered":"http:\/\/psol50.org.br\/arquivo\/2011\/12\/29\/as-milicias-no-campo-miram-em-direcao-aos-movimentos-sociais\/"},"modified":"2011-12-29T00:00:00","modified_gmt":"2011-12-29T00:00:00","slug":"as-milicias-no-campo-miram-em-direcao-aos-movimentos-sociais","status":"publish","type":"post","link":"https:\/\/psol50.org.br\/as-milicias-no-campo-miram-em-direcao-aos-movimentos-sociais\/","title":{"rendered":"As mil\u00edcias no campo miram em dire\u00e7\u00e3o aos movimentos sociais"},"content":{"rendered":"<p style=\"text-align: justify\"><strong><em><a href=\"http:\/\/psol50.org.br\/blog\/2011\/12\/29\/as-milicias-no-campo-miram-em-direcao-aos-movimentos-sociais\/milicianocampo\/\" rel=\"attachment wp-att-12961\"><img loading=\"lazy\" decoding=\"async\" class=\"alignleft size-full wp-image-12961\" src=\"http:\/\/psol50.org.br\/files\/2011\/12\/MiliciaNoCampo.jpg\" alt=\"\" width=\"283\" height=\"148\" \/><\/a>Por Jorge Am\u00e9rico &#8211; Do Brasil de Fato <\/em><\/strong><\/p>\n<p style=\"text-align: justify\">O campo de atua\u00e7\u00e3o das empresas de seguran\u00e7a privada n\u00e3o est\u00e1 restrito \u00e0s cidades. \u00c9 cada vez mais comum, no meio rural, a presen\u00e7a de grupos armados contratados por fazendeiros. Em 27 de julho de 2011, foi realizado em Curitiba (PR) o Tribunal de J\u00fari que puniu pela primeira vez um caso de mil\u00edcia privada no campo.<\/p>\n<p style=\"text-align: justify\">Os jurados consideraram Jair Firmino Borracha culpado pelo assassinato do agricultor Eduardo Anghinoni, irm\u00e3o de uma das principais lideran\u00e7as do MST no Paran\u00e1. O r\u00e9u foi condenado a 15 anos de pris\u00e3o. O crime ocorreu em 1999, no munic\u00edpio de Quer\u00eancia do Norte (PR). As provas e os depoimentos apresentados no julgamento refor\u00e7aram a hip\u00f3tese da exist\u00eancia de uma organiza\u00e7\u00e3o criminosa que atuava contra militantes de movimentos sociais na regi\u00e3o.<\/p>\n<p style=\"text-align: justify\">Um caso semelhante permanece sem solu\u00e7\u00e3o. Ap\u00f3s uma a\u00e7\u00e3o articulada pela empresa NF Seguran\u00e7a, o trabalhador rural Valmir Mota de Oliveira, mais conhecido como Keno, foi morto por um funcion\u00e1rio que prestava servi\u00e7os para a transnacional Syngenta. Outros cinco trabalhadores ficaram gravemente feridos. Ambos participavam do acampamento Terra Livre, em Santa Tereza do Oeste (PR), \u00e1rea na qual a empresa promovia experimentos ilegais de sementes de milho transg\u00eanico. Embora o crime tenha ocorrido no final de 2007, o processo se encontra na fase inicial de consulta das testemunhas.<\/p>\n<p style=\"text-align: justify\">O advogado da ONG Terra de Direitos, Fernando Priospe, demonstra preocupa\u00e7\u00e3o com a atua\u00e7\u00e3o de mil\u00edcias privadas na regi\u00e3o. \u201cBasicamente n\u00e3o houve altera\u00e7\u00e3o na situa\u00e7\u00e3o no que diz respeito \u00e0s mil\u00edcias privadas. Por exemplo, a NF Seguran\u00e7a continua atuando na regi\u00e3o de Cascavel clandestinamente\u201d. A Syngenta acusa os trabalhadores rurais de serem respons\u00e1veis pelo assassinato de Keno e de um pistoleiro. O Minist\u00e9rio P\u00fablico do Paran\u00e1, que acatou a den\u00fancia, alega que o fato de ocupar uma propriedade rural significa assumir o risco de provocar o assassinato das pr\u00f3prias pessoas que ocuparam a \u00e1rea.<\/p>\n<p style=\"text-align: justify\"><strong>Ind\u00edgenas, ditadura e escravid\u00e3o<br \/>\n<\/strong><br \/>\nA privatiza\u00e7\u00e3o do setor de seguran\u00e7a tem mais implica\u00e7\u00f5es negativas do que se sup\u00f5e, segundo o presidente do Conselho Estadual da Defesa da Pessoa Humana de S\u00e3o Paulo (Condepe), Ivan Seixas. \u201cElas [empresas de seguran\u00e7a], al\u00e9m dos servi\u00e7os tradicionais, fazem arapongagem particular, espionagem eletr\u00f4nica, industrial, militar, pol\u00edtica. Isso tudo faz com que o Estado brasileiro esteja ref\u00e9m dessa gente\u201d.<\/p>\n<p style=\"text-align: justify\">Nem mesmo os povos ind\u00edgenas escaparam desse aparelho repressivo descrito por Ivan, que \u00e9 ex-preso pol\u00edtico da ditadura civil-militar (1964-1985). Em outubro, um grupo de homens armados \u2013 contratados por donos de construtoras \u2013 avan\u00e7aram contra as comunidades instaladas no local conhecido como Santu\u00e1rio dos Paj\u00e9s, no Setor Noroeste, em Bras\u00edlia (DF). Estavam em disputa 50 hectares de terras tradicionais, onde vivem cerca de 30 pessoas das etnias tux\u00e1, fulni\u00f4, kariri xoc\u00f3 e tupinamb\u00e1. Na a\u00e7\u00e3o, foram registrados espancamentos, uso de spray de pimenta e arma de choque el\u00e9trico.<\/p>\n<p style=\"text-align: justify\">A consolida\u00e7\u00e3o do setor da seguran\u00e7a privada nos \u00faltimos anos e a exacerba\u00e7\u00e3o de seu poder deve-se muito \u00e0 presen\u00e7a de militares ainda em atividade ou aposentados. A conduta repressiva contra cidad\u00e3os, de acordo com Ivan, \u00e9 sintoma do autoritarismo herdado do per\u00edodo ditatorial. Para ele, \u201ch\u00e1 uma liga\u00e7\u00e3o direta entre ditadura e empresas de seguran\u00e7a porque v\u00e1rios torturadores, civis e militares, s\u00e3o donos dessas empresas\u201d.<\/p>\n<p style=\"text-align: justify\"><strong>Racismo<\/strong><\/p>\n<p style=\"text-align: justify\">O professor de hist\u00f3ria e integrante da UNEafro-Brasil Douglas Belchior v\u00ea na escravid\u00e3o as ra\u00edzes dos excessos que s\u00e3o cometidos hoje. Para ele, as empresas de seguran\u00e7a n\u00e3o substituem as for\u00e7as militares do Estado, mas atuam de forma complementar. \u201cOs capit\u00e3es do mato foram a primeira pol\u00edcia da hist\u00f3ria. Eles tinham a fun\u00e7\u00e3o de correr atr\u00e1s dos negros rebelados. Essa l\u00f3gica se repetiu ao longo dos anos e, quando os policiais migraram para a seguran\u00e7a privada, levaram consigo essas pr\u00e1ticas abomin\u00e1veis. Da\u00ed a raz\u00e3o de os negros serem as principais v\u00edtimas da trucul\u00eancia, ao lado dos camponeses e ind\u00edgenas.\u201d<\/p>\n<p style=\"text-align: justify\">Para Marcelo Braga Edmundo, coordenador da Central de Movimentos Populares e do Comit\u00ea Social da Copa 2014 e dos Jogos Ol\u00edmpicos, a seguran\u00e7a privada est\u00e1 t\u00e3o estruturada que consegue obter vantagens de todos os lados. Isso se d\u00e1 ou por meio da repress\u00e3o ou por meio da extors\u00e3o. \u201cRecentemente, isso aconteceu no Jardim Bot\u00e2nico [no Rio de Janeiro]. Algumas pessoas se recusaram a pagar os seguran\u00e7as e de repente come\u00e7ou a ter assaltos na rua, o que claramente se configurou como uma forma de press\u00e3o\u201d. Braga afirma que o processo de coa\u00e7\u00e3o \u00e9 parecido. \u201cEstigmatizam a popula\u00e7\u00e3o mais pobre da zona oeste, dominada pela mil\u00edcia, enquanto a classe m\u00e9dia que vive nas \u00e1reas mais abastadas h\u00e1 muito tempo aceita a a\u00e7\u00e3o delas passivamente, as paga e fica por isso mesmo\u201d.<\/p>\n","protected":false},"excerpt":{"rendered":"<p>Por Jorge Am\u00e9rico &#8211; Do Brasil de Fato O campo de atua\u00e7\u00e3o das empresas de seguran\u00e7a privada n\u00e3o est\u00e1 restrito \u00e0s cidades. \u00c9 cada vez mais comum, no meio rural, a presen\u00e7a de grupos armados contratados por fazendeiros. Em 27 de julho de 2011, foi realizado em Curitiba (PR) o Tribunal de J\u00fari que puniu [&hellip;]<\/p>\n","protected":false},"author":2,"featured_media":0,"comment_status":"open","ping_status":"open","sticky":false,"template":"","format":"standard","meta":{"_acf_changed":false,"footnotes":""},"categories":[4766],"tags":[],"class_list":{"0":"post-964","1":"post","2":"type-post","3":"status-publish","4":"format-standard","6":"category-arquivo"},"acf":[],"yoast_head":"<!-- This site is optimized with the Yoast SEO plugin v26.5 - https:\/\/yoast.com\/wordpress\/plugins\/seo\/ -->\n<title>As mil\u00edcias no campo miram em dire\u00e7\u00e3o aos movimentos sociais - PSOL 50<\/title>\n<meta name=\"robots\" content=\"index, follow, max-snippet:-1, max-image-preview:large, max-video-preview:-1\" \/>\n<link rel=\"canonical\" href=\"https:\/\/psol50.org.br\/as-milicias-no-campo-miram-em-direcao-aos-movimentos-sociais\/\" \/>\n<meta property=\"og:locale\" content=\"pt_BR\" \/>\n<meta property=\"og:type\" content=\"article\" \/>\n<meta property=\"og:title\" content=\"As mil\u00edcias no campo miram em dire\u00e7\u00e3o aos movimentos sociais - PSOL 50\" \/>\n<meta property=\"og:description\" content=\"Por Jorge Am\u00e9rico &#8211; Do Brasil de Fato O campo de atua\u00e7\u00e3o das empresas de seguran\u00e7a privada n\u00e3o est\u00e1 restrito \u00e0s cidades. \u00c9 cada vez mais comum, no meio rural, a presen\u00e7a de grupos armados contratados por fazendeiros. Em 27 de julho de 2011, foi realizado em Curitiba (PR) o Tribunal de J\u00fari que puniu [&hellip;]\" \/>\n<meta property=\"og:url\" content=\"https:\/\/psol50.org.br\/as-milicias-no-campo-miram-em-direcao-aos-movimentos-sociais\/\" \/>\n<meta property=\"og:site_name\" content=\"PSOL 50\" \/>\n<meta property=\"article:publisher\" content=\"https:\/\/www.facebook.com\/psol50\" \/>\n<meta property=\"article:published_time\" content=\"2011-12-29T00:00:00+00:00\" \/>\n<meta property=\"og:image\" content=\"http:\/\/psol50.org.br\/files\/2011\/12\/MiliciaNoCampo.jpg\" \/>\n<meta name=\"author\" content=\"Comunica\u00e7\u00e3o PSOL\" \/>\n<meta name=\"twitter:card\" content=\"summary_large_image\" \/>\n<meta name=\"twitter:creator\" content=\"@psol50\" \/>\n<meta name=\"twitter:site\" content=\"@psol50\" \/>\n<meta name=\"twitter:label1\" content=\"Escrito por\" \/>\n\t<meta name=\"twitter:data1\" content=\"Comunica\u00e7\u00e3o PSOL\" \/>\n\t<meta name=\"twitter:label2\" content=\"Est. tempo de leitura\" \/>\n\t<meta name=\"twitter:data2\" content=\"4 minutos\" \/>\n<script type=\"application\/ld+json\" class=\"yoast-schema-graph\">{\"@context\":\"https:\/\/schema.org\",\"@graph\":[{\"@type\":\"Article\",\"@id\":\"https:\/\/psol50.org.br\/as-milicias-no-campo-miram-em-direcao-aos-movimentos-sociais\/#article\",\"isPartOf\":{\"@id\":\"https:\/\/psol50.org.br\/as-milicias-no-campo-miram-em-direcao-aos-movimentos-sociais\/\"},\"author\":{\"name\":\"Comunica\u00e7\u00e3o PSOL\",\"@id\":\"https:\/\/psol50.org.br\/#\/schema\/person\/475dfa57d0b815993c714c2e96491fcd\"},\"headline\":\"As mil\u00edcias no campo miram em dire\u00e7\u00e3o aos movimentos sociais\",\"datePublished\":\"2011-12-29T00:00:00+00:00\",\"mainEntityOfPage\":{\"@id\":\"https:\/\/psol50.org.br\/as-milicias-no-campo-miram-em-direcao-aos-movimentos-sociais\/\"},\"wordCount\":867,\"commentCount\":0,\"publisher\":{\"@id\":\"https:\/\/psol50.org.br\/#organization\"},\"image\":{\"@id\":\"https:\/\/psol50.org.br\/as-milicias-no-campo-miram-em-direcao-aos-movimentos-sociais\/#primaryimage\"},\"thumbnailUrl\":\"http:\/\/psol50.org.br\/files\/2011\/12\/MiliciaNoCampo.jpg\",\"articleSection\":[\"Arquivo\"],\"inLanguage\":\"pt-BR\",\"potentialAction\":[{\"@type\":\"CommentAction\",\"name\":\"Comment\",\"target\":[\"https:\/\/psol50.org.br\/as-milicias-no-campo-miram-em-direcao-aos-movimentos-sociais\/#respond\"]}]},{\"@type\":\"WebPage\",\"@id\":\"https:\/\/psol50.org.br\/as-milicias-no-campo-miram-em-direcao-aos-movimentos-sociais\/\",\"url\":\"https:\/\/psol50.org.br\/as-milicias-no-campo-miram-em-direcao-aos-movimentos-sociais\/\",\"name\":\"As mil\u00edcias no campo miram em dire\u00e7\u00e3o aos movimentos sociais - PSOL 50\",\"isPartOf\":{\"@id\":\"https:\/\/psol50.org.br\/#website\"},\"primaryImageOfPage\":{\"@id\":\"https:\/\/psol50.org.br\/as-milicias-no-campo-miram-em-direcao-aos-movimentos-sociais\/#primaryimage\"},\"image\":{\"@id\":\"https:\/\/psol50.org.br\/as-milicias-no-campo-miram-em-direcao-aos-movimentos-sociais\/#primaryimage\"},\"thumbnailUrl\":\"http:\/\/psol50.org.br\/files\/2011\/12\/MiliciaNoCampo.jpg\",\"datePublished\":\"2011-12-29T00:00:00+00:00\",\"breadcrumb\":{\"@id\":\"https:\/\/psol50.org.br\/as-milicias-no-campo-miram-em-direcao-aos-movimentos-sociais\/#breadcrumb\"},\"inLanguage\":\"pt-BR\",\"potentialAction\":[{\"@type\":\"ReadAction\",\"target\":[\"https:\/\/psol50.org.br\/as-milicias-no-campo-miram-em-direcao-aos-movimentos-sociais\/\"]}]},{\"@type\":\"ImageObject\",\"inLanguage\":\"pt-BR\",\"@id\":\"https:\/\/psol50.org.br\/as-milicias-no-campo-miram-em-direcao-aos-movimentos-sociais\/#primaryimage\",\"url\":\"http:\/\/psol50.org.br\/files\/2011\/12\/MiliciaNoCampo.jpg\",\"contentUrl\":\"http:\/\/psol50.org.br\/files\/2011\/12\/MiliciaNoCampo.jpg\"},{\"@type\":\"BreadcrumbList\",\"@id\":\"https:\/\/psol50.org.br\/as-milicias-no-campo-miram-em-direcao-aos-movimentos-sociais\/#breadcrumb\",\"itemListElement\":[{\"@type\":\"ListItem\",\"position\":1,\"name\":\"In\u00edcio\",\"item\":\"https:\/\/psol50.org.br\/\"},{\"@type\":\"ListItem\",\"position\":2,\"name\":\"As mil\u00edcias no campo miram em dire\u00e7\u00e3o aos movimentos sociais\"}]},{\"@type\":\"WebSite\",\"@id\":\"https:\/\/psol50.org.br\/#website\",\"url\":\"https:\/\/psol50.org.br\/\",\"name\":\"PSOL 50\",\"description\":\"Site oficial do Partido Socialismo e Liberdade\",\"publisher\":{\"@id\":\"https:\/\/psol50.org.br\/#organization\"},\"alternateName\":\"PSOL50\",\"potentialAction\":[{\"@type\":\"SearchAction\",\"target\":{\"@type\":\"EntryPoint\",\"urlTemplate\":\"https:\/\/psol50.org.br\/?s={search_term_string}\"},\"query-input\":{\"@type\":\"PropertyValueSpecification\",\"valueRequired\":true,\"valueName\":\"search_term_string\"}}],\"inLanguage\":\"pt-BR\"},{\"@type\":\"Organization\",\"@id\":\"https:\/\/psol50.org.br\/#organization\",\"name\":\"PSOL 50\",\"alternateName\":\"PSOL 50\",\"url\":\"https:\/\/psol50.org.br\/\",\"logo\":{\"@type\":\"ImageObject\",\"inLanguage\":\"pt-BR\",\"@id\":\"https:\/\/psol50.org.br\/#\/schema\/logo\/image\/\",\"url\":\"https:\/\/psol50.org.br\/inc\/uploads\/2018\/07\/capa.png\",\"contentUrl\":\"https:\/\/psol50.org.br\/inc\/uploads\/2018\/07\/capa.png\",\"width\":1350,\"height\":900,\"caption\":\"PSOL 50\"},\"image\":{\"@id\":\"https:\/\/psol50.org.br\/#\/schema\/logo\/image\/\"},\"sameAs\":[\"https:\/\/www.facebook.com\/psol50\",\"https:\/\/x.com\/psol50\",\"https:\/\/www.instagram.com\/psol50\/\",\"https:\/\/www.youtube.com\/channel\/UC7SnJS5o1os7a6CaiNabzcg\"]},{\"@type\":\"Person\",\"@id\":\"https:\/\/psol50.org.br\/#\/schema\/person\/475dfa57d0b815993c714c2e96491fcd\",\"name\":\"Comunica\u00e7\u00e3o PSOL\",\"image\":{\"@type\":\"ImageObject\",\"inLanguage\":\"pt-BR\",\"@id\":\"https:\/\/psol50.org.br\/#\/schema\/person\/image\/\",\"url\":\"https:\/\/secure.gravatar.com\/avatar\/b34fc4f4e468a4e51785917065a3db57b841f5c95dba6ad8c73aaf8f66f8f9bf?s=96&d=mm&r=g\",\"contentUrl\":\"https:\/\/secure.gravatar.com\/avatar\/b34fc4f4e468a4e51785917065a3db57b841f5c95dba6ad8c73aaf8f66f8f9bf?s=96&d=mm&r=g\",\"caption\":\"Comunica\u00e7\u00e3o PSOL\"}}]}<\/script>\n<!-- \/ Yoast SEO plugin. -->","yoast_head_json":{"title":"As mil\u00edcias no campo miram em dire\u00e7\u00e3o aos movimentos sociais - PSOL 50","robots":{"index":"index","follow":"follow","max-snippet":"max-snippet:-1","max-image-preview":"max-image-preview:large","max-video-preview":"max-video-preview:-1"},"canonical":"https:\/\/psol50.org.br\/as-milicias-no-campo-miram-em-direcao-aos-movimentos-sociais\/","og_locale":"pt_BR","og_type":"article","og_title":"As mil\u00edcias no campo miram em dire\u00e7\u00e3o aos movimentos sociais - PSOL 50","og_description":"Por Jorge Am\u00e9rico &#8211; Do Brasil de Fato O campo de atua\u00e7\u00e3o das empresas de seguran\u00e7a privada n\u00e3o est\u00e1 restrito \u00e0s cidades. \u00c9 cada vez mais comum, no meio rural, a presen\u00e7a de grupos armados contratados por fazendeiros. Em 27 de julho de 2011, foi realizado em Curitiba (PR) o Tribunal de J\u00fari que puniu [&hellip;]","og_url":"https:\/\/psol50.org.br\/as-milicias-no-campo-miram-em-direcao-aos-movimentos-sociais\/","og_site_name":"PSOL 50","article_publisher":"https:\/\/www.facebook.com\/psol50","article_published_time":"2011-12-29T00:00:00+00:00","og_image":[{"url":"http:\/\/psol50.org.br\/files\/2011\/12\/MiliciaNoCampo.jpg","type":"","width":"","height":""}],"author":"Comunica\u00e7\u00e3o PSOL","twitter_card":"summary_large_image","twitter_creator":"@psol50","twitter_site":"@psol50","twitter_misc":{"Escrito por":"Comunica\u00e7\u00e3o PSOL","Est. tempo de leitura":"4 minutos"},"schema":{"@context":"https:\/\/schema.org","@graph":[{"@type":"Article","@id":"https:\/\/psol50.org.br\/as-milicias-no-campo-miram-em-direcao-aos-movimentos-sociais\/#article","isPartOf":{"@id":"https:\/\/psol50.org.br\/as-milicias-no-campo-miram-em-direcao-aos-movimentos-sociais\/"},"author":{"name":"Comunica\u00e7\u00e3o PSOL","@id":"https:\/\/psol50.org.br\/#\/schema\/person\/475dfa57d0b815993c714c2e96491fcd"},"headline":"As mil\u00edcias no campo miram em dire\u00e7\u00e3o aos movimentos sociais","datePublished":"2011-12-29T00:00:00+00:00","mainEntityOfPage":{"@id":"https:\/\/psol50.org.br\/as-milicias-no-campo-miram-em-direcao-aos-movimentos-sociais\/"},"wordCount":867,"commentCount":0,"publisher":{"@id":"https:\/\/psol50.org.br\/#organization"},"image":{"@id":"https:\/\/psol50.org.br\/as-milicias-no-campo-miram-em-direcao-aos-movimentos-sociais\/#primaryimage"},"thumbnailUrl":"http:\/\/psol50.org.br\/files\/2011\/12\/MiliciaNoCampo.jpg","articleSection":["Arquivo"],"inLanguage":"pt-BR","potentialAction":[{"@type":"CommentAction","name":"Comment","target":["https:\/\/psol50.org.br\/as-milicias-no-campo-miram-em-direcao-aos-movimentos-sociais\/#respond"]}]},{"@type":"WebPage","@id":"https:\/\/psol50.org.br\/as-milicias-no-campo-miram-em-direcao-aos-movimentos-sociais\/","url":"https:\/\/psol50.org.br\/as-milicias-no-campo-miram-em-direcao-aos-movimentos-sociais\/","name":"As mil\u00edcias no campo miram em dire\u00e7\u00e3o aos movimentos sociais - PSOL 50","isPartOf":{"@id":"https:\/\/psol50.org.br\/#website"},"primaryImageOfPage":{"@id":"https:\/\/psol50.org.br\/as-milicias-no-campo-miram-em-direcao-aos-movimentos-sociais\/#primaryimage"},"image":{"@id":"https:\/\/psol50.org.br\/as-milicias-no-campo-miram-em-direcao-aos-movimentos-sociais\/#primaryimage"},"thumbnailUrl":"http:\/\/psol50.org.br\/files\/2011\/12\/MiliciaNoCampo.jpg","datePublished":"2011-12-29T00:00:00+00:00","breadcrumb":{"@id":"https:\/\/psol50.org.br\/as-milicias-no-campo-miram-em-direcao-aos-movimentos-sociais\/#breadcrumb"},"inLanguage":"pt-BR","potentialAction":[{"@type":"ReadAction","target":["https:\/\/psol50.org.br\/as-milicias-no-campo-miram-em-direcao-aos-movimentos-sociais\/"]}]},{"@type":"ImageObject","inLanguage":"pt-BR","@id":"https:\/\/psol50.org.br\/as-milicias-no-campo-miram-em-direcao-aos-movimentos-sociais\/#primaryimage","url":"http:\/\/psol50.org.br\/files\/2011\/12\/MiliciaNoCampo.jpg","contentUrl":"http:\/\/psol50.org.br\/files\/2011\/12\/MiliciaNoCampo.jpg"},{"@type":"BreadcrumbList","@id":"https:\/\/psol50.org.br\/as-milicias-no-campo-miram-em-direcao-aos-movimentos-sociais\/#breadcrumb","itemListElement":[{"@type":"ListItem","position":1,"name":"In\u00edcio","item":"https:\/\/psol50.org.br\/"},{"@type":"ListItem","position":2,"name":"As mil\u00edcias no campo miram em dire\u00e7\u00e3o aos movimentos sociais"}]},{"@type":"WebSite","@id":"https:\/\/psol50.org.br\/#website","url":"https:\/\/psol50.org.br\/","name":"PSOL 50","description":"Site oficial do Partido Socialismo e Liberdade","publisher":{"@id":"https:\/\/psol50.org.br\/#organization"},"alternateName":"PSOL50","potentialAction":[{"@type":"SearchAction","target":{"@type":"EntryPoint","urlTemplate":"https:\/\/psol50.org.br\/?s={search_term_string}"},"query-input":{"@type":"PropertyValueSpecification","valueRequired":true,"valueName":"search_term_string"}}],"inLanguage":"pt-BR"},{"@type":"Organization","@id":"https:\/\/psol50.org.br\/#organization","name":"PSOL 50","alternateName":"PSOL 50","url":"https:\/\/psol50.org.br\/","logo":{"@type":"ImageObject","inLanguage":"pt-BR","@id":"https:\/\/psol50.org.br\/#\/schema\/logo\/image\/","url":"https:\/\/psol50.org.br\/inc\/uploads\/2018\/07\/capa.png","contentUrl":"https:\/\/psol50.org.br\/inc\/uploads\/2018\/07\/capa.png","width":1350,"height":900,"caption":"PSOL 50"},"image":{"@id":"https:\/\/psol50.org.br\/#\/schema\/logo\/image\/"},"sameAs":["https:\/\/www.facebook.com\/psol50","https:\/\/x.com\/psol50","https:\/\/www.instagram.com\/psol50\/","https:\/\/www.youtube.com\/channel\/UC7SnJS5o1os7a6CaiNabzcg"]},{"@type":"Person","@id":"https:\/\/psol50.org.br\/#\/schema\/person\/475dfa57d0b815993c714c2e96491fcd","name":"Comunica\u00e7\u00e3o PSOL","image":{"@type":"ImageObject","inLanguage":"pt-BR","@id":"https:\/\/psol50.org.br\/#\/schema\/person\/image\/","url":"https:\/\/secure.gravatar.com\/avatar\/b34fc4f4e468a4e51785917065a3db57b841f5c95dba6ad8c73aaf8f66f8f9bf?s=96&d=mm&r=g","contentUrl":"https:\/\/secure.gravatar.com\/avatar\/b34fc4f4e468a4e51785917065a3db57b841f5c95dba6ad8c73aaf8f66f8f9bf?s=96&d=mm&r=g","caption":"Comunica\u00e7\u00e3o PSOL"}}]}},"_links":{"self":[{"href":"https:\/\/psol50.org.br\/rest\/wp\/v2\/posts\/964","targetHints":{"allow":["GET"]}}],"collection":[{"href":"https:\/\/psol50.org.br\/rest\/wp\/v2\/posts"}],"about":[{"href":"https:\/\/psol50.org.br\/rest\/wp\/v2\/types\/post"}],"author":[{"embeddable":true,"href":"https:\/\/psol50.org.br\/rest\/wp\/v2\/users\/2"}],"replies":[{"embeddable":true,"href":"https:\/\/psol50.org.br\/rest\/wp\/v2\/comments?post=964"}],"version-history":[{"count":0,"href":"https:\/\/psol50.org.br\/rest\/wp\/v2\/posts\/964\/revisions"}],"wp:attachment":[{"href":"https:\/\/psol50.org.br\/rest\/wp\/v2\/media?parent=964"}],"wp:term":[{"taxonomy":"category","embeddable":true,"href":"https:\/\/psol50.org.br\/rest\/wp\/v2\/categories?post=964"},{"taxonomy":"post_tag","embeddable":true,"href":"https:\/\/psol50.org.br\/rest\/wp\/v2\/tags?post=964"}],"curies":[{"name":"wp","href":"https:\/\/api.w.org\/{rel}","templated":true}]}}