{"id":9666,"date":"2014-06-06T00:00:00","date_gmt":"2014-06-06T00:00:00","guid":{"rendered":"http:\/\/psol50.org.br\/arquivo\/2014\/06\/06\/o-que-querem-os-metroviarios-em-sp\/"},"modified":"2014-06-06T00:00:00","modified_gmt":"2014-06-06T00:00:00","slug":"o-que-querem-os-metroviarios-em-sp","status":"publish","type":"post","link":"https:\/\/psol50.org.br\/o-que-querem-os-metroviarios-em-sp\/","title":{"rendered":"O que querem os metrovi\u00e1rios em SP?"},"content":{"rendered":"<p style=\"margin-bottom: 0cm; text-align: justify;\">\n\t<span style=\"font-size:12px;\"><font face=\"Arial, sans-serif\"><i>Expans\u00e3o do sistema desabou nas gest\u00f5es tucanas. Falta de investimentos e suspeitas de corrup\u00e7\u00e3o levam transporte sobre trilhos ao colapso. Metrovi\u00e1rios querem sal\u00e1rio e mais seguran\u00e7a e conforto para a popula\u00e7\u00e3o<\/i><\/font><\/p>\n<p>\t<font face=\"Arial, sans-serif\">A greve dos metrovi\u00e1rios coloca novamente S\u00e3o Paulo diante de um de seus maiores problemas: o da mobilidade urbana.<\/font><\/p>\n<p>\t<font face=\"Arial, sans-serif\">A capital paulista \u00e9 uma cidade em que as linhas do transporte sobre trilhos foram implantadas tardiamente. Enquanto metr\u00f3poles como Londres, Paris ou mesmo Buenos Aires come\u00e7aram a instalar seus metr\u00f4s entre 1890 e 1910, S\u00e3o Paulo somente colocou em opera\u00e7\u00e3o suas linhas em 1974. Mas os primeiros projetos remontam a primeira gest\u00e3o do prefeito Prestes Maia (1938-45).<\/font><\/p>\n<p>\t<font face=\"Arial, sans-serif\">Os planos iniciais foram deixados de lado e somente na segunda metade dos anos 1960, quando a popula\u00e7\u00e3o da cidade j\u00e1 ultrapassava a marca de cinco milh\u00f5es de habitantes, \u00e9 que se iniciou a constru\u00e7\u00e3o do sistema.<\/font><\/p>\n<p>\t<strong><font face=\"Arial, sans-serif\">Pequena extens\u00e3o<\/font><\/strong><br \/>\n\t<font face=\"Arial, sans-serif\">Do in\u00edcio dos anos 1970 at\u00e9 hoje, a cidade implantou 75 quil\u00f4metros de linhas. Se compararmos com metr\u00f3poles da periferia, que assentaram seus trilhos no mesmo per\u00edodo, como Seul e Cidade do M\u00e9xico, a cidade brasileira faz feio. Os dois munic\u00edpios estrangeiros t\u00eam, respectivamente 287 e 226 quil\u00f4metros de vias, que cobrem boa parte da malha urbana.<\/font><\/p>\n<p>\t<font face=\"Arial, sans-serif\">O ritmo de constru\u00e7\u00e3o diz muito sobre a din\u00e2mica dos investimentos. Nos primeiros 17 anos de opera\u00e7\u00e3o \u2013 entre 1974 e 1991 \u2013 foram implantados 57 quil\u00f4metros de linhas. Um ritmo de 3,35 quil\u00f4metros por ano.<\/font><\/p>\n<p>\t<font face=\"Arial, sans-serif\">Nos 22 anos seguintes \u2013 entre 1992 e 2014 \u2013 foram assentados apenas mais 18 quil\u00f4metros. Aqui, o ritmo desabou para 770 metros por ano.<\/font><\/p>\n<p>\t<font face=\"Arial, sans-serif\">Este segundo per\u00edodo coincidiu com as administra\u00e7\u00f5es do PSDB, que fizeram do ajuste fiscal e da falta de investimentos sua pedra de toque.<\/font><\/p>\n<p>\t<font face=\"Arial, sans-serif\">Em 1970, a cidade tinha 5,9 milh\u00f5es de habitantes. Em 1991, eram 9,6 milh\u00f5es os moradores da capital e hoje temos 11,25 milh\u00f5es dividindo esse imenso ch\u00e3o. <\/font><\/p>\n<p>\t<font face=\"Arial, sans-serif\">O que isso indica? Que enquanto a popula\u00e7\u00e3o crescia e a urbaniza\u00e7\u00e3o se espalhava de forma desordenada, o investimento no mais moderno sistema de transportes para grandes cidades se reduziu. E pior: uma das linhas, a amarela, que liga a Esta\u00e7\u00e3o da Luz ao Butant\u00e3, \u00e9 privada. Ou seja, o poder p\u00fablico n\u00e3o tem controle sobre planos de investimento e gest\u00e3o.<\/font><\/p>\n<p>\t<font face=\"Arial, sans-serif\">Mesmo assim, esse metr\u00f4 de reduzid\u00edssimo tamanho \u00e9 vital para a cidade.<\/font><\/p>\n<p>\t<strong><font face=\"Arial, sans-serif\">A pauta de reivindica\u00e7\u00f5es<\/font><\/strong><br \/>\n\t<font face=\"Arial, sans-serif\">Os metrovi\u00e1rios foram \u00e0 greve como \u00faltimo recurso, ap\u00f3s v\u00e1rias tentativas de negocia\u00e7\u00e3o com o governo do PSDB.<\/font><\/p>\n<p>\t<font face=\"Arial, sans-serif\">O que querem?<\/font><\/p>\n<p>\t<font face=\"Arial, sans-serif\">Nada demais.<\/font><\/p>\n<p>\t<font face=\"Arial, sans-serif\">Pedem um piso salarial equivalente ao sal\u00e1rio m\u00ednimo \u2013 isso mesmo, m\u00ednimo! \u2013 calculado pelo DIEESE, o que d\u00e1 R$ 2.778,63 por m\u00eas e o reajuste dos sal\u00e1rios para acompanhar a infla\u00e7\u00e3o.<\/font><\/p>\n<p>\t<font face=\"Arial, sans-serif\">A pauta de reivindica\u00e7\u00f5es estende-se por 98 p\u00e1ginas. A maior parte das demandas versa sobre direitos trabalhistas. Mas h\u00e1 solicita\u00e7\u00f5es de interesse do cidad\u00e3o, que devem merecer especial aten\u00e7\u00e3o. Entre elas est\u00e3o:<\/font><\/p>\n<p>\t\u2013 <font face=\"Arial, sans-serif\">Uma gest\u00e3o empresarial democr\u00e1tica;<\/font><br \/>\n\t\u2013 <font face=\"Arial, sans-serif\">O fim \u00e0 privatiza\u00e7\u00e3o, \u201cpara que todo o investimento em sistemas metrovi\u00e1rios seja realizado atrav\u00e9s desta, com a imediata suspens\u00e3o do projeto de expans\u00e3o (\u2026) atrav\u00e9s de PPP\u2019s\u201d (Parcerias P\u00fablico-Privada);<\/font><br \/>\n\t\u2013 <font face=\"Arial, sans-serif\">Combate \u00e0 corrup\u00e7\u00e3o, com demiss\u00e3o e \u201cconfisco dos bens e cadeia para todos os corruptos e corruptores envolvidos nas den\u00fancias de cartel no Metr\u00f4\u201d;<\/font><br \/>\n\t\u2013 <font face=\"Arial, sans-serif\">Deve-se tamb\u00e9m \u201creverter o dinheiro confiscado em investimento e em expans\u00e3o do metr\u00f4 p\u00fablico e com redu\u00e7\u00e3o da tarifa, rumo \u00e0 tarifa zero\u201d.<\/font><\/p>\n<p>\t<font face=\"Arial, sans-serif\">Os metrovi\u00e1rios n\u00e3o est\u00e3o a\u00ed para atrapalhar a vida de ningu\u00e9m. Querem retomada de investimentos, para que o sistema n\u00e3o entre definitivamente em colapso. Para isso \u00e9 preciso expandi-lo rapidamente.<\/font><\/p>\n<p>\t<font face=\"Arial, sans-serif\">Quem quiser ver a pauta dos metrovi\u00e1rios, deve clicar<\/font><strong><a href=\"http:\/\/www.metroviarios.org.br\/site\/images\/documentos\/pauta_reivindicacoes_2014_oficial.pdf\"><font face=\"Arial, sans-serif\"> neste endere\u00e7o.<\/font><\/a><\/strong><\/span><\/p>\n<p style=\"margin-bottom: 0cm\">\n\t&nbsp;<\/p>\n","protected":false},"excerpt":{"rendered":"<p>Expans\u00e3o do sistema desabou nas gest\u00f5es tucanas. Falta de investimentos e suspeitas de corrup\u00e7\u00e3o levam transporte sobre trilhos ao colapso. Metrovi\u00e1rios querem sal\u00e1rio e mais seguran\u00e7a e conforto para a popula\u00e7\u00e3o A greve dos metrovi\u00e1rios coloca novamente S\u00e3o Paulo diante de um de seus maiores problemas: o da mobilidade urbana. A capital paulista \u00e9 uma [&hellip;]<\/p>\n","protected":false},"author":2,"featured_media":0,"comment_status":"open","ping_status":"open","sticky":false,"template":"","format":"standard","meta":{"_acf_changed":false,"footnotes":""},"categories":[3],"tags":[2970,4961],"class_list":{"0":"post-9666","1":"post","2":"type-post","3":"status-publish","4":"format-standard","6":"category-artigos-e-entrevistas","7":"tag-gilberto-maringoni","8":"tag-metroviarios"},"acf":[],"yoast_head":"<!-- This site is optimized with the Yoast SEO plugin v26.5 - https:\/\/yoast.com\/wordpress\/plugins\/seo\/ -->\n<title>O que querem os metrovi\u00e1rios em SP? - PSOL 50<\/title>\n<meta name=\"robots\" content=\"index, follow, max-snippet:-1, max-image-preview:large, max-video-preview:-1\" \/>\n<link rel=\"canonical\" href=\"https:\/\/psol50.org.br\/o-que-querem-os-metroviarios-em-sp\/\" \/>\n<meta property=\"og:locale\" content=\"pt_BR\" \/>\n<meta property=\"og:type\" content=\"article\" \/>\n<meta property=\"og:title\" content=\"O que querem os metrovi\u00e1rios em SP? - PSOL 50\" \/>\n<meta property=\"og:description\" content=\"Expans\u00e3o do sistema desabou nas gest\u00f5es tucanas. Falta de investimentos e suspeitas de corrup\u00e7\u00e3o levam transporte sobre trilhos ao colapso. Metrovi\u00e1rios querem sal\u00e1rio e mais seguran\u00e7a e conforto para a popula\u00e7\u00e3o A greve dos metrovi\u00e1rios coloca novamente S\u00e3o Paulo diante de um de seus maiores problemas: o da mobilidade urbana. A capital paulista \u00e9 uma [&hellip;]\" \/>\n<meta property=\"og:url\" content=\"https:\/\/psol50.org.br\/o-que-querem-os-metroviarios-em-sp\/\" \/>\n<meta property=\"og:site_name\" content=\"PSOL 50\" \/>\n<meta property=\"article:publisher\" content=\"https:\/\/www.facebook.com\/psol50\" \/>\n<meta property=\"article:published_time\" content=\"2014-06-06T00:00:00+00:00\" \/>\n<meta property=\"og:image\" content=\"https:\/\/psol50.org.br\/inc\/uploads\/2018\/07\/capa.png\" \/>\n\t<meta property=\"og:image:width\" content=\"1350\" \/>\n\t<meta property=\"og:image:height\" content=\"900\" \/>\n\t<meta property=\"og:image:type\" content=\"image\/png\" \/>\n<meta name=\"author\" content=\"Comunica\u00e7\u00e3o PSOL\" \/>\n<meta name=\"twitter:card\" content=\"summary_large_image\" \/>\n<meta name=\"twitter:creator\" content=\"@psol50\" \/>\n<meta name=\"twitter:site\" content=\"@psol50\" \/>\n<meta name=\"twitter:label1\" content=\"Escrito por\" \/>\n\t<meta name=\"twitter:data1\" content=\"Comunica\u00e7\u00e3o PSOL\" \/>\n\t<meta name=\"twitter:label2\" content=\"Est. tempo de leitura\" \/>\n\t<meta name=\"twitter:data2\" content=\"3 minutos\" \/>\n<script type=\"application\/ld+json\" class=\"yoast-schema-graph\">{\"@context\":\"https:\/\/schema.org\",\"@graph\":[{\"@type\":\"Article\",\"@id\":\"https:\/\/psol50.org.br\/o-que-querem-os-metroviarios-em-sp\/#article\",\"isPartOf\":{\"@id\":\"https:\/\/psol50.org.br\/o-que-querem-os-metroviarios-em-sp\/\"},\"author\":{\"name\":\"Comunica\u00e7\u00e3o PSOL\",\"@id\":\"https:\/\/psol50.org.br\/#\/schema\/person\/475dfa57d0b815993c714c2e96491fcd\"},\"headline\":\"O que querem os metrovi\u00e1rios em SP?\",\"datePublished\":\"2014-06-06T00:00:00+00:00\",\"mainEntityOfPage\":{\"@id\":\"https:\/\/psol50.org.br\/o-que-querem-os-metroviarios-em-sp\/\"},\"wordCount\":656,\"commentCount\":0,\"publisher\":{\"@id\":\"https:\/\/psol50.org.br\/#organization\"},\"keywords\":[\"Gilberto Maringoni\",\"metrovi\u00e1rios\"],\"articleSection\":[\"Artigos\"],\"inLanguage\":\"pt-BR\",\"potentialAction\":[{\"@type\":\"CommentAction\",\"name\":\"Comment\",\"target\":[\"https:\/\/psol50.org.br\/o-que-querem-os-metroviarios-em-sp\/#respond\"]}]},{\"@type\":\"WebPage\",\"@id\":\"https:\/\/psol50.org.br\/o-que-querem-os-metroviarios-em-sp\/\",\"url\":\"https:\/\/psol50.org.br\/o-que-querem-os-metroviarios-em-sp\/\",\"name\":\"O que querem os metrovi\u00e1rios em SP? - PSOL 50\",\"isPartOf\":{\"@id\":\"https:\/\/psol50.org.br\/#website\"},\"datePublished\":\"2014-06-06T00:00:00+00:00\",\"breadcrumb\":{\"@id\":\"https:\/\/psol50.org.br\/o-que-querem-os-metroviarios-em-sp\/#breadcrumb\"},\"inLanguage\":\"pt-BR\",\"potentialAction\":[{\"@type\":\"ReadAction\",\"target\":[\"https:\/\/psol50.org.br\/o-que-querem-os-metroviarios-em-sp\/\"]}]},{\"@type\":\"BreadcrumbList\",\"@id\":\"https:\/\/psol50.org.br\/o-que-querem-os-metroviarios-em-sp\/#breadcrumb\",\"itemListElement\":[{\"@type\":\"ListItem\",\"position\":1,\"name\":\"In\u00edcio\",\"item\":\"https:\/\/psol50.org.br\/\"},{\"@type\":\"ListItem\",\"position\":2,\"name\":\"O que querem os metrovi\u00e1rios em SP?\"}]},{\"@type\":\"WebSite\",\"@id\":\"https:\/\/psol50.org.br\/#website\",\"url\":\"https:\/\/psol50.org.br\/\",\"name\":\"PSOL 50\",\"description\":\"Site oficial do Partido Socialismo e Liberdade\",\"publisher\":{\"@id\":\"https:\/\/psol50.org.br\/#organization\"},\"alternateName\":\"PSOL50\",\"potentialAction\":[{\"@type\":\"SearchAction\",\"target\":{\"@type\":\"EntryPoint\",\"urlTemplate\":\"https:\/\/psol50.org.br\/?s={search_term_string}\"},\"query-input\":{\"@type\":\"PropertyValueSpecification\",\"valueRequired\":true,\"valueName\":\"search_term_string\"}}],\"inLanguage\":\"pt-BR\"},{\"@type\":\"Organization\",\"@id\":\"https:\/\/psol50.org.br\/#organization\",\"name\":\"PSOL 50\",\"alternateName\":\"PSOL 50\",\"url\":\"https:\/\/psol50.org.br\/\",\"logo\":{\"@type\":\"ImageObject\",\"inLanguage\":\"pt-BR\",\"@id\":\"https:\/\/psol50.org.br\/#\/schema\/logo\/image\/\",\"url\":\"https:\/\/psol50.org.br\/inc\/uploads\/2018\/07\/capa.png\",\"contentUrl\":\"https:\/\/psol50.org.br\/inc\/uploads\/2018\/07\/capa.png\",\"width\":1350,\"height\":900,\"caption\":\"PSOL 50\"},\"image\":{\"@id\":\"https:\/\/psol50.org.br\/#\/schema\/logo\/image\/\"},\"sameAs\":[\"https:\/\/www.facebook.com\/psol50\",\"https:\/\/x.com\/psol50\",\"https:\/\/www.instagram.com\/psol50\/\",\"https:\/\/www.youtube.com\/channel\/UC7SnJS5o1os7a6CaiNabzcg\"]},{\"@type\":\"Person\",\"@id\":\"https:\/\/psol50.org.br\/#\/schema\/person\/475dfa57d0b815993c714c2e96491fcd\",\"name\":\"Comunica\u00e7\u00e3o PSOL\",\"image\":{\"@type\":\"ImageObject\",\"inLanguage\":\"pt-BR\",\"@id\":\"https:\/\/psol50.org.br\/#\/schema\/person\/image\/\",\"url\":\"https:\/\/secure.gravatar.com\/avatar\/b34fc4f4e468a4e51785917065a3db57b841f5c95dba6ad8c73aaf8f66f8f9bf?s=96&d=mm&r=g\",\"contentUrl\":\"https:\/\/secure.gravatar.com\/avatar\/b34fc4f4e468a4e51785917065a3db57b841f5c95dba6ad8c73aaf8f66f8f9bf?s=96&d=mm&r=g\",\"caption\":\"Comunica\u00e7\u00e3o PSOL\"}}]}<\/script>\n<!-- \/ Yoast SEO plugin. -->","yoast_head_json":{"title":"O que querem os metrovi\u00e1rios em SP? - PSOL 50","robots":{"index":"index","follow":"follow","max-snippet":"max-snippet:-1","max-image-preview":"max-image-preview:large","max-video-preview":"max-video-preview:-1"},"canonical":"https:\/\/psol50.org.br\/o-que-querem-os-metroviarios-em-sp\/","og_locale":"pt_BR","og_type":"article","og_title":"O que querem os metrovi\u00e1rios em SP? - PSOL 50","og_description":"Expans\u00e3o do sistema desabou nas gest\u00f5es tucanas. Falta de investimentos e suspeitas de corrup\u00e7\u00e3o levam transporte sobre trilhos ao colapso. Metrovi\u00e1rios querem sal\u00e1rio e mais seguran\u00e7a e conforto para a popula\u00e7\u00e3o A greve dos metrovi\u00e1rios coloca novamente S\u00e3o Paulo diante de um de seus maiores problemas: o da mobilidade urbana. A capital paulista \u00e9 uma [&hellip;]","og_url":"https:\/\/psol50.org.br\/o-que-querem-os-metroviarios-em-sp\/","og_site_name":"PSOL 50","article_publisher":"https:\/\/www.facebook.com\/psol50","article_published_time":"2014-06-06T00:00:00+00:00","og_image":[{"width":1350,"height":900,"url":"https:\/\/psol50.org.br\/inc\/uploads\/2018\/07\/capa.png","type":"image\/png"}],"author":"Comunica\u00e7\u00e3o PSOL","twitter_card":"summary_large_image","twitter_creator":"@psol50","twitter_site":"@psol50","twitter_misc":{"Escrito por":"Comunica\u00e7\u00e3o PSOL","Est. tempo de leitura":"3 minutos"},"schema":{"@context":"https:\/\/schema.org","@graph":[{"@type":"Article","@id":"https:\/\/psol50.org.br\/o-que-querem-os-metroviarios-em-sp\/#article","isPartOf":{"@id":"https:\/\/psol50.org.br\/o-que-querem-os-metroviarios-em-sp\/"},"author":{"name":"Comunica\u00e7\u00e3o PSOL","@id":"https:\/\/psol50.org.br\/#\/schema\/person\/475dfa57d0b815993c714c2e96491fcd"},"headline":"O que querem os metrovi\u00e1rios em SP?","datePublished":"2014-06-06T00:00:00+00:00","mainEntityOfPage":{"@id":"https:\/\/psol50.org.br\/o-que-querem-os-metroviarios-em-sp\/"},"wordCount":656,"commentCount":0,"publisher":{"@id":"https:\/\/psol50.org.br\/#organization"},"keywords":["Gilberto Maringoni","metrovi\u00e1rios"],"articleSection":["Artigos"],"inLanguage":"pt-BR","potentialAction":[{"@type":"CommentAction","name":"Comment","target":["https:\/\/psol50.org.br\/o-que-querem-os-metroviarios-em-sp\/#respond"]}]},{"@type":"WebPage","@id":"https:\/\/psol50.org.br\/o-que-querem-os-metroviarios-em-sp\/","url":"https:\/\/psol50.org.br\/o-que-querem-os-metroviarios-em-sp\/","name":"O que querem os metrovi\u00e1rios em SP? - PSOL 50","isPartOf":{"@id":"https:\/\/psol50.org.br\/#website"},"datePublished":"2014-06-06T00:00:00+00:00","breadcrumb":{"@id":"https:\/\/psol50.org.br\/o-que-querem-os-metroviarios-em-sp\/#breadcrumb"},"inLanguage":"pt-BR","potentialAction":[{"@type":"ReadAction","target":["https:\/\/psol50.org.br\/o-que-querem-os-metroviarios-em-sp\/"]}]},{"@type":"BreadcrumbList","@id":"https:\/\/psol50.org.br\/o-que-querem-os-metroviarios-em-sp\/#breadcrumb","itemListElement":[{"@type":"ListItem","position":1,"name":"In\u00edcio","item":"https:\/\/psol50.org.br\/"},{"@type":"ListItem","position":2,"name":"O que querem os metrovi\u00e1rios em SP?"}]},{"@type":"WebSite","@id":"https:\/\/psol50.org.br\/#website","url":"https:\/\/psol50.org.br\/","name":"PSOL 50","description":"Site oficial do Partido Socialismo e Liberdade","publisher":{"@id":"https:\/\/psol50.org.br\/#organization"},"alternateName":"PSOL50","potentialAction":[{"@type":"SearchAction","target":{"@type":"EntryPoint","urlTemplate":"https:\/\/psol50.org.br\/?s={search_term_string}"},"query-input":{"@type":"PropertyValueSpecification","valueRequired":true,"valueName":"search_term_string"}}],"inLanguage":"pt-BR"},{"@type":"Organization","@id":"https:\/\/psol50.org.br\/#organization","name":"PSOL 50","alternateName":"PSOL 50","url":"https:\/\/psol50.org.br\/","logo":{"@type":"ImageObject","inLanguage":"pt-BR","@id":"https:\/\/psol50.org.br\/#\/schema\/logo\/image\/","url":"https:\/\/psol50.org.br\/inc\/uploads\/2018\/07\/capa.png","contentUrl":"https:\/\/psol50.org.br\/inc\/uploads\/2018\/07\/capa.png","width":1350,"height":900,"caption":"PSOL 50"},"image":{"@id":"https:\/\/psol50.org.br\/#\/schema\/logo\/image\/"},"sameAs":["https:\/\/www.facebook.com\/psol50","https:\/\/x.com\/psol50","https:\/\/www.instagram.com\/psol50\/","https:\/\/www.youtube.com\/channel\/UC7SnJS5o1os7a6CaiNabzcg"]},{"@type":"Person","@id":"https:\/\/psol50.org.br\/#\/schema\/person\/475dfa57d0b815993c714c2e96491fcd","name":"Comunica\u00e7\u00e3o PSOL","image":{"@type":"ImageObject","inLanguage":"pt-BR","@id":"https:\/\/psol50.org.br\/#\/schema\/person\/image\/","url":"https:\/\/secure.gravatar.com\/avatar\/b34fc4f4e468a4e51785917065a3db57b841f5c95dba6ad8c73aaf8f66f8f9bf?s=96&d=mm&r=g","contentUrl":"https:\/\/secure.gravatar.com\/avatar\/b34fc4f4e468a4e51785917065a3db57b841f5c95dba6ad8c73aaf8f66f8f9bf?s=96&d=mm&r=g","caption":"Comunica\u00e7\u00e3o PSOL"}}]}},"_links":{"self":[{"href":"https:\/\/psol50.org.br\/rest\/wp\/v2\/posts\/9666","targetHints":{"allow":["GET"]}}],"collection":[{"href":"https:\/\/psol50.org.br\/rest\/wp\/v2\/posts"}],"about":[{"href":"https:\/\/psol50.org.br\/rest\/wp\/v2\/types\/post"}],"author":[{"embeddable":true,"href":"https:\/\/psol50.org.br\/rest\/wp\/v2\/users\/2"}],"replies":[{"embeddable":true,"href":"https:\/\/psol50.org.br\/rest\/wp\/v2\/comments?post=9666"}],"version-history":[{"count":0,"href":"https:\/\/psol50.org.br\/rest\/wp\/v2\/posts\/9666\/revisions"}],"wp:attachment":[{"href":"https:\/\/psol50.org.br\/rest\/wp\/v2\/media?parent=9666"}],"wp:term":[{"taxonomy":"category","embeddable":true,"href":"https:\/\/psol50.org.br\/rest\/wp\/v2\/categories?post=9666"},{"taxonomy":"post_tag","embeddable":true,"href":"https:\/\/psol50.org.br\/rest\/wp\/v2\/tags?post=9666"}],"curies":[{"name":"wp","href":"https:\/\/api.w.org\/{rel}","templated":true}]}}